{"id":419171,"date":"2026-03-24T04:15:00","date_gmt":"2026-03-24T07:15:00","guid":{"rendered":"https:\/\/portaltela.pt\/noticias\/2026\/03\/24\/tremor-2026-do-flamenco-a-ode-ao-heavy-metal-acoriano\/"},"modified":"2026-03-24T04:15:00","modified_gmt":"2026-03-24T07:15:00","slug":"tremor-2026-do-flamenco-a-ode-ao-heavy-metal-acoriano","status":"publish","type":"post","link":"https:\/\/portaltela.pt\/noticias\/2026\/03\/24\/tremor-2026-do-flamenco-a-ode-ao-heavy-metal-acoriano\/","title":{"rendered":"Tremor 2026: do flamenco \u00e0 ode ao heavy metal a\u00e7oriano"},"content":{"rendered":"<p>O Tremor 2026 arrancou na ilha de S\u00e3o Miguel, A\u00e7ores, numa edi\u00e7\u00e3o que decorre de ter\u00e7a a s\u00e1bado. O cartaz inclui Yerai Cort\u00e9s, Cate Le Bon, Angine de Poitrine, Aya, Vaiapraia, The Bug e Warrior Queen, entre outros nomes. O festival apresenta-se em v\u00e1rios espa\u00e7os da ilha.<\/p>\n<p>A organiza\u00e7\u00e3o, a cargo da Lovers &amp; Lollypops, mant\u00e9m a ess\u00eancia do Tremor desde 2014, apostando numa programa\u00e7\u00e3o que n\u00e3o se prende a um \u00fanico g\u00e9nero. O objetivo \u00e9 oferecer m\u00fasica diversa e cruzar estilos diferentes ao longo dos dias.<\/p>\n<p>O festival volta a ocupar espa\u00e7os variados da ilha, desde locais tradicionais a outros mais inusitados, ampliando o alcance da programa\u00e7\u00e3o para al\u00e9m das salas habituais. A edi\u00e7\u00e3o deste ano refor\u00e7a a ideia de um panorama sonoro com v\u00e1rias leituras.<\/p>\n<h3>Cartaz e proposta musical<\/h3>\n<p>A oferta deste Tremor reflete uma sele\u00e7\u00e3o omn\u00edvora de estilos, procurando levar o p\u00fablico a experi\u00eancias sonoras distintas. O alinhamento pretende manter a identidade do festival, ao mesmo tempo que apresenta vozes emergentes e nomes internacionais.<\/p>\n","protected":false},"excerpt":{"rendered":"<ul>\n<li>Tremor 2026 realiza-se na ilha de S\u00e3o Miguel, A\u00e7ores, entre ter\u00e7a-feira e s\u00e1bado.<\/li>\n<li>O cartaz inclui nomes como Yerai Cort\u00e9s, Cate Le Bon, Angine de Poitrine, Aya, Vaiapraia e The Bug + Warrior Queen.<\/li>\n<li>O programador M\u00e1rcio Laranjeira afirma que o festival n\u00e3o \u00e9 de um \u00fanico g\u00e9nero, apresentando m\u00fasica diversa a cada edi\u00e7\u00e3o.<\/li>\n<li>O Tremor mant\u00e9m a identidade desde 2014 e ocupa v\u00e1rios espa\u00e7os da ilha, incluindo locais pouco usuais.<\/li>\n<li>O festival \u00e9 organizado pela editora e promotora Lovers &amp; Lollypops, com uma programa\u00e7\u00e3o \u201comni\u0301voro\u201d e variada.<\/li>\n<\/ul>\n","protected":false},"author":2,"featured_media":419178,"comment_status":"closed","ping_status":"closed","sticky":false,"template":"","format":"standard","meta":{"footnotes":""},"categories":[6676,1],"tags":[822,145,3674,81,122,5130],"class_list":["post-419171","post","type-post","status-publish","format-standard","has-post-thumbnail","hentry","category-musica","category-noticias","tag-acores","tag-cultura","tag-festival","tag-internacionais","tag-musica","tag-sao-miguel-e-santa-maria"],"yoast_head":"<!-- This site is optimized with the Yoast SEO plugin v27.2 - https:\/\/yoast.com\/product\/yoast-seo-wordpress\/ -->\n<title>Tremor 2026: do flamenco \u00e0 ode ao heavy metal a\u00e7oriano - Portal Tela Portugal<\/title>\n<meta name=\"robots\" content=\"index, follow, max-snippet:-1, max-image-preview:large, max-video-preview:-1\" \/>\n<meta property=\"og:locale\" content=\"pt_PT\" \/>\n<meta property=\"og:type\" content=\"article\" \/>\n<meta property=\"og:title\" content=\"Tremor 2026: do flamenco \u00e0 ode ao heavy metal a\u00e7oriano - Portal Tela Portugal\" \/>\n<meta property=\"og:description\" content=\"Tremor 2026 realiza-se na ilha de S\u00e3o Miguel, A\u00e7ores, entre ter\u00e7a-feira e s\u00e1bado. O cartaz inclui nomes como Yerai Cort\u00e9s, Cate Le Bon, Angine de Poitrine, Aya, Vaiapraia e The Bug + Warrior Queen. O programador M\u00e1rcio Laranjeira afirma que o festival n\u00e3o \u00e9 de um \u00fanico g\u00e9nero, apresentando m\u00fasica diversa a cada edi\u00e7\u00e3o. O Tremor mant\u00e9m a identidade desde 2014 e ocupa v\u00e1rios espa\u00e7os da ilha, incluindo locais pouco usuais. O festival \u00e9 organizado pela editora e promotora Lovers &amp; Lollypops, com uma programa\u00e7\u00e3o \u201comni\u0301voro\u201d e variada.\" \/>\n<meta property=\"og:url\" content=\"https:\/\/portaltela.pt\/noticias\/2026\/03\/24\/tremor-2026-do-flamenco-a-ode-ao-heavy-metal-acoriano\/\" \/>\n<meta property=\"og:site_name\" content=\"Portal Tela Portugal\" \/>\n<meta property=\"article:published_time\" content=\"2026-03-24T07:15:00+00:00\" \/>\n<meta name=\"author\" content=\"Telinha\" \/>\n<meta name=\"twitter:card\" content=\"summary_large_image\" \/>\n<meta name=\"twitter:label1\" content=\"Escrito por\" \/>\n\t<meta name=\"twitter:data1\" content=\"Telinha\" \/>\n\t<meta name=\"twitter:label2\" content=\"Tempo estimado de leitura\" \/>\n\t<meta name=\"twitter:data2\" content=\"1 minuto\" \/>\n<script type=\"application\/ld+json\" class=\"yoast-schema-graph\">{\"@context\":\"https:\/\/schema.org\",\"@graph\":[{\"@type\":\"Article\",\"@id\":\"https:\/\/portaltela.pt\/noticias\/2026\/03\/24\/tremor-2026-do-flamenco-a-ode-ao-heavy-metal-acoriano\/#article\",\"isPartOf\":{\"@id\":\"https:\/\/portaltela.pt\/noticias\/2026\/03\/24\/tremor-2026-do-flamenco-a-ode-ao-heavy-metal-acoriano\/\"},\"author\":{\"name\":\"Telinha\",\"@id\":\"https:\/\/portaltela.pt\/#\/schema\/person\/c4278d4a6028830caff9ee44b42d32ed\"},\"headline\":\"Tremor 2026: do flamenco \u00e0 ode ao heavy metal a\u00e7oriano\",\"datePublished\":\"2026-03-24T07:15:00+00:00\",\"mainEntityOfPage\":{\"@id\":\"https:\/\/portaltela.pt\/noticias\/2026\/03\/24\/tremor-2026-do-flamenco-a-ode-ao-heavy-metal-acoriano\/\"},\"wordCount\":198,\"image\":{\"@id\":\"https:\/\/portaltela.pt\/noticias\/2026\/03\/24\/tremor-2026-do-flamenco-a-ode-ao-heavy-metal-acoriano\/#primaryimage\"},\"thumbnailUrl\":\"https:\/\/portaltela.pt\/s.01k8rhncp4jt1\/2026\/03\/2076412.jpg\",\"keywords\":[\"A\u00e7ores\",\"cultura\",\"festival\",\"internacionais\",\"m\u00fasica\",\"S\u00e3o Miguel e Santa Maria\"],\"articleSection\":[\"M\u00fasica\",\"Not\u00edcias\"],\"inLanguage\":\"pt-PT\"},{\"@type\":\"WebPage\",\"@id\":\"https:\/\/portaltela.pt\/noticias\/2026\/03\/24\/tremor-2026-do-flamenco-a-ode-ao-heavy-metal-acoriano\/\",\"url\":\"https:\/\/portaltela.pt\/noticias\/2026\/03\/24\/tremor-2026-do-flamenco-a-ode-ao-heavy-metal-acoriano\/\",\"name\":\"Tremor 2026: do flamenco \u00e0 ode ao heavy metal a\u00e7oriano - Portal Tela Portugal\",\"isPartOf\":{\"@id\":\"https:\/\/portaltela.pt\/#website\"},\"primaryImageOfPage\":{\"@id\":\"https:\/\/portaltela.pt\/noticias\/2026\/03\/24\/tremor-2026-do-flamenco-a-ode-ao-heavy-metal-acoriano\/#primaryimage\"},\"image\":{\"@id\":\"https:\/\/portaltela.pt\/noticias\/2026\/03\/24\/tremor-2026-do-flamenco-a-ode-ao-heavy-metal-acoriano\/#primaryimage\"},\"thumbnailUrl\":\"https:\/\/portaltela.pt\/s.01k8rhncp4jt1\/2026\/03\/2076412.jpg\",\"datePublished\":\"2026-03-24T07:15:00+00:00\",\"author\":{\"@id\":\"https:\/\/portaltela.pt\/#\/schema\/person\/c4278d4a6028830caff9ee44b42d32ed\"},\"breadcrumb\":{\"@id\":\"https:\/\/portaltela.pt\/noticias\/2026\/03\/24\/tremor-2026-do-flamenco-a-ode-ao-heavy-metal-acoriano\/#breadcrumb\"},\"inLanguage\":\"pt-PT\",\"potentialAction\":[{\"@type\":\"ReadAction\",\"target\":[\"https:\/\/portaltela.pt\/noticias\/2026\/03\/24\/tremor-2026-do-flamenco-a-ode-ao-heavy-metal-acoriano\/\"]}]},{\"@type\":\"ImageObject\",\"inLanguage\":\"pt-PT\",\"@id\":\"https:\/\/portaltela.pt\/noticias\/2026\/03\/24\/tremor-2026-do-flamenco-a-ode-ao-heavy-metal-acoriano\/#primaryimage\",\"url\":\"https:\/\/portaltela.pt\/s.01k8rhncp4jt1\/2026\/03\/2076412.jpg\",\"contentUrl\":\"https:\/\/portaltela.pt\/s.01k8rhncp4jt1\/2026\/03\/2076412.jpg\",\"width\":796,\"height\":448,\"caption\":\"Vaiapraia toca nesta quarta-feira nas Portas do Mar, na ilha de S\u00e3o Miguel, A\u00e7ores\"},{\"@type\":\"BreadcrumbList\",\"@id\":\"https:\/\/portaltela.pt\/noticias\/2026\/03\/24\/tremor-2026-do-flamenco-a-ode-ao-heavy-metal-acoriano\/#breadcrumb\",\"itemListElement\":[{\"@type\":\"ListItem\",\"position\":1,\"name\":\"In\u00edcio\",\"item\":\"https:\/\/portaltela.pt\/\"},{\"@type\":\"ListItem\",\"position\":2,\"name\":\"Tremor 2026: do flamenco \u00e0 ode ao heavy metal a\u00e7oriano\"}]},{\"@type\":\"WebSite\",\"@id\":\"https:\/\/portaltela.pt\/#website\",\"url\":\"https:\/\/portaltela.pt\/\",\"name\":\"Portal Tela Portugal\",\"description\":\"\",\"potentialAction\":[{\"@type\":\"SearchAction\",\"target\":{\"@type\":\"EntryPoint\",\"urlTemplate\":\"https:\/\/portaltela.pt\/?s={search_term_string}\"},\"query-input\":{\"@type\":\"PropertyValueSpecification\",\"valueRequired\":true,\"valueName\":\"search_term_string\"}}],\"inLanguage\":\"pt-PT\"},{\"@type\":\"Person\",\"@id\":\"https:\/\/portaltela.pt\/#\/schema\/person\/c4278d4a6028830caff9ee44b42d32ed\",\"name\":\"Telinha\",\"image\":{\"@type\":\"ImageObject\",\"inLanguage\":\"pt-PT\",\"@id\":\"https:\/\/portaltela.pt\/s.01k8rhncp4jt1\/2025\/11\/talking-bot-125x125.png\",\"url\":\"https:\/\/portaltela.pt\/s.01k8rhncp4jt1\/2025\/11\/talking-bot-125x125.png\",\"contentUrl\":\"https:\/\/portaltela.pt\/s.01k8rhncp4jt1\/2025\/11\/talking-bot-125x125.png\",\"caption\":\"Telinha\"},\"sameAs\":[\"https:\/\/portaltela.pt\/\"],\"url\":\"https:\/\/portaltela.pt\/por\/367410592786\/\"}]}<\/script>\n<!-- \/ Yoast SEO plugin. -->","yoast_head_json":{"title":"Tremor 2026: do flamenco \u00e0 ode ao heavy metal a\u00e7oriano - Portal Tela Portugal","robots":{"index":"index","follow":"follow","max-snippet":"max-snippet:-1","max-image-preview":"max-image-preview:large","max-video-preview":"max-video-preview:-1"},"og_locale":"pt_PT","og_type":"article","og_title":"Tremor 2026: do flamenco \u00e0 ode ao heavy metal a\u00e7oriano - Portal Tela Portugal","og_description":"Tremor 2026 realiza-se na ilha de S\u00e3o Miguel, A\u00e7ores, entre ter\u00e7a-feira e s\u00e1bado. O cartaz inclui nomes como Yerai Cort\u00e9s, Cate Le Bon, Angine de Poitrine, Aya, Vaiapraia e The Bug + Warrior Queen. O programador M\u00e1rcio Laranjeira afirma que o festival n\u00e3o \u00e9 de um \u00fanico g\u00e9nero, apresentando m\u00fasica diversa a cada edi\u00e7\u00e3o. O Tremor mant\u00e9m a identidade desde 2014 e ocupa v\u00e1rios espa\u00e7os da ilha, incluindo locais pouco usuais. O festival \u00e9 organizado pela editora e promotora Lovers &amp; Lollypops, com uma programa\u00e7\u00e3o \u201comni\u0301voro\u201d e variada.","og_url":"https:\/\/portaltela.pt\/noticias\/2026\/03\/24\/tremor-2026-do-flamenco-a-ode-ao-heavy-metal-acoriano\/","og_site_name":"Portal Tela Portugal","article_published_time":"2026-03-24T07:15:00+00:00","author":"Telinha","twitter_card":"summary_large_image","twitter_misc":{"Escrito por":"Telinha","Tempo estimado de leitura":"1 minuto"},"schema":{"@context":"https:\/\/schema.org","@graph":[{"@type":"Article","@id":"https:\/\/portaltela.pt\/noticias\/2026\/03\/24\/tremor-2026-do-flamenco-a-ode-ao-heavy-metal-acoriano\/#article","isPartOf":{"@id":"https:\/\/portaltela.pt\/noticias\/2026\/03\/24\/tremor-2026-do-flamenco-a-ode-ao-heavy-metal-acoriano\/"},"author":{"name":"Telinha","@id":"https:\/\/portaltela.pt\/#\/schema\/person\/c4278d4a6028830caff9ee44b42d32ed"},"headline":"Tremor 2026: do flamenco \u00e0 ode ao heavy metal a\u00e7oriano","datePublished":"2026-03-24T07:15:00+00:00","mainEntityOfPage":{"@id":"https:\/\/portaltela.pt\/noticias\/2026\/03\/24\/tremor-2026-do-flamenco-a-ode-ao-heavy-metal-acoriano\/"},"wordCount":198,"image":{"@id":"https:\/\/portaltela.pt\/noticias\/2026\/03\/24\/tremor-2026-do-flamenco-a-ode-ao-heavy-metal-acoriano\/#primaryimage"},"thumbnailUrl":"https:\/\/portaltela.pt\/s.01k8rhncp4jt1\/2026\/03\/2076412.jpg","keywords":["A\u00e7ores","cultura","festival","internacionais","m\u00fasica","S\u00e3o Miguel e Santa Maria"],"articleSection":["M\u00fasica","Not\u00edcias"],"inLanguage":"pt-PT"},{"@type":"WebPage","@id":"https:\/\/portaltela.pt\/noticias\/2026\/03\/24\/tremor-2026-do-flamenco-a-ode-ao-heavy-metal-acoriano\/","url":"https:\/\/portaltela.pt\/noticias\/2026\/03\/24\/tremor-2026-do-flamenco-a-ode-ao-heavy-metal-acoriano\/","name":"Tremor 2026: do flamenco \u00e0 ode ao heavy metal a\u00e7oriano - Portal Tela Portugal","isPartOf":{"@id":"https:\/\/portaltela.pt\/#website"},"primaryImageOfPage":{"@id":"https:\/\/portaltela.pt\/noticias\/2026\/03\/24\/tremor-2026-do-flamenco-a-ode-ao-heavy-metal-acoriano\/#primaryimage"},"image":{"@id":"https:\/\/portaltela.pt\/noticias\/2026\/03\/24\/tremor-2026-do-flamenco-a-ode-ao-heavy-metal-acoriano\/#primaryimage"},"thumbnailUrl":"https:\/\/portaltela.pt\/s.01k8rhncp4jt1\/2026\/03\/2076412.jpg","datePublished":"2026-03-24T07:15:00+00:00","author":{"@id":"https:\/\/portaltela.pt\/#\/schema\/person\/c4278d4a6028830caff9ee44b42d32ed"},"breadcrumb":{"@id":"https:\/\/portaltela.pt\/noticias\/2026\/03\/24\/tremor-2026-do-flamenco-a-ode-ao-heavy-metal-acoriano\/#breadcrumb"},"inLanguage":"pt-PT","potentialAction":[{"@type":"ReadAction","target":["https:\/\/portaltela.pt\/noticias\/2026\/03\/24\/tremor-2026-do-flamenco-a-ode-ao-heavy-metal-acoriano\/"]}]},{"@type":"ImageObject","inLanguage":"pt-PT","@id":"https:\/\/portaltela.pt\/noticias\/2026\/03\/24\/tremor-2026-do-flamenco-a-ode-ao-heavy-metal-acoriano\/#primaryimage","url":"https:\/\/portaltela.pt\/s.01k8rhncp4jt1\/2026\/03\/2076412.jpg","contentUrl":"https:\/\/portaltela.pt\/s.01k8rhncp4jt1\/2026\/03\/2076412.jpg","width":796,"height":448,"caption":"Vaiapraia toca nesta quarta-feira nas Portas do Mar, na ilha de S\u00e3o Miguel, A\u00e7ores"},{"@type":"BreadcrumbList","@id":"https:\/\/portaltela.pt\/noticias\/2026\/03\/24\/tremor-2026-do-flamenco-a-ode-ao-heavy-metal-acoriano\/#breadcrumb","itemListElement":[{"@type":"ListItem","position":1,"name":"In\u00edcio","item":"https:\/\/portaltela.pt\/"},{"@type":"ListItem","position":2,"name":"Tremor 2026: do flamenco \u00e0 ode ao heavy metal a\u00e7oriano"}]},{"@type":"WebSite","@id":"https:\/\/portaltela.pt\/#website","url":"https:\/\/portaltela.pt\/","name":"Portal Tela Portugal","description":"","potentialAction":[{"@type":"SearchAction","target":{"@type":"EntryPoint","urlTemplate":"https:\/\/portaltela.pt\/?s={search_term_string}"},"query-input":{"@type":"PropertyValueSpecification","valueRequired":true,"valueName":"search_term_string"}}],"inLanguage":"pt-PT"},{"@type":"Person","@id":"https:\/\/portaltela.pt\/#\/schema\/person\/c4278d4a6028830caff9ee44b42d32ed","name":"Telinha","image":{"@type":"ImageObject","inLanguage":"pt-PT","@id":"https:\/\/portaltela.pt\/s.01k8rhncp4jt1\/2025\/11\/talking-bot-125x125.png","url":"https:\/\/portaltela.pt\/s.01k8rhncp4jt1\/2025\/11\/talking-bot-125x125.png","contentUrl":"https:\/\/portaltela.pt\/s.01k8rhncp4jt1\/2025\/11\/talking-bot-125x125.png","caption":"Telinha"},"sameAs":["https:\/\/portaltela.pt\/"],"url":"https:\/\/portaltela.pt\/por\/367410592786\/"}]}},"_links":{"self":[{"href":"https:\/\/portaltela.pt\/api\/wp\/v2\/posts\/419171","targetHints":{"allow":["GET"]}}],"collection":[{"href":"https:\/\/portaltela.pt\/api\/wp\/v2\/posts"}],"about":[{"href":"https:\/\/portaltela.pt\/api\/wp\/v2\/types\/post"}],"author":[{"embeddable":true,"href":"https:\/\/portaltela.pt\/api\/wp\/v2\/users\/2"}],"replies":[{"embeddable":true,"href":"https:\/\/portaltela.pt\/api\/wp\/v2\/comments?post=419171"}],"version-history":[{"count":0,"href":"https:\/\/portaltela.pt\/api\/wp\/v2\/posts\/419171\/revisions"}],"wp:featuredmedia":[{"embeddable":true,"href":"https:\/\/portaltela.pt\/api\/wp\/v2\/media\/419178"}],"wp:attachment":[{"href":"https:\/\/portaltela.pt\/api\/wp\/v2\/media?parent=419171"}],"wp:term":[{"taxonomy":"category","embeddable":true,"href":"https:\/\/portaltela.pt\/api\/wp\/v2\/categories?post=419171"},{"taxonomy":"post_tag","embeddable":true,"href":"https:\/\/portaltela.pt\/api\/wp\/v2\/tags?post=419171"}],"curies":[{"name":"wp","href":"https:\/\/api.w.org\/{rel}","templated":true}]}}