{"id":419170,"date":"2026-03-24T03:45:00","date_gmt":"2026-03-24T06:45:00","guid":{"rendered":"https:\/\/portaltela.pt\/noticias\/2026\/03\/24\/no-partido-da-democracia-aberta-cresce-contestacao-as-decisoes-da-elite\/"},"modified":"2026-03-24T03:45:00","modified_gmt":"2026-03-24T06:45:00","slug":"no-partido-da-democracia-aberta-cresce-contestacao-as-decisoes-da-elite","status":"publish","type":"post","link":"https:\/\/portaltela.pt\/noticias\/politica\/2026\/03\/24\/no-partido-da-democracia-aberta-cresce-contestacao-as-decisoes-da-elite\/","title":{"rendered":"No partido da democracia aberta, cresce contesta\u00e7\u00e3o \u00e0s decis\u00f5es da elite"},"content":{"rendered":"<p>O partido da democracia aberta, o Livre, enfrenta cr\u00edticas internas sobre o controlo por uma suposta \u201celite\u201d, que contrasta com o modelo de abertura defendido na sua funda\u00e7\u00e3o. As disputas ganham visibilidade com recentes desentendimentos entre dirigentes e o n\u00facleo dirigente.<\/p>\n<p>Nesta semana, o partido viu dois dirigentes tensionarem a rela\u00e7\u00e3o institucional, alegando decis\u00f5es tomadas de forma unilateral e fechada. As sa\u00eddas intensificam o debate sobre governan\u00e7a interna e transpar\u00eancia nas pr\u00e1ticas pol\u00edticas do Livre.<\/p>\n<p>Isabel Mendes Lopes, co-porta-voz e deputada, disse ao P\u00daBLICO que as altera\u00e7\u00f5es n\u00e3o colocam em causa o crescimento e a vitalidade do Livre, que em 2025 elevou para seis o n\u00famero de deputados e registou recorde de ades\u00f5es. Mesmo assim, as cr\u00edticas ganham eco entre militantes e simpatizantes.<\/p>\n<h3>Contexto interno<\/h3>\n<p>As cr\u00edticas reflectem preocupa\u00e7\u00f5es com a gest\u00e3o de decis\u00f5es e com a participa\u00e7\u00e3o de diferentes correntes no processo decis\u00f3rio. O movimento mant\u00e9m, no entanto, o discurso de abertura e de inclus\u00e3o que moldou a sua identidade desde a cria\u00e7\u00e3o. N\u00e3o foram fornecidos pormenores sobre as medidas tomadas ou os departamentos afetados.<\/p>\n","protected":false},"excerpt":{"rendered":"<ul>\n<li>No Livre, surgem cr\u00edticas internas sobre decis\u00f5es consideradas fechadas pela &#8220;elite&#8221; em contraste com o modelo aberto da funda\u00e7\u00e3o do partido.<\/li>\n<li>Na mesma semana, dois dirigentes comunicaram a sa\u00edda, acusando um conjunto de decis\u00f5es unilaterais por parte da &#8220;elite&#8221;.<\/li>\n<li>\u00c0 imprensa, a co-porta-voz e deputada Isabel Mendes Lopes disse que as sa\u00eddas \u201cn\u00e3o p\u00f5em em crise\u201d o crescimento e a vitalidade do Livre.<\/li>\n<li>Em 2025, o partido atingiu seis lugares no Parlamento e registou um recorde de ades\u00f5es de membros e apoiantes.<\/li>\n<li>O debate cresce e ganha express\u00e3o p\u00fablica, com cr\u00edticas ao funcionamento interno do partido.<\/li>\n<\/ul>\n","protected":false},"author":2,"featured_media":419176,"comment_status":"closed","ping_status":"closed","sticky":false,"template":"","format":"standard","meta":{"footnotes":""},"categories":[1,5],"tags":[2795,34,1144,1732,2832,332],"class_list":["post-419170","post","type-post","status-publish","format-standard","has-post-thumbnail","hentry","category-noticias","category-politica","tag-democracia","tag-governo","tag-instituicoes","tag-partidos","tag-politica","tag-transparencia"],"yoast_head":"<!-- This site is optimized with the Yoast SEO plugin v27.2 - https:\/\/yoast.com\/product\/yoast-seo-wordpress\/ -->\n<title>No partido da democracia aberta, cresce contesta\u00e7\u00e3o \u00e0s decis\u00f5es da elite - Portal Tela Portugal<\/title>\n<meta name=\"robots\" content=\"index, follow, max-snippet:-1, max-image-preview:large, max-video-preview:-1\" \/>\n<meta property=\"og:locale\" content=\"pt_PT\" \/>\n<meta property=\"og:type\" content=\"article\" \/>\n<meta property=\"og:title\" content=\"No partido da democracia aberta, cresce contesta\u00e7\u00e3o \u00e0s decis\u00f5es da elite - Portal Tela Portugal\" \/>\n<meta property=\"og:description\" content=\"No Livre, surgem cr\u00edticas internas sobre decis\u00f5es consideradas fechadas pela &quot;elite&quot; em contraste com o modelo aberto da funda\u00e7\u00e3o do partido. Na mesma semana, dois dirigentes comunicaram a sa\u00edda, acusando um conjunto de decis\u00f5es unilaterais por parte da &quot;elite&quot;. \u00c0 imprensa, a co-porta-voz e deputada Isabel Mendes Lopes disse que as sa\u00eddas \u201cn\u00e3o p\u00f5em em crise\u201d o crescimento e a vitalidade do Livre. Em 2025, o partido atingiu seis lugares no Parlamento e registou um recorde de ades\u00f5es de membros e apoiantes. O debate cresce e ganha express\u00e3o p\u00fablica, com cr\u00edticas ao funcionamento interno do partido.\" \/>\n<meta property=\"og:url\" content=\"https:\/\/portaltela.pt\/noticias\/2026\/03\/24\/no-partido-da-democracia-aberta-cresce-contestacao-as-decisoes-da-elite\/\" \/>\n<meta property=\"og:site_name\" content=\"Portal Tela Portugal\" \/>\n<meta property=\"article:published_time\" content=\"2026-03-24T06:45:00+00:00\" \/>\n<meta name=\"author\" content=\"Telinha\" \/>\n<meta name=\"twitter:card\" content=\"summary_large_image\" \/>\n<meta name=\"twitter:label1\" content=\"Escrito por\" \/>\n\t<meta name=\"twitter:data1\" content=\"Telinha\" \/>\n\t<meta name=\"twitter:label2\" content=\"Tempo estimado de leitura\" \/>\n\t<meta name=\"twitter:data2\" content=\"1 minuto\" \/>\n<script type=\"application\/ld+json\" class=\"yoast-schema-graph\">{\"@context\":\"https:\/\/schema.org\",\"@graph\":[{\"@type\":\"Article\",\"@id\":\"https:\/\/portaltela.pt\/noticias\/2026\/03\/24\/no-partido-da-democracia-aberta-cresce-contestacao-as-decisoes-da-elite\/#article\",\"isPartOf\":{\"@id\":\"https:\/\/portaltela.pt\/noticias\/2026\/03\/24\/no-partido-da-democracia-aberta-cresce-contestacao-as-decisoes-da-elite\/\"},\"author\":{\"name\":\"Telinha\",\"@id\":\"https:\/\/portaltela.pt\/#\/schema\/person\/c4278d4a6028830caff9ee44b42d32ed\"},\"headline\":\"No partido da democracia aberta, cresce contesta\u00e7\u00e3o \u00e0s decis\u00f5es da elite\",\"datePublished\":\"2026-03-24T06:45:00+00:00\",\"mainEntityOfPage\":{\"@id\":\"https:\/\/portaltela.pt\/noticias\/2026\/03\/24\/no-partido-da-democracia-aberta-cresce-contestacao-as-decisoes-da-elite\/\"},\"wordCount\":214,\"image\":{\"@id\":\"https:\/\/portaltela.pt\/noticias\/2026\/03\/24\/no-partido-da-democracia-aberta-cresce-contestacao-as-decisoes-da-elite\/#primaryimage\"},\"thumbnailUrl\":\"https:\/\/portaltela.pt\/s.01k8rhncp4jt1\/2026\/03\/2076384.jpg\",\"keywords\":[\"democracia\",\"governo\",\"institui\u00e7\u00f5es\",\"partidos\",\"pol\u00edtica\",\"transpar\u00eancia\"],\"articleSection\":[\"Not\u00edcias\",\"Pol\u00edtica\"],\"inLanguage\":\"pt-PT\"},{\"@type\":\"WebPage\",\"@id\":\"https:\/\/portaltela.pt\/noticias\/2026\/03\/24\/no-partido-da-democracia-aberta-cresce-contestacao-as-decisoes-da-elite\/\",\"url\":\"https:\/\/portaltela.pt\/noticias\/2026\/03\/24\/no-partido-da-democracia-aberta-cresce-contestacao-as-decisoes-da-elite\/\",\"name\":\"No partido da democracia aberta, cresce contesta\u00e7\u00e3o \u00e0s decis\u00f5es da elite - Portal Tela Portugal\",\"isPartOf\":{\"@id\":\"https:\/\/portaltela.pt\/#website\"},\"primaryImageOfPage\":{\"@id\":\"https:\/\/portaltela.pt\/noticias\/2026\/03\/24\/no-partido-da-democracia-aberta-cresce-contestacao-as-decisoes-da-elite\/#primaryimage\"},\"image\":{\"@id\":\"https:\/\/portaltela.pt\/noticias\/2026\/03\/24\/no-partido-da-democracia-aberta-cresce-contestacao-as-decisoes-da-elite\/#primaryimage\"},\"thumbnailUrl\":\"https:\/\/portaltela.pt\/s.01k8rhncp4jt1\/2026\/03\/2076384.jpg\",\"datePublished\":\"2026-03-24T06:45:00+00:00\",\"author\":{\"@id\":\"https:\/\/portaltela.pt\/#\/schema\/person\/c4278d4a6028830caff9ee44b42d32ed\"},\"breadcrumb\":{\"@id\":\"https:\/\/portaltela.pt\/noticias\/2026\/03\/24\/no-partido-da-democracia-aberta-cresce-contestacao-as-decisoes-da-elite\/#breadcrumb\"},\"inLanguage\":\"pt-PT\",\"potentialAction\":[{\"@type\":\"ReadAction\",\"target\":[\"https:\/\/portaltela.pt\/noticias\/2026\/03\/24\/no-partido-da-democracia-aberta-cresce-contestacao-as-decisoes-da-elite\/\"]}]},{\"@type\":\"ImageObject\",\"inLanguage\":\"pt-PT\",\"@id\":\"https:\/\/portaltela.pt\/noticias\/2026\/03\/24\/no-partido-da-democracia-aberta-cresce-contestacao-as-decisoes-da-elite\/#primaryimage\",\"url\":\"https:\/\/portaltela.pt\/s.01k8rhncp4jt1\/2026\/03\/2076384.jpg\",\"contentUrl\":\"https:\/\/portaltela.pt\/s.01k8rhncp4jt1\/2026\/03\/2076384.jpg\",\"width\":796,\"height\":448,\"caption\":\"O \u00faltimo congresso electivo do Livre realizou-se em 2024 e o pr\u00f3ximo ainda n\u00e3o foi agendado\"},{\"@type\":\"BreadcrumbList\",\"@id\":\"https:\/\/portaltela.pt\/noticias\/2026\/03\/24\/no-partido-da-democracia-aberta-cresce-contestacao-as-decisoes-da-elite\/#breadcrumb\",\"itemListElement\":[{\"@type\":\"ListItem\",\"position\":1,\"name\":\"In\u00edcio\",\"item\":\"https:\/\/portaltela.pt\/\"},{\"@type\":\"ListItem\",\"position\":2,\"name\":\"No partido da democracia aberta, cresce contesta\u00e7\u00e3o \u00e0s decis\u00f5es da elite\"}]},{\"@type\":\"WebSite\",\"@id\":\"https:\/\/portaltela.pt\/#website\",\"url\":\"https:\/\/portaltela.pt\/\",\"name\":\"Portal Tela Portugal\",\"description\":\"\",\"potentialAction\":[{\"@type\":\"SearchAction\",\"target\":{\"@type\":\"EntryPoint\",\"urlTemplate\":\"https:\/\/portaltela.pt\/?s={search_term_string}\"},\"query-input\":{\"@type\":\"PropertyValueSpecification\",\"valueRequired\":true,\"valueName\":\"search_term_string\"}}],\"inLanguage\":\"pt-PT\"},{\"@type\":\"Person\",\"@id\":\"https:\/\/portaltela.pt\/#\/schema\/person\/c4278d4a6028830caff9ee44b42d32ed\",\"name\":\"Telinha\",\"image\":{\"@type\":\"ImageObject\",\"inLanguage\":\"pt-PT\",\"@id\":\"https:\/\/portaltela.pt\/s.01k8rhncp4jt1\/2025\/11\/talking-bot-125x125.png\",\"url\":\"https:\/\/portaltela.pt\/s.01k8rhncp4jt1\/2025\/11\/talking-bot-125x125.png\",\"contentUrl\":\"https:\/\/portaltela.pt\/s.01k8rhncp4jt1\/2025\/11\/talking-bot-125x125.png\",\"caption\":\"Telinha\"},\"sameAs\":[\"https:\/\/portaltela.pt\/\"],\"url\":\"https:\/\/portaltela.pt\/por\/367410592786\/\"}]}<\/script>\n<!-- \/ Yoast SEO plugin. -->","yoast_head_json":{"title":"No partido da democracia aberta, cresce contesta\u00e7\u00e3o \u00e0s decis\u00f5es da elite - Portal Tela Portugal","robots":{"index":"index","follow":"follow","max-snippet":"max-snippet:-1","max-image-preview":"max-image-preview:large","max-video-preview":"max-video-preview:-1"},"og_locale":"pt_PT","og_type":"article","og_title":"No partido da democracia aberta, cresce contesta\u00e7\u00e3o \u00e0s decis\u00f5es da elite - Portal Tela Portugal","og_description":"No Livre, surgem cr\u00edticas internas sobre decis\u00f5es consideradas fechadas pela \"elite\" em contraste com o modelo aberto da funda\u00e7\u00e3o do partido. Na mesma semana, dois dirigentes comunicaram a sa\u00edda, acusando um conjunto de decis\u00f5es unilaterais por parte da \"elite\". \u00c0 imprensa, a co-porta-voz e deputada Isabel Mendes Lopes disse que as sa\u00eddas \u201cn\u00e3o p\u00f5em em crise\u201d o crescimento e a vitalidade do Livre. Em 2025, o partido atingiu seis lugares no Parlamento e registou um recorde de ades\u00f5es de membros e apoiantes. O debate cresce e ganha express\u00e3o p\u00fablica, com cr\u00edticas ao funcionamento interno do partido.","og_url":"https:\/\/portaltela.pt\/noticias\/2026\/03\/24\/no-partido-da-democracia-aberta-cresce-contestacao-as-decisoes-da-elite\/","og_site_name":"Portal Tela Portugal","article_published_time":"2026-03-24T06:45:00+00:00","author":"Telinha","twitter_card":"summary_large_image","twitter_misc":{"Escrito por":"Telinha","Tempo estimado de leitura":"1 minuto"},"schema":{"@context":"https:\/\/schema.org","@graph":[{"@type":"Article","@id":"https:\/\/portaltela.pt\/noticias\/2026\/03\/24\/no-partido-da-democracia-aberta-cresce-contestacao-as-decisoes-da-elite\/#article","isPartOf":{"@id":"https:\/\/portaltela.pt\/noticias\/2026\/03\/24\/no-partido-da-democracia-aberta-cresce-contestacao-as-decisoes-da-elite\/"},"author":{"name":"Telinha","@id":"https:\/\/portaltela.pt\/#\/schema\/person\/c4278d4a6028830caff9ee44b42d32ed"},"headline":"No partido da democracia aberta, cresce contesta\u00e7\u00e3o \u00e0s decis\u00f5es da elite","datePublished":"2026-03-24T06:45:00+00:00","mainEntityOfPage":{"@id":"https:\/\/portaltela.pt\/noticias\/2026\/03\/24\/no-partido-da-democracia-aberta-cresce-contestacao-as-decisoes-da-elite\/"},"wordCount":214,"image":{"@id":"https:\/\/portaltela.pt\/noticias\/2026\/03\/24\/no-partido-da-democracia-aberta-cresce-contestacao-as-decisoes-da-elite\/#primaryimage"},"thumbnailUrl":"https:\/\/portaltela.pt\/s.01k8rhncp4jt1\/2026\/03\/2076384.jpg","keywords":["democracia","governo","institui\u00e7\u00f5es","partidos","pol\u00edtica","transpar\u00eancia"],"articleSection":["Not\u00edcias","Pol\u00edtica"],"inLanguage":"pt-PT"},{"@type":"WebPage","@id":"https:\/\/portaltela.pt\/noticias\/2026\/03\/24\/no-partido-da-democracia-aberta-cresce-contestacao-as-decisoes-da-elite\/","url":"https:\/\/portaltela.pt\/noticias\/2026\/03\/24\/no-partido-da-democracia-aberta-cresce-contestacao-as-decisoes-da-elite\/","name":"No partido da democracia aberta, cresce contesta\u00e7\u00e3o \u00e0s decis\u00f5es da elite - Portal Tela Portugal","isPartOf":{"@id":"https:\/\/portaltela.pt\/#website"},"primaryImageOfPage":{"@id":"https:\/\/portaltela.pt\/noticias\/2026\/03\/24\/no-partido-da-democracia-aberta-cresce-contestacao-as-decisoes-da-elite\/#primaryimage"},"image":{"@id":"https:\/\/portaltela.pt\/noticias\/2026\/03\/24\/no-partido-da-democracia-aberta-cresce-contestacao-as-decisoes-da-elite\/#primaryimage"},"thumbnailUrl":"https:\/\/portaltela.pt\/s.01k8rhncp4jt1\/2026\/03\/2076384.jpg","datePublished":"2026-03-24T06:45:00+00:00","author":{"@id":"https:\/\/portaltela.pt\/#\/schema\/person\/c4278d4a6028830caff9ee44b42d32ed"},"breadcrumb":{"@id":"https:\/\/portaltela.pt\/noticias\/2026\/03\/24\/no-partido-da-democracia-aberta-cresce-contestacao-as-decisoes-da-elite\/#breadcrumb"},"inLanguage":"pt-PT","potentialAction":[{"@type":"ReadAction","target":["https:\/\/portaltela.pt\/noticias\/2026\/03\/24\/no-partido-da-democracia-aberta-cresce-contestacao-as-decisoes-da-elite\/"]}]},{"@type":"ImageObject","inLanguage":"pt-PT","@id":"https:\/\/portaltela.pt\/noticias\/2026\/03\/24\/no-partido-da-democracia-aberta-cresce-contestacao-as-decisoes-da-elite\/#primaryimage","url":"https:\/\/portaltela.pt\/s.01k8rhncp4jt1\/2026\/03\/2076384.jpg","contentUrl":"https:\/\/portaltela.pt\/s.01k8rhncp4jt1\/2026\/03\/2076384.jpg","width":796,"height":448,"caption":"O \u00faltimo congresso electivo do Livre realizou-se em 2024 e o pr\u00f3ximo ainda n\u00e3o foi agendado"},{"@type":"BreadcrumbList","@id":"https:\/\/portaltela.pt\/noticias\/2026\/03\/24\/no-partido-da-democracia-aberta-cresce-contestacao-as-decisoes-da-elite\/#breadcrumb","itemListElement":[{"@type":"ListItem","position":1,"name":"In\u00edcio","item":"https:\/\/portaltela.pt\/"},{"@type":"ListItem","position":2,"name":"No partido da democracia aberta, cresce contesta\u00e7\u00e3o \u00e0s decis\u00f5es da elite"}]},{"@type":"WebSite","@id":"https:\/\/portaltela.pt\/#website","url":"https:\/\/portaltela.pt\/","name":"Portal Tela Portugal","description":"","potentialAction":[{"@type":"SearchAction","target":{"@type":"EntryPoint","urlTemplate":"https:\/\/portaltela.pt\/?s={search_term_string}"},"query-input":{"@type":"PropertyValueSpecification","valueRequired":true,"valueName":"search_term_string"}}],"inLanguage":"pt-PT"},{"@type":"Person","@id":"https:\/\/portaltela.pt\/#\/schema\/person\/c4278d4a6028830caff9ee44b42d32ed","name":"Telinha","image":{"@type":"ImageObject","inLanguage":"pt-PT","@id":"https:\/\/portaltela.pt\/s.01k8rhncp4jt1\/2025\/11\/talking-bot-125x125.png","url":"https:\/\/portaltela.pt\/s.01k8rhncp4jt1\/2025\/11\/talking-bot-125x125.png","contentUrl":"https:\/\/portaltela.pt\/s.01k8rhncp4jt1\/2025\/11\/talking-bot-125x125.png","caption":"Telinha"},"sameAs":["https:\/\/portaltela.pt\/"],"url":"https:\/\/portaltela.pt\/por\/367410592786\/"}]}},"_links":{"self":[{"href":"https:\/\/portaltela.pt\/api\/wp\/v2\/posts\/419170","targetHints":{"allow":["GET"]}}],"collection":[{"href":"https:\/\/portaltela.pt\/api\/wp\/v2\/posts"}],"about":[{"href":"https:\/\/portaltela.pt\/api\/wp\/v2\/types\/post"}],"author":[{"embeddable":true,"href":"https:\/\/portaltela.pt\/api\/wp\/v2\/users\/2"}],"replies":[{"embeddable":true,"href":"https:\/\/portaltela.pt\/api\/wp\/v2\/comments?post=419170"}],"version-history":[{"count":0,"href":"https:\/\/portaltela.pt\/api\/wp\/v2\/posts\/419170\/revisions"}],"wp:featuredmedia":[{"embeddable":true,"href":"https:\/\/portaltela.pt\/api\/wp\/v2\/media\/419176"}],"wp:attachment":[{"href":"https:\/\/portaltela.pt\/api\/wp\/v2\/media?parent=419170"}],"wp:term":[{"taxonomy":"category","embeddable":true,"href":"https:\/\/portaltela.pt\/api\/wp\/v2\/categories?post=419170"},{"taxonomy":"post_tag","embeddable":true,"href":"https:\/\/portaltela.pt\/api\/wp\/v2\/tags?post=419170"}],"curies":[{"name":"wp","href":"https:\/\/api.w.org\/{rel}","templated":true}]}}