{"id":419169,"date":"2026-03-24T04:21:09","date_gmt":"2026-03-24T07:21:09","guid":{"rendered":"https:\/\/portaltela.pt\/noticias\/2026\/03\/24\/portugal-regista-o-menor-numero-de-casos-de-tuberculose-de-sempre\/"},"modified":"2026-03-24T04:21:09","modified_gmt":"2026-03-24T07:21:09","slug":"portugal-regista-o-menor-numero-de-casos-de-tuberculose-de-sempre","status":"publish","type":"post","link":"https:\/\/portaltela.pt\/saude\/2026\/03\/24\/portugal-regista-o-menor-numero-de-casos-de-tuberculose-de-sempre\/","title":{"rendered":"Portugal regista o menor n\u00famero de casos de tuberculose de sempre"},"content":{"rendered":"<p>Portugal registou em 2024 o menor n\u00famero de casos de tuberculose desde que h\u00e1 registos. O Relat\u00f3rio de Vigil\u00e2ncia e Monitoriza\u00e7\u00e3o da Tuberculose, divulgado no Dia Mundial da Tuberculose, aponta 1.536 casos, com uma taxa de 14,3 por 100 mil habitantes. A tend\u00eancia \u00e9 de queda face a anos anteriores.<\/p>\n<p>Entre as regi\u00f5es, Lisboa, Vale do Tejo e o Norte mant\u00eam-se com maior incid\u00eancia, com 17,1 e 16,4 casos por 100 mil habitantes, respetivamente. A concentra\u00e7\u00e3o deve-se a maior densidade populacional, vulnerabilidade de grupos, comorbilidades e fatores urbanos como a sobrelota\u00e7\u00e3o.<\/p>\n<p>Do total de casos em 2024, 1.418 s\u00e3o novos e 118 retratamentos. Homens representam 64,4% do total; crian\u00e7as at\u00e9 aos 15 anos correspondem a 2,4%. O grupo migrante continua mais vulner\u00e1vel, com 39,1% dos casos e taxa de notifica\u00e7\u00e3o 2,7 vezes acima da m\u00e9dia nacional.<\/p>\n<p>A mortalidade caiu para 50 \u00f3bitos, uma redu\u00e7\u00e3o de quase 70% desde 2015, aproximando Portugal de metas internacionais. Em termos de tratamento, a taxa de sucesso atingiu 82,1%, o n\u00edvel mais alto dos \u00faltimos anos, ainda longe das metas da OMS.<\/p>\n<p>A DGS nota que o tempo entre sintomatologia e in\u00edcio de tratamento manteve-se em 81 dias. O atraso do doente ao tratamento baixou para 41 dias e o atraso entre cuidados de sa\u00fade aumentou para 14 dias. O atraso na procura de ajuda continua como desafio.<\/p>\n<p>Em 2024 entrou em funcionamento uma reorganiza\u00e7\u00e3o dos cuidados, com consultas de tuberculose integradas em servi\u00e7os respirat\u00f3rios comunit\u00e1rios e unidades locais de sa\u00fade. Foram criados centros de refer\u00eancia em Lisboa e no Porto para casos complexos, incluindo tuberculose multirresistente.<\/p>\n<p>Notificaram-se 36 casos de tuberculose multirresistente em 2024, mais 63,6% que em 2023, com maioria em Lisboa e Vale do Tejo (63,9%). 24 desses casos ocorreram em migrantes, sobretudo de Angola, Brasil e Guin\u00e9-Bissau; houve ainda um caso em uma crian\u00e7a de quatro anos de origem angolana.<\/p>\n<p>A respons\u00e1vel pela \u00e1rea destacou estrat\u00e9gias de vigil\u00e2ncia, incluindo diagn\u00f3stico molecular para mapear stipes e origens. A taxa de abandono de tratamento mant\u00e9m-se sob controlo, mas o atraso na procura de tratamento continua a exigir interven\u00e7\u00e3o, com refor\u00e7o da literacia em sa\u00fade.<\/p>\n<p>Em paralelo, foram tratados 4.315 casos de infe\u00e7\u00e3o latente em 2024, contribuindo para o rastreio em grupos de maior risco. A DGS sublinha a import\u00e2ncia de tratamentos preventivos e da consciencializa\u00e7\u00e3o para sintomas como tosse persistente e perda de peso.<\/p>\n","protected":false},"excerpt":{"rendered":"<ul>\n<li>Portugal registou 1.536 casos de tuberculose em 2024, o valor mais baixo de sempre, com uma taxa de notifica\u00e7\u00e3o de 14,3 por 100 mil habitantes.<\/li>\n<li>Os imigrantes representaram 39,1% dos casos, com uma taxa de notifica\u00e7\u00e3o 2,7 vezes superior \u00e0 m\u00e9dia nacional.<\/li>\n<li>O pa\u00eds registou 50 mortes por tuberculose em 2024, uma redu\u00e7\u00e3o de quase 70% em rela\u00e7\u00e3o a 2015; foram notificados 1.418 novos casos e 118 retratamentos.<\/li>\n<li>Lisboa e Vale do Tejo e o Norte continuaram com as maiores incid\u00eancias; foram ainda registados 36 casos de tuberculose multirresistente, concentrados principalmente em Lisboa e Vale do Tejo.<\/li>\n<li>A taxa de sucesso do tratamento atingiu 82,1%; foram tratados 4.315 casos de infe\u00e7\u00e3o latente, e h\u00e1 necessidade de acelerar o diagn\u00f3stico, a literacia em sa\u00fade e combater o estigma associado.<\/li>\n<\/ul>\n","protected":false},"author":2,"featured_media":419175,"comment_status":"closed","ping_status":"closed","sticky":false,"template":"","format":"standard","meta":{"footnotes":""},"categories":[1,6745],"tags":[3632,6483,5563,972,1014,271],"class_list":["post-419169","post","type-post","status-publish","format-standard","has-post-thumbnail","hentry","category-noticias","category-saude","tag-doenca-respiratoria","tag-doencas-infecciosas-e-parasitarias","tag-informacao-publica","tag-literacia-em-saude","tag-portugal","tag-saude-publica"],"yoast_head":"<!-- This site is optimized with the Yoast SEO plugin v27.2 - https:\/\/yoast.com\/product\/yoast-seo-wordpress\/ -->\n<title>Portugal regista o menor n\u00famero de casos de tuberculose de sempre - Portal Tela Portugal<\/title>\n<meta name=\"robots\" content=\"index, follow, max-snippet:-1, max-image-preview:large, max-video-preview:-1\" \/>\n<meta property=\"og:locale\" content=\"pt_PT\" \/>\n<meta property=\"og:type\" content=\"article\" \/>\n<meta property=\"og:title\" content=\"Portugal regista o menor n\u00famero de casos de tuberculose de sempre - Portal Tela Portugal\" \/>\n<meta property=\"og:description\" content=\"Portugal registou 1.536 casos de tuberculose em 2024, o valor mais baixo de sempre, com uma taxa de notifica\u00e7\u00e3o de 14,3 por 100 mil habitantes. Os imigrantes representaram 39,1% dos casos, com uma taxa de notifica\u00e7\u00e3o 2,7 vezes superior \u00e0 m\u00e9dia nacional. O pa\u00eds registou 50 mortes por tuberculose em 2024, uma redu\u00e7\u00e3o de quase 70% em rela\u00e7\u00e3o a 2015; foram notificados 1.418 novos casos e 118 retratamentos. Lisboa e Vale do Tejo e o Norte continuaram com as maiores incid\u00eancias; foram ainda registados 36 casos de tuberculose multirresistente, concentrados principalmente em Lisboa e Vale do Tejo. A taxa de sucesso do tratamento atingiu 82,1%; foram tratados 4.315 casos de infe\u00e7\u00e3o latente, e h\u00e1 necessidade de acelerar o diagn\u00f3stico, a literacia em sa\u00fade e combater o estigma associado.\" \/>\n<meta property=\"og:url\" content=\"https:\/\/portaltela.pt\/noticias\/2026\/03\/24\/portugal-regista-o-menor-numero-de-casos-de-tuberculose-de-sempre\/\" \/>\n<meta property=\"og:site_name\" content=\"Portal Tela Portugal\" \/>\n<meta property=\"article:published_time\" content=\"2026-03-24T07:21:09+00:00\" \/>\n<meta name=\"author\" content=\"Telinha\" \/>\n<meta name=\"twitter:card\" content=\"summary_large_image\" \/>\n<meta name=\"twitter:label1\" content=\"Escrito por\" \/>\n\t<meta name=\"twitter:data1\" content=\"Telinha\" \/>\n\t<meta name=\"twitter:label2\" content=\"Tempo estimado de leitura\" \/>\n\t<meta name=\"twitter:data2\" content=\"2 minutos\" \/>\n<script type=\"application\/ld+json\" class=\"yoast-schema-graph\">{\"@context\":\"https:\/\/schema.org\",\"@graph\":[{\"@type\":\"Article\",\"@id\":\"https:\/\/portaltela.pt\/noticias\/2026\/03\/24\/portugal-regista-o-menor-numero-de-casos-de-tuberculose-de-sempre\/#article\",\"isPartOf\":{\"@id\":\"https:\/\/portaltela.pt\/noticias\/2026\/03\/24\/portugal-regista-o-menor-numero-de-casos-de-tuberculose-de-sempre\/\"},\"author\":{\"name\":\"Telinha\",\"@id\":\"https:\/\/portaltela.pt\/#\/schema\/person\/c4278d4a6028830caff9ee44b42d32ed\"},\"headline\":\"Portugal regista o menor n\u00famero de casos de tuberculose de sempre\",\"datePublished\":\"2026-03-24T07:21:09+00:00\",\"mainEntityOfPage\":{\"@id\":\"https:\/\/portaltela.pt\/noticias\/2026\/03\/24\/portugal-regista-o-menor-numero-de-casos-de-tuberculose-de-sempre\/\"},\"wordCount\":409,\"image\":{\"@id\":\"https:\/\/portaltela.pt\/noticias\/2026\/03\/24\/portugal-regista-o-menor-numero-de-casos-de-tuberculose-de-sempre\/#primaryimage\"},\"thumbnailUrl\":\"https:\/\/portaltela.pt\/s.01k8rhncp4jt1\/2026\/03\/img_1500x1000uu2017-07-22-08-45-00-651226.jpg\",\"keywords\":[\"doen\u00e7a respirat\u00f3ria\",\"Doen\u00e7as infecciosas e parasit\u00e1rias\",\"informa\u00e7\u00e3o p\u00fablica\",\"literacia em sa\u00fade\",\"Portugal\",\"sa\u00fade p\u00fablica\"],\"articleSection\":[\"Not\u00edcias\",\"Sa\u00fade\"],\"inLanguage\":\"pt-PT\"},{\"@type\":\"WebPage\",\"@id\":\"https:\/\/portaltela.pt\/noticias\/2026\/03\/24\/portugal-regista-o-menor-numero-de-casos-de-tuberculose-de-sempre\/\",\"url\":\"https:\/\/portaltela.pt\/noticias\/2026\/03\/24\/portugal-regista-o-menor-numero-de-casos-de-tuberculose-de-sempre\/\",\"name\":\"Portugal regista o menor n\u00famero de casos de tuberculose de sempre - Portal Tela Portugal\",\"isPartOf\":{\"@id\":\"https:\/\/portaltela.pt\/#website\"},\"primaryImageOfPage\":{\"@id\":\"https:\/\/portaltela.pt\/noticias\/2026\/03\/24\/portugal-regista-o-menor-numero-de-casos-de-tuberculose-de-sempre\/#primaryimage\"},\"image\":{\"@id\":\"https:\/\/portaltela.pt\/noticias\/2026\/03\/24\/portugal-regista-o-menor-numero-de-casos-de-tuberculose-de-sempre\/#primaryimage\"},\"thumbnailUrl\":\"https:\/\/portaltela.pt\/s.01k8rhncp4jt1\/2026\/03\/img_1500x1000uu2017-07-22-08-45-00-651226.jpg\",\"datePublished\":\"2026-03-24T07:21:09+00:00\",\"author\":{\"@id\":\"https:\/\/portaltela.pt\/#\/schema\/person\/c4278d4a6028830caff9ee44b42d32ed\"},\"breadcrumb\":{\"@id\":\"https:\/\/portaltela.pt\/noticias\/2026\/03\/24\/portugal-regista-o-menor-numero-de-casos-de-tuberculose-de-sempre\/#breadcrumb\"},\"inLanguage\":\"pt-PT\",\"potentialAction\":[{\"@type\":\"ReadAction\",\"target\":[\"https:\/\/portaltela.pt\/noticias\/2026\/03\/24\/portugal-regista-o-menor-numero-de-casos-de-tuberculose-de-sempre\/\"]}]},{\"@type\":\"ImageObject\",\"inLanguage\":\"pt-PT\",\"@id\":\"https:\/\/portaltela.pt\/noticias\/2026\/03\/24\/portugal-regista-o-menor-numero-de-casos-de-tuberculose-de-sempre\/#primaryimage\",\"url\":\"https:\/\/portaltela.pt\/s.01k8rhncp4jt1\/2026\/03\/img_1500x1000uu2017-07-22-08-45-00-651226.jpg\",\"contentUrl\":\"https:\/\/portaltela.pt\/s.01k8rhncp4jt1\/2026\/03\/img_1500x1000uu2017-07-22-08-45-00-651226.jpg\",\"width\":1500,\"height\":1000,\"caption\":\"Portugal registou n\u00famero de casos de tuberculose mais baixo de sempre\"},{\"@type\":\"BreadcrumbList\",\"@id\":\"https:\/\/portaltela.pt\/noticias\/2026\/03\/24\/portugal-regista-o-menor-numero-de-casos-de-tuberculose-de-sempre\/#breadcrumb\",\"itemListElement\":[{\"@type\":\"ListItem\",\"position\":1,\"name\":\"In\u00edcio\",\"item\":\"https:\/\/portaltela.pt\/\"},{\"@type\":\"ListItem\",\"position\":2,\"name\":\"Portugal regista o menor n\u00famero de casos de tuberculose de sempre\"}]},{\"@type\":\"WebSite\",\"@id\":\"https:\/\/portaltela.pt\/#website\",\"url\":\"https:\/\/portaltela.pt\/\",\"name\":\"Portal Tela Portugal\",\"description\":\"\",\"potentialAction\":[{\"@type\":\"SearchAction\",\"target\":{\"@type\":\"EntryPoint\",\"urlTemplate\":\"https:\/\/portaltela.pt\/?s={search_term_string}\"},\"query-input\":{\"@type\":\"PropertyValueSpecification\",\"valueRequired\":true,\"valueName\":\"search_term_string\"}}],\"inLanguage\":\"pt-PT\"},{\"@type\":\"Person\",\"@id\":\"https:\/\/portaltela.pt\/#\/schema\/person\/c4278d4a6028830caff9ee44b42d32ed\",\"name\":\"Telinha\",\"image\":{\"@type\":\"ImageObject\",\"inLanguage\":\"pt-PT\",\"@id\":\"https:\/\/portaltela.pt\/s.01k8rhncp4jt1\/2025\/11\/talking-bot-125x125.png\",\"url\":\"https:\/\/portaltela.pt\/s.01k8rhncp4jt1\/2025\/11\/talking-bot-125x125.png\",\"contentUrl\":\"https:\/\/portaltela.pt\/s.01k8rhncp4jt1\/2025\/11\/talking-bot-125x125.png\",\"caption\":\"Telinha\"},\"sameAs\":[\"https:\/\/portaltela.pt\/\"],\"url\":\"https:\/\/portaltela.pt\/por\/367410592786\/\"}]}<\/script>\n<!-- \/ Yoast SEO plugin. -->","yoast_head_json":{"title":"Portugal regista o menor n\u00famero de casos de tuberculose de sempre - Portal Tela Portugal","robots":{"index":"index","follow":"follow","max-snippet":"max-snippet:-1","max-image-preview":"max-image-preview:large","max-video-preview":"max-video-preview:-1"},"og_locale":"pt_PT","og_type":"article","og_title":"Portugal regista o menor n\u00famero de casos de tuberculose de sempre - Portal Tela Portugal","og_description":"Portugal registou 1.536 casos de tuberculose em 2024, o valor mais baixo de sempre, com uma taxa de notifica\u00e7\u00e3o de 14,3 por 100 mil habitantes. Os imigrantes representaram 39,1% dos casos, com uma taxa de notifica\u00e7\u00e3o 2,7 vezes superior \u00e0 m\u00e9dia nacional. O pa\u00eds registou 50 mortes por tuberculose em 2024, uma redu\u00e7\u00e3o de quase 70% em rela\u00e7\u00e3o a 2015; foram notificados 1.418 novos casos e 118 retratamentos. Lisboa e Vale do Tejo e o Norte continuaram com as maiores incid\u00eancias; foram ainda registados 36 casos de tuberculose multirresistente, concentrados principalmente em Lisboa e Vale do Tejo. A taxa de sucesso do tratamento atingiu 82,1%; foram tratados 4.315 casos de infe\u00e7\u00e3o latente, e h\u00e1 necessidade de acelerar o diagn\u00f3stico, a literacia em sa\u00fade e combater o estigma associado.","og_url":"https:\/\/portaltela.pt\/noticias\/2026\/03\/24\/portugal-regista-o-menor-numero-de-casos-de-tuberculose-de-sempre\/","og_site_name":"Portal Tela Portugal","article_published_time":"2026-03-24T07:21:09+00:00","author":"Telinha","twitter_card":"summary_large_image","twitter_misc":{"Escrito por":"Telinha","Tempo estimado de leitura":"2 minutos"},"schema":{"@context":"https:\/\/schema.org","@graph":[{"@type":"Article","@id":"https:\/\/portaltela.pt\/noticias\/2026\/03\/24\/portugal-regista-o-menor-numero-de-casos-de-tuberculose-de-sempre\/#article","isPartOf":{"@id":"https:\/\/portaltela.pt\/noticias\/2026\/03\/24\/portugal-regista-o-menor-numero-de-casos-de-tuberculose-de-sempre\/"},"author":{"name":"Telinha","@id":"https:\/\/portaltela.pt\/#\/schema\/person\/c4278d4a6028830caff9ee44b42d32ed"},"headline":"Portugal regista o menor n\u00famero de casos de tuberculose de sempre","datePublished":"2026-03-24T07:21:09+00:00","mainEntityOfPage":{"@id":"https:\/\/portaltela.pt\/noticias\/2026\/03\/24\/portugal-regista-o-menor-numero-de-casos-de-tuberculose-de-sempre\/"},"wordCount":409,"image":{"@id":"https:\/\/portaltela.pt\/noticias\/2026\/03\/24\/portugal-regista-o-menor-numero-de-casos-de-tuberculose-de-sempre\/#primaryimage"},"thumbnailUrl":"https:\/\/portaltela.pt\/s.01k8rhncp4jt1\/2026\/03\/img_1500x1000uu2017-07-22-08-45-00-651226.jpg","keywords":["doen\u00e7a respirat\u00f3ria","Doen\u00e7as infecciosas e parasit\u00e1rias","informa\u00e7\u00e3o p\u00fablica","literacia em sa\u00fade","Portugal","sa\u00fade p\u00fablica"],"articleSection":["Not\u00edcias","Sa\u00fade"],"inLanguage":"pt-PT"},{"@type":"WebPage","@id":"https:\/\/portaltela.pt\/noticias\/2026\/03\/24\/portugal-regista-o-menor-numero-de-casos-de-tuberculose-de-sempre\/","url":"https:\/\/portaltela.pt\/noticias\/2026\/03\/24\/portugal-regista-o-menor-numero-de-casos-de-tuberculose-de-sempre\/","name":"Portugal regista o menor n\u00famero de casos de tuberculose de sempre - Portal Tela Portugal","isPartOf":{"@id":"https:\/\/portaltela.pt\/#website"},"primaryImageOfPage":{"@id":"https:\/\/portaltela.pt\/noticias\/2026\/03\/24\/portugal-regista-o-menor-numero-de-casos-de-tuberculose-de-sempre\/#primaryimage"},"image":{"@id":"https:\/\/portaltela.pt\/noticias\/2026\/03\/24\/portugal-regista-o-menor-numero-de-casos-de-tuberculose-de-sempre\/#primaryimage"},"thumbnailUrl":"https:\/\/portaltela.pt\/s.01k8rhncp4jt1\/2026\/03\/img_1500x1000uu2017-07-22-08-45-00-651226.jpg","datePublished":"2026-03-24T07:21:09+00:00","author":{"@id":"https:\/\/portaltela.pt\/#\/schema\/person\/c4278d4a6028830caff9ee44b42d32ed"},"breadcrumb":{"@id":"https:\/\/portaltela.pt\/noticias\/2026\/03\/24\/portugal-regista-o-menor-numero-de-casos-de-tuberculose-de-sempre\/#breadcrumb"},"inLanguage":"pt-PT","potentialAction":[{"@type":"ReadAction","target":["https:\/\/portaltela.pt\/noticias\/2026\/03\/24\/portugal-regista-o-menor-numero-de-casos-de-tuberculose-de-sempre\/"]}]},{"@type":"ImageObject","inLanguage":"pt-PT","@id":"https:\/\/portaltela.pt\/noticias\/2026\/03\/24\/portugal-regista-o-menor-numero-de-casos-de-tuberculose-de-sempre\/#primaryimage","url":"https:\/\/portaltela.pt\/s.01k8rhncp4jt1\/2026\/03\/img_1500x1000uu2017-07-22-08-45-00-651226.jpg","contentUrl":"https:\/\/portaltela.pt\/s.01k8rhncp4jt1\/2026\/03\/img_1500x1000uu2017-07-22-08-45-00-651226.jpg","width":1500,"height":1000,"caption":"Portugal registou n\u00famero de casos de tuberculose mais baixo de sempre"},{"@type":"BreadcrumbList","@id":"https:\/\/portaltela.pt\/noticias\/2026\/03\/24\/portugal-regista-o-menor-numero-de-casos-de-tuberculose-de-sempre\/#breadcrumb","itemListElement":[{"@type":"ListItem","position":1,"name":"In\u00edcio","item":"https:\/\/portaltela.pt\/"},{"@type":"ListItem","position":2,"name":"Portugal regista o menor n\u00famero de casos de tuberculose de sempre"}]},{"@type":"WebSite","@id":"https:\/\/portaltela.pt\/#website","url":"https:\/\/portaltela.pt\/","name":"Portal Tela Portugal","description":"","potentialAction":[{"@type":"SearchAction","target":{"@type":"EntryPoint","urlTemplate":"https:\/\/portaltela.pt\/?s={search_term_string}"},"query-input":{"@type":"PropertyValueSpecification","valueRequired":true,"valueName":"search_term_string"}}],"inLanguage":"pt-PT"},{"@type":"Person","@id":"https:\/\/portaltela.pt\/#\/schema\/person\/c4278d4a6028830caff9ee44b42d32ed","name":"Telinha","image":{"@type":"ImageObject","inLanguage":"pt-PT","@id":"https:\/\/portaltela.pt\/s.01k8rhncp4jt1\/2025\/11\/talking-bot-125x125.png","url":"https:\/\/portaltela.pt\/s.01k8rhncp4jt1\/2025\/11\/talking-bot-125x125.png","contentUrl":"https:\/\/portaltela.pt\/s.01k8rhncp4jt1\/2025\/11\/talking-bot-125x125.png","caption":"Telinha"},"sameAs":["https:\/\/portaltela.pt\/"],"url":"https:\/\/portaltela.pt\/por\/367410592786\/"}]}},"_links":{"self":[{"href":"https:\/\/portaltela.pt\/api\/wp\/v2\/posts\/419169","targetHints":{"allow":["GET"]}}],"collection":[{"href":"https:\/\/portaltela.pt\/api\/wp\/v2\/posts"}],"about":[{"href":"https:\/\/portaltela.pt\/api\/wp\/v2\/types\/post"}],"author":[{"embeddable":true,"href":"https:\/\/portaltela.pt\/api\/wp\/v2\/users\/2"}],"replies":[{"embeddable":true,"href":"https:\/\/portaltela.pt\/api\/wp\/v2\/comments?post=419169"}],"version-history":[{"count":0,"href":"https:\/\/portaltela.pt\/api\/wp\/v2\/posts\/419169\/revisions"}],"wp:featuredmedia":[{"embeddable":true,"href":"https:\/\/portaltela.pt\/api\/wp\/v2\/media\/419175"}],"wp:attachment":[{"href":"https:\/\/portaltela.pt\/api\/wp\/v2\/media?parent=419169"}],"wp:term":[{"taxonomy":"category","embeddable":true,"href":"https:\/\/portaltela.pt\/api\/wp\/v2\/categories?post=419169"},{"taxonomy":"post_tag","embeddable":true,"href":"https:\/\/portaltela.pt\/api\/wp\/v2\/tags?post=419169"}],"curies":[{"name":"wp","href":"https:\/\/api.w.org\/{rel}","templated":true}]}}