{"id":419163,"date":"2026-03-24T04:24:00","date_gmt":"2026-03-24T07:24:00","guid":{"rendered":"https:\/\/portaltela.pt\/noticias\/2026\/03\/24\/milhares-de-estudantes-antecipam-manifestacao-nacional-em-lisboa\/"},"modified":"2026-03-24T04:24:00","modified_gmt":"2026-03-24T07:24:00","slug":"milhares-de-estudantes-antecipam-manifestacao-nacional-em-lisboa","status":"publish","type":"post","link":"https:\/\/portaltela.pt\/sociedade\/2026\/03\/24\/milhares-de-estudantes-antecipam-manifestacao-nacional-em-lisboa\/","title":{"rendered":"Milhares de estudantes antecipam manifesta\u00e7\u00e3o nacional em Lisboa"},"content":{"rendered":"<p>Milhares de estudantes do ensino superior de todo o pa\u00eds devem concentrar-se hoje em Lisboa para uma manifesta\u00e7\u00e3o nacional. O protesto, a favor da gratuitidade do ensino, de maior alojamento e de melhores condi\u00e7\u00f5es para estudar, decorre na tarde de ter\u00e7a-feira, Dia Nacional do Estudante, a partir do Rossio.<\/p>\n<p>As organiza\u00e7\u00f5es abrangem mais de 40 estruturas do Movimento Associativo Estudantil (MAE), entre associa\u00e7\u00f5es de estudantes, acad\u00e9micas, n\u00facleos, grupos, tunas e comiss\u00f5es de residentes. A AEFLUL, da Faculdade de Letras da Universidade de Lisboa, coordenou parte das a\u00e7\u00f5es.<\/p>\n<p>Segundo David Talete, membro da dire\u00e7\u00e3o da AEFLUL, est\u00e3o de forma inclusiva todos os grupos excepto a Federa\u00e7\u00e3o Acad\u00e9mica do Porto. O protesto come\u00e7a ap\u00f3s o almo\u00e7o, com a marcha a caminho da Assembleia da Rep\u00fablica.<\/p>\n<h3>Contexto das reivindica\u00e7\u00f5es<\/h3>\n<p>Os estudantes reivindicam a gratuitidade do ensino superior, o cumprimento do Plano Nacional para o Alojamento no Ensino Superior (PNAES) e altera\u00e7\u00f5es ao regime de bolsas. O objetivo \u00e9 tornar o apoio mais abrangente e eficaz.<\/p>\n<p>A reforma da A\u00e7\u00e3o Social, apresentada no final do ano passado pelo Minist\u00e9rio da Educa\u00e7\u00e3o, introduz novas regras de acesso a resid\u00eancias estudantis e aos apoios aos alojados. O argumento \u00e9 que o sistema atual \u00e9 pouco progressivo e n\u00e3o cobre adequadamente as despesas.<\/p>\n<p>No \u00faltimo ano letivo, o Estado entrou com 84.215 bolsas de a\u00e7\u00e3o social, das quais mais de 70% foram atribu\u00eddas com o valor m\u00ednimo. A mobiliza\u00e7\u00e3o visa ajustes para ampliar o leque de benefici\u00e1rios e aumentar os montantes.<\/p>\n<p>A concentra\u00e7\u00e3o est\u00e1 marcada para as 14:30 no Rossio, com a marcha direcionada para a Assembleia da Republica. Os alunos das faculdades da Cidade Universit\u00e1ria em Lisboa devem sair \u00e0s 14:00, em anteced\u00eancia.<\/p>\n","protected":false},"excerpt":{"rendered":"<ul>\n<li>Milhares de estudantes do ensino superior de todo o pa\u00eds estar\u00e3o hoje em Lisboa para uma Manifesta\u00e7\u00e3o Nacional do Estudante, Dia Nacional do Estudante, com in\u00edcio \u00e0s 14h30 no Rossio e regresso \u00e0 Assembleia da Rep\u00fablica.<\/li>\n<li>Reivindicam a gratuitidade do ensino superior, mais alojamento e melhores condi\u00e7\u00f5es de estudo, incluindo o cumprimento do Plano Nacional para o Alojamento no Ensino Superior (PNAES).<\/li>\n<li>O protesto envolve mais de quarenta estruturas do Movimento Associativo Estudantil, com a participa\u00e7\u00e3o de associa\u00e7\u00f5es, n\u00facleos e outras entidades, \u00e0 exce\u00e7\u00e3o da Federa\u00e7\u00e3o Acad\u00e9mica do Porto.<\/li>\n<li>O movimento tamb\u00e9m contestar\u00e1 o novo modelo de atribui\u00e7\u00e3o de bolsas, defendendo que as bolsas sejam mais acess\u00edveis e cubram efetivamente os custos de estudar.<\/li>\n<li>Estudantes da Cidade Universit\u00e1ria de Lisboa v\u00e3o sair \u00e0s 14h00 para se juntarem \u00e0 marcha no Rossio.<\/li>\n<\/ul>\n","protected":false},"author":2,"featured_media":419165,"comment_status":"closed","ping_status":"closed","sticky":false,"template":"","format":"standard","meta":{"footnotes":""},"categories":[1,6871],"tags":[4211,163,92,5139,981,4179],"class_list":["post-419163","post","type-post","status-publish","format-standard","has-post-thumbnail","hentry","category-noticias","category-sociedade","tag-assembleia-nacional","tag-educacao","tag-ensino","tag-estudantes","tag-lisboa","tag-movimento-associativo"],"yoast_head":"<!-- This site is optimized with the Yoast SEO plugin v27.2 - https:\/\/yoast.com\/product\/yoast-seo-wordpress\/ -->\n<title>Milhares de estudantes antecipam manifesta\u00e7\u00e3o nacional em Lisboa - Portal Tela Portugal<\/title>\n<meta name=\"robots\" content=\"index, follow, max-snippet:-1, max-image-preview:large, max-video-preview:-1\" \/>\n<meta property=\"og:locale\" content=\"pt_PT\" \/>\n<meta property=\"og:type\" content=\"article\" \/>\n<meta property=\"og:title\" content=\"Milhares de estudantes antecipam manifesta\u00e7\u00e3o nacional em Lisboa - Portal Tela Portugal\" \/>\n<meta property=\"og:description\" content=\"Milhares de estudantes do ensino superior de todo o pa\u00eds estar\u00e3o hoje em Lisboa para uma Manifesta\u00e7\u00e3o Nacional do Estudante, Dia Nacional do Estudante, com in\u00edcio \u00e0s 14h30 no Rossio e regresso \u00e0 Assembleia da Rep\u00fablica. Reivindicam a gratuitidade do ensino superior, mais alojamento e melhores condi\u00e7\u00f5es de estudo, incluindo o cumprimento do Plano Nacional para o Alojamento no Ensino Superior (PNAES). O protesto envolve mais de quarenta estruturas do Movimento Associativo Estudantil, com a participa\u00e7\u00e3o de associa\u00e7\u00f5es, n\u00facleos e outras entidades, \u00e0 exce\u00e7\u00e3o da Federa\u00e7\u00e3o Acad\u00e9mica do Porto. O movimento tamb\u00e9m contestar\u00e1 o novo modelo de atribui\u00e7\u00e3o de bolsas, defendendo que as bolsas sejam mais acess\u00edveis e cubram efetivamente os custos de estudar. Estudantes da Cidade Universit\u00e1ria de Lisboa v\u00e3o sair \u00e0s 14h00 para se juntarem \u00e0 marcha no Rossio.\" \/>\n<meta property=\"og:url\" content=\"https:\/\/portaltela.pt\/noticias\/2026\/03\/24\/milhares-de-estudantes-antecipam-manifestacao-nacional-em-lisboa\/\" \/>\n<meta property=\"og:site_name\" content=\"Portal Tela Portugal\" \/>\n<meta property=\"article:published_time\" content=\"2026-03-24T07:24:00+00:00\" \/>\n<meta name=\"author\" content=\"Telinha\" \/>\n<meta name=\"twitter:card\" content=\"summary_large_image\" \/>\n<meta name=\"twitter:label1\" content=\"Escrito por\" \/>\n\t<meta name=\"twitter:data1\" content=\"Telinha\" \/>\n\t<meta name=\"twitter:label2\" content=\"Tempo estimado de leitura\" \/>\n\t<meta name=\"twitter:data2\" content=\"2 minutos\" \/>\n<script type=\"application\/ld+json\" class=\"yoast-schema-graph\">{\"@context\":\"https:\/\/schema.org\",\"@graph\":[{\"@type\":\"Article\",\"@id\":\"https:\/\/portaltela.pt\/noticias\/2026\/03\/24\/milhares-de-estudantes-antecipam-manifestacao-nacional-em-lisboa\/#article\",\"isPartOf\":{\"@id\":\"https:\/\/portaltela.pt\/noticias\/2026\/03\/24\/milhares-de-estudantes-antecipam-manifestacao-nacional-em-lisboa\/\"},\"author\":{\"name\":\"Telinha\",\"@id\":\"https:\/\/portaltela.pt\/#\/schema\/person\/c4278d4a6028830caff9ee44b42d32ed\"},\"headline\":\"Milhares de estudantes antecipam manifesta\u00e7\u00e3o nacional em Lisboa\",\"datePublished\":\"2026-03-24T07:24:00+00:00\",\"mainEntityOfPage\":{\"@id\":\"https:\/\/portaltela.pt\/noticias\/2026\/03\/24\/milhares-de-estudantes-antecipam-manifestacao-nacional-em-lisboa\/\"},\"wordCount\":311,\"image\":{\"@id\":\"https:\/\/portaltela.pt\/noticias\/2026\/03\/24\/milhares-de-estudantes-antecipam-manifestacao-nacional-em-lisboa\/#primaryimage\"},\"thumbnailUrl\":\"https:\/\/portaltela.pt\/s.01k8rhncp4jt1\/2026\/03\/img_1500x1000uu2023-05-10-00-26-59-1345076.jpg\",\"keywords\":[\"Assembleia Nacional\",\"educa\u00e7\u00e3o\",\"ensino\",\"estudantes\",\"Lisboa\",\"movimento associativo\"],\"articleSection\":[\"Not\u00edcias\",\"Sociedade\"],\"inLanguage\":\"pt-PT\"},{\"@type\":\"WebPage\",\"@id\":\"https:\/\/portaltela.pt\/noticias\/2026\/03\/24\/milhares-de-estudantes-antecipam-manifestacao-nacional-em-lisboa\/\",\"url\":\"https:\/\/portaltela.pt\/noticias\/2026\/03\/24\/milhares-de-estudantes-antecipam-manifestacao-nacional-em-lisboa\/\",\"name\":\"Milhares de estudantes antecipam manifesta\u00e7\u00e3o nacional em Lisboa - Portal Tela Portugal\",\"isPartOf\":{\"@id\":\"https:\/\/portaltela.pt\/#website\"},\"primaryImageOfPage\":{\"@id\":\"https:\/\/portaltela.pt\/noticias\/2026\/03\/24\/milhares-de-estudantes-antecipam-manifestacao-nacional-em-lisboa\/#primaryimage\"},\"image\":{\"@id\":\"https:\/\/portaltela.pt\/noticias\/2026\/03\/24\/milhares-de-estudantes-antecipam-manifestacao-nacional-em-lisboa\/#primaryimage\"},\"thumbnailUrl\":\"https:\/\/portaltela.pt\/s.01k8rhncp4jt1\/2026\/03\/img_1500x1000uu2023-05-10-00-26-59-1345076.jpg\",\"datePublished\":\"2026-03-24T07:24:00+00:00\",\"author\":{\"@id\":\"https:\/\/portaltela.pt\/#\/schema\/person\/c4278d4a6028830caff9ee44b42d32ed\"},\"breadcrumb\":{\"@id\":\"https:\/\/portaltela.pt\/noticias\/2026\/03\/24\/milhares-de-estudantes-antecipam-manifestacao-nacional-em-lisboa\/#breadcrumb\"},\"inLanguage\":\"pt-PT\",\"potentialAction\":[{\"@type\":\"ReadAction\",\"target\":[\"https:\/\/portaltela.pt\/noticias\/2026\/03\/24\/milhares-de-estudantes-antecipam-manifestacao-nacional-em-lisboa\/\"]}]},{\"@type\":\"ImageObject\",\"inLanguage\":\"pt-PT\",\"@id\":\"https:\/\/portaltela.pt\/noticias\/2026\/03\/24\/milhares-de-estudantes-antecipam-manifestacao-nacional-em-lisboa\/#primaryimage\",\"url\":\"https:\/\/portaltela.pt\/s.01k8rhncp4jt1\/2026\/03\/img_1500x1000uu2023-05-10-00-26-59-1345076.jpg\",\"contentUrl\":\"https:\/\/portaltela.pt\/s.01k8rhncp4jt1\/2026\/03\/img_1500x1000uu2023-05-10-00-26-59-1345076.jpg\",\"width\":1500,\"height\":1000,\"caption\":\"Milhares de estudantes s\u00e3o esperados hoje em Lisboa para manifesta\u00e7\u00e3o nacional\"},{\"@type\":\"BreadcrumbList\",\"@id\":\"https:\/\/portaltela.pt\/noticias\/2026\/03\/24\/milhares-de-estudantes-antecipam-manifestacao-nacional-em-lisboa\/#breadcrumb\",\"itemListElement\":[{\"@type\":\"ListItem\",\"position\":1,\"name\":\"In\u00edcio\",\"item\":\"https:\/\/portaltela.pt\/\"},{\"@type\":\"ListItem\",\"position\":2,\"name\":\"Milhares de estudantes antecipam manifesta\u00e7\u00e3o nacional em Lisboa\"}]},{\"@type\":\"WebSite\",\"@id\":\"https:\/\/portaltela.pt\/#website\",\"url\":\"https:\/\/portaltela.pt\/\",\"name\":\"Portal Tela Portugal\",\"description\":\"\",\"potentialAction\":[{\"@type\":\"SearchAction\",\"target\":{\"@type\":\"EntryPoint\",\"urlTemplate\":\"https:\/\/portaltela.pt\/?s={search_term_string}\"},\"query-input\":{\"@type\":\"PropertyValueSpecification\",\"valueRequired\":true,\"valueName\":\"search_term_string\"}}],\"inLanguage\":\"pt-PT\"},{\"@type\":\"Person\",\"@id\":\"https:\/\/portaltela.pt\/#\/schema\/person\/c4278d4a6028830caff9ee44b42d32ed\",\"name\":\"Telinha\",\"image\":{\"@type\":\"ImageObject\",\"inLanguage\":\"pt-PT\",\"@id\":\"https:\/\/portaltela.pt\/s.01k8rhncp4jt1\/2025\/11\/talking-bot-125x125.png\",\"url\":\"https:\/\/portaltela.pt\/s.01k8rhncp4jt1\/2025\/11\/talking-bot-125x125.png\",\"contentUrl\":\"https:\/\/portaltela.pt\/s.01k8rhncp4jt1\/2025\/11\/talking-bot-125x125.png\",\"caption\":\"Telinha\"},\"sameAs\":[\"https:\/\/portaltela.pt\/\"],\"url\":\"https:\/\/portaltela.pt\/por\/367410592786\/\"}]}<\/script>\n<!-- \/ Yoast SEO plugin. -->","yoast_head_json":{"title":"Milhares de estudantes antecipam manifesta\u00e7\u00e3o nacional em Lisboa - Portal Tela Portugal","robots":{"index":"index","follow":"follow","max-snippet":"max-snippet:-1","max-image-preview":"max-image-preview:large","max-video-preview":"max-video-preview:-1"},"og_locale":"pt_PT","og_type":"article","og_title":"Milhares de estudantes antecipam manifesta\u00e7\u00e3o nacional em Lisboa - Portal Tela Portugal","og_description":"Milhares de estudantes do ensino superior de todo o pa\u00eds estar\u00e3o hoje em Lisboa para uma Manifesta\u00e7\u00e3o Nacional do Estudante, Dia Nacional do Estudante, com in\u00edcio \u00e0s 14h30 no Rossio e regresso \u00e0 Assembleia da Rep\u00fablica. Reivindicam a gratuitidade do ensino superior, mais alojamento e melhores condi\u00e7\u00f5es de estudo, incluindo o cumprimento do Plano Nacional para o Alojamento no Ensino Superior (PNAES). O protesto envolve mais de quarenta estruturas do Movimento Associativo Estudantil, com a participa\u00e7\u00e3o de associa\u00e7\u00f5es, n\u00facleos e outras entidades, \u00e0 exce\u00e7\u00e3o da Federa\u00e7\u00e3o Acad\u00e9mica do Porto. O movimento tamb\u00e9m contestar\u00e1 o novo modelo de atribui\u00e7\u00e3o de bolsas, defendendo que as bolsas sejam mais acess\u00edveis e cubram efetivamente os custos de estudar. Estudantes da Cidade Universit\u00e1ria de Lisboa v\u00e3o sair \u00e0s 14h00 para se juntarem \u00e0 marcha no Rossio.","og_url":"https:\/\/portaltela.pt\/noticias\/2026\/03\/24\/milhares-de-estudantes-antecipam-manifestacao-nacional-em-lisboa\/","og_site_name":"Portal Tela Portugal","article_published_time":"2026-03-24T07:24:00+00:00","author":"Telinha","twitter_card":"summary_large_image","twitter_misc":{"Escrito por":"Telinha","Tempo estimado de leitura":"2 minutos"},"schema":{"@context":"https:\/\/schema.org","@graph":[{"@type":"Article","@id":"https:\/\/portaltela.pt\/noticias\/2026\/03\/24\/milhares-de-estudantes-antecipam-manifestacao-nacional-em-lisboa\/#article","isPartOf":{"@id":"https:\/\/portaltela.pt\/noticias\/2026\/03\/24\/milhares-de-estudantes-antecipam-manifestacao-nacional-em-lisboa\/"},"author":{"name":"Telinha","@id":"https:\/\/portaltela.pt\/#\/schema\/person\/c4278d4a6028830caff9ee44b42d32ed"},"headline":"Milhares de estudantes antecipam manifesta\u00e7\u00e3o nacional em Lisboa","datePublished":"2026-03-24T07:24:00+00:00","mainEntityOfPage":{"@id":"https:\/\/portaltela.pt\/noticias\/2026\/03\/24\/milhares-de-estudantes-antecipam-manifestacao-nacional-em-lisboa\/"},"wordCount":311,"image":{"@id":"https:\/\/portaltela.pt\/noticias\/2026\/03\/24\/milhares-de-estudantes-antecipam-manifestacao-nacional-em-lisboa\/#primaryimage"},"thumbnailUrl":"https:\/\/portaltela.pt\/s.01k8rhncp4jt1\/2026\/03\/img_1500x1000uu2023-05-10-00-26-59-1345076.jpg","keywords":["Assembleia Nacional","educa\u00e7\u00e3o","ensino","estudantes","Lisboa","movimento associativo"],"articleSection":["Not\u00edcias","Sociedade"],"inLanguage":"pt-PT"},{"@type":"WebPage","@id":"https:\/\/portaltela.pt\/noticias\/2026\/03\/24\/milhares-de-estudantes-antecipam-manifestacao-nacional-em-lisboa\/","url":"https:\/\/portaltela.pt\/noticias\/2026\/03\/24\/milhares-de-estudantes-antecipam-manifestacao-nacional-em-lisboa\/","name":"Milhares de estudantes antecipam manifesta\u00e7\u00e3o nacional em Lisboa - Portal Tela Portugal","isPartOf":{"@id":"https:\/\/portaltela.pt\/#website"},"primaryImageOfPage":{"@id":"https:\/\/portaltela.pt\/noticias\/2026\/03\/24\/milhares-de-estudantes-antecipam-manifestacao-nacional-em-lisboa\/#primaryimage"},"image":{"@id":"https:\/\/portaltela.pt\/noticias\/2026\/03\/24\/milhares-de-estudantes-antecipam-manifestacao-nacional-em-lisboa\/#primaryimage"},"thumbnailUrl":"https:\/\/portaltela.pt\/s.01k8rhncp4jt1\/2026\/03\/img_1500x1000uu2023-05-10-00-26-59-1345076.jpg","datePublished":"2026-03-24T07:24:00+00:00","author":{"@id":"https:\/\/portaltela.pt\/#\/schema\/person\/c4278d4a6028830caff9ee44b42d32ed"},"breadcrumb":{"@id":"https:\/\/portaltela.pt\/noticias\/2026\/03\/24\/milhares-de-estudantes-antecipam-manifestacao-nacional-em-lisboa\/#breadcrumb"},"inLanguage":"pt-PT","potentialAction":[{"@type":"ReadAction","target":["https:\/\/portaltela.pt\/noticias\/2026\/03\/24\/milhares-de-estudantes-antecipam-manifestacao-nacional-em-lisboa\/"]}]},{"@type":"ImageObject","inLanguage":"pt-PT","@id":"https:\/\/portaltela.pt\/noticias\/2026\/03\/24\/milhares-de-estudantes-antecipam-manifestacao-nacional-em-lisboa\/#primaryimage","url":"https:\/\/portaltela.pt\/s.01k8rhncp4jt1\/2026\/03\/img_1500x1000uu2023-05-10-00-26-59-1345076.jpg","contentUrl":"https:\/\/portaltela.pt\/s.01k8rhncp4jt1\/2026\/03\/img_1500x1000uu2023-05-10-00-26-59-1345076.jpg","width":1500,"height":1000,"caption":"Milhares de estudantes s\u00e3o esperados hoje em Lisboa para manifesta\u00e7\u00e3o nacional"},{"@type":"BreadcrumbList","@id":"https:\/\/portaltela.pt\/noticias\/2026\/03\/24\/milhares-de-estudantes-antecipam-manifestacao-nacional-em-lisboa\/#breadcrumb","itemListElement":[{"@type":"ListItem","position":1,"name":"In\u00edcio","item":"https:\/\/portaltela.pt\/"},{"@type":"ListItem","position":2,"name":"Milhares de estudantes antecipam manifesta\u00e7\u00e3o nacional em Lisboa"}]},{"@type":"WebSite","@id":"https:\/\/portaltela.pt\/#website","url":"https:\/\/portaltela.pt\/","name":"Portal Tela Portugal","description":"","potentialAction":[{"@type":"SearchAction","target":{"@type":"EntryPoint","urlTemplate":"https:\/\/portaltela.pt\/?s={search_term_string}"},"query-input":{"@type":"PropertyValueSpecification","valueRequired":true,"valueName":"search_term_string"}}],"inLanguage":"pt-PT"},{"@type":"Person","@id":"https:\/\/portaltela.pt\/#\/schema\/person\/c4278d4a6028830caff9ee44b42d32ed","name":"Telinha","image":{"@type":"ImageObject","inLanguage":"pt-PT","@id":"https:\/\/portaltela.pt\/s.01k8rhncp4jt1\/2025\/11\/talking-bot-125x125.png","url":"https:\/\/portaltela.pt\/s.01k8rhncp4jt1\/2025\/11\/talking-bot-125x125.png","contentUrl":"https:\/\/portaltela.pt\/s.01k8rhncp4jt1\/2025\/11\/talking-bot-125x125.png","caption":"Telinha"},"sameAs":["https:\/\/portaltela.pt\/"],"url":"https:\/\/portaltela.pt\/por\/367410592786\/"}]}},"_links":{"self":[{"href":"https:\/\/portaltela.pt\/api\/wp\/v2\/posts\/419163","targetHints":{"allow":["GET"]}}],"collection":[{"href":"https:\/\/portaltela.pt\/api\/wp\/v2\/posts"}],"about":[{"href":"https:\/\/portaltela.pt\/api\/wp\/v2\/types\/post"}],"author":[{"embeddable":true,"href":"https:\/\/portaltela.pt\/api\/wp\/v2\/users\/2"}],"replies":[{"embeddable":true,"href":"https:\/\/portaltela.pt\/api\/wp\/v2\/comments?post=419163"}],"version-history":[{"count":0,"href":"https:\/\/portaltela.pt\/api\/wp\/v2\/posts\/419163\/revisions"}],"wp:featuredmedia":[{"embeddable":true,"href":"https:\/\/portaltela.pt\/api\/wp\/v2\/media\/419165"}],"wp:attachment":[{"href":"https:\/\/portaltela.pt\/api\/wp\/v2\/media?parent=419163"}],"wp:term":[{"taxonomy":"category","embeddable":true,"href":"https:\/\/portaltela.pt\/api\/wp\/v2\/categories?post=419163"},{"taxonomy":"post_tag","embeddable":true,"href":"https:\/\/portaltela.pt\/api\/wp\/v2\/tags?post=419163"}],"curies":[{"name":"wp","href":"https:\/\/api.w.org\/{rel}","templated":true}]}}