{"id":419144,"date":"2026-03-24T04:02:00","date_gmt":"2026-03-24T07:02:00","guid":{"rendered":"https:\/\/portaltela.pt\/noticias\/2026\/03\/24\/daniel-banjaqui-atinge-maioridade-e-pode-assinar-renovacao-com-o-benfica\/"},"modified":"2026-03-24T04:02:00","modified_gmt":"2026-03-24T07:02:00","slug":"daniel-banjaqui-atinge-maioridade-e-pode-assinar-renovacao-com-o-benfica","status":"publish","type":"post","link":"https:\/\/portaltela.pt\/desporto\/futebol\/2026\/03\/24\/daniel-banjaqui-atinge-maioridade-e-pode-assinar-renovacao-com-o-benfica\/","title":{"rendered":"Daniel Banjaqui atinge maioridade e pode assinar renova\u00e7\u00e3o com o Benfica"},"content":{"rendered":"<p>Daniel Banjaqui completa 18 anos nesta ter\u00e7a-feira, abrindo portas para uma renova\u00e7\u00e3o com o Benfica. O acordo est\u00e1 alcan\u00e7ado para cinco temporadas, com cl\u00e1usula de rescis\u00e3o elevada. O jogador \u00e9 lateral-direito da equipa de sub-21.<\/p>\n<p>O defesa-direito integra a sele\u00e7\u00e3o sub-21, que defronta o Azerbaij\u00e3o e a Esc\u00f3cia em dois jogos programados. \u00c0 devolu\u00e7\u00e3o aos treinos do clube, deve formalizar o novo v\u00ednculo.<\/p>\n<p>A renova\u00e7\u00e3o segue o modelo utilizado com An\u00edsio Cabral, procurado para manter o atleta em posi\u00e7\u00e3o de longu\u00edssimo prazo. N\u00e3o h\u00e1 data definida para a assinatura, apenas a expectativa de conclus\u00e3o em breve.<\/p>\n","protected":false},"excerpt":{"rendered":"<ul>\n<li>Daniel Banjaqui completa 18 anos nesta ter\u00e7a-feira, abrindo caminho para assinar novo contrato com o Benfica.<\/li>\n<li>O defesa-direito j\u00e1 integra a sele\u00e7\u00e3o de sub-21, que se prepara para defrontar Azerbaij\u00e3o e Esc\u00f3cia.<\/li>\n<li>A renova\u00e7\u00e3o com o Benfica j\u00e1 est\u00e1 acordada, seguindo o exemplo do avan\u00e7ado An\u00edsio Cabral, que renovou no m\u00eas anterior.<\/li>\n<li>O acordo dever\u00e1 ter dura\u00e7\u00e3o de cinco temporadas, com uma cl\u00e1usula de rescis\u00e3o elevada para orientar o mercado.<\/li>\n<\/ul>\n","protected":false},"author":2,"featured_media":419146,"comment_status":"closed","ping_status":"closed","sticky":false,"template":"","format":"standard","meta":{"footnotes":""},"categories":[21,24],"tags":[1946,3972,32,184,242,1253],"class_list":["post-419144","post","type-post","status-publish","format-standard","has-post-thumbnail","hentry","category-desporto","category-futebol","tag-benfica","tag-benfica-sad","tag-futebol","tag-futebolista","tag-jogadores","tag-selecao"],"yoast_head":"<!-- This site is optimized with the Yoast SEO plugin v27.2 - https:\/\/yoast.com\/product\/yoast-seo-wordpress\/ -->\n<title>Daniel Banjaqui atinge maioridade e pode assinar renova\u00e7\u00e3o com o Benfica - Portal Tela Portugal<\/title>\n<meta name=\"robots\" content=\"index, follow, max-snippet:-1, max-image-preview:large, max-video-preview:-1\" \/>\n<meta property=\"og:locale\" content=\"pt_PT\" \/>\n<meta property=\"og:type\" content=\"article\" \/>\n<meta property=\"og:title\" content=\"Daniel Banjaqui atinge maioridade e pode assinar renova\u00e7\u00e3o com o Benfica - Portal Tela Portugal\" \/>\n<meta property=\"og:description\" content=\"Daniel Banjaqui completa 18 anos nesta ter\u00e7a-feira, abrindo caminho para assinar novo contrato com o Benfica. O defesa-direito j\u00e1 integra a sele\u00e7\u00e3o de sub-21, que se prepara para defrontar Azerbaij\u00e3o e Esc\u00f3cia. A renova\u00e7\u00e3o com o Benfica j\u00e1 est\u00e1 acordada, seguindo o exemplo do avan\u00e7ado An\u00edsio Cabral, que renovou no m\u00eas anterior. O acordo dever\u00e1 ter dura\u00e7\u00e3o de cinco temporadas, com uma cl\u00e1usula de rescis\u00e3o elevada para orientar o mercado.\" \/>\n<meta property=\"og:url\" content=\"https:\/\/portaltela.pt\/noticias\/2026\/03\/24\/daniel-banjaqui-atinge-maioridade-e-pode-assinar-renovacao-com-o-benfica\/\" \/>\n<meta property=\"og:site_name\" content=\"Portal Tela Portugal\" \/>\n<meta property=\"article:published_time\" content=\"2026-03-24T07:02:00+00:00\" \/>\n<meta name=\"author\" content=\"Telinha\" \/>\n<meta name=\"twitter:card\" content=\"summary_large_image\" \/>\n<meta name=\"twitter:label1\" content=\"Escrito por\" \/>\n\t<meta name=\"twitter:data1\" content=\"Telinha\" \/>\n\t<meta name=\"twitter:label2\" content=\"Tempo estimado de leitura\" \/>\n\t<meta name=\"twitter:data2\" content=\"1 minuto\" \/>\n<script type=\"application\/ld+json\" class=\"yoast-schema-graph\">{\"@context\":\"https:\/\/schema.org\",\"@graph\":[{\"@type\":\"Article\",\"@id\":\"https:\/\/portaltela.pt\/noticias\/2026\/03\/24\/daniel-banjaqui-atinge-maioridade-e-pode-assinar-renovacao-com-o-benfica\/#article\",\"isPartOf\":{\"@id\":\"https:\/\/portaltela.pt\/noticias\/2026\/03\/24\/daniel-banjaqui-atinge-maioridade-e-pode-assinar-renovacao-com-o-benfica\/\"},\"author\":{\"name\":\"Telinha\",\"@id\":\"https:\/\/portaltela.pt\/#\/schema\/person\/c4278d4a6028830caff9ee44b42d32ed\"},\"headline\":\"Daniel Banjaqui atinge maioridade e pode assinar renova\u00e7\u00e3o com o Benfica\",\"datePublished\":\"2026-03-24T07:02:00+00:00\",\"mainEntityOfPage\":{\"@id\":\"https:\/\/portaltela.pt\/noticias\/2026\/03\/24\/daniel-banjaqui-atinge-maioridade-e-pode-assinar-renovacao-com-o-benfica\/\"},\"wordCount\":121,\"image\":{\"@id\":\"https:\/\/portaltela.pt\/noticias\/2026\/03\/24\/daniel-banjaqui-atinge-maioridade-e-pode-assinar-renovacao-com-o-benfica\/#primaryimage\"},\"thumbnailUrl\":\"https:\/\/portaltela.pt\/s.01k8rhncp4jt1\/2026\/03\/img_920x518uu2026-02-25-14-13-51-2423599-1.jpg\",\"keywords\":[\"Benfica\",\"Benfica SAD\",\"futebol\",\"futebolista\",\"jogadores\",\"Sele\u00e7\u00e3o\"],\"articleSection\":[\"Desporto\",\"Futebol\"],\"inLanguage\":\"pt-PT\"},{\"@type\":\"WebPage\",\"@id\":\"https:\/\/portaltela.pt\/noticias\/2026\/03\/24\/daniel-banjaqui-atinge-maioridade-e-pode-assinar-renovacao-com-o-benfica\/\",\"url\":\"https:\/\/portaltela.pt\/noticias\/2026\/03\/24\/daniel-banjaqui-atinge-maioridade-e-pode-assinar-renovacao-com-o-benfica\/\",\"name\":\"Daniel Banjaqui atinge maioridade e pode assinar renova\u00e7\u00e3o com o Benfica - Portal Tela Portugal\",\"isPartOf\":{\"@id\":\"https:\/\/portaltela.pt\/#website\"},\"primaryImageOfPage\":{\"@id\":\"https:\/\/portaltela.pt\/noticias\/2026\/03\/24\/daniel-banjaqui-atinge-maioridade-e-pode-assinar-renovacao-com-o-benfica\/#primaryimage\"},\"image\":{\"@id\":\"https:\/\/portaltela.pt\/noticias\/2026\/03\/24\/daniel-banjaqui-atinge-maioridade-e-pode-assinar-renovacao-com-o-benfica\/#primaryimage\"},\"thumbnailUrl\":\"https:\/\/portaltela.pt\/s.01k8rhncp4jt1\/2026\/03\/img_920x518uu2026-02-25-14-13-51-2423599-1.jpg\",\"datePublished\":\"2026-03-24T07:02:00+00:00\",\"author\":{\"@id\":\"https:\/\/portaltela.pt\/#\/schema\/person\/c4278d4a6028830caff9ee44b42d32ed\"},\"breadcrumb\":{\"@id\":\"https:\/\/portaltela.pt\/noticias\/2026\/03\/24\/daniel-banjaqui-atinge-maioridade-e-pode-assinar-renovacao-com-o-benfica\/#breadcrumb\"},\"inLanguage\":\"pt-PT\",\"potentialAction\":[{\"@type\":\"ReadAction\",\"target\":[\"https:\/\/portaltela.pt\/noticias\/2026\/03\/24\/daniel-banjaqui-atinge-maioridade-e-pode-assinar-renovacao-com-o-benfica\/\"]}]},{\"@type\":\"ImageObject\",\"inLanguage\":\"pt-PT\",\"@id\":\"https:\/\/portaltela.pt\/noticias\/2026\/03\/24\/daniel-banjaqui-atinge-maioridade-e-pode-assinar-renovacao-com-o-benfica\/#primaryimage\",\"url\":\"https:\/\/portaltela.pt\/s.01k8rhncp4jt1\/2026\/03\/img_920x518uu2026-02-25-14-13-51-2423599-1.jpg\",\"contentUrl\":\"https:\/\/portaltela.pt\/s.01k8rhncp4jt1\/2026\/03\/img_920x518uu2026-02-25-14-13-51-2423599-1.jpg\",\"width\":796,\"height\":448,\"caption\":\"Daniel Banjaqui, jogador do Benfica\"},{\"@type\":\"BreadcrumbList\",\"@id\":\"https:\/\/portaltela.pt\/noticias\/2026\/03\/24\/daniel-banjaqui-atinge-maioridade-e-pode-assinar-renovacao-com-o-benfica\/#breadcrumb\",\"itemListElement\":[{\"@type\":\"ListItem\",\"position\":1,\"name\":\"In\u00edcio\",\"item\":\"https:\/\/portaltela.pt\/\"},{\"@type\":\"ListItem\",\"position\":2,\"name\":\"Daniel Banjaqui atinge maioridade e pode assinar renova\u00e7\u00e3o com o Benfica\"}]},{\"@type\":\"WebSite\",\"@id\":\"https:\/\/portaltela.pt\/#website\",\"url\":\"https:\/\/portaltela.pt\/\",\"name\":\"Portal Tela Portugal\",\"description\":\"\",\"potentialAction\":[{\"@type\":\"SearchAction\",\"target\":{\"@type\":\"EntryPoint\",\"urlTemplate\":\"https:\/\/portaltela.pt\/?s={search_term_string}\"},\"query-input\":{\"@type\":\"PropertyValueSpecification\",\"valueRequired\":true,\"valueName\":\"search_term_string\"}}],\"inLanguage\":\"pt-PT\"},{\"@type\":\"Person\",\"@id\":\"https:\/\/portaltela.pt\/#\/schema\/person\/c4278d4a6028830caff9ee44b42d32ed\",\"name\":\"Telinha\",\"image\":{\"@type\":\"ImageObject\",\"inLanguage\":\"pt-PT\",\"@id\":\"https:\/\/portaltela.pt\/s.01k8rhncp4jt1\/2025\/11\/talking-bot-125x125.png\",\"url\":\"https:\/\/portaltela.pt\/s.01k8rhncp4jt1\/2025\/11\/talking-bot-125x125.png\",\"contentUrl\":\"https:\/\/portaltela.pt\/s.01k8rhncp4jt1\/2025\/11\/talking-bot-125x125.png\",\"caption\":\"Telinha\"},\"sameAs\":[\"https:\/\/portaltela.pt\/\"],\"url\":\"https:\/\/portaltela.pt\/por\/367410592786\/\"}]}<\/script>\n<!-- \/ Yoast SEO plugin. -->","yoast_head_json":{"title":"Daniel Banjaqui atinge maioridade e pode assinar renova\u00e7\u00e3o com o Benfica - Portal Tela Portugal","robots":{"index":"index","follow":"follow","max-snippet":"max-snippet:-1","max-image-preview":"max-image-preview:large","max-video-preview":"max-video-preview:-1"},"og_locale":"pt_PT","og_type":"article","og_title":"Daniel Banjaqui atinge maioridade e pode assinar renova\u00e7\u00e3o com o Benfica - Portal Tela Portugal","og_description":"Daniel Banjaqui completa 18 anos nesta ter\u00e7a-feira, abrindo caminho para assinar novo contrato com o Benfica. O defesa-direito j\u00e1 integra a sele\u00e7\u00e3o de sub-21, que se prepara para defrontar Azerbaij\u00e3o e Esc\u00f3cia. A renova\u00e7\u00e3o com o Benfica j\u00e1 est\u00e1 acordada, seguindo o exemplo do avan\u00e7ado An\u00edsio Cabral, que renovou no m\u00eas anterior. O acordo dever\u00e1 ter dura\u00e7\u00e3o de cinco temporadas, com uma cl\u00e1usula de rescis\u00e3o elevada para orientar o mercado.","og_url":"https:\/\/portaltela.pt\/noticias\/2026\/03\/24\/daniel-banjaqui-atinge-maioridade-e-pode-assinar-renovacao-com-o-benfica\/","og_site_name":"Portal Tela Portugal","article_published_time":"2026-03-24T07:02:00+00:00","author":"Telinha","twitter_card":"summary_large_image","twitter_misc":{"Escrito por":"Telinha","Tempo estimado de leitura":"1 minuto"},"schema":{"@context":"https:\/\/schema.org","@graph":[{"@type":"Article","@id":"https:\/\/portaltela.pt\/noticias\/2026\/03\/24\/daniel-banjaqui-atinge-maioridade-e-pode-assinar-renovacao-com-o-benfica\/#article","isPartOf":{"@id":"https:\/\/portaltela.pt\/noticias\/2026\/03\/24\/daniel-banjaqui-atinge-maioridade-e-pode-assinar-renovacao-com-o-benfica\/"},"author":{"name":"Telinha","@id":"https:\/\/portaltela.pt\/#\/schema\/person\/c4278d4a6028830caff9ee44b42d32ed"},"headline":"Daniel Banjaqui atinge maioridade e pode assinar renova\u00e7\u00e3o com o Benfica","datePublished":"2026-03-24T07:02:00+00:00","mainEntityOfPage":{"@id":"https:\/\/portaltela.pt\/noticias\/2026\/03\/24\/daniel-banjaqui-atinge-maioridade-e-pode-assinar-renovacao-com-o-benfica\/"},"wordCount":121,"image":{"@id":"https:\/\/portaltela.pt\/noticias\/2026\/03\/24\/daniel-banjaqui-atinge-maioridade-e-pode-assinar-renovacao-com-o-benfica\/#primaryimage"},"thumbnailUrl":"https:\/\/portaltela.pt\/s.01k8rhncp4jt1\/2026\/03\/img_920x518uu2026-02-25-14-13-51-2423599-1.jpg","keywords":["Benfica","Benfica SAD","futebol","futebolista","jogadores","Sele\u00e7\u00e3o"],"articleSection":["Desporto","Futebol"],"inLanguage":"pt-PT"},{"@type":"WebPage","@id":"https:\/\/portaltela.pt\/noticias\/2026\/03\/24\/daniel-banjaqui-atinge-maioridade-e-pode-assinar-renovacao-com-o-benfica\/","url":"https:\/\/portaltela.pt\/noticias\/2026\/03\/24\/daniel-banjaqui-atinge-maioridade-e-pode-assinar-renovacao-com-o-benfica\/","name":"Daniel Banjaqui atinge maioridade e pode assinar renova\u00e7\u00e3o com o Benfica - Portal Tela Portugal","isPartOf":{"@id":"https:\/\/portaltela.pt\/#website"},"primaryImageOfPage":{"@id":"https:\/\/portaltela.pt\/noticias\/2026\/03\/24\/daniel-banjaqui-atinge-maioridade-e-pode-assinar-renovacao-com-o-benfica\/#primaryimage"},"image":{"@id":"https:\/\/portaltela.pt\/noticias\/2026\/03\/24\/daniel-banjaqui-atinge-maioridade-e-pode-assinar-renovacao-com-o-benfica\/#primaryimage"},"thumbnailUrl":"https:\/\/portaltela.pt\/s.01k8rhncp4jt1\/2026\/03\/img_920x518uu2026-02-25-14-13-51-2423599-1.jpg","datePublished":"2026-03-24T07:02:00+00:00","author":{"@id":"https:\/\/portaltela.pt\/#\/schema\/person\/c4278d4a6028830caff9ee44b42d32ed"},"breadcrumb":{"@id":"https:\/\/portaltela.pt\/noticias\/2026\/03\/24\/daniel-banjaqui-atinge-maioridade-e-pode-assinar-renovacao-com-o-benfica\/#breadcrumb"},"inLanguage":"pt-PT","potentialAction":[{"@type":"ReadAction","target":["https:\/\/portaltela.pt\/noticias\/2026\/03\/24\/daniel-banjaqui-atinge-maioridade-e-pode-assinar-renovacao-com-o-benfica\/"]}]},{"@type":"ImageObject","inLanguage":"pt-PT","@id":"https:\/\/portaltela.pt\/noticias\/2026\/03\/24\/daniel-banjaqui-atinge-maioridade-e-pode-assinar-renovacao-com-o-benfica\/#primaryimage","url":"https:\/\/portaltela.pt\/s.01k8rhncp4jt1\/2026\/03\/img_920x518uu2026-02-25-14-13-51-2423599-1.jpg","contentUrl":"https:\/\/portaltela.pt\/s.01k8rhncp4jt1\/2026\/03\/img_920x518uu2026-02-25-14-13-51-2423599-1.jpg","width":796,"height":448,"caption":"Daniel Banjaqui, jogador do Benfica"},{"@type":"BreadcrumbList","@id":"https:\/\/portaltela.pt\/noticias\/2026\/03\/24\/daniel-banjaqui-atinge-maioridade-e-pode-assinar-renovacao-com-o-benfica\/#breadcrumb","itemListElement":[{"@type":"ListItem","position":1,"name":"In\u00edcio","item":"https:\/\/portaltela.pt\/"},{"@type":"ListItem","position":2,"name":"Daniel Banjaqui atinge maioridade e pode assinar renova\u00e7\u00e3o com o Benfica"}]},{"@type":"WebSite","@id":"https:\/\/portaltela.pt\/#website","url":"https:\/\/portaltela.pt\/","name":"Portal Tela Portugal","description":"","potentialAction":[{"@type":"SearchAction","target":{"@type":"EntryPoint","urlTemplate":"https:\/\/portaltela.pt\/?s={search_term_string}"},"query-input":{"@type":"PropertyValueSpecification","valueRequired":true,"valueName":"search_term_string"}}],"inLanguage":"pt-PT"},{"@type":"Person","@id":"https:\/\/portaltela.pt\/#\/schema\/person\/c4278d4a6028830caff9ee44b42d32ed","name":"Telinha","image":{"@type":"ImageObject","inLanguage":"pt-PT","@id":"https:\/\/portaltela.pt\/s.01k8rhncp4jt1\/2025\/11\/talking-bot-125x125.png","url":"https:\/\/portaltela.pt\/s.01k8rhncp4jt1\/2025\/11\/talking-bot-125x125.png","contentUrl":"https:\/\/portaltela.pt\/s.01k8rhncp4jt1\/2025\/11\/talking-bot-125x125.png","caption":"Telinha"},"sameAs":["https:\/\/portaltela.pt\/"],"url":"https:\/\/portaltela.pt\/por\/367410592786\/"}]}},"_links":{"self":[{"href":"https:\/\/portaltela.pt\/api\/wp\/v2\/posts\/419144","targetHints":{"allow":["GET"]}}],"collection":[{"href":"https:\/\/portaltela.pt\/api\/wp\/v2\/posts"}],"about":[{"href":"https:\/\/portaltela.pt\/api\/wp\/v2\/types\/post"}],"author":[{"embeddable":true,"href":"https:\/\/portaltela.pt\/api\/wp\/v2\/users\/2"}],"replies":[{"embeddable":true,"href":"https:\/\/portaltela.pt\/api\/wp\/v2\/comments?post=419144"}],"version-history":[{"count":0,"href":"https:\/\/portaltela.pt\/api\/wp\/v2\/posts\/419144\/revisions"}],"wp:featuredmedia":[{"embeddable":true,"href":"https:\/\/portaltela.pt\/api\/wp\/v2\/media\/419146"}],"wp:attachment":[{"href":"https:\/\/portaltela.pt\/api\/wp\/v2\/media?parent=419144"}],"wp:term":[{"taxonomy":"category","embeddable":true,"href":"https:\/\/portaltela.pt\/api\/wp\/v2\/categories?post=419144"},{"taxonomy":"post_tag","embeddable":true,"href":"https:\/\/portaltela.pt\/api\/wp\/v2\/tags?post=419144"}],"curies":[{"name":"wp","href":"https:\/\/api.w.org\/{rel}","templated":true}]}}