{"id":419130,"date":"2026-03-24T03:46:57","date_gmt":"2026-03-24T06:46:57","guid":{"rendered":"https:\/\/portaltela.pt\/noticias\/2026\/03\/24\/europa-falha-diagnostico-em-1-em-5-casos-de-tuberculose-autoridades-de-saude-alertam\/"},"modified":"2026-03-24T03:46:57","modified_gmt":"2026-03-24T06:46:57","slug":"europa-falha-diagnostico-em-1-em-5-casos-de-tuberculose-autoridades-de-saude-alertam","status":"publish","type":"post","link":"https:\/\/portaltela.pt\/saude\/2026\/03\/24\/europa-falha-diagnostico-em-1-em-5-casos-de-tuberculose-autoridades-de-saude-alertam\/","title":{"rendered":"Europa falha diagn\u00f3stico em 1 em 5 casos de tuberculose, autoridades de sa\u00fade alertam"},"content":{"rendered":"<p>Na Europa, a tuberculose (TB) continua a ser um problema de sa\u00fade p\u00fablica, com a regi\u00e3o a ficar aqu\u00e9m das metas de elimina\u00e7\u00e3o. Um em cada cinco casos n\u00e3o \u00e9 diagnosticado, de acordo com um relat\u00f3rio conjunto da OMS e do ECDC.<\/p>\n<p>O levantamento mostra que, apesar da redu\u00e7\u00e3o dos casos, a TB permanece relevante na UE e as metas para 2025 ainda n\u00e3o foram atingidas. A TB \u00e9 a principal causa de morte por um \u00fanico agente infeccioso a n\u00edvel global.<\/p>\n<p>Na Regi\u00e3o Europeia da OMS, que inclui 53 pa\u00edses, a incid\u00eancia caiu 39% desde 2015 e as mortes recuaram 49%. Contudo, os valores n\u00e3o satisfazem as metas para 2025. Na UE, casos ca\u00edram 33% e mortes 17%.<\/p>\n<p>Ainda segundo o relat\u00f3rio, em 2024 foram notificados mais de 160 mil casos na regi\u00e3o. O n\u00famero estimado de casos reais foi de 204 mil, o que implica uma notifica\u00e7\u00e3o de 79% dos casos e reca\u00eddas estimados.<\/p>\n<p>Hans Kluge, diretor regional da OMS para a Europa, sublinha que muitos casos n\u00e3o diagnosticados representam falha de dete\u00e7\u00e3o e oportunidade perdida para tratamento atempado. O diagn\u00f3stico r\u00e1pido pode melhorar resultados e reduzir transmiss\u00e3o.<\/p>\n<p>Os autores destacam que o atraso no diagn\u00f3stico dificulta o tratamento e aumenta o risco de transmiss\u00e3o. Investir em diagn\u00f3stico r\u00e1pido, esquemas de tratamento curtos e acompanhamento s\u00f3lido \u00e9 considerado essencial para retornar aos objectivos.<\/p>\n<p>A resist\u00eancia aos antibi\u00f3ticos continua um desafio. A TB multirresistente afetou 23% dos novos casos e 51% dos previamente tratados, valores muito acima da m\u00e9dia global de 3,2% e 16%.<\/p>\n<p>Tratamentos para TB n\u00e3o resistente duram cerca de seis meses com quatro f\u00e1rmacos de primeira linha, com taxas de sucesso acima de 85%. Estirpes resistentes requerem terapias mais longas e menos eficazes.<\/p>\n<p>A maioria dos pa\u00edses europeus apresenta baixa incid\u00eancia, com menos de 10 casos por 100 mil habitantes, atingindo sobretudo popula\u00e7\u00f5es vulner\u00e1veis como migrantes, reclusos e pessoas comCoinfe\u00e7\u00e3o VIH.<\/p>\n<p>Ralf Otto-Knapp, do Comit\u00e9 Central Alem\u00e3o contra a Tuberculose, N\u00e3o participou no relat\u00f3rio, afirma que a diminui\u00e7\u00e3o na Europa Ocidental pode desviarse\u00e7\u00f5es da doen\u00e7a, dificultando o combate a casos multirresistentes. Apela a refor\u00e7o de servi\u00e7os de tratamento e preven\u00e7\u00e3o e coopera\u00e7\u00e3o transfronteiri\u00e7a.<\/p>\n","protected":false},"excerpt":{"rendered":"<ul>\n<li>Na regi\u00e3o europeia, um em cada cinco casos de tuberculose n\u00e3o \u00e9 diagnosticado, alertam a Organiza\u00e7\u00e3o Mundial da Sa\u00fade e o Centro Europeu de Preven\u00e7\u00e3o e Controlo das Doen\u00e7as.<\/li>\n<li>Em 2024, registaram-se mais de 160 mil casos diagnosticados, com estimativa de 204 mil casos reais, o que significa que apenas 79 por cento foram comunicados.<\/li>\n<li>A incid\u00eancia e as mortes diminu\u00edram, mas continuam acima das metas da Estrat\u00e9gia Fim da TB da OMS para 2025 e 2030.<\/li>\n<li>A tuberculose resistente a antibi\u00f3ticos permanece um grande desafio, com 23 por cento dos novos casos e 51 por cento dos previamente tratados a apresentarem resist\u00eancia (multirresistente).<\/li>\n<li>A disease afeta sobretudo popula\u00e7\u00f5es vulner\u00e1veis, como migrantes e pessoas com coinfe\u00e7\u00e3o por VIH; especialistas defendem diagn\u00f3stico r\u00e1pido e tratamento mais eficaz para inverter a tend\u00eancia.<\/li>\n<\/ul>\n","protected":false},"author":2,"featured_media":419132,"comment_status":"closed","ping_status":"closed","sticky":false,"template":"","format":"standard","meta":{"footnotes":""},"categories":[6745],"tags":[4808,2805,6483,2487,2833,271],"class_list":["post-419130","post","type-post","status-publish","format-standard","has-post-thumbnail","hentry","category-saude","tag-antimicrobianos","tag-diagnostico","tag-doencas-infecciosas-e-parasitarias","tag-europa","tag-infeccoes","tag-saude-publica"],"yoast_head":"<!-- This site is optimized with the Yoast SEO plugin v27.2 - https:\/\/yoast.com\/product\/yoast-seo-wordpress\/ -->\n<title>Europa falha diagn\u00f3stico em 1 em 5 casos de tuberculose, autoridades de sa\u00fade alertam - Portal Tela Portugal<\/title>\n<meta name=\"robots\" content=\"index, follow, max-snippet:-1, max-image-preview:large, max-video-preview:-1\" \/>\n<meta property=\"og:locale\" content=\"pt_PT\" \/>\n<meta property=\"og:type\" content=\"article\" \/>\n<meta property=\"og:title\" content=\"Europa falha diagn\u00f3stico em 1 em 5 casos de tuberculose, autoridades de sa\u00fade alertam - Portal Tela Portugal\" \/>\n<meta property=\"og:description\" content=\"Na regi\u00e3o europeia, um em cada cinco casos de tuberculose n\u00e3o \u00e9 diagnosticado, alertam a Organiza\u00e7\u00e3o Mundial da Sa\u00fade e o Centro Europeu de Preven\u00e7\u00e3o e Controlo das Doen\u00e7as. Em 2024, registaram-se mais de 160 mil casos diagnosticados, com estimativa de 204 mil casos reais, o que significa que apenas 79 por cento foram comunicados. A incid\u00eancia e as mortes diminu\u00edram, mas continuam acima das metas da Estrat\u00e9gia Fim da TB da OMS para 2025 e 2030. A tuberculose resistente a antibi\u00f3ticos permanece um grande desafio, com 23 por cento dos novos casos e 51 por cento dos previamente tratados a apresentarem resist\u00eancia (multirresistente). A disease afeta sobretudo popula\u00e7\u00f5es vulner\u00e1veis, como migrantes e pessoas com coinfe\u00e7\u00e3o por VIH; especialistas defendem diagn\u00f3stico r\u00e1pido e tratamento mais eficaz para inverter a tend\u00eancia.\" \/>\n<meta property=\"og:url\" content=\"https:\/\/portaltela.pt\/noticias\/2026\/03\/24\/europa-falha-diagnostico-em-1-em-5-casos-de-tuberculose-autoridades-de-saude-alertam\/\" \/>\n<meta property=\"og:site_name\" content=\"Portal Tela Portugal\" \/>\n<meta property=\"article:published_time\" content=\"2026-03-24T06:46:57+00:00\" \/>\n<meta name=\"author\" content=\"Telinha\" \/>\n<meta name=\"twitter:card\" content=\"summary_large_image\" \/>\n<meta name=\"twitter:label1\" content=\"Escrito por\" \/>\n\t<meta name=\"twitter:data1\" content=\"Telinha\" \/>\n\t<meta name=\"twitter:label2\" content=\"Tempo estimado de leitura\" \/>\n\t<meta name=\"twitter:data2\" content=\"2 minutos\" \/>\n<script type=\"application\/ld+json\" class=\"yoast-schema-graph\">{\"@context\":\"https:\/\/schema.org\",\"@graph\":[{\"@type\":\"Article\",\"@id\":\"https:\/\/portaltela.pt\/noticias\/2026\/03\/24\/europa-falha-diagnostico-em-1-em-5-casos-de-tuberculose-autoridades-de-saude-alertam\/#article\",\"isPartOf\":{\"@id\":\"https:\/\/portaltela.pt\/noticias\/2026\/03\/24\/europa-falha-diagnostico-em-1-em-5-casos-de-tuberculose-autoridades-de-saude-alertam\/\"},\"author\":{\"name\":\"Telinha\",\"@id\":\"https:\/\/portaltela.pt\/#\/schema\/person\/c4278d4a6028830caff9ee44b42d32ed\"},\"headline\":\"Europa falha diagn\u00f3stico em 1 em 5 casos de tuberculose, autoridades de sa\u00fade alertam\",\"datePublished\":\"2026-03-24T06:46:57+00:00\",\"mainEntityOfPage\":{\"@id\":\"https:\/\/portaltela.pt\/noticias\/2026\/03\/24\/europa-falha-diagnostico-em-1-em-5-casos-de-tuberculose-autoridades-de-saude-alertam\/\"},\"wordCount\":400,\"image\":{\"@id\":\"https:\/\/portaltela.pt\/noticias\/2026\/03\/24\/europa-falha-diagnostico-em-1-em-5-casos-de-tuberculose-autoridades-de-saude-alertam\/#primaryimage\"},\"thumbnailUrl\":\"https:\/\/portaltela.pt\/s.01k8rhncp4jt1\/2026\/03\/1536x864_cmsv2_84d25142-787b-50c9-97dc-e9a8dd4b6963-9695418.jpg\",\"keywords\":[\"antimicrobianos\",\"diagn\u00f3stico\",\"Doen\u00e7as infecciosas e parasit\u00e1rias\",\"Europa\",\"infec\u00e7\u00f5es\",\"sa\u00fade p\u00fablica\"],\"articleSection\":[\"Sa\u00fade\"],\"inLanguage\":\"pt-PT\"},{\"@type\":\"WebPage\",\"@id\":\"https:\/\/portaltela.pt\/noticias\/2026\/03\/24\/europa-falha-diagnostico-em-1-em-5-casos-de-tuberculose-autoridades-de-saude-alertam\/\",\"url\":\"https:\/\/portaltela.pt\/noticias\/2026\/03\/24\/europa-falha-diagnostico-em-1-em-5-casos-de-tuberculose-autoridades-de-saude-alertam\/\",\"name\":\"Europa falha diagn\u00f3stico em 1 em 5 casos de tuberculose, autoridades de sa\u00fade alertam - Portal Tela Portugal\",\"isPartOf\":{\"@id\":\"https:\/\/portaltela.pt\/#website\"},\"primaryImageOfPage\":{\"@id\":\"https:\/\/portaltela.pt\/noticias\/2026\/03\/24\/europa-falha-diagnostico-em-1-em-5-casos-de-tuberculose-autoridades-de-saude-alertam\/#primaryimage\"},\"image\":{\"@id\":\"https:\/\/portaltela.pt\/noticias\/2026\/03\/24\/europa-falha-diagnostico-em-1-em-5-casos-de-tuberculose-autoridades-de-saude-alertam\/#primaryimage\"},\"thumbnailUrl\":\"https:\/\/portaltela.pt\/s.01k8rhncp4jt1\/2026\/03\/1536x864_cmsv2_84d25142-787b-50c9-97dc-e9a8dd4b6963-9695418.jpg\",\"datePublished\":\"2026-03-24T06:46:57+00:00\",\"author\":{\"@id\":\"https:\/\/portaltela.pt\/#\/schema\/person\/c4278d4a6028830caff9ee44b42d32ed\"},\"breadcrumb\":{\"@id\":\"https:\/\/portaltela.pt\/noticias\/2026\/03\/24\/europa-falha-diagnostico-em-1-em-5-casos-de-tuberculose-autoridades-de-saude-alertam\/#breadcrumb\"},\"inLanguage\":\"pt-PT\",\"potentialAction\":[{\"@type\":\"ReadAction\",\"target\":[\"https:\/\/portaltela.pt\/noticias\/2026\/03\/24\/europa-falha-diagnostico-em-1-em-5-casos-de-tuberculose-autoridades-de-saude-alertam\/\"]}]},{\"@type\":\"ImageObject\",\"inLanguage\":\"pt-PT\",\"@id\":\"https:\/\/portaltela.pt\/noticias\/2026\/03\/24\/europa-falha-diagnostico-em-1-em-5-casos-de-tuberculose-autoridades-de-saude-alertam\/#primaryimage\",\"url\":\"https:\/\/portaltela.pt\/s.01k8rhncp4jt1\/2026\/03\/1536x864_cmsv2_84d25142-787b-50c9-97dc-e9a8dd4b6963-9695418.jpg\",\"contentUrl\":\"https:\/\/portaltela.pt\/s.01k8rhncp4jt1\/2026\/03\/1536x864_cmsv2_84d25142-787b-50c9-97dc-e9a8dd4b6963-9695418.jpg\",\"width\":796,\"height\":448,\"caption\":\"FOTO DE ARQUIVO - Numa foto de sexta-feira, 9 de julho de 2021, uma profissional de sa\u00fade observa uma radiografia no Hospital del Mar, em Barcelona, Espanha.\"},{\"@type\":\"BreadcrumbList\",\"@id\":\"https:\/\/portaltela.pt\/noticias\/2026\/03\/24\/europa-falha-diagnostico-em-1-em-5-casos-de-tuberculose-autoridades-de-saude-alertam\/#breadcrumb\",\"itemListElement\":[{\"@type\":\"ListItem\",\"position\":1,\"name\":\"In\u00edcio\",\"item\":\"https:\/\/portaltela.pt\/\"},{\"@type\":\"ListItem\",\"position\":2,\"name\":\"Europa falha diagn\u00f3stico em 1 em 5 casos de tuberculose, autoridades de sa\u00fade alertam\"}]},{\"@type\":\"WebSite\",\"@id\":\"https:\/\/portaltela.pt\/#website\",\"url\":\"https:\/\/portaltela.pt\/\",\"name\":\"Portal Tela Portugal\",\"description\":\"\",\"potentialAction\":[{\"@type\":\"SearchAction\",\"target\":{\"@type\":\"EntryPoint\",\"urlTemplate\":\"https:\/\/portaltela.pt\/?s={search_term_string}\"},\"query-input\":{\"@type\":\"PropertyValueSpecification\",\"valueRequired\":true,\"valueName\":\"search_term_string\"}}],\"inLanguage\":\"pt-PT\"},{\"@type\":\"Person\",\"@id\":\"https:\/\/portaltela.pt\/#\/schema\/person\/c4278d4a6028830caff9ee44b42d32ed\",\"name\":\"Telinha\",\"image\":{\"@type\":\"ImageObject\",\"inLanguage\":\"pt-PT\",\"@id\":\"https:\/\/portaltela.pt\/s.01k8rhncp4jt1\/2025\/11\/talking-bot-125x125.png\",\"url\":\"https:\/\/portaltela.pt\/s.01k8rhncp4jt1\/2025\/11\/talking-bot-125x125.png\",\"contentUrl\":\"https:\/\/portaltela.pt\/s.01k8rhncp4jt1\/2025\/11\/talking-bot-125x125.png\",\"caption\":\"Telinha\"},\"sameAs\":[\"https:\/\/portaltela.pt\/\"],\"url\":\"https:\/\/portaltela.pt\/por\/367410592786\/\"}]}<\/script>\n<!-- \/ Yoast SEO plugin. -->","yoast_head_json":{"title":"Europa falha diagn\u00f3stico em 1 em 5 casos de tuberculose, autoridades de sa\u00fade alertam - Portal Tela Portugal","robots":{"index":"index","follow":"follow","max-snippet":"max-snippet:-1","max-image-preview":"max-image-preview:large","max-video-preview":"max-video-preview:-1"},"og_locale":"pt_PT","og_type":"article","og_title":"Europa falha diagn\u00f3stico em 1 em 5 casos de tuberculose, autoridades de sa\u00fade alertam - Portal Tela Portugal","og_description":"Na regi\u00e3o europeia, um em cada cinco casos de tuberculose n\u00e3o \u00e9 diagnosticado, alertam a Organiza\u00e7\u00e3o Mundial da Sa\u00fade e o Centro Europeu de Preven\u00e7\u00e3o e Controlo das Doen\u00e7as. Em 2024, registaram-se mais de 160 mil casos diagnosticados, com estimativa de 204 mil casos reais, o que significa que apenas 79 por cento foram comunicados. A incid\u00eancia e as mortes diminu\u00edram, mas continuam acima das metas da Estrat\u00e9gia Fim da TB da OMS para 2025 e 2030. A tuberculose resistente a antibi\u00f3ticos permanece um grande desafio, com 23 por cento dos novos casos e 51 por cento dos previamente tratados a apresentarem resist\u00eancia (multirresistente). A disease afeta sobretudo popula\u00e7\u00f5es vulner\u00e1veis, como migrantes e pessoas com coinfe\u00e7\u00e3o por VIH; especialistas defendem diagn\u00f3stico r\u00e1pido e tratamento mais eficaz para inverter a tend\u00eancia.","og_url":"https:\/\/portaltela.pt\/noticias\/2026\/03\/24\/europa-falha-diagnostico-em-1-em-5-casos-de-tuberculose-autoridades-de-saude-alertam\/","og_site_name":"Portal Tela Portugal","article_published_time":"2026-03-24T06:46:57+00:00","author":"Telinha","twitter_card":"summary_large_image","twitter_misc":{"Escrito por":"Telinha","Tempo estimado de leitura":"2 minutos"},"schema":{"@context":"https:\/\/schema.org","@graph":[{"@type":"Article","@id":"https:\/\/portaltela.pt\/noticias\/2026\/03\/24\/europa-falha-diagnostico-em-1-em-5-casos-de-tuberculose-autoridades-de-saude-alertam\/#article","isPartOf":{"@id":"https:\/\/portaltela.pt\/noticias\/2026\/03\/24\/europa-falha-diagnostico-em-1-em-5-casos-de-tuberculose-autoridades-de-saude-alertam\/"},"author":{"name":"Telinha","@id":"https:\/\/portaltela.pt\/#\/schema\/person\/c4278d4a6028830caff9ee44b42d32ed"},"headline":"Europa falha diagn\u00f3stico em 1 em 5 casos de tuberculose, autoridades de sa\u00fade alertam","datePublished":"2026-03-24T06:46:57+00:00","mainEntityOfPage":{"@id":"https:\/\/portaltela.pt\/noticias\/2026\/03\/24\/europa-falha-diagnostico-em-1-em-5-casos-de-tuberculose-autoridades-de-saude-alertam\/"},"wordCount":400,"image":{"@id":"https:\/\/portaltela.pt\/noticias\/2026\/03\/24\/europa-falha-diagnostico-em-1-em-5-casos-de-tuberculose-autoridades-de-saude-alertam\/#primaryimage"},"thumbnailUrl":"https:\/\/portaltela.pt\/s.01k8rhncp4jt1\/2026\/03\/1536x864_cmsv2_84d25142-787b-50c9-97dc-e9a8dd4b6963-9695418.jpg","keywords":["antimicrobianos","diagn\u00f3stico","Doen\u00e7as infecciosas e parasit\u00e1rias","Europa","infec\u00e7\u00f5es","sa\u00fade p\u00fablica"],"articleSection":["Sa\u00fade"],"inLanguage":"pt-PT"},{"@type":"WebPage","@id":"https:\/\/portaltela.pt\/noticias\/2026\/03\/24\/europa-falha-diagnostico-em-1-em-5-casos-de-tuberculose-autoridades-de-saude-alertam\/","url":"https:\/\/portaltela.pt\/noticias\/2026\/03\/24\/europa-falha-diagnostico-em-1-em-5-casos-de-tuberculose-autoridades-de-saude-alertam\/","name":"Europa falha diagn\u00f3stico em 1 em 5 casos de tuberculose, autoridades de sa\u00fade alertam - Portal Tela Portugal","isPartOf":{"@id":"https:\/\/portaltela.pt\/#website"},"primaryImageOfPage":{"@id":"https:\/\/portaltela.pt\/noticias\/2026\/03\/24\/europa-falha-diagnostico-em-1-em-5-casos-de-tuberculose-autoridades-de-saude-alertam\/#primaryimage"},"image":{"@id":"https:\/\/portaltela.pt\/noticias\/2026\/03\/24\/europa-falha-diagnostico-em-1-em-5-casos-de-tuberculose-autoridades-de-saude-alertam\/#primaryimage"},"thumbnailUrl":"https:\/\/portaltela.pt\/s.01k8rhncp4jt1\/2026\/03\/1536x864_cmsv2_84d25142-787b-50c9-97dc-e9a8dd4b6963-9695418.jpg","datePublished":"2026-03-24T06:46:57+00:00","author":{"@id":"https:\/\/portaltela.pt\/#\/schema\/person\/c4278d4a6028830caff9ee44b42d32ed"},"breadcrumb":{"@id":"https:\/\/portaltela.pt\/noticias\/2026\/03\/24\/europa-falha-diagnostico-em-1-em-5-casos-de-tuberculose-autoridades-de-saude-alertam\/#breadcrumb"},"inLanguage":"pt-PT","potentialAction":[{"@type":"ReadAction","target":["https:\/\/portaltela.pt\/noticias\/2026\/03\/24\/europa-falha-diagnostico-em-1-em-5-casos-de-tuberculose-autoridades-de-saude-alertam\/"]}]},{"@type":"ImageObject","inLanguage":"pt-PT","@id":"https:\/\/portaltela.pt\/noticias\/2026\/03\/24\/europa-falha-diagnostico-em-1-em-5-casos-de-tuberculose-autoridades-de-saude-alertam\/#primaryimage","url":"https:\/\/portaltela.pt\/s.01k8rhncp4jt1\/2026\/03\/1536x864_cmsv2_84d25142-787b-50c9-97dc-e9a8dd4b6963-9695418.jpg","contentUrl":"https:\/\/portaltela.pt\/s.01k8rhncp4jt1\/2026\/03\/1536x864_cmsv2_84d25142-787b-50c9-97dc-e9a8dd4b6963-9695418.jpg","width":796,"height":448,"caption":"FOTO DE ARQUIVO - Numa foto de sexta-feira, 9 de julho de 2021, uma profissional de sa\u00fade observa uma radiografia no Hospital del Mar, em Barcelona, Espanha."},{"@type":"BreadcrumbList","@id":"https:\/\/portaltela.pt\/noticias\/2026\/03\/24\/europa-falha-diagnostico-em-1-em-5-casos-de-tuberculose-autoridades-de-saude-alertam\/#breadcrumb","itemListElement":[{"@type":"ListItem","position":1,"name":"In\u00edcio","item":"https:\/\/portaltela.pt\/"},{"@type":"ListItem","position":2,"name":"Europa falha diagn\u00f3stico em 1 em 5 casos de tuberculose, autoridades de sa\u00fade alertam"}]},{"@type":"WebSite","@id":"https:\/\/portaltela.pt\/#website","url":"https:\/\/portaltela.pt\/","name":"Portal Tela Portugal","description":"","potentialAction":[{"@type":"SearchAction","target":{"@type":"EntryPoint","urlTemplate":"https:\/\/portaltela.pt\/?s={search_term_string}"},"query-input":{"@type":"PropertyValueSpecification","valueRequired":true,"valueName":"search_term_string"}}],"inLanguage":"pt-PT"},{"@type":"Person","@id":"https:\/\/portaltela.pt\/#\/schema\/person\/c4278d4a6028830caff9ee44b42d32ed","name":"Telinha","image":{"@type":"ImageObject","inLanguage":"pt-PT","@id":"https:\/\/portaltela.pt\/s.01k8rhncp4jt1\/2025\/11\/talking-bot-125x125.png","url":"https:\/\/portaltela.pt\/s.01k8rhncp4jt1\/2025\/11\/talking-bot-125x125.png","contentUrl":"https:\/\/portaltela.pt\/s.01k8rhncp4jt1\/2025\/11\/talking-bot-125x125.png","caption":"Telinha"},"sameAs":["https:\/\/portaltela.pt\/"],"url":"https:\/\/portaltela.pt\/por\/367410592786\/"}]}},"_links":{"self":[{"href":"https:\/\/portaltela.pt\/api\/wp\/v2\/posts\/419130","targetHints":{"allow":["GET"]}}],"collection":[{"href":"https:\/\/portaltela.pt\/api\/wp\/v2\/posts"}],"about":[{"href":"https:\/\/portaltela.pt\/api\/wp\/v2\/types\/post"}],"author":[{"embeddable":true,"href":"https:\/\/portaltela.pt\/api\/wp\/v2\/users\/2"}],"replies":[{"embeddable":true,"href":"https:\/\/portaltela.pt\/api\/wp\/v2\/comments?post=419130"}],"version-history":[{"count":0,"href":"https:\/\/portaltela.pt\/api\/wp\/v2\/posts\/419130\/revisions"}],"wp:featuredmedia":[{"embeddable":true,"href":"https:\/\/portaltela.pt\/api\/wp\/v2\/media\/419132"}],"wp:attachment":[{"href":"https:\/\/portaltela.pt\/api\/wp\/v2\/media?parent=419130"}],"wp:term":[{"taxonomy":"category","embeddable":true,"href":"https:\/\/portaltela.pt\/api\/wp\/v2\/categories?post=419130"},{"taxonomy":"post_tag","embeddable":true,"href":"https:\/\/portaltela.pt\/api\/wp\/v2\/tags?post=419130"}],"curies":[{"name":"wp","href":"https:\/\/api.w.org\/{rel}","templated":true}]}}