{"id":419122,"date":"2026-03-24T02:00:12","date_gmt":"2026-03-24T05:00:12","guid":{"rendered":"https:\/\/portaltela.pt\/noticias\/2026\/03\/24\/apenas-13-paises-respiram-ar-seguro-no-mundo-tres-na-europa\/"},"modified":"2026-03-24T02:00:12","modified_gmt":"2026-03-24T05:00:12","slug":"apenas-13-paises-respiram-ar-seguro-no-mundo-tres-na-europa","status":"publish","type":"post","link":"https:\/\/portaltela.pt\/noticias\/2026\/03\/24\/apenas-13-paises-respiram-ar-seguro-no-mundo-tres-na-europa\/","title":{"rendered":"Apenas 13 pa\u00edses respiram ar seguro no mundo, tr\u00eas na Europa"},"content":{"rendered":"<p>A qualidade do ar global continua a degradar-se, segundo o Relat\u00f3rio Mundial da Qualidade do Ar 2025. A IQAir analisou 9 446 cidades em 143 pa\u00edses, regi\u00f5es e territ\u00f3rios, concluindo que apenas 14 por cento respiram ar dentro dos limites seguros da OMS. O n\u00famero \u00e9 inferior aos 17 por cento de 2024.<\/p>\n<p>O estudo associa a deteriora\u00e7\u00e3o a altera\u00e7\u00f5es clim\u00e1ticas provocadas pela atividade humana. Entre os principais respons\u00e1veis est\u00e3o inc\u00eandios florestais, tempestades de poeira e a queima de combust\u00edveis f\u00f3sseis. Em 2025, esses fatores contribu\u00edram para n\u00edveis recordes de polui\u00e7\u00e3o em v\u00e1rias regi\u00f5es.<\/p>\n<p>O pior ano de inc\u00eandios na Uni\u00e3o Europeia, com impactos econ\u00f3micos significativos, acompanhou um padr\u00e3o de tempo extremo. V\u00e1rios pa\u00edses registaram preju\u00edzos agravados por calor extremo, cheias e secas, embora haja zonas com melhorias pontuais em medidas de pol\u00edticas p\u00fablicas.<\/p>\n<h3>Onde est\u00e1 a melhor qualidade do ar na Europa<\/h3>\n<p>Na Europa, apenas Andorra, Est\u00f3nia e Isl\u00e2ndia cumpriram, em 2025, a orienta\u00e7\u00e3o da OMS para PM2,5, que \u00e9 de 5 \u00b5g\/m\u00b3. Estas tr\u00eas na\u00e7\u00f5es integram um grupo de 13 pa\u00edses e territ\u00f3rios com ar considerado seguro globalmente.<\/p>\n<p>Entre os pa\u00edses com ar dentro dos limites seguros, encontram-se ainda Austr\u00e1lia, Barbados, Bermuda, Polin\u00e9sia Francesa, Granada, Nova Caled\u00f3nia, Panam\u00e1, Porto Rico, Reuni\u00e3o e Ilhas Virgens Americanas. Em 2025, 130 de 143 ficaram acima do n\u00edvel recomendado.<\/p>\n<p>Os cinco pa\u00edses com maiores concentra\u00e7\u00f5es m\u00e9dias de PM2,5 foram Paquist\u00e3o, Bangladesh, Tajiquist\u00e3o, Chade e RD Congo. A \u00cdndia concentrou tr\u00eas das quatro cidades mais polu\u00eddas do mundo.<\/p>\n<h3>A polui\u00e7\u00e3o por regi\u00e3o e cidades<\/h3>\n<p>Entre as 25 cidades mais polu\u00eddas, todas ficam na \u00cdndia, Paquist\u00e3o ou China. Loni, no estado de Uttar Pradesh, registou 112,5 \u00b5g\/m\u00b3 de PM2,5 \u2014 mais de 22 vezes o limite OMS. Fontes citadas incluem tr\u00e1fego, ind\u00fastria, poeira rodovi\u00e1ria e gest\u00e3o de res\u00edduos.<\/p>\n<p>Nieuwoudtville, \u00c1frica do Sul, destacou-se como a \u00e1rea menos polu\u00edda, com 1,0 \u00b5g\/m\u00b3 de PM2,5. Localizada no Karoo, a cidade \u00e9 famosa pela flora\u00e7\u00e3o anual e revela o contraste regional na qualidade do ar.<\/p>\n<h3>Situa\u00e7\u00e3o na Europa e alertas recentes<\/h3>\n<p>Em 2025, a polui\u00e7\u00e3o por PM2,5 aumentou em 23 pa\u00edses europeus, com 18 a registar redu\u00e7\u00f5es. A Su\u00ed\u00e7a e a Gr\u00e9cia sofreram aumentos acima de 30 por cento, influenciados por inc\u00eandios e poeira sazonal. Malta destacou-se pela maior redu\u00e7\u00e3o, quase 24 por cento.<\/p>\n<p>O Copernicus, servi\u00e7o de monitoriza\u00e7\u00e3o da UE, alertou para n\u00edveis elevados de PM2,5 na Europa, impulsionados por am\u00f3nia agr\u00edcola e p\u00f3len. A queima de combust\u00edveis f\u00f3sseis continua a contribuir para a polui\u00e7\u00e3o de fundo na regi\u00e3o.<\/p>\n<h3>Dados e lacunas de monitoriza\u00e7\u00e3o<\/h3>\n<p>Apesar de 54 pa\u00edses terem registado aumentos de PM2,5, 75 apresentaram redu\u00e7\u00f5es, e dois n\u00e3o tiveram altera\u00e7\u00f5es. O relat\u00f3rio ganhou 12 pa\u00edses adicionais, mas mant\u00eam lacunas significativas nos dados. Apenas uma fra\u00e7\u00e3o da popula\u00e7\u00e3o tem acesso a dados locais em tempo real.<\/p>\n<p>A IQAir alerta que sem monitoriza\u00e7\u00e3o \u00e9 dif\u00edcil entender o que se respira. O organismo defende ampliar o acesso a dados em tempo real e reduzirem-se emiss\u00f5es para melhorar a qualidade do ar a n\u00edvel mundial.<\/p>\n","protected":false},"excerpt":{"rendered":"<ul>\n<li>Apenas 14 por cento das cidades em todo o mundo respiram ar considerado seguro, abaixo dos 17 por cento do ano anterior, segundo a IQAir.<\/li>\n<li>O Relat\u00f3rio Mundial da Qualidade do Ar 2025 analisou 9.446 cidades em 143 pa\u00edses, regi\u00f5es e territ\u00f3rios, sugerindo deteriora\u00e7\u00e3o global da qualidade do ar devido a altera\u00e7\u00f5es clim\u00e1ticas.<\/li>\n<li>Na Europe, apenas tr\u00eas pa\u00edses cumprem as orienta\u00e7\u00f5es da OMS para PM2,5: Andorra, Est\u00f3nia e Isl\u00e2ndia; somam-se a um grupo de 13 pa\u00edses e territ\u00f3rios globalmente dentro dos limites seguros.<\/li>\n<li>Os cinco pa\u00edses mais polu\u00eddos por PM2,5 s\u00e3o Paquist\u00e3o, Bangladesh, Tajiquist\u00e3o, Chade e Rep\u00fablica Democr\u00e1tica do Congo; as 25 cidades mais polu\u00eddas estavam todas na \u00cdndia, Paquist\u00e3o ou China.<\/li>\n<li>Persistem lacunas nos dados: 54 pa\u00edses registaram aumentos na m\u00e9dia anual de PM2,5, 75 reduziram e h\u00e1 locais sem monitoriza\u00e7\u00e3o, agravadas pela retirada de programas de monitoriza\u00e7\u00e3o em algumas regi\u00f5es.<\/li>\n<\/ul>\n","protected":false},"author":2,"featured_media":419124,"comment_status":"closed","ping_status":"closed","sticky":false,"template":"","format":"standard","meta":{"footnotes":""},"categories":[6725,1],"tags":[5179,2487,45,3750,7167,271],"class_list":["post-419122","post","type-post","status-publish","format-standard","has-post-thumbnail","hentry","category-meio-ambiente","category-noticias","tag-copernicus","tag-europa","tag-meio-ambiente","tag-poluicao-ambiental","tag-qualidade-ambiental","tag-saude-publica"],"yoast_head":"<!-- This site is optimized with the Yoast SEO plugin v27.2 - https:\/\/yoast.com\/product\/yoast-seo-wordpress\/ -->\n<title>Apenas 13 pa\u00edses respiram ar seguro no mundo, tr\u00eas na Europa - Portal Tela Portugal<\/title>\n<meta name=\"robots\" content=\"index, follow, max-snippet:-1, max-image-preview:large, max-video-preview:-1\" \/>\n<meta property=\"og:locale\" content=\"pt_PT\" \/>\n<meta property=\"og:type\" content=\"article\" \/>\n<meta property=\"og:title\" content=\"Apenas 13 pa\u00edses respiram ar seguro no mundo, tr\u00eas na Europa - Portal Tela Portugal\" \/>\n<meta property=\"og:description\" content=\"Apenas 14 por cento das cidades em todo o mundo respiram ar considerado seguro, abaixo dos 17 por cento do ano anterior, segundo a IQAir. O Relat\u00f3rio Mundial da Qualidade do Ar 2025 analisou 9.446 cidades em 143 pa\u00edses, regi\u00f5es e territ\u00f3rios, sugerindo deteriora\u00e7\u00e3o global da qualidade do ar devido a altera\u00e7\u00f5es clim\u00e1ticas. Na Europe, apenas tr\u00eas pa\u00edses cumprem as orienta\u00e7\u00f5es da OMS para PM2,5: Andorra, Est\u00f3nia e Isl\u00e2ndia; somam-se a um grupo de 13 pa\u00edses e territ\u00f3rios globalmente dentro dos limites seguros. Os cinco pa\u00edses mais polu\u00eddos por PM2,5 s\u00e3o Paquist\u00e3o, Bangladesh, Tajiquist\u00e3o, Chade e Rep\u00fablica Democr\u00e1tica do Congo; as 25 cidades mais polu\u00eddas estavam todas na \u00cdndia, Paquist\u00e3o ou China. Persistem lacunas nos dados: 54 pa\u00edses registaram aumentos na m\u00e9dia anual de PM2,5, 75 reduziram e h\u00e1 locais sem monitoriza\u00e7\u00e3o, agravadas pela retirada de programas de monitoriza\u00e7\u00e3o em algumas regi\u00f5es.\" \/>\n<meta property=\"og:url\" content=\"https:\/\/portaltela.pt\/noticias\/2026\/03\/24\/apenas-13-paises-respiram-ar-seguro-no-mundo-tres-na-europa\/\" \/>\n<meta property=\"og:site_name\" content=\"Portal Tela Portugal\" \/>\n<meta property=\"article:published_time\" content=\"2026-03-24T05:00:12+00:00\" \/>\n<meta name=\"author\" content=\"Telinha\" \/>\n<meta name=\"twitter:card\" content=\"summary_large_image\" \/>\n<meta name=\"twitter:label1\" content=\"Escrito por\" \/>\n\t<meta name=\"twitter:data1\" content=\"Telinha\" \/>\n\t<meta name=\"twitter:label2\" content=\"Tempo estimado de leitura\" \/>\n\t<meta name=\"twitter:data2\" content=\"3 minutos\" \/>\n<script type=\"application\/ld+json\" class=\"yoast-schema-graph\">{\"@context\":\"https:\/\/schema.org\",\"@graph\":[{\"@type\":\"Article\",\"@id\":\"https:\/\/portaltela.pt\/noticias\/2026\/03\/24\/apenas-13-paises-respiram-ar-seguro-no-mundo-tres-na-europa\/#article\",\"isPartOf\":{\"@id\":\"https:\/\/portaltela.pt\/noticias\/2026\/03\/24\/apenas-13-paises-respiram-ar-seguro-no-mundo-tres-na-europa\/\"},\"author\":{\"name\":\"Telinha\",\"@id\":\"https:\/\/portaltela.pt\/#\/schema\/person\/c4278d4a6028830caff9ee44b42d32ed\"},\"headline\":\"Apenas 13 pa\u00edses respiram ar seguro no mundo, tr\u00eas na Europa\",\"datePublished\":\"2026-03-24T05:00:12+00:00\",\"mainEntityOfPage\":{\"@id\":\"https:\/\/portaltela.pt\/noticias\/2026\/03\/24\/apenas-13-paises-respiram-ar-seguro-no-mundo-tres-na-europa\/\"},\"wordCount\":570,\"image\":{\"@id\":\"https:\/\/portaltela.pt\/noticias\/2026\/03\/24\/apenas-13-paises-respiram-ar-seguro-no-mundo-tres-na-europa\/#primaryimage\"},\"thumbnailUrl\":\"https:\/\/portaltela.pt\/s.01k8rhncp4jt1\/2026\/03\/1536x864_cmsv2_1108fdc5-8c2a-50b9-aac6-2f8a54372522-9695263.jpg\",\"keywords\":[\"Copernicus\",\"Europa\",\"meio-ambiente\",\"polui\u00e7\u00e3o ambiental\",\"qualidade ambiental\",\"sa\u00fade p\u00fablica\"],\"articleSection\":[\"Meio Ambiente\",\"Not\u00edcias\"],\"inLanguage\":\"pt-PT\"},{\"@type\":\"WebPage\",\"@id\":\"https:\/\/portaltela.pt\/noticias\/2026\/03\/24\/apenas-13-paises-respiram-ar-seguro-no-mundo-tres-na-europa\/\",\"url\":\"https:\/\/portaltela.pt\/noticias\/2026\/03\/24\/apenas-13-paises-respiram-ar-seguro-no-mundo-tres-na-europa\/\",\"name\":\"Apenas 13 pa\u00edses respiram ar seguro no mundo, tr\u00eas na Europa - Portal Tela Portugal\",\"isPartOf\":{\"@id\":\"https:\/\/portaltela.pt\/#website\"},\"primaryImageOfPage\":{\"@id\":\"https:\/\/portaltela.pt\/noticias\/2026\/03\/24\/apenas-13-paises-respiram-ar-seguro-no-mundo-tres-na-europa\/#primaryimage\"},\"image\":{\"@id\":\"https:\/\/portaltela.pt\/noticias\/2026\/03\/24\/apenas-13-paises-respiram-ar-seguro-no-mundo-tres-na-europa\/#primaryimage\"},\"thumbnailUrl\":\"https:\/\/portaltela.pt\/s.01k8rhncp4jt1\/2026\/03\/1536x864_cmsv2_1108fdc5-8c2a-50b9-aac6-2f8a54372522-9695263.jpg\",\"datePublished\":\"2026-03-24T05:00:12+00:00\",\"author\":{\"@id\":\"https:\/\/portaltela.pt\/#\/schema\/person\/c4278d4a6028830caff9ee44b42d32ed\"},\"breadcrumb\":{\"@id\":\"https:\/\/portaltela.pt\/noticias\/2026\/03\/24\/apenas-13-paises-respiram-ar-seguro-no-mundo-tres-na-europa\/#breadcrumb\"},\"inLanguage\":\"pt-PT\",\"potentialAction\":[{\"@type\":\"ReadAction\",\"target\":[\"https:\/\/portaltela.pt\/noticias\/2026\/03\/24\/apenas-13-paises-respiram-ar-seguro-no-mundo-tres-na-europa\/\"]}]},{\"@type\":\"ImageObject\",\"inLanguage\":\"pt-PT\",\"@id\":\"https:\/\/portaltela.pt\/noticias\/2026\/03\/24\/apenas-13-paises-respiram-ar-seguro-no-mundo-tres-na-europa\/#primaryimage\",\"url\":\"https:\/\/portaltela.pt\/s.01k8rhncp4jt1\/2026\/03\/1536x864_cmsv2_1108fdc5-8c2a-50b9-aac6-2f8a54372522-9695263.jpg\",\"contentUrl\":\"https:\/\/portaltela.pt\/s.01k8rhncp4jt1\/2026\/03\/1536x864_cmsv2_1108fdc5-8c2a-50b9-aac6-2f8a54372522-9695263.jpg\",\"width\":796,\"height\":448,\"caption\":\"Homem com m\u00e1scara de prote\u00e7\u00e3o contra a polui\u00e7\u00e3o atravessa rua envolta em nevoeiro poluente, com o smog a cobrir Sarajevo, B\u00f3snia, quarta-feira, 22 jan. 2025.\"},{\"@type\":\"BreadcrumbList\",\"@id\":\"https:\/\/portaltela.pt\/noticias\/2026\/03\/24\/apenas-13-paises-respiram-ar-seguro-no-mundo-tres-na-europa\/#breadcrumb\",\"itemListElement\":[{\"@type\":\"ListItem\",\"position\":1,\"name\":\"In\u00edcio\",\"item\":\"https:\/\/portaltela.pt\/\"},{\"@type\":\"ListItem\",\"position\":2,\"name\":\"Apenas 13 pa\u00edses respiram ar seguro no mundo, tr\u00eas na Europa\"}]},{\"@type\":\"WebSite\",\"@id\":\"https:\/\/portaltela.pt\/#website\",\"url\":\"https:\/\/portaltela.pt\/\",\"name\":\"Portal Tela Portugal\",\"description\":\"\",\"potentialAction\":[{\"@type\":\"SearchAction\",\"target\":{\"@type\":\"EntryPoint\",\"urlTemplate\":\"https:\/\/portaltela.pt\/?s={search_term_string}\"},\"query-input\":{\"@type\":\"PropertyValueSpecification\",\"valueRequired\":true,\"valueName\":\"search_term_string\"}}],\"inLanguage\":\"pt-PT\"},{\"@type\":\"Person\",\"@id\":\"https:\/\/portaltela.pt\/#\/schema\/person\/c4278d4a6028830caff9ee44b42d32ed\",\"name\":\"Telinha\",\"image\":{\"@type\":\"ImageObject\",\"inLanguage\":\"pt-PT\",\"@id\":\"https:\/\/portaltela.pt\/s.01k8rhncp4jt1\/2025\/11\/talking-bot-125x125.png\",\"url\":\"https:\/\/portaltela.pt\/s.01k8rhncp4jt1\/2025\/11\/talking-bot-125x125.png\",\"contentUrl\":\"https:\/\/portaltela.pt\/s.01k8rhncp4jt1\/2025\/11\/talking-bot-125x125.png\",\"caption\":\"Telinha\"},\"sameAs\":[\"https:\/\/portaltela.pt\/\"],\"url\":\"https:\/\/portaltela.pt\/por\/367410592786\/\"}]}<\/script>\n<!-- \/ Yoast SEO plugin. -->","yoast_head_json":{"title":"Apenas 13 pa\u00edses respiram ar seguro no mundo, tr\u00eas na Europa - Portal Tela Portugal","robots":{"index":"index","follow":"follow","max-snippet":"max-snippet:-1","max-image-preview":"max-image-preview:large","max-video-preview":"max-video-preview:-1"},"og_locale":"pt_PT","og_type":"article","og_title":"Apenas 13 pa\u00edses respiram ar seguro no mundo, tr\u00eas na Europa - Portal Tela Portugal","og_description":"Apenas 14 por cento das cidades em todo o mundo respiram ar considerado seguro, abaixo dos 17 por cento do ano anterior, segundo a IQAir. O Relat\u00f3rio Mundial da Qualidade do Ar 2025 analisou 9.446 cidades em 143 pa\u00edses, regi\u00f5es e territ\u00f3rios, sugerindo deteriora\u00e7\u00e3o global da qualidade do ar devido a altera\u00e7\u00f5es clim\u00e1ticas. Na Europe, apenas tr\u00eas pa\u00edses cumprem as orienta\u00e7\u00f5es da OMS para PM2,5: Andorra, Est\u00f3nia e Isl\u00e2ndia; somam-se a um grupo de 13 pa\u00edses e territ\u00f3rios globalmente dentro dos limites seguros. Os cinco pa\u00edses mais polu\u00eddos por PM2,5 s\u00e3o Paquist\u00e3o, Bangladesh, Tajiquist\u00e3o, Chade e Rep\u00fablica Democr\u00e1tica do Congo; as 25 cidades mais polu\u00eddas estavam todas na \u00cdndia, Paquist\u00e3o ou China. Persistem lacunas nos dados: 54 pa\u00edses registaram aumentos na m\u00e9dia anual de PM2,5, 75 reduziram e h\u00e1 locais sem monitoriza\u00e7\u00e3o, agravadas pela retirada de programas de monitoriza\u00e7\u00e3o em algumas regi\u00f5es.","og_url":"https:\/\/portaltela.pt\/noticias\/2026\/03\/24\/apenas-13-paises-respiram-ar-seguro-no-mundo-tres-na-europa\/","og_site_name":"Portal Tela Portugal","article_published_time":"2026-03-24T05:00:12+00:00","author":"Telinha","twitter_card":"summary_large_image","twitter_misc":{"Escrito por":"Telinha","Tempo estimado de leitura":"3 minutos"},"schema":{"@context":"https:\/\/schema.org","@graph":[{"@type":"Article","@id":"https:\/\/portaltela.pt\/noticias\/2026\/03\/24\/apenas-13-paises-respiram-ar-seguro-no-mundo-tres-na-europa\/#article","isPartOf":{"@id":"https:\/\/portaltela.pt\/noticias\/2026\/03\/24\/apenas-13-paises-respiram-ar-seguro-no-mundo-tres-na-europa\/"},"author":{"name":"Telinha","@id":"https:\/\/portaltela.pt\/#\/schema\/person\/c4278d4a6028830caff9ee44b42d32ed"},"headline":"Apenas 13 pa\u00edses respiram ar seguro no mundo, tr\u00eas na Europa","datePublished":"2026-03-24T05:00:12+00:00","mainEntityOfPage":{"@id":"https:\/\/portaltela.pt\/noticias\/2026\/03\/24\/apenas-13-paises-respiram-ar-seguro-no-mundo-tres-na-europa\/"},"wordCount":570,"image":{"@id":"https:\/\/portaltela.pt\/noticias\/2026\/03\/24\/apenas-13-paises-respiram-ar-seguro-no-mundo-tres-na-europa\/#primaryimage"},"thumbnailUrl":"https:\/\/portaltela.pt\/s.01k8rhncp4jt1\/2026\/03\/1536x864_cmsv2_1108fdc5-8c2a-50b9-aac6-2f8a54372522-9695263.jpg","keywords":["Copernicus","Europa","meio-ambiente","polui\u00e7\u00e3o ambiental","qualidade ambiental","sa\u00fade p\u00fablica"],"articleSection":["Meio Ambiente","Not\u00edcias"],"inLanguage":"pt-PT"},{"@type":"WebPage","@id":"https:\/\/portaltela.pt\/noticias\/2026\/03\/24\/apenas-13-paises-respiram-ar-seguro-no-mundo-tres-na-europa\/","url":"https:\/\/portaltela.pt\/noticias\/2026\/03\/24\/apenas-13-paises-respiram-ar-seguro-no-mundo-tres-na-europa\/","name":"Apenas 13 pa\u00edses respiram ar seguro no mundo, tr\u00eas na Europa - Portal Tela Portugal","isPartOf":{"@id":"https:\/\/portaltela.pt\/#website"},"primaryImageOfPage":{"@id":"https:\/\/portaltela.pt\/noticias\/2026\/03\/24\/apenas-13-paises-respiram-ar-seguro-no-mundo-tres-na-europa\/#primaryimage"},"image":{"@id":"https:\/\/portaltela.pt\/noticias\/2026\/03\/24\/apenas-13-paises-respiram-ar-seguro-no-mundo-tres-na-europa\/#primaryimage"},"thumbnailUrl":"https:\/\/portaltela.pt\/s.01k8rhncp4jt1\/2026\/03\/1536x864_cmsv2_1108fdc5-8c2a-50b9-aac6-2f8a54372522-9695263.jpg","datePublished":"2026-03-24T05:00:12+00:00","author":{"@id":"https:\/\/portaltela.pt\/#\/schema\/person\/c4278d4a6028830caff9ee44b42d32ed"},"breadcrumb":{"@id":"https:\/\/portaltela.pt\/noticias\/2026\/03\/24\/apenas-13-paises-respiram-ar-seguro-no-mundo-tres-na-europa\/#breadcrumb"},"inLanguage":"pt-PT","potentialAction":[{"@type":"ReadAction","target":["https:\/\/portaltela.pt\/noticias\/2026\/03\/24\/apenas-13-paises-respiram-ar-seguro-no-mundo-tres-na-europa\/"]}]},{"@type":"ImageObject","inLanguage":"pt-PT","@id":"https:\/\/portaltela.pt\/noticias\/2026\/03\/24\/apenas-13-paises-respiram-ar-seguro-no-mundo-tres-na-europa\/#primaryimage","url":"https:\/\/portaltela.pt\/s.01k8rhncp4jt1\/2026\/03\/1536x864_cmsv2_1108fdc5-8c2a-50b9-aac6-2f8a54372522-9695263.jpg","contentUrl":"https:\/\/portaltela.pt\/s.01k8rhncp4jt1\/2026\/03\/1536x864_cmsv2_1108fdc5-8c2a-50b9-aac6-2f8a54372522-9695263.jpg","width":796,"height":448,"caption":"Homem com m\u00e1scara de prote\u00e7\u00e3o contra a polui\u00e7\u00e3o atravessa rua envolta em nevoeiro poluente, com o smog a cobrir Sarajevo, B\u00f3snia, quarta-feira, 22 jan. 2025."},{"@type":"BreadcrumbList","@id":"https:\/\/portaltela.pt\/noticias\/2026\/03\/24\/apenas-13-paises-respiram-ar-seguro-no-mundo-tres-na-europa\/#breadcrumb","itemListElement":[{"@type":"ListItem","position":1,"name":"In\u00edcio","item":"https:\/\/portaltela.pt\/"},{"@type":"ListItem","position":2,"name":"Apenas 13 pa\u00edses respiram ar seguro no mundo, tr\u00eas na Europa"}]},{"@type":"WebSite","@id":"https:\/\/portaltela.pt\/#website","url":"https:\/\/portaltela.pt\/","name":"Portal Tela Portugal","description":"","potentialAction":[{"@type":"SearchAction","target":{"@type":"EntryPoint","urlTemplate":"https:\/\/portaltela.pt\/?s={search_term_string}"},"query-input":{"@type":"PropertyValueSpecification","valueRequired":true,"valueName":"search_term_string"}}],"inLanguage":"pt-PT"},{"@type":"Person","@id":"https:\/\/portaltela.pt\/#\/schema\/person\/c4278d4a6028830caff9ee44b42d32ed","name":"Telinha","image":{"@type":"ImageObject","inLanguage":"pt-PT","@id":"https:\/\/portaltela.pt\/s.01k8rhncp4jt1\/2025\/11\/talking-bot-125x125.png","url":"https:\/\/portaltela.pt\/s.01k8rhncp4jt1\/2025\/11\/talking-bot-125x125.png","contentUrl":"https:\/\/portaltela.pt\/s.01k8rhncp4jt1\/2025\/11\/talking-bot-125x125.png","caption":"Telinha"},"sameAs":["https:\/\/portaltela.pt\/"],"url":"https:\/\/portaltela.pt\/por\/367410592786\/"}]}},"_links":{"self":[{"href":"https:\/\/portaltela.pt\/api\/wp\/v2\/posts\/419122","targetHints":{"allow":["GET"]}}],"collection":[{"href":"https:\/\/portaltela.pt\/api\/wp\/v2\/posts"}],"about":[{"href":"https:\/\/portaltela.pt\/api\/wp\/v2\/types\/post"}],"author":[{"embeddable":true,"href":"https:\/\/portaltela.pt\/api\/wp\/v2\/users\/2"}],"replies":[{"embeddable":true,"href":"https:\/\/portaltela.pt\/api\/wp\/v2\/comments?post=419122"}],"version-history":[{"count":0,"href":"https:\/\/portaltela.pt\/api\/wp\/v2\/posts\/419122\/revisions"}],"wp:featuredmedia":[{"embeddable":true,"href":"https:\/\/portaltela.pt\/api\/wp\/v2\/media\/419124"}],"wp:attachment":[{"href":"https:\/\/portaltela.pt\/api\/wp\/v2\/media?parent=419122"}],"wp:term":[{"taxonomy":"category","embeddable":true,"href":"https:\/\/portaltela.pt\/api\/wp\/v2\/categories?post=419122"},{"taxonomy":"post_tag","embeddable":true,"href":"https:\/\/portaltela.pt\/api\/wp\/v2\/tags?post=419122"}],"curies":[{"name":"wp","href":"https:\/\/api.w.org\/{rel}","templated":true}]}}