{"id":419096,"date":"2026-03-23T22:30:00","date_gmt":"2026-03-24T01:30:00","guid":{"rendered":"https:\/\/portaltela.pt\/noticias\/2026\/03\/23\/manifestante-afirma-nao-se-calar-ate-obter-financiamento\/"},"modified":"2026-03-23T22:30:00","modified_gmt":"2026-03-24T01:30:00","slug":"manifestante-afirma-nao-se-calar-ate-obter-financiamento","status":"publish","type":"post","link":"https:\/\/portaltela.pt\/noticias\/economia\/2026\/03\/23\/manifestante-afirma-nao-se-calar-ate-obter-financiamento\/","title":{"rendered":"Manifestante afirma n\u00e3o se calar at\u00e9 obter financiamento"},"content":{"rendered":"<p>Alc\u00e1cer do Sal enfrenta preju\u00edzos superiores a 100 milh\u00f5es de euros ap\u00f3s as tempestades que atingiram o pa\u00eds entre 22 de janeiro e 8 de fevereiro. A presidente da C\u00e2mara, Clarisse Campos, exige apoio financeiro direto do Estado para empresas, fam\u00edlias e o munic\u00edpio, em especial fundos a fundo perdido.<\/p>\n<p>A autarca critica o atraso nos pagamentos implementados pela CCDR Alentejo, onde j\u00e1 existem dezenas de candidaturas pendentes. At\u00e9 ao momento, o governo n\u00e3o transferiu qualquer verba para a regi\u00e3o pagar os aux\u00edlios prometidos, agravando a press\u00e3o financeira sobre o concelho.<\/p>\n<p>Agravamento econ\u00f3mico \u00e9 vis\u00edvel na cidade baixa, onde alguns neg\u00f3cios reabriram j\u00e1 perto de um m\u00eas ap\u00f3s as cheias. O cen\u00e1rio envolve custos significativos para fam\u00edlias, empresas e para a autarquia, com o munic\u00edpio a suportar uma parte relevante dos preju\u00edzos estimados.<\/p>\n<h3>O impacto nas empresas locais<\/h3>\n<p>Um artes\u00e3o que produz couro na Avenida dos Aviadores estima perdas pr\u00f3ximas de 1 milh\u00e3o de euros, incluindo maquinaria e pe\u00e7as feitas ao longo de anos. O comerciante aponta a falha na obten\u00e7\u00e3o de apoios, apesar de ter tentado v\u00e1rias candidaturas.<\/p>\n<p>Outro empres\u00e1rio, propriet\u00e1rio de armaz\u00e9m e loja de ra\u00e7\u00f5es, relata preju\u00edzos de cerca de 300 mil euros. O casal propriet\u00e1rios menciona danos nas montras de vidro provocados pela subida da \u00e1gua e continua sem qualquer ajuda recebida.<\/p>\n<p>Um quiosque da zona ribeirinha reabriu ap\u00f3s custos financiados pelo pr\u00f3prio bolso. Os propriet\u00e1rios indicam dificuldades com a Seguran\u00e7a Social devido ao registo da morada, mas asseguram que conseguiram manter o neg\u00f3cio em funcionamento.<\/p>\n<h3>Outros relatos de impacto<\/h3>\n<p>Aproveitando a interven\u00e7\u00e3o, propriet\u00e1rios de uma pastelaria expressaram forte desapontamento com promessas feitas ap\u00f3s o mau tempo, considerando que nenhuma ajuda chegou. Ao lado, um cabeleireiro e um gabinete est\u00e9tico sinalizam perdas elevadas, condicionando trabalhos e obras no espa\u00e7o.<\/p>\n<p>Clarisse Campos reiterou a necessidade de uma resposta r\u00e1pida das entidades oficiais para permitir o recome\u00e7o econ\u00f4mico do concelho. A lista de danos continua a crescer \u00e0 medida que a recupera\u00e7\u00e3o avan\u00e7a.<\/p>\n","protected":false},"excerpt":{"rendered":"<ul>\n<li>Preju\u00edzos no concelho de Alc\u00e1cer do Sal devem ultrapassar os 100 milh\u00f5es de euros; os custos do munic\u00edpio s\u00e3o estimados em cerca de 80 milh\u00f5es de euros.<\/li>\n<li>A autarca Clarisse Campos exige ajuda r\u00e1pida do Estado, incluindo financiamento a fundo perdido, acusando o governo de ter transferido zero euros at\u00e9 ao momento para a CCDR Alentejo.<\/li>\n<li>Cerca de 500 mil euros est\u00e3o em candidaturas \u00e0 CCDR Alentejo e ainda n\u00e3o foram pagos; o concelho registou mais de 200 desalojados.<\/li>\n<li>Alguns neg\u00f3cios j\u00e1 reabriram, como uma loja e f\u00e1brica de produtos em couro, com preju\u00edzos estimados em at\u00e9 1 milh\u00e3o de euros e perda de maquinaria.<\/li>\n<li>V\u00e1rios exemplos locais ilustram a aus\u00eancia de apoios: armaz\u00e9m de ra\u00e7\u00f5es com preju\u00edzo de cerca de 300 mil euros; quiosque reaberto com custos pr\u00f3prios; empres\u00e1rios que disseram ter prometido apoio, mas sem respostas.<\/li>\n<\/ul>\n","protected":false},"author":2,"featured_media":419098,"comment_status":"closed","ping_status":"closed","sticky":false,"template":"","format":"standard","meta":{"footnotes":""},"categories":[2,6850],"tags":[1998,883,4687,6063,155,28],"class_list":["post-419096","post","type-post","status-publish","format-standard","has-post-thumbnail","hentry","category-economia","category-financas","tag-alcacer-do-sal","tag-alentejo","tag-calamidade-publica","tag-desastres","tag-despesas","tag-economia"],"yoast_head":"<!-- This site is optimized with the Yoast SEO plugin v27.2 - https:\/\/yoast.com\/product\/yoast-seo-wordpress\/ -->\n<title>Manifestante afirma n\u00e3o se calar at\u00e9 obter financiamento - Portal Tela Portugal<\/title>\n<meta name=\"robots\" content=\"index, follow, max-snippet:-1, max-image-preview:large, max-video-preview:-1\" \/>\n<meta property=\"og:locale\" content=\"pt_PT\" \/>\n<meta property=\"og:type\" content=\"article\" \/>\n<meta property=\"og:title\" content=\"Manifestante afirma n\u00e3o se calar at\u00e9 obter financiamento - Portal Tela Portugal\" \/>\n<meta property=\"og:description\" content=\"Preju\u00edzos no concelho de Alc\u00e1cer do Sal devem ultrapassar os 100 milh\u00f5es de euros; os custos do munic\u00edpio s\u00e3o estimados em cerca de 80 milh\u00f5es de euros. A autarca Clarisse Campos exige ajuda r\u00e1pida do Estado, incluindo financiamento a fundo perdido, acusando o governo de ter transferido zero euros at\u00e9 ao momento para a CCDR Alentejo. Cerca de 500 mil euros est\u00e3o em candidaturas \u00e0 CCDR Alentejo e ainda n\u00e3o foram pagos; o concelho registou mais de 200 desalojados. Alguns neg\u00f3cios j\u00e1 reabriram, como uma loja e f\u00e1brica de produtos em couro, com preju\u00edzos estimados em at\u00e9 1 milh\u00e3o de euros e perda de maquinaria. V\u00e1rios exemplos locais ilustram a aus\u00eancia de apoios: armaz\u00e9m de ra\u00e7\u00f5es com preju\u00edzo de cerca de 300 mil euros; quiosque reaberto com custos pr\u00f3prios; empres\u00e1rios que disseram ter prometido apoio, mas sem respostas.\" \/>\n<meta property=\"og:url\" content=\"https:\/\/portaltela.pt\/noticias\/2026\/03\/23\/manifestante-afirma-nao-se-calar-ate-obter-financiamento\/\" \/>\n<meta property=\"og:site_name\" content=\"Portal Tela Portugal\" \/>\n<meta property=\"article:published_time\" content=\"2026-03-24T01:30:00+00:00\" \/>\n<meta name=\"author\" content=\"Telinha\" \/>\n<meta name=\"twitter:card\" content=\"summary_large_image\" \/>\n<meta name=\"twitter:label1\" content=\"Escrito por\" \/>\n\t<meta name=\"twitter:data1\" content=\"Telinha\" \/>\n\t<meta name=\"twitter:label2\" content=\"Tempo estimado de leitura\" \/>\n\t<meta name=\"twitter:data2\" content=\"2 minutos\" \/>\n<script type=\"application\/ld+json\" class=\"yoast-schema-graph\">{\"@context\":\"https:\/\/schema.org\",\"@graph\":[{\"@type\":\"Article\",\"@id\":\"https:\/\/portaltela.pt\/noticias\/2026\/03\/23\/manifestante-afirma-nao-se-calar-ate-obter-financiamento\/#article\",\"isPartOf\":{\"@id\":\"https:\/\/portaltela.pt\/noticias\/2026\/03\/23\/manifestante-afirma-nao-se-calar-ate-obter-financiamento\/\"},\"author\":{\"name\":\"Telinha\",\"@id\":\"https:\/\/portaltela.pt\/#\/schema\/person\/c4278d4a6028830caff9ee44b42d32ed\"},\"headline\":\"Manifestante afirma n\u00e3o se calar at\u00e9 obter financiamento\",\"datePublished\":\"2026-03-24T01:30:00+00:00\",\"mainEntityOfPage\":{\"@id\":\"https:\/\/portaltela.pt\/noticias\/2026\/03\/23\/manifestante-afirma-nao-se-calar-ate-obter-financiamento\/\"},\"wordCount\":375,\"image\":{\"@id\":\"https:\/\/portaltela.pt\/noticias\/2026\/03\/23\/manifestante-afirma-nao-se-calar-ate-obter-financiamento\/#primaryimage\"},\"thumbnailUrl\":\"https:\/\/portaltela.pt\/s.01k8rhncp4jt1\/2026\/03\/img_1500x1000uu2026-03-24-00-18-49-2274440-im-639099085387067818.jpg\",\"keywords\":[\"Alc\u00e1cer do Sal\",\"Alentejo\",\"calamidade p\u00fablica\",\"desastres\",\"despesas\",\"economia\"],\"articleSection\":[\"Economia\",\"Finan\u00e7as\"],\"inLanguage\":\"pt-PT\"},{\"@type\":\"WebPage\",\"@id\":\"https:\/\/portaltela.pt\/noticias\/2026\/03\/23\/manifestante-afirma-nao-se-calar-ate-obter-financiamento\/\",\"url\":\"https:\/\/portaltela.pt\/noticias\/2026\/03\/23\/manifestante-afirma-nao-se-calar-ate-obter-financiamento\/\",\"name\":\"Manifestante afirma n\u00e3o se calar at\u00e9 obter financiamento - Portal Tela Portugal\",\"isPartOf\":{\"@id\":\"https:\/\/portaltela.pt\/#website\"},\"primaryImageOfPage\":{\"@id\":\"https:\/\/portaltela.pt\/noticias\/2026\/03\/23\/manifestante-afirma-nao-se-calar-ate-obter-financiamento\/#primaryimage\"},\"image\":{\"@id\":\"https:\/\/portaltela.pt\/noticias\/2026\/03\/23\/manifestante-afirma-nao-se-calar-ate-obter-financiamento\/#primaryimage\"},\"thumbnailUrl\":\"https:\/\/portaltela.pt\/s.01k8rhncp4jt1\/2026\/03\/img_1500x1000uu2026-03-24-00-18-49-2274440-im-639099085387067818.jpg\",\"datePublished\":\"2026-03-24T01:30:00+00:00\",\"author\":{\"@id\":\"https:\/\/portaltela.pt\/#\/schema\/person\/c4278d4a6028830caff9ee44b42d32ed\"},\"breadcrumb\":{\"@id\":\"https:\/\/portaltela.pt\/noticias\/2026\/03\/23\/manifestante-afirma-nao-se-calar-ate-obter-financiamento\/#breadcrumb\"},\"inLanguage\":\"pt-PT\",\"potentialAction\":[{\"@type\":\"ReadAction\",\"target\":[\"https:\/\/portaltela.pt\/noticias\/2026\/03\/23\/manifestante-afirma-nao-se-calar-ate-obter-financiamento\/\"]}]},{\"@type\":\"ImageObject\",\"inLanguage\":\"pt-PT\",\"@id\":\"https:\/\/portaltela.pt\/noticias\/2026\/03\/23\/manifestante-afirma-nao-se-calar-ate-obter-financiamento\/#primaryimage\",\"url\":\"https:\/\/portaltela.pt\/s.01k8rhncp4jt1\/2026\/03\/img_1500x1000uu2026-03-24-00-18-49-2274440-im-639099085387067818.jpg\",\"contentUrl\":\"https:\/\/portaltela.pt\/s.01k8rhncp4jt1\/2026\/03\/img_1500x1000uu2026-03-24-00-18-49-2274440-im-639099085387067818.jpg\",\"width\":796,\"height\":448,\"caption\":\"Com a cidade inundada, botes serviram de meio de transporte\"},{\"@type\":\"BreadcrumbList\",\"@id\":\"https:\/\/portaltela.pt\/noticias\/2026\/03\/23\/manifestante-afirma-nao-se-calar-ate-obter-financiamento\/#breadcrumb\",\"itemListElement\":[{\"@type\":\"ListItem\",\"position\":1,\"name\":\"In\u00edcio\",\"item\":\"https:\/\/portaltela.pt\/\"},{\"@type\":\"ListItem\",\"position\":2,\"name\":\"Manifestante afirma n\u00e3o se calar at\u00e9 obter financiamento\"}]},{\"@type\":\"WebSite\",\"@id\":\"https:\/\/portaltela.pt\/#website\",\"url\":\"https:\/\/portaltela.pt\/\",\"name\":\"Portal Tela Portugal\",\"description\":\"\",\"potentialAction\":[{\"@type\":\"SearchAction\",\"target\":{\"@type\":\"EntryPoint\",\"urlTemplate\":\"https:\/\/portaltela.pt\/?s={search_term_string}\"},\"query-input\":{\"@type\":\"PropertyValueSpecification\",\"valueRequired\":true,\"valueName\":\"search_term_string\"}}],\"inLanguage\":\"pt-PT\"},{\"@type\":\"Person\",\"@id\":\"https:\/\/portaltela.pt\/#\/schema\/person\/c4278d4a6028830caff9ee44b42d32ed\",\"name\":\"Telinha\",\"image\":{\"@type\":\"ImageObject\",\"inLanguage\":\"pt-PT\",\"@id\":\"https:\/\/portaltela.pt\/s.01k8rhncp4jt1\/2025\/11\/talking-bot-125x125.png\",\"url\":\"https:\/\/portaltela.pt\/s.01k8rhncp4jt1\/2025\/11\/talking-bot-125x125.png\",\"contentUrl\":\"https:\/\/portaltela.pt\/s.01k8rhncp4jt1\/2025\/11\/talking-bot-125x125.png\",\"caption\":\"Telinha\"},\"sameAs\":[\"https:\/\/portaltela.pt\/\"],\"url\":\"https:\/\/portaltela.pt\/por\/367410592786\/\"}]}<\/script>\n<!-- \/ Yoast SEO plugin. -->","yoast_head_json":{"title":"Manifestante afirma n\u00e3o se calar at\u00e9 obter financiamento - Portal Tela Portugal","robots":{"index":"index","follow":"follow","max-snippet":"max-snippet:-1","max-image-preview":"max-image-preview:large","max-video-preview":"max-video-preview:-1"},"og_locale":"pt_PT","og_type":"article","og_title":"Manifestante afirma n\u00e3o se calar at\u00e9 obter financiamento - Portal Tela Portugal","og_description":"Preju\u00edzos no concelho de Alc\u00e1cer do Sal devem ultrapassar os 100 milh\u00f5es de euros; os custos do munic\u00edpio s\u00e3o estimados em cerca de 80 milh\u00f5es de euros. A autarca Clarisse Campos exige ajuda r\u00e1pida do Estado, incluindo financiamento a fundo perdido, acusando o governo de ter transferido zero euros at\u00e9 ao momento para a CCDR Alentejo. Cerca de 500 mil euros est\u00e3o em candidaturas \u00e0 CCDR Alentejo e ainda n\u00e3o foram pagos; o concelho registou mais de 200 desalojados. Alguns neg\u00f3cios j\u00e1 reabriram, como uma loja e f\u00e1brica de produtos em couro, com preju\u00edzos estimados em at\u00e9 1 milh\u00e3o de euros e perda de maquinaria. V\u00e1rios exemplos locais ilustram a aus\u00eancia de apoios: armaz\u00e9m de ra\u00e7\u00f5es com preju\u00edzo de cerca de 300 mil euros; quiosque reaberto com custos pr\u00f3prios; empres\u00e1rios que disseram ter prometido apoio, mas sem respostas.","og_url":"https:\/\/portaltela.pt\/noticias\/2026\/03\/23\/manifestante-afirma-nao-se-calar-ate-obter-financiamento\/","og_site_name":"Portal Tela Portugal","article_published_time":"2026-03-24T01:30:00+00:00","author":"Telinha","twitter_card":"summary_large_image","twitter_misc":{"Escrito por":"Telinha","Tempo estimado de leitura":"2 minutos"},"schema":{"@context":"https:\/\/schema.org","@graph":[{"@type":"Article","@id":"https:\/\/portaltela.pt\/noticias\/2026\/03\/23\/manifestante-afirma-nao-se-calar-ate-obter-financiamento\/#article","isPartOf":{"@id":"https:\/\/portaltela.pt\/noticias\/2026\/03\/23\/manifestante-afirma-nao-se-calar-ate-obter-financiamento\/"},"author":{"name":"Telinha","@id":"https:\/\/portaltela.pt\/#\/schema\/person\/c4278d4a6028830caff9ee44b42d32ed"},"headline":"Manifestante afirma n\u00e3o se calar at\u00e9 obter financiamento","datePublished":"2026-03-24T01:30:00+00:00","mainEntityOfPage":{"@id":"https:\/\/portaltela.pt\/noticias\/2026\/03\/23\/manifestante-afirma-nao-se-calar-ate-obter-financiamento\/"},"wordCount":375,"image":{"@id":"https:\/\/portaltela.pt\/noticias\/2026\/03\/23\/manifestante-afirma-nao-se-calar-ate-obter-financiamento\/#primaryimage"},"thumbnailUrl":"https:\/\/portaltela.pt\/s.01k8rhncp4jt1\/2026\/03\/img_1500x1000uu2026-03-24-00-18-49-2274440-im-639099085387067818.jpg","keywords":["Alc\u00e1cer do Sal","Alentejo","calamidade p\u00fablica","desastres","despesas","economia"],"articleSection":["Economia","Finan\u00e7as"],"inLanguage":"pt-PT"},{"@type":"WebPage","@id":"https:\/\/portaltela.pt\/noticias\/2026\/03\/23\/manifestante-afirma-nao-se-calar-ate-obter-financiamento\/","url":"https:\/\/portaltela.pt\/noticias\/2026\/03\/23\/manifestante-afirma-nao-se-calar-ate-obter-financiamento\/","name":"Manifestante afirma n\u00e3o se calar at\u00e9 obter financiamento - Portal Tela Portugal","isPartOf":{"@id":"https:\/\/portaltela.pt\/#website"},"primaryImageOfPage":{"@id":"https:\/\/portaltela.pt\/noticias\/2026\/03\/23\/manifestante-afirma-nao-se-calar-ate-obter-financiamento\/#primaryimage"},"image":{"@id":"https:\/\/portaltela.pt\/noticias\/2026\/03\/23\/manifestante-afirma-nao-se-calar-ate-obter-financiamento\/#primaryimage"},"thumbnailUrl":"https:\/\/portaltela.pt\/s.01k8rhncp4jt1\/2026\/03\/img_1500x1000uu2026-03-24-00-18-49-2274440-im-639099085387067818.jpg","datePublished":"2026-03-24T01:30:00+00:00","author":{"@id":"https:\/\/portaltela.pt\/#\/schema\/person\/c4278d4a6028830caff9ee44b42d32ed"},"breadcrumb":{"@id":"https:\/\/portaltela.pt\/noticias\/2026\/03\/23\/manifestante-afirma-nao-se-calar-ate-obter-financiamento\/#breadcrumb"},"inLanguage":"pt-PT","potentialAction":[{"@type":"ReadAction","target":["https:\/\/portaltela.pt\/noticias\/2026\/03\/23\/manifestante-afirma-nao-se-calar-ate-obter-financiamento\/"]}]},{"@type":"ImageObject","inLanguage":"pt-PT","@id":"https:\/\/portaltela.pt\/noticias\/2026\/03\/23\/manifestante-afirma-nao-se-calar-ate-obter-financiamento\/#primaryimage","url":"https:\/\/portaltela.pt\/s.01k8rhncp4jt1\/2026\/03\/img_1500x1000uu2026-03-24-00-18-49-2274440-im-639099085387067818.jpg","contentUrl":"https:\/\/portaltela.pt\/s.01k8rhncp4jt1\/2026\/03\/img_1500x1000uu2026-03-24-00-18-49-2274440-im-639099085387067818.jpg","width":796,"height":448,"caption":"Com a cidade inundada, botes serviram de meio de transporte"},{"@type":"BreadcrumbList","@id":"https:\/\/portaltela.pt\/noticias\/2026\/03\/23\/manifestante-afirma-nao-se-calar-ate-obter-financiamento\/#breadcrumb","itemListElement":[{"@type":"ListItem","position":1,"name":"In\u00edcio","item":"https:\/\/portaltela.pt\/"},{"@type":"ListItem","position":2,"name":"Manifestante afirma n\u00e3o se calar at\u00e9 obter financiamento"}]},{"@type":"WebSite","@id":"https:\/\/portaltela.pt\/#website","url":"https:\/\/portaltela.pt\/","name":"Portal Tela Portugal","description":"","potentialAction":[{"@type":"SearchAction","target":{"@type":"EntryPoint","urlTemplate":"https:\/\/portaltela.pt\/?s={search_term_string}"},"query-input":{"@type":"PropertyValueSpecification","valueRequired":true,"valueName":"search_term_string"}}],"inLanguage":"pt-PT"},{"@type":"Person","@id":"https:\/\/portaltela.pt\/#\/schema\/person\/c4278d4a6028830caff9ee44b42d32ed","name":"Telinha","image":{"@type":"ImageObject","inLanguage":"pt-PT","@id":"https:\/\/portaltela.pt\/s.01k8rhncp4jt1\/2025\/11\/talking-bot-125x125.png","url":"https:\/\/portaltela.pt\/s.01k8rhncp4jt1\/2025\/11\/talking-bot-125x125.png","contentUrl":"https:\/\/portaltela.pt\/s.01k8rhncp4jt1\/2025\/11\/talking-bot-125x125.png","caption":"Telinha"},"sameAs":["https:\/\/portaltela.pt\/"],"url":"https:\/\/portaltela.pt\/por\/367410592786\/"}]}},"_links":{"self":[{"href":"https:\/\/portaltela.pt\/api\/wp\/v2\/posts\/419096","targetHints":{"allow":["GET"]}}],"collection":[{"href":"https:\/\/portaltela.pt\/api\/wp\/v2\/posts"}],"about":[{"href":"https:\/\/portaltela.pt\/api\/wp\/v2\/types\/post"}],"author":[{"embeddable":true,"href":"https:\/\/portaltela.pt\/api\/wp\/v2\/users\/2"}],"replies":[{"embeddable":true,"href":"https:\/\/portaltela.pt\/api\/wp\/v2\/comments?post=419096"}],"version-history":[{"count":0,"href":"https:\/\/portaltela.pt\/api\/wp\/v2\/posts\/419096\/revisions"}],"wp:featuredmedia":[{"embeddable":true,"href":"https:\/\/portaltela.pt\/api\/wp\/v2\/media\/419098"}],"wp:attachment":[{"href":"https:\/\/portaltela.pt\/api\/wp\/v2\/media?parent=419096"}],"wp:term":[{"taxonomy":"category","embeddable":true,"href":"https:\/\/portaltela.pt\/api\/wp\/v2\/categories?post=419096"},{"taxonomy":"post_tag","embeddable":true,"href":"https:\/\/portaltela.pt\/api\/wp\/v2\/tags?post=419096"}],"curies":[{"name":"wp","href":"https:\/\/api.w.org\/{rel}","templated":true}]}}