{"id":419095,"date":"2026-03-23T22:30:00","date_gmt":"2026-03-24T01:30:00","guid":{"rendered":"https:\/\/portaltela.pt\/noticias\/2026\/03\/23\/carneiro-reune-se-com-ministro-apos-cancelamento-do-encontro-com-a-venezuela\/"},"modified":"2026-03-23T22:30:00","modified_gmt":"2026-03-24T01:30:00","slug":"carneiro-reune-se-com-ministro-apos-cancelamento-do-encontro-com-a-venezuela","status":"publish","type":"post","link":"https:\/\/portaltela.pt\/noticias\/politica\/2026\/03\/23\/carneiro-reune-se-com-ministro-apos-cancelamento-do-encontro-com-a-venezuela\/","title":{"rendered":"Carneiro re\u00fane-se com ministro ap\u00f3s cancelamento do encontro com a Venezuela"},"content":{"rendered":"<p>O secret\u00e1rio-geral do PS, Jos\u00e9 Lu\u00eds Carneiro, reuniu-se com o ministro dos Neg\u00f3cios Estrangeiros da Venezuela ap\u00f3s o cancelamento de um encontro com a presidente interina do pa\u00eds. A audi\u00eancia, que era para ocorrer durante a visita a Venezuela na \u00faltima semana, foi desmarcada pela comitiva governamental por motivo de \u00faltima hora. Carneiro explicou que houve uma desloca\u00e7\u00e3o urgente da presidente interina a La Guaira, o que impediu a reuni\u00e3o prevista com Delcy Rodr\u00edguez.<\/p>\n<p>Na sequ\u00eancia do cancelamento, Carneiro foi recebido no domingo pelo ministro dos Neg\u00f3cios Estrangeiros venezuelano, Yv\u00e1n Gil. Durante o encontro, Gil afirmou que acompanha de perto a situa\u00e7\u00e3o de quatro portugueses detidos por quest\u00f5es pol\u00edticas no pa\u00eds. A audi\u00eancia n\u00e3o constou do programa oficial, tendo sido organizada pela pr\u00f3pria presidente interina no s\u00e1bado e anulada pouco depois.<\/p>\n<p>Foi mencionado que a delega\u00e7\u00e3o do PS inclu\u00eda o l\u00edder parlamentar Eurico Brilhante Dias e o l\u00edder respons\u00e1vel pelas comunidades, Paulo Pisco. A visita, que se estendeu de quinta-feira a domingo, incluiu contactos com a comunidade portuguesa e com autoridades locais em v\u00e1rias cidades da Venezuela. Delcy Rodr\u00edguez transmitiu uma sauda\u00e7\u00e3o especial \u00e0 equipa portuguesa e pediu compreens\u00e3o pela altera\u00e7\u00e3o de \u00faltima hora no programa.<\/p>\n","protected":false},"excerpt":{"rendered":"<ul>\n<li>Jos\u00e9 Lu\u00eds Carneiro reuniu-se com o ministro dos Neg\u00f3cios Estrangeiros da Venezuela, ap\u00f3s o cancelamento do encontro com a presidente interina Delcy Rodriguez.<\/li>\n<li>A presidente interina teve de desmarcar a audi\u00eancia de \u00faltima hora para se deslocar com urg\u00eancia a La Guaira.<\/li>\n<li>O encontro com Delcy Rodriguez n\u00e3o estava no programa oficial e acabou desmarcado pelo pr\u00f3prio; Carneiro foi recebido no domingo por Yv\u00e1n Gil.<\/li>\n<li>Yv\u00e1n Gil assumiu a disponibilidade para acompanhar de perto a situa\u00e7\u00e3o dos quatro portugueses detidos por quest\u00f5es pol\u00edticas.<\/li>\n<li>A delega\u00e7\u00e3o do PS, incluindo Eurico Brilhante Dias e Paulo Pisco, manteve contactos com portugueses e autoridades locais ao longo de quatro dias de visita.<\/li>\n<\/ul>\n","protected":false},"author":2,"featured_media":419097,"comment_status":"closed","ping_status":"closed","sticky":false,"template":"","format":"standard","meta":{"footnotes":""},"categories":[6912,5],"tags":[903,29,7439,1014,27,2758],"class_list":["post-419095","post","type-post","status-publish","format-standard","has-post-thumbnail","hentry","category-internacionais","category-politica","tag-comunidades","tag-diplomacia","tag-politica-externa","tag-portugal","tag-relacoes-internacionais","tag-venezuela"],"yoast_head":"<!-- This site is optimized with the Yoast SEO plugin v27.2 - https:\/\/yoast.com\/product\/yoast-seo-wordpress\/ -->\n<title>Carneiro re\u00fane-se com ministro ap\u00f3s cancelamento do encontro com a Venezuela - Portal Tela Portugal<\/title>\n<meta name=\"robots\" content=\"index, follow, max-snippet:-1, max-image-preview:large, max-video-preview:-1\" \/>\n<meta property=\"og:locale\" content=\"pt_PT\" \/>\n<meta property=\"og:type\" content=\"article\" \/>\n<meta property=\"og:title\" content=\"Carneiro re\u00fane-se com ministro ap\u00f3s cancelamento do encontro com a Venezuela - Portal Tela Portugal\" \/>\n<meta property=\"og:description\" content=\"Jos\u00e9 Lu\u00eds Carneiro reuniu-se com o ministro dos Neg\u00f3cios Estrangeiros da Venezuela, ap\u00f3s o cancelamento do encontro com a presidente interina Delcy Rodriguez. A presidente interina teve de desmarcar a audi\u00eancia de \u00faltima hora para se deslocar com urg\u00eancia a La Guaira. O encontro com Delcy Rodriguez n\u00e3o estava no programa oficial e acabou desmarcado pelo pr\u00f3prio; Carneiro foi recebido no domingo por Yv\u00e1n Gil. Yv\u00e1n Gil assumiu a disponibilidade para acompanhar de perto a situa\u00e7\u00e3o dos quatro portugueses detidos por quest\u00f5es pol\u00edticas. A delega\u00e7\u00e3o do PS, incluindo Eurico Brilhante Dias e Paulo Pisco, manteve contactos com portugueses e autoridades locais ao longo de quatro dias de visita.\" \/>\n<meta property=\"og:url\" content=\"https:\/\/portaltela.pt\/noticias\/2026\/03\/23\/carneiro-reune-se-com-ministro-apos-cancelamento-do-encontro-com-a-venezuela\/\" \/>\n<meta property=\"og:site_name\" content=\"Portal Tela Portugal\" \/>\n<meta property=\"article:published_time\" content=\"2026-03-24T01:30:00+00:00\" \/>\n<meta name=\"author\" content=\"Telinha\" \/>\n<meta name=\"twitter:card\" content=\"summary_large_image\" \/>\n<meta name=\"twitter:label1\" content=\"Escrito por\" \/>\n\t<meta name=\"twitter:data1\" content=\"Telinha\" \/>\n\t<meta name=\"twitter:label2\" content=\"Tempo estimado de leitura\" \/>\n\t<meta name=\"twitter:data2\" content=\"1 minuto\" \/>\n<script type=\"application\/ld+json\" class=\"yoast-schema-graph\">{\"@context\":\"https:\/\/schema.org\",\"@graph\":[{\"@type\":\"Article\",\"@id\":\"https:\/\/portaltela.pt\/noticias\/2026\/03\/23\/carneiro-reune-se-com-ministro-apos-cancelamento-do-encontro-com-a-venezuela\/#article\",\"isPartOf\":{\"@id\":\"https:\/\/portaltela.pt\/noticias\/2026\/03\/23\/carneiro-reune-se-com-ministro-apos-cancelamento-do-encontro-com-a-venezuela\/\"},\"author\":{\"name\":\"Telinha\",\"@id\":\"https:\/\/portaltela.pt\/#\/schema\/person\/c4278d4a6028830caff9ee44b42d32ed\"},\"headline\":\"Carneiro re\u00fane-se com ministro ap\u00f3s cancelamento do encontro com a Venezuela\",\"datePublished\":\"2026-03-24T01:30:00+00:00\",\"mainEntityOfPage\":{\"@id\":\"https:\/\/portaltela.pt\/noticias\/2026\/03\/23\/carneiro-reune-se-com-ministro-apos-cancelamento-do-encontro-com-a-venezuela\/\"},\"wordCount\":238,\"image\":{\"@id\":\"https:\/\/portaltela.pt\/noticias\/2026\/03\/23\/carneiro-reune-se-com-ministro-apos-cancelamento-do-encontro-com-a-venezuela\/#primaryimage\"},\"thumbnailUrl\":\"https:\/\/portaltela.pt\/s.01k8rhncp4jt1\/2026\/03\/img_1500x1000uu2026-03-23-17-40-22-2274337-im-639099080633081736.jpg\",\"keywords\":[\"comunidades\",\"diplomacia\",\"pol\u00edtica externa\",\"Portugal\",\"rela\u00e7\u00f5es internacionais\",\"Venezuela\"],\"articleSection\":[\"Internacionais\",\"Pol\u00edtica\"],\"inLanguage\":\"pt-PT\"},{\"@type\":\"WebPage\",\"@id\":\"https:\/\/portaltela.pt\/noticias\/2026\/03\/23\/carneiro-reune-se-com-ministro-apos-cancelamento-do-encontro-com-a-venezuela\/\",\"url\":\"https:\/\/portaltela.pt\/noticias\/2026\/03\/23\/carneiro-reune-se-com-ministro-apos-cancelamento-do-encontro-com-a-venezuela\/\",\"name\":\"Carneiro re\u00fane-se com ministro ap\u00f3s cancelamento do encontro com a Venezuela - Portal Tela Portugal\",\"isPartOf\":{\"@id\":\"https:\/\/portaltela.pt\/#website\"},\"primaryImageOfPage\":{\"@id\":\"https:\/\/portaltela.pt\/noticias\/2026\/03\/23\/carneiro-reune-se-com-ministro-apos-cancelamento-do-encontro-com-a-venezuela\/#primaryimage\"},\"image\":{\"@id\":\"https:\/\/portaltela.pt\/noticias\/2026\/03\/23\/carneiro-reune-se-com-ministro-apos-cancelamento-do-encontro-com-a-venezuela\/#primaryimage\"},\"thumbnailUrl\":\"https:\/\/portaltela.pt\/s.01k8rhncp4jt1\/2026\/03\/img_1500x1000uu2026-03-23-17-40-22-2274337-im-639099080633081736.jpg\",\"datePublished\":\"2026-03-24T01:30:00+00:00\",\"author\":{\"@id\":\"https:\/\/portaltela.pt\/#\/schema\/person\/c4278d4a6028830caff9ee44b42d32ed\"},\"breadcrumb\":{\"@id\":\"https:\/\/portaltela.pt\/noticias\/2026\/03\/23\/carneiro-reune-se-com-ministro-apos-cancelamento-do-encontro-com-a-venezuela\/#breadcrumb\"},\"inLanguage\":\"pt-PT\",\"potentialAction\":[{\"@type\":\"ReadAction\",\"target\":[\"https:\/\/portaltela.pt\/noticias\/2026\/03\/23\/carneiro-reune-se-com-ministro-apos-cancelamento-do-encontro-com-a-venezuela\/\"]}]},{\"@type\":\"ImageObject\",\"inLanguage\":\"pt-PT\",\"@id\":\"https:\/\/portaltela.pt\/noticias\/2026\/03\/23\/carneiro-reune-se-com-ministro-apos-cancelamento-do-encontro-com-a-venezuela\/#primaryimage\",\"url\":\"https:\/\/portaltela.pt\/s.01k8rhncp4jt1\/2026\/03\/img_1500x1000uu2026-03-23-17-40-22-2274337-im-639099080633081736.jpg\",\"contentUrl\":\"https:\/\/portaltela.pt\/s.01k8rhncp4jt1\/2026\/03\/img_1500x1000uu2026-03-23-17-40-22-2274337-im-639099080633081736.jpg\",\"width\":796,\"height\":448,\"caption\":\"Jos\u00e9 Lu\u00eds Carneiro ao lado de Eurico Brilhante Dias\"},{\"@type\":\"BreadcrumbList\",\"@id\":\"https:\/\/portaltela.pt\/noticias\/2026\/03\/23\/carneiro-reune-se-com-ministro-apos-cancelamento-do-encontro-com-a-venezuela\/#breadcrumb\",\"itemListElement\":[{\"@type\":\"ListItem\",\"position\":1,\"name\":\"In\u00edcio\",\"item\":\"https:\/\/portaltela.pt\/\"},{\"@type\":\"ListItem\",\"position\":2,\"name\":\"Carneiro re\u00fane-se com ministro ap\u00f3s cancelamento do encontro com a Venezuela\"}]},{\"@type\":\"WebSite\",\"@id\":\"https:\/\/portaltela.pt\/#website\",\"url\":\"https:\/\/portaltela.pt\/\",\"name\":\"Portal Tela Portugal\",\"description\":\"\",\"potentialAction\":[{\"@type\":\"SearchAction\",\"target\":{\"@type\":\"EntryPoint\",\"urlTemplate\":\"https:\/\/portaltela.pt\/?s={search_term_string}\"},\"query-input\":{\"@type\":\"PropertyValueSpecification\",\"valueRequired\":true,\"valueName\":\"search_term_string\"}}],\"inLanguage\":\"pt-PT\"},{\"@type\":\"Person\",\"@id\":\"https:\/\/portaltela.pt\/#\/schema\/person\/c4278d4a6028830caff9ee44b42d32ed\",\"name\":\"Telinha\",\"image\":{\"@type\":\"ImageObject\",\"inLanguage\":\"pt-PT\",\"@id\":\"https:\/\/portaltela.pt\/s.01k8rhncp4jt1\/2025\/11\/talking-bot-125x125.png\",\"url\":\"https:\/\/portaltela.pt\/s.01k8rhncp4jt1\/2025\/11\/talking-bot-125x125.png\",\"contentUrl\":\"https:\/\/portaltela.pt\/s.01k8rhncp4jt1\/2025\/11\/talking-bot-125x125.png\",\"caption\":\"Telinha\"},\"sameAs\":[\"https:\/\/portaltela.pt\/\"],\"url\":\"https:\/\/portaltela.pt\/por\/367410592786\/\"}]}<\/script>\n<!-- \/ Yoast SEO plugin. -->","yoast_head_json":{"title":"Carneiro re\u00fane-se com ministro ap\u00f3s cancelamento do encontro com a Venezuela - Portal Tela Portugal","robots":{"index":"index","follow":"follow","max-snippet":"max-snippet:-1","max-image-preview":"max-image-preview:large","max-video-preview":"max-video-preview:-1"},"og_locale":"pt_PT","og_type":"article","og_title":"Carneiro re\u00fane-se com ministro ap\u00f3s cancelamento do encontro com a Venezuela - Portal Tela Portugal","og_description":"Jos\u00e9 Lu\u00eds Carneiro reuniu-se com o ministro dos Neg\u00f3cios Estrangeiros da Venezuela, ap\u00f3s o cancelamento do encontro com a presidente interina Delcy Rodriguez. A presidente interina teve de desmarcar a audi\u00eancia de \u00faltima hora para se deslocar com urg\u00eancia a La Guaira. O encontro com Delcy Rodriguez n\u00e3o estava no programa oficial e acabou desmarcado pelo pr\u00f3prio; Carneiro foi recebido no domingo por Yv\u00e1n Gil. Yv\u00e1n Gil assumiu a disponibilidade para acompanhar de perto a situa\u00e7\u00e3o dos quatro portugueses detidos por quest\u00f5es pol\u00edticas. A delega\u00e7\u00e3o do PS, incluindo Eurico Brilhante Dias e Paulo Pisco, manteve contactos com portugueses e autoridades locais ao longo de quatro dias de visita.","og_url":"https:\/\/portaltela.pt\/noticias\/2026\/03\/23\/carneiro-reune-se-com-ministro-apos-cancelamento-do-encontro-com-a-venezuela\/","og_site_name":"Portal Tela Portugal","article_published_time":"2026-03-24T01:30:00+00:00","author":"Telinha","twitter_card":"summary_large_image","twitter_misc":{"Escrito por":"Telinha","Tempo estimado de leitura":"1 minuto"},"schema":{"@context":"https:\/\/schema.org","@graph":[{"@type":"Article","@id":"https:\/\/portaltela.pt\/noticias\/2026\/03\/23\/carneiro-reune-se-com-ministro-apos-cancelamento-do-encontro-com-a-venezuela\/#article","isPartOf":{"@id":"https:\/\/portaltela.pt\/noticias\/2026\/03\/23\/carneiro-reune-se-com-ministro-apos-cancelamento-do-encontro-com-a-venezuela\/"},"author":{"name":"Telinha","@id":"https:\/\/portaltela.pt\/#\/schema\/person\/c4278d4a6028830caff9ee44b42d32ed"},"headline":"Carneiro re\u00fane-se com ministro ap\u00f3s cancelamento do encontro com a Venezuela","datePublished":"2026-03-24T01:30:00+00:00","mainEntityOfPage":{"@id":"https:\/\/portaltela.pt\/noticias\/2026\/03\/23\/carneiro-reune-se-com-ministro-apos-cancelamento-do-encontro-com-a-venezuela\/"},"wordCount":238,"image":{"@id":"https:\/\/portaltela.pt\/noticias\/2026\/03\/23\/carneiro-reune-se-com-ministro-apos-cancelamento-do-encontro-com-a-venezuela\/#primaryimage"},"thumbnailUrl":"https:\/\/portaltela.pt\/s.01k8rhncp4jt1\/2026\/03\/img_1500x1000uu2026-03-23-17-40-22-2274337-im-639099080633081736.jpg","keywords":["comunidades","diplomacia","pol\u00edtica externa","Portugal","rela\u00e7\u00f5es internacionais","Venezuela"],"articleSection":["Internacionais","Pol\u00edtica"],"inLanguage":"pt-PT"},{"@type":"WebPage","@id":"https:\/\/portaltela.pt\/noticias\/2026\/03\/23\/carneiro-reune-se-com-ministro-apos-cancelamento-do-encontro-com-a-venezuela\/","url":"https:\/\/portaltela.pt\/noticias\/2026\/03\/23\/carneiro-reune-se-com-ministro-apos-cancelamento-do-encontro-com-a-venezuela\/","name":"Carneiro re\u00fane-se com ministro ap\u00f3s cancelamento do encontro com a Venezuela - Portal Tela Portugal","isPartOf":{"@id":"https:\/\/portaltela.pt\/#website"},"primaryImageOfPage":{"@id":"https:\/\/portaltela.pt\/noticias\/2026\/03\/23\/carneiro-reune-se-com-ministro-apos-cancelamento-do-encontro-com-a-venezuela\/#primaryimage"},"image":{"@id":"https:\/\/portaltela.pt\/noticias\/2026\/03\/23\/carneiro-reune-se-com-ministro-apos-cancelamento-do-encontro-com-a-venezuela\/#primaryimage"},"thumbnailUrl":"https:\/\/portaltela.pt\/s.01k8rhncp4jt1\/2026\/03\/img_1500x1000uu2026-03-23-17-40-22-2274337-im-639099080633081736.jpg","datePublished":"2026-03-24T01:30:00+00:00","author":{"@id":"https:\/\/portaltela.pt\/#\/schema\/person\/c4278d4a6028830caff9ee44b42d32ed"},"breadcrumb":{"@id":"https:\/\/portaltela.pt\/noticias\/2026\/03\/23\/carneiro-reune-se-com-ministro-apos-cancelamento-do-encontro-com-a-venezuela\/#breadcrumb"},"inLanguage":"pt-PT","potentialAction":[{"@type":"ReadAction","target":["https:\/\/portaltela.pt\/noticias\/2026\/03\/23\/carneiro-reune-se-com-ministro-apos-cancelamento-do-encontro-com-a-venezuela\/"]}]},{"@type":"ImageObject","inLanguage":"pt-PT","@id":"https:\/\/portaltela.pt\/noticias\/2026\/03\/23\/carneiro-reune-se-com-ministro-apos-cancelamento-do-encontro-com-a-venezuela\/#primaryimage","url":"https:\/\/portaltela.pt\/s.01k8rhncp4jt1\/2026\/03\/img_1500x1000uu2026-03-23-17-40-22-2274337-im-639099080633081736.jpg","contentUrl":"https:\/\/portaltela.pt\/s.01k8rhncp4jt1\/2026\/03\/img_1500x1000uu2026-03-23-17-40-22-2274337-im-639099080633081736.jpg","width":796,"height":448,"caption":"Jos\u00e9 Lu\u00eds Carneiro ao lado de Eurico Brilhante Dias"},{"@type":"BreadcrumbList","@id":"https:\/\/portaltela.pt\/noticias\/2026\/03\/23\/carneiro-reune-se-com-ministro-apos-cancelamento-do-encontro-com-a-venezuela\/#breadcrumb","itemListElement":[{"@type":"ListItem","position":1,"name":"In\u00edcio","item":"https:\/\/portaltela.pt\/"},{"@type":"ListItem","position":2,"name":"Carneiro re\u00fane-se com ministro ap\u00f3s cancelamento do encontro com a Venezuela"}]},{"@type":"WebSite","@id":"https:\/\/portaltela.pt\/#website","url":"https:\/\/portaltela.pt\/","name":"Portal Tela Portugal","description":"","potentialAction":[{"@type":"SearchAction","target":{"@type":"EntryPoint","urlTemplate":"https:\/\/portaltela.pt\/?s={search_term_string}"},"query-input":{"@type":"PropertyValueSpecification","valueRequired":true,"valueName":"search_term_string"}}],"inLanguage":"pt-PT"},{"@type":"Person","@id":"https:\/\/portaltela.pt\/#\/schema\/person\/c4278d4a6028830caff9ee44b42d32ed","name":"Telinha","image":{"@type":"ImageObject","inLanguage":"pt-PT","@id":"https:\/\/portaltela.pt\/s.01k8rhncp4jt1\/2025\/11\/talking-bot-125x125.png","url":"https:\/\/portaltela.pt\/s.01k8rhncp4jt1\/2025\/11\/talking-bot-125x125.png","contentUrl":"https:\/\/portaltela.pt\/s.01k8rhncp4jt1\/2025\/11\/talking-bot-125x125.png","caption":"Telinha"},"sameAs":["https:\/\/portaltela.pt\/"],"url":"https:\/\/portaltela.pt\/por\/367410592786\/"}]}},"_links":{"self":[{"href":"https:\/\/portaltela.pt\/api\/wp\/v2\/posts\/419095","targetHints":{"allow":["GET"]}}],"collection":[{"href":"https:\/\/portaltela.pt\/api\/wp\/v2\/posts"}],"about":[{"href":"https:\/\/portaltela.pt\/api\/wp\/v2\/types\/post"}],"author":[{"embeddable":true,"href":"https:\/\/portaltela.pt\/api\/wp\/v2\/users\/2"}],"replies":[{"embeddable":true,"href":"https:\/\/portaltela.pt\/api\/wp\/v2\/comments?post=419095"}],"version-history":[{"count":0,"href":"https:\/\/portaltela.pt\/api\/wp\/v2\/posts\/419095\/revisions"}],"wp:featuredmedia":[{"embeddable":true,"href":"https:\/\/portaltela.pt\/api\/wp\/v2\/media\/419097"}],"wp:attachment":[{"href":"https:\/\/portaltela.pt\/api\/wp\/v2\/media?parent=419095"}],"wp:term":[{"taxonomy":"category","embeddable":true,"href":"https:\/\/portaltela.pt\/api\/wp\/v2\/categories?post=419095"},{"taxonomy":"post_tag","embeddable":true,"href":"https:\/\/portaltela.pt\/api\/wp\/v2\/tags?post=419095"}],"curies":[{"name":"wp","href":"https:\/\/api.w.org\/{rel}","templated":true}]}}