{"id":419080,"date":"2026-03-23T22:30:00","date_gmt":"2026-03-24T01:30:00","guid":{"rendered":"https:\/\/portaltela.pt\/noticias\/2026\/03\/23\/bruno-mascarenhas-afasta-se-de-polemicas-e-pede-explicacoes-a-moedas\/"},"modified":"2026-03-23T22:30:00","modified_gmt":"2026-03-24T01:30:00","slug":"bruno-mascarenhas-afasta-se-de-polemicas-e-pede-explicacoes-a-moedas","status":"publish","type":"post","link":"https:\/\/portaltela.pt\/noticias\/politica\/2026\/03\/23\/bruno-mascarenhas-afasta-se-de-polemicas-e-pede-explicacoes-a-moedas\/","title":{"rendered":"Bruno Mascarenhas afasta-se de pol\u00e9micas e pede explica\u00e7\u00f5es a Moedas"},"content":{"rendered":"<p>Bruno Mascarenhas, vereador do Chega em Lisboa, afastou-se das pol\u00e9micas envolvendo a namorada Mafalda Livermore e reiterou que a responsabilidade sobre a nomea\u00e7\u00e3o cabe ao presidente da C\u00e2mara, Carlos Moedas. A alega\u00e7\u00e3o envolve a poss\u00edvel arrendamento de casas clandestinas a imigrantes, o que levou Livermore a ser afastada do cargo pela autarquia.<\/p>\n<p>O vereador afirmou que quer esclarecimentos sobre quem nomeou Mafalda Livermore e por que houve a exonera\u00e7\u00e3o, prometendo levar o tema \u00e0 pr\u00f3xima reuni\u00e3o da C\u00e2mara Municipal. A leitura \u00e9 de que a autarquia deve explicar as decis\u00f5es administrativas associadas ao caso.<\/p>\n<p>Relativamente ao apelo de Rita Matias para que se demita, Mascarenhas rejeitou a hip\u00f3tese. Garantiu que a reportagem \u00e9 enviesada e que algumas testemunhas n\u00e3o s\u00e3o cred\u00edveis, incluindo uma que atua em cinema para adultos. Afirmou ainda que conta com o apoio do l\u00edder do seu partido e que permanece apto para liderar o projeto em Lisboa.<\/p>\n<h3>Ponto de controv\u00e9rsia e rea\u00e7\u00e3o<\/h3>\n<p>Mascarenhas confirmou que pretende manter o cargo e que n\u00e3o se sente fragilizado face \u00e0s acusa\u00e7\u00f5es. O vereador destacou o apoio interno no Chega e frisou que a dire\u00e7\u00e3o do partido n\u00e3o questionou a sua posi\u00e7\u00e3o. Mant\u00e9m o foco em continuar a exercer as fun\u00e7\u00f5es p\u00fablicas em Lisboa.<\/p>\n","protected":false},"excerpt":{"rendered":"<ul>\n<li>Bruno Mascarenhas, vereador do Chega em Lisboa, distancia-se das pol\u00e9micas envolvendo Mafalda Livermore, antiga vogal dos servi\u00e7os sociais da C\u00e2mara de Lisboa.<\/li>\n<li>A alega\u00e7\u00e3o \u00e9 de que Mafalda Livermore arrendou casas clandestinas a imigrantes e foi afastada pelo presidente da C\u00e2mara, Carlos Moedas; Mascarenhas diz que Moedas deve explicar a nomea\u00e7\u00e3o e a exonera\u00e7\u00e3o.<\/li>\n<li>O vereador vai levar o tema \u00e0 pr\u00f3xima reuni\u00e3o da autarquia e rejeita o apelo da deputada Rita Matias para se demitir, afirmando que a reportagem \u00e9 enviesada e com testemunhas de pouca credibilidade.<\/li>\n<li>Mascarenhas afirma ter condi\u00e7\u00f5es para continuar no cargo e garante o apoio do presidente do seu partido, mantendo-se confiante na sua posi\u00e7\u00e3o.<\/li>\n<\/ul>\n","protected":false},"author":2,"featured_media":419084,"comment_status":"closed","ping_status":"closed","sticky":false,"template":"","format":"standard","meta":{"footnotes":""},"categories":[1,5],"tags":[2142,7463,981,4523,2832,30],"class_list":["post-419080","post","type-post","status-publish","format-standard","has-post-thumbnail","hentry","category-noticias","category-politica","tag-chega","tag-exoneracoes","tag-lisboa","tag-nomeacoes","tag-politica","tag-presidente"],"yoast_head":"<!-- This site is optimized with the Yoast SEO plugin v27.2 - https:\/\/yoast.com\/product\/yoast-seo-wordpress\/ -->\n<title>Bruno Mascarenhas afasta-se de pol\u00e9micas e pede explica\u00e7\u00f5es a Moedas - Portal Tela Portugal<\/title>\n<meta name=\"robots\" content=\"index, follow, max-snippet:-1, max-image-preview:large, max-video-preview:-1\" \/>\n<meta property=\"og:locale\" content=\"pt_PT\" \/>\n<meta property=\"og:type\" content=\"article\" \/>\n<meta property=\"og:title\" content=\"Bruno Mascarenhas afasta-se de pol\u00e9micas e pede explica\u00e7\u00f5es a Moedas - Portal Tela Portugal\" \/>\n<meta property=\"og:description\" content=\"Bruno Mascarenhas, vereador do Chega em Lisboa, distancia-se das pol\u00e9micas envolvendo Mafalda Livermore, antiga vogal dos servi\u00e7os sociais da C\u00e2mara de Lisboa. A alega\u00e7\u00e3o \u00e9 de que Mafalda Livermore arrendou casas clandestinas a imigrantes e foi afastada pelo presidente da C\u00e2mara, Carlos Moedas; Mascarenhas diz que Moedas deve explicar a nomea\u00e7\u00e3o e a exonera\u00e7\u00e3o. O vereador vai levar o tema \u00e0 pr\u00f3xima reuni\u00e3o da autarquia e rejeita o apelo da deputada Rita Matias para se demitir, afirmando que a reportagem \u00e9 enviesada e com testemunhas de pouca credibilidade. Mascarenhas afirma ter condi\u00e7\u00f5es para continuar no cargo e garante o apoio do presidente do seu partido, mantendo-se confiante na sua posi\u00e7\u00e3o.\" \/>\n<meta property=\"og:url\" content=\"https:\/\/portaltela.pt\/noticias\/2026\/03\/23\/bruno-mascarenhas-afasta-se-de-polemicas-e-pede-explicacoes-a-moedas\/\" \/>\n<meta property=\"og:site_name\" content=\"Portal Tela Portugal\" \/>\n<meta property=\"article:published_time\" content=\"2026-03-24T01:30:00+00:00\" \/>\n<meta name=\"author\" content=\"Telinha\" \/>\n<meta name=\"twitter:card\" content=\"summary_large_image\" \/>\n<meta name=\"twitter:label1\" content=\"Escrito por\" \/>\n\t<meta name=\"twitter:data1\" content=\"Telinha\" \/>\n\t<meta name=\"twitter:label2\" content=\"Tempo estimado de leitura\" \/>\n\t<meta name=\"twitter:data2\" content=\"1 minuto\" \/>\n<script type=\"application\/ld+json\" class=\"yoast-schema-graph\">{\"@context\":\"https:\/\/schema.org\",\"@graph\":[{\"@type\":\"Article\",\"@id\":\"https:\/\/portaltela.pt\/noticias\/2026\/03\/23\/bruno-mascarenhas-afasta-se-de-polemicas-e-pede-explicacoes-a-moedas\/#article\",\"isPartOf\":{\"@id\":\"https:\/\/portaltela.pt\/noticias\/2026\/03\/23\/bruno-mascarenhas-afasta-se-de-polemicas-e-pede-explicacoes-a-moedas\/\"},\"author\":{\"name\":\"Telinha\",\"@id\":\"https:\/\/portaltela.pt\/#\/schema\/person\/c4278d4a6028830caff9ee44b42d32ed\"},\"headline\":\"Bruno Mascarenhas afasta-se de pol\u00e9micas e pede explica\u00e7\u00f5es a Moedas\",\"datePublished\":\"2026-03-24T01:30:00+00:00\",\"mainEntityOfPage\":{\"@id\":\"https:\/\/portaltela.pt\/noticias\/2026\/03\/23\/bruno-mascarenhas-afasta-se-de-polemicas-e-pede-explicacoes-a-moedas\/\"},\"wordCount\":238,\"image\":{\"@id\":\"https:\/\/portaltela.pt\/noticias\/2026\/03\/23\/bruno-mascarenhas-afasta-se-de-polemicas-e-pede-explicacoes-a-moedas\/#primaryimage\"},\"thumbnailUrl\":\"https:\/\/portaltela.pt\/s.01k8rhncp4jt1\/2026\/03\/img_1500x1000uu2026-03-23-23-45-52-2274434.jpg\",\"keywords\":[\"CHEGA\",\"exonera\u00e7\u00f5es\",\"Lisboa\",\"nomea\u00e7\u00f5es\",\"pol\u00edtica\",\"presidente\"],\"articleSection\":[\"Not\u00edcias\",\"Pol\u00edtica\"],\"inLanguage\":\"pt-PT\"},{\"@type\":\"WebPage\",\"@id\":\"https:\/\/portaltela.pt\/noticias\/2026\/03\/23\/bruno-mascarenhas-afasta-se-de-polemicas-e-pede-explicacoes-a-moedas\/\",\"url\":\"https:\/\/portaltela.pt\/noticias\/2026\/03\/23\/bruno-mascarenhas-afasta-se-de-polemicas-e-pede-explicacoes-a-moedas\/\",\"name\":\"Bruno Mascarenhas afasta-se de pol\u00e9micas e pede explica\u00e7\u00f5es a Moedas - Portal Tela Portugal\",\"isPartOf\":{\"@id\":\"https:\/\/portaltela.pt\/#website\"},\"primaryImageOfPage\":{\"@id\":\"https:\/\/portaltela.pt\/noticias\/2026\/03\/23\/bruno-mascarenhas-afasta-se-de-polemicas-e-pede-explicacoes-a-moedas\/#primaryimage\"},\"image\":{\"@id\":\"https:\/\/portaltela.pt\/noticias\/2026\/03\/23\/bruno-mascarenhas-afasta-se-de-polemicas-e-pede-explicacoes-a-moedas\/#primaryimage\"},\"thumbnailUrl\":\"https:\/\/portaltela.pt\/s.01k8rhncp4jt1\/2026\/03\/img_1500x1000uu2026-03-23-23-45-52-2274434.jpg\",\"datePublished\":\"2026-03-24T01:30:00+00:00\",\"author\":{\"@id\":\"https:\/\/portaltela.pt\/#\/schema\/person\/c4278d4a6028830caff9ee44b42d32ed\"},\"breadcrumb\":{\"@id\":\"https:\/\/portaltela.pt\/noticias\/2026\/03\/23\/bruno-mascarenhas-afasta-se-de-polemicas-e-pede-explicacoes-a-moedas\/#breadcrumb\"},\"inLanguage\":\"pt-PT\",\"potentialAction\":[{\"@type\":\"ReadAction\",\"target\":[\"https:\/\/portaltela.pt\/noticias\/2026\/03\/23\/bruno-mascarenhas-afasta-se-de-polemicas-e-pede-explicacoes-a-moedas\/\"]}]},{\"@type\":\"ImageObject\",\"inLanguage\":\"pt-PT\",\"@id\":\"https:\/\/portaltela.pt\/noticias\/2026\/03\/23\/bruno-mascarenhas-afasta-se-de-polemicas-e-pede-explicacoes-a-moedas\/#primaryimage\",\"url\":\"https:\/\/portaltela.pt\/s.01k8rhncp4jt1\/2026\/03\/img_1500x1000uu2026-03-23-23-45-52-2274434.jpg\",\"contentUrl\":\"https:\/\/portaltela.pt\/s.01k8rhncp4jt1\/2026\/03\/img_1500x1000uu2026-03-23-23-45-52-2274434.jpg\",\"width\":796,\"height\":448,\"caption\":\"Bruno Mascarenhas, vereador do Chega em Lisboa, foi na segunda-feira entrevistado pelo NOW\"},{\"@type\":\"BreadcrumbList\",\"@id\":\"https:\/\/portaltela.pt\/noticias\/2026\/03\/23\/bruno-mascarenhas-afasta-se-de-polemicas-e-pede-explicacoes-a-moedas\/#breadcrumb\",\"itemListElement\":[{\"@type\":\"ListItem\",\"position\":1,\"name\":\"In\u00edcio\",\"item\":\"https:\/\/portaltela.pt\/\"},{\"@type\":\"ListItem\",\"position\":2,\"name\":\"Bruno Mascarenhas afasta-se de pol\u00e9micas e pede explica\u00e7\u00f5es a Moedas\"}]},{\"@type\":\"WebSite\",\"@id\":\"https:\/\/portaltela.pt\/#website\",\"url\":\"https:\/\/portaltela.pt\/\",\"name\":\"Portal Tela Portugal\",\"description\":\"\",\"potentialAction\":[{\"@type\":\"SearchAction\",\"target\":{\"@type\":\"EntryPoint\",\"urlTemplate\":\"https:\/\/portaltela.pt\/?s={search_term_string}\"},\"query-input\":{\"@type\":\"PropertyValueSpecification\",\"valueRequired\":true,\"valueName\":\"search_term_string\"}}],\"inLanguage\":\"pt-PT\"},{\"@type\":\"Person\",\"@id\":\"https:\/\/portaltela.pt\/#\/schema\/person\/c4278d4a6028830caff9ee44b42d32ed\",\"name\":\"Telinha\",\"image\":{\"@type\":\"ImageObject\",\"inLanguage\":\"pt-PT\",\"@id\":\"https:\/\/portaltela.pt\/s.01k8rhncp4jt1\/2025\/11\/talking-bot-125x125.png\",\"url\":\"https:\/\/portaltela.pt\/s.01k8rhncp4jt1\/2025\/11\/talking-bot-125x125.png\",\"contentUrl\":\"https:\/\/portaltela.pt\/s.01k8rhncp4jt1\/2025\/11\/talking-bot-125x125.png\",\"caption\":\"Telinha\"},\"sameAs\":[\"https:\/\/portaltela.pt\/\"],\"url\":\"https:\/\/portaltela.pt\/por\/367410592786\/\"}]}<\/script>\n<!-- \/ Yoast SEO plugin. -->","yoast_head_json":{"title":"Bruno Mascarenhas afasta-se de pol\u00e9micas e pede explica\u00e7\u00f5es a Moedas - Portal Tela Portugal","robots":{"index":"index","follow":"follow","max-snippet":"max-snippet:-1","max-image-preview":"max-image-preview:large","max-video-preview":"max-video-preview:-1"},"og_locale":"pt_PT","og_type":"article","og_title":"Bruno Mascarenhas afasta-se de pol\u00e9micas e pede explica\u00e7\u00f5es a Moedas - Portal Tela Portugal","og_description":"Bruno Mascarenhas, vereador do Chega em Lisboa, distancia-se das pol\u00e9micas envolvendo Mafalda Livermore, antiga vogal dos servi\u00e7os sociais da C\u00e2mara de Lisboa. A alega\u00e7\u00e3o \u00e9 de que Mafalda Livermore arrendou casas clandestinas a imigrantes e foi afastada pelo presidente da C\u00e2mara, Carlos Moedas; Mascarenhas diz que Moedas deve explicar a nomea\u00e7\u00e3o e a exonera\u00e7\u00e3o. O vereador vai levar o tema \u00e0 pr\u00f3xima reuni\u00e3o da autarquia e rejeita o apelo da deputada Rita Matias para se demitir, afirmando que a reportagem \u00e9 enviesada e com testemunhas de pouca credibilidade. Mascarenhas afirma ter condi\u00e7\u00f5es para continuar no cargo e garante o apoio do presidente do seu partido, mantendo-se confiante na sua posi\u00e7\u00e3o.","og_url":"https:\/\/portaltela.pt\/noticias\/2026\/03\/23\/bruno-mascarenhas-afasta-se-de-polemicas-e-pede-explicacoes-a-moedas\/","og_site_name":"Portal Tela Portugal","article_published_time":"2026-03-24T01:30:00+00:00","author":"Telinha","twitter_card":"summary_large_image","twitter_misc":{"Escrito por":"Telinha","Tempo estimado de leitura":"1 minuto"},"schema":{"@context":"https:\/\/schema.org","@graph":[{"@type":"Article","@id":"https:\/\/portaltela.pt\/noticias\/2026\/03\/23\/bruno-mascarenhas-afasta-se-de-polemicas-e-pede-explicacoes-a-moedas\/#article","isPartOf":{"@id":"https:\/\/portaltela.pt\/noticias\/2026\/03\/23\/bruno-mascarenhas-afasta-se-de-polemicas-e-pede-explicacoes-a-moedas\/"},"author":{"name":"Telinha","@id":"https:\/\/portaltela.pt\/#\/schema\/person\/c4278d4a6028830caff9ee44b42d32ed"},"headline":"Bruno Mascarenhas afasta-se de pol\u00e9micas e pede explica\u00e7\u00f5es a Moedas","datePublished":"2026-03-24T01:30:00+00:00","mainEntityOfPage":{"@id":"https:\/\/portaltela.pt\/noticias\/2026\/03\/23\/bruno-mascarenhas-afasta-se-de-polemicas-e-pede-explicacoes-a-moedas\/"},"wordCount":238,"image":{"@id":"https:\/\/portaltela.pt\/noticias\/2026\/03\/23\/bruno-mascarenhas-afasta-se-de-polemicas-e-pede-explicacoes-a-moedas\/#primaryimage"},"thumbnailUrl":"https:\/\/portaltela.pt\/s.01k8rhncp4jt1\/2026\/03\/img_1500x1000uu2026-03-23-23-45-52-2274434.jpg","keywords":["CHEGA","exonera\u00e7\u00f5es","Lisboa","nomea\u00e7\u00f5es","pol\u00edtica","presidente"],"articleSection":["Not\u00edcias","Pol\u00edtica"],"inLanguage":"pt-PT"},{"@type":"WebPage","@id":"https:\/\/portaltela.pt\/noticias\/2026\/03\/23\/bruno-mascarenhas-afasta-se-de-polemicas-e-pede-explicacoes-a-moedas\/","url":"https:\/\/portaltela.pt\/noticias\/2026\/03\/23\/bruno-mascarenhas-afasta-se-de-polemicas-e-pede-explicacoes-a-moedas\/","name":"Bruno Mascarenhas afasta-se de pol\u00e9micas e pede explica\u00e7\u00f5es a Moedas - Portal Tela Portugal","isPartOf":{"@id":"https:\/\/portaltela.pt\/#website"},"primaryImageOfPage":{"@id":"https:\/\/portaltela.pt\/noticias\/2026\/03\/23\/bruno-mascarenhas-afasta-se-de-polemicas-e-pede-explicacoes-a-moedas\/#primaryimage"},"image":{"@id":"https:\/\/portaltela.pt\/noticias\/2026\/03\/23\/bruno-mascarenhas-afasta-se-de-polemicas-e-pede-explicacoes-a-moedas\/#primaryimage"},"thumbnailUrl":"https:\/\/portaltela.pt\/s.01k8rhncp4jt1\/2026\/03\/img_1500x1000uu2026-03-23-23-45-52-2274434.jpg","datePublished":"2026-03-24T01:30:00+00:00","author":{"@id":"https:\/\/portaltela.pt\/#\/schema\/person\/c4278d4a6028830caff9ee44b42d32ed"},"breadcrumb":{"@id":"https:\/\/portaltela.pt\/noticias\/2026\/03\/23\/bruno-mascarenhas-afasta-se-de-polemicas-e-pede-explicacoes-a-moedas\/#breadcrumb"},"inLanguage":"pt-PT","potentialAction":[{"@type":"ReadAction","target":["https:\/\/portaltela.pt\/noticias\/2026\/03\/23\/bruno-mascarenhas-afasta-se-de-polemicas-e-pede-explicacoes-a-moedas\/"]}]},{"@type":"ImageObject","inLanguage":"pt-PT","@id":"https:\/\/portaltela.pt\/noticias\/2026\/03\/23\/bruno-mascarenhas-afasta-se-de-polemicas-e-pede-explicacoes-a-moedas\/#primaryimage","url":"https:\/\/portaltela.pt\/s.01k8rhncp4jt1\/2026\/03\/img_1500x1000uu2026-03-23-23-45-52-2274434.jpg","contentUrl":"https:\/\/portaltela.pt\/s.01k8rhncp4jt1\/2026\/03\/img_1500x1000uu2026-03-23-23-45-52-2274434.jpg","width":796,"height":448,"caption":"Bruno Mascarenhas, vereador do Chega em Lisboa, foi na segunda-feira entrevistado pelo NOW"},{"@type":"BreadcrumbList","@id":"https:\/\/portaltela.pt\/noticias\/2026\/03\/23\/bruno-mascarenhas-afasta-se-de-polemicas-e-pede-explicacoes-a-moedas\/#breadcrumb","itemListElement":[{"@type":"ListItem","position":1,"name":"In\u00edcio","item":"https:\/\/portaltela.pt\/"},{"@type":"ListItem","position":2,"name":"Bruno Mascarenhas afasta-se de pol\u00e9micas e pede explica\u00e7\u00f5es a Moedas"}]},{"@type":"WebSite","@id":"https:\/\/portaltela.pt\/#website","url":"https:\/\/portaltela.pt\/","name":"Portal Tela Portugal","description":"","potentialAction":[{"@type":"SearchAction","target":{"@type":"EntryPoint","urlTemplate":"https:\/\/portaltela.pt\/?s={search_term_string}"},"query-input":{"@type":"PropertyValueSpecification","valueRequired":true,"valueName":"search_term_string"}}],"inLanguage":"pt-PT"},{"@type":"Person","@id":"https:\/\/portaltela.pt\/#\/schema\/person\/c4278d4a6028830caff9ee44b42d32ed","name":"Telinha","image":{"@type":"ImageObject","inLanguage":"pt-PT","@id":"https:\/\/portaltela.pt\/s.01k8rhncp4jt1\/2025\/11\/talking-bot-125x125.png","url":"https:\/\/portaltela.pt\/s.01k8rhncp4jt1\/2025\/11\/talking-bot-125x125.png","contentUrl":"https:\/\/portaltela.pt\/s.01k8rhncp4jt1\/2025\/11\/talking-bot-125x125.png","caption":"Telinha"},"sameAs":["https:\/\/portaltela.pt\/"],"url":"https:\/\/portaltela.pt\/por\/367410592786\/"}]}},"_links":{"self":[{"href":"https:\/\/portaltela.pt\/api\/wp\/v2\/posts\/419080","targetHints":{"allow":["GET"]}}],"collection":[{"href":"https:\/\/portaltela.pt\/api\/wp\/v2\/posts"}],"about":[{"href":"https:\/\/portaltela.pt\/api\/wp\/v2\/types\/post"}],"author":[{"embeddable":true,"href":"https:\/\/portaltela.pt\/api\/wp\/v2\/users\/2"}],"replies":[{"embeddable":true,"href":"https:\/\/portaltela.pt\/api\/wp\/v2\/comments?post=419080"}],"version-history":[{"count":0,"href":"https:\/\/portaltela.pt\/api\/wp\/v2\/posts\/419080\/revisions"}],"wp:featuredmedia":[{"embeddable":true,"href":"https:\/\/portaltela.pt\/api\/wp\/v2\/media\/419084"}],"wp:attachment":[{"href":"https:\/\/portaltela.pt\/api\/wp\/v2\/media?parent=419080"}],"wp:term":[{"taxonomy":"category","embeddable":true,"href":"https:\/\/portaltela.pt\/api\/wp\/v2\/categories?post=419080"},{"taxonomy":"post_tag","embeddable":true,"href":"https:\/\/portaltela.pt\/api\/wp\/v2\/tags?post=419080"}],"curies":[{"name":"wp","href":"https:\/\/api.w.org\/{rel}","templated":true}]}}