{"id":419079,"date":"2026-03-23T22:30:00","date_gmt":"2026-03-24T01:30:00","guid":{"rendered":"https:\/\/portaltela.pt\/noticias\/2026\/03\/23\/estado-nao-assume-responsabilidades-misericordias-fecham-300-camas-de-cuidados\/"},"modified":"2026-03-23T22:30:00","modified_gmt":"2026-03-24T01:30:00","slug":"estado-nao-assume-responsabilidades-misericordias-fecham-300-camas-de-cuidados","status":"publish","type":"post","link":"https:\/\/portaltela.pt\/saude\/2026\/03\/23\/estado-nao-assume-responsabilidades-misericordias-fecham-300-camas-de-cuidados\/","title":{"rendered":"Estado n\u00e3o assume responsabilidades; Miseric\u00f3rdias fecham 300 camas de cuidados"},"content":{"rendered":"<p>O presidente da Uni\u00e3o das Miseric\u00f3rdias Portuguesas afirma que o encerramento de cerca de 300 camas de cuidados continuados ocorreu no \u00faltimo ano, por raz\u00f5es estritamente financeiras. A leitura \u00e9 de que o Estado n\u00e3o est\u00e1 a assumir as suas responsabilidades no financiamento destas estruturas.<\/p>\n<p>O sistema nacional de cuidados continuados envolve cerca de 6000 camas, proporcionando atendimento de sa\u00fade e apoio social de forma integrada a pessoas em situa\u00e7\u00e3o de depend\u00eancia, independentemente da idade.<\/p>\n<p>O custo di\u00e1rio por utente em camas de longa dura\u00e7\u00e3o est\u00e1 estimado em aproximadamente 85 euros, com o Estado a cobrir apenas cerca de 85% desse valor. A restante parcela, correspondente a 15%, permanece por financiar, segundo a institui\u00e7\u00e3o.<\/p>\n<h3>Financiamento e gest\u00e3o do sistema<\/h3>\n<p>A Uni\u00e3o das Miseric\u00f3rdias Portuguesas sustenta que a gest\u00e3o da rede \u00e9, na pr\u00e1tica, p\u00fablica, dado que o Estado decide quem entra, a dura\u00e7\u00e3o da estadia e o n\u00edvel de financiamento. Esta vis\u00e3o sustenta a necessidade de uma solu\u00e7\u00e3o para o financiamento residual.<\/p>\n","protected":false},"excerpt":{"rendered":"<ul>\n<li>As miseric\u00f3rdias fecharam cerca de 300 camas de cuidados continuados no \u00faltimo ano, por raz\u00f5es exclusivamente financeiras.<\/li>\n<li>O presidente da Uni\u00e3o das Miseric\u00f3rdias Portuguesas, Manuel Lemos, afirma que o Estado n\u00e3o est\u00e1 a assumir as suas responsabilidades.<\/li>\n<li>Existem cerca de seis mil camas de cuidados continuados na rede nacional, com atua\u00e7\u00e3o integrada de sa\u00fade e apoio social.<\/li>\n<li>O custo por utente em camas de longa dura\u00e7\u00e3o \u00e9 de cerca de 85 euros por dia, sendo que o Estado cobre apenas 85% desse valor.<\/li>\n<li>\u00c9 necess\u00e1ria uma solu\u00e7\u00e3o para os 15% restantes, j\u00e1 que, segundo Manuel Lemos, a rede funciona como p\u00fablica, com o Estado a definir pacientes, unidades, dura\u00e7\u00e3o e financiamento.<\/li>\n<\/ul>\n","protected":false},"author":2,"featured_media":419085,"comment_status":"closed","ping_status":"closed","sticky":false,"template":"","format":"standard","meta":{"footnotes":""},"categories":[6745],"tags":[6065,168,733,172,243,2757],"class_list":["post-419079","post","type-post","status-publish","format-standard","has-post-thumbnail","hentry","category-saude","tag-a-misericordia","tag-administracao-publica","tag-financas-publicas","tag-saude","tag-seguranca-social","tag-uniao-das-misericordias-portuguesas"],"yoast_head":"<!-- This site is optimized with the Yoast SEO plugin v27.2 - https:\/\/yoast.com\/product\/yoast-seo-wordpress\/ -->\n<title>Estado n\u00e3o assume responsabilidades; Miseric\u00f3rdias fecham 300 camas de cuidados - Portal Tela Portugal<\/title>\n<meta name=\"robots\" content=\"index, follow, max-snippet:-1, max-image-preview:large, max-video-preview:-1\" \/>\n<meta property=\"og:locale\" content=\"pt_PT\" \/>\n<meta property=\"og:type\" content=\"article\" \/>\n<meta property=\"og:title\" content=\"Estado n\u00e3o assume responsabilidades; Miseric\u00f3rdias fecham 300 camas de cuidados - Portal Tela Portugal\" \/>\n<meta property=\"og:description\" content=\"As miseric\u00f3rdias fecharam cerca de 300 camas de cuidados continuados no \u00faltimo ano, por raz\u00f5es exclusivamente financeiras. O presidente da Uni\u00e3o das Miseric\u00f3rdias Portuguesas, Manuel Lemos, afirma que o Estado n\u00e3o est\u00e1 a assumir as suas responsabilidades. Existem cerca de seis mil camas de cuidados continuados na rede nacional, com atua\u00e7\u00e3o integrada de sa\u00fade e apoio social. O custo por utente em camas de longa dura\u00e7\u00e3o \u00e9 de cerca de 85 euros por dia, sendo que o Estado cobre apenas 85% desse valor. \u00c9 necess\u00e1ria uma solu\u00e7\u00e3o para os 15% restantes, j\u00e1 que, segundo Manuel Lemos, a rede funciona como p\u00fablica, com o Estado a definir pacientes, unidades, dura\u00e7\u00e3o e financiamento.\" \/>\n<meta property=\"og:url\" content=\"https:\/\/portaltela.pt\/noticias\/2026\/03\/23\/estado-nao-assume-responsabilidades-misericordias-fecham-300-camas-de-cuidados\/\" \/>\n<meta property=\"og:site_name\" content=\"Portal Tela Portugal\" \/>\n<meta property=\"article:published_time\" content=\"2026-03-24T01:30:00+00:00\" \/>\n<meta name=\"author\" content=\"Telinha\" \/>\n<meta name=\"twitter:card\" content=\"summary_large_image\" \/>\n<meta name=\"twitter:label1\" content=\"Escrito por\" \/>\n\t<meta name=\"twitter:data1\" content=\"Telinha\" \/>\n\t<meta name=\"twitter:label2\" content=\"Tempo estimado de leitura\" \/>\n\t<meta name=\"twitter:data2\" content=\"1 minuto\" \/>\n<script type=\"application\/ld+json\" class=\"yoast-schema-graph\">{\"@context\":\"https:\/\/schema.org\",\"@graph\":[{\"@type\":\"Article\",\"@id\":\"https:\/\/portaltela.pt\/noticias\/2026\/03\/23\/estado-nao-assume-responsabilidades-misericordias-fecham-300-camas-de-cuidados\/#article\",\"isPartOf\":{\"@id\":\"https:\/\/portaltela.pt\/noticias\/2026\/03\/23\/estado-nao-assume-responsabilidades-misericordias-fecham-300-camas-de-cuidados\/\"},\"author\":{\"name\":\"Telinha\",\"@id\":\"https:\/\/portaltela.pt\/#\/schema\/person\/c4278d4a6028830caff9ee44b42d32ed\"},\"headline\":\"Estado n\u00e3o assume responsabilidades; Miseric\u00f3rdias fecham 300 camas de cuidados\",\"datePublished\":\"2026-03-24T01:30:00+00:00\",\"mainEntityOfPage\":{\"@id\":\"https:\/\/portaltela.pt\/noticias\/2026\/03\/23\/estado-nao-assume-responsabilidades-misericordias-fecham-300-camas-de-cuidados\/\"},\"wordCount\":186,\"image\":{\"@id\":\"https:\/\/portaltela.pt\/noticias\/2026\/03\/23\/estado-nao-assume-responsabilidades-misericordias-fecham-300-camas-de-cuidados\/#primaryimage\"},\"thumbnailUrl\":\"https:\/\/portaltela.pt\/s.01k8rhncp4jt1\/2026\/03\/img_1500x1000uu2016-06-06-09-26-00-541654.jpg\",\"keywords\":[\"A Miseric\u00f3rdia\",\"administra\u00e7\u00e3o p\u00fablica\",\"finan\u00e7as p\u00fablicas\",\"sa\u00fade\",\"seguran\u00e7a social\",\"Uni\u00e3o das Miseric\u00f3rdias Portuguesas\"],\"articleSection\":[\"Sa\u00fade\"],\"inLanguage\":\"pt-PT\"},{\"@type\":\"WebPage\",\"@id\":\"https:\/\/portaltela.pt\/noticias\/2026\/03\/23\/estado-nao-assume-responsabilidades-misericordias-fecham-300-camas-de-cuidados\/\",\"url\":\"https:\/\/portaltela.pt\/noticias\/2026\/03\/23\/estado-nao-assume-responsabilidades-misericordias-fecham-300-camas-de-cuidados\/\",\"name\":\"Estado n\u00e3o assume responsabilidades; Miseric\u00f3rdias fecham 300 camas de cuidados - Portal Tela Portugal\",\"isPartOf\":{\"@id\":\"https:\/\/portaltela.pt\/#website\"},\"primaryImageOfPage\":{\"@id\":\"https:\/\/portaltela.pt\/noticias\/2026\/03\/23\/estado-nao-assume-responsabilidades-misericordias-fecham-300-camas-de-cuidados\/#primaryimage\"},\"image\":{\"@id\":\"https:\/\/portaltela.pt\/noticias\/2026\/03\/23\/estado-nao-assume-responsabilidades-misericordias-fecham-300-camas-de-cuidados\/#primaryimage\"},\"thumbnailUrl\":\"https:\/\/portaltela.pt\/s.01k8rhncp4jt1\/2026\/03\/img_1500x1000uu2016-06-06-09-26-00-541654.jpg\",\"datePublished\":\"2026-03-24T01:30:00+00:00\",\"author\":{\"@id\":\"https:\/\/portaltela.pt\/#\/schema\/person\/c4278d4a6028830caff9ee44b42d32ed\"},\"breadcrumb\":{\"@id\":\"https:\/\/portaltela.pt\/noticias\/2026\/03\/23\/estado-nao-assume-responsabilidades-misericordias-fecham-300-camas-de-cuidados\/#breadcrumb\"},\"inLanguage\":\"pt-PT\",\"potentialAction\":[{\"@type\":\"ReadAction\",\"target\":[\"https:\/\/portaltela.pt\/noticias\/2026\/03\/23\/estado-nao-assume-responsabilidades-misericordias-fecham-300-camas-de-cuidados\/\"]}]},{\"@type\":\"ImageObject\",\"inLanguage\":\"pt-PT\",\"@id\":\"https:\/\/portaltela.pt\/noticias\/2026\/03\/23\/estado-nao-assume-responsabilidades-misericordias-fecham-300-camas-de-cuidados\/#primaryimage\",\"url\":\"https:\/\/portaltela.pt\/s.01k8rhncp4jt1\/2026\/03\/img_1500x1000uu2016-06-06-09-26-00-541654.jpg\",\"contentUrl\":\"https:\/\/portaltela.pt\/s.01k8rhncp4jt1\/2026\/03\/img_1500x1000uu2016-06-06-09-26-00-541654.jpg\",\"width\":796,\"height\":448,\"caption\":\"Miseric\u00f3rdias disp\u00f5em de cerca de seis mil camas para utentes com depend\u00eancia\"},{\"@type\":\"BreadcrumbList\",\"@id\":\"https:\/\/portaltela.pt\/noticias\/2026\/03\/23\/estado-nao-assume-responsabilidades-misericordias-fecham-300-camas-de-cuidados\/#breadcrumb\",\"itemListElement\":[{\"@type\":\"ListItem\",\"position\":1,\"name\":\"In\u00edcio\",\"item\":\"https:\/\/portaltela.pt\/\"},{\"@type\":\"ListItem\",\"position\":2,\"name\":\"Estado n\u00e3o assume responsabilidades; Miseric\u00f3rdias fecham 300 camas de cuidados\"}]},{\"@type\":\"WebSite\",\"@id\":\"https:\/\/portaltela.pt\/#website\",\"url\":\"https:\/\/portaltela.pt\/\",\"name\":\"Portal Tela Portugal\",\"description\":\"\",\"potentialAction\":[{\"@type\":\"SearchAction\",\"target\":{\"@type\":\"EntryPoint\",\"urlTemplate\":\"https:\/\/portaltela.pt\/?s={search_term_string}\"},\"query-input\":{\"@type\":\"PropertyValueSpecification\",\"valueRequired\":true,\"valueName\":\"search_term_string\"}}],\"inLanguage\":\"pt-PT\"},{\"@type\":\"Person\",\"@id\":\"https:\/\/portaltela.pt\/#\/schema\/person\/c4278d4a6028830caff9ee44b42d32ed\",\"name\":\"Telinha\",\"image\":{\"@type\":\"ImageObject\",\"inLanguage\":\"pt-PT\",\"@id\":\"https:\/\/portaltela.pt\/s.01k8rhncp4jt1\/2025\/11\/talking-bot-125x125.png\",\"url\":\"https:\/\/portaltela.pt\/s.01k8rhncp4jt1\/2025\/11\/talking-bot-125x125.png\",\"contentUrl\":\"https:\/\/portaltela.pt\/s.01k8rhncp4jt1\/2025\/11\/talking-bot-125x125.png\",\"caption\":\"Telinha\"},\"sameAs\":[\"https:\/\/portaltela.pt\/\"],\"url\":\"https:\/\/portaltela.pt\/por\/367410592786\/\"}]}<\/script>\n<!-- \/ Yoast SEO plugin. -->","yoast_head_json":{"title":"Estado n\u00e3o assume responsabilidades; Miseric\u00f3rdias fecham 300 camas de cuidados - Portal Tela Portugal","robots":{"index":"index","follow":"follow","max-snippet":"max-snippet:-1","max-image-preview":"max-image-preview:large","max-video-preview":"max-video-preview:-1"},"og_locale":"pt_PT","og_type":"article","og_title":"Estado n\u00e3o assume responsabilidades; Miseric\u00f3rdias fecham 300 camas de cuidados - Portal Tela Portugal","og_description":"As miseric\u00f3rdias fecharam cerca de 300 camas de cuidados continuados no \u00faltimo ano, por raz\u00f5es exclusivamente financeiras. O presidente da Uni\u00e3o das Miseric\u00f3rdias Portuguesas, Manuel Lemos, afirma que o Estado n\u00e3o est\u00e1 a assumir as suas responsabilidades. Existem cerca de seis mil camas de cuidados continuados na rede nacional, com atua\u00e7\u00e3o integrada de sa\u00fade e apoio social. O custo por utente em camas de longa dura\u00e7\u00e3o \u00e9 de cerca de 85 euros por dia, sendo que o Estado cobre apenas 85% desse valor. \u00c9 necess\u00e1ria uma solu\u00e7\u00e3o para os 15% restantes, j\u00e1 que, segundo Manuel Lemos, a rede funciona como p\u00fablica, com o Estado a definir pacientes, unidades, dura\u00e7\u00e3o e financiamento.","og_url":"https:\/\/portaltela.pt\/noticias\/2026\/03\/23\/estado-nao-assume-responsabilidades-misericordias-fecham-300-camas-de-cuidados\/","og_site_name":"Portal Tela Portugal","article_published_time":"2026-03-24T01:30:00+00:00","author":"Telinha","twitter_card":"summary_large_image","twitter_misc":{"Escrito por":"Telinha","Tempo estimado de leitura":"1 minuto"},"schema":{"@context":"https:\/\/schema.org","@graph":[{"@type":"Article","@id":"https:\/\/portaltela.pt\/noticias\/2026\/03\/23\/estado-nao-assume-responsabilidades-misericordias-fecham-300-camas-de-cuidados\/#article","isPartOf":{"@id":"https:\/\/portaltela.pt\/noticias\/2026\/03\/23\/estado-nao-assume-responsabilidades-misericordias-fecham-300-camas-de-cuidados\/"},"author":{"name":"Telinha","@id":"https:\/\/portaltela.pt\/#\/schema\/person\/c4278d4a6028830caff9ee44b42d32ed"},"headline":"Estado n\u00e3o assume responsabilidades; Miseric\u00f3rdias fecham 300 camas de cuidados","datePublished":"2026-03-24T01:30:00+00:00","mainEntityOfPage":{"@id":"https:\/\/portaltela.pt\/noticias\/2026\/03\/23\/estado-nao-assume-responsabilidades-misericordias-fecham-300-camas-de-cuidados\/"},"wordCount":186,"image":{"@id":"https:\/\/portaltela.pt\/noticias\/2026\/03\/23\/estado-nao-assume-responsabilidades-misericordias-fecham-300-camas-de-cuidados\/#primaryimage"},"thumbnailUrl":"https:\/\/portaltela.pt\/s.01k8rhncp4jt1\/2026\/03\/img_1500x1000uu2016-06-06-09-26-00-541654.jpg","keywords":["A Miseric\u00f3rdia","administra\u00e7\u00e3o p\u00fablica","finan\u00e7as p\u00fablicas","sa\u00fade","seguran\u00e7a social","Uni\u00e3o das Miseric\u00f3rdias Portuguesas"],"articleSection":["Sa\u00fade"],"inLanguage":"pt-PT"},{"@type":"WebPage","@id":"https:\/\/portaltela.pt\/noticias\/2026\/03\/23\/estado-nao-assume-responsabilidades-misericordias-fecham-300-camas-de-cuidados\/","url":"https:\/\/portaltela.pt\/noticias\/2026\/03\/23\/estado-nao-assume-responsabilidades-misericordias-fecham-300-camas-de-cuidados\/","name":"Estado n\u00e3o assume responsabilidades; Miseric\u00f3rdias fecham 300 camas de cuidados - Portal Tela Portugal","isPartOf":{"@id":"https:\/\/portaltela.pt\/#website"},"primaryImageOfPage":{"@id":"https:\/\/portaltela.pt\/noticias\/2026\/03\/23\/estado-nao-assume-responsabilidades-misericordias-fecham-300-camas-de-cuidados\/#primaryimage"},"image":{"@id":"https:\/\/portaltela.pt\/noticias\/2026\/03\/23\/estado-nao-assume-responsabilidades-misericordias-fecham-300-camas-de-cuidados\/#primaryimage"},"thumbnailUrl":"https:\/\/portaltela.pt\/s.01k8rhncp4jt1\/2026\/03\/img_1500x1000uu2016-06-06-09-26-00-541654.jpg","datePublished":"2026-03-24T01:30:00+00:00","author":{"@id":"https:\/\/portaltela.pt\/#\/schema\/person\/c4278d4a6028830caff9ee44b42d32ed"},"breadcrumb":{"@id":"https:\/\/portaltela.pt\/noticias\/2026\/03\/23\/estado-nao-assume-responsabilidades-misericordias-fecham-300-camas-de-cuidados\/#breadcrumb"},"inLanguage":"pt-PT","potentialAction":[{"@type":"ReadAction","target":["https:\/\/portaltela.pt\/noticias\/2026\/03\/23\/estado-nao-assume-responsabilidades-misericordias-fecham-300-camas-de-cuidados\/"]}]},{"@type":"ImageObject","inLanguage":"pt-PT","@id":"https:\/\/portaltela.pt\/noticias\/2026\/03\/23\/estado-nao-assume-responsabilidades-misericordias-fecham-300-camas-de-cuidados\/#primaryimage","url":"https:\/\/portaltela.pt\/s.01k8rhncp4jt1\/2026\/03\/img_1500x1000uu2016-06-06-09-26-00-541654.jpg","contentUrl":"https:\/\/portaltela.pt\/s.01k8rhncp4jt1\/2026\/03\/img_1500x1000uu2016-06-06-09-26-00-541654.jpg","width":796,"height":448,"caption":"Miseric\u00f3rdias disp\u00f5em de cerca de seis mil camas para utentes com depend\u00eancia"},{"@type":"BreadcrumbList","@id":"https:\/\/portaltela.pt\/noticias\/2026\/03\/23\/estado-nao-assume-responsabilidades-misericordias-fecham-300-camas-de-cuidados\/#breadcrumb","itemListElement":[{"@type":"ListItem","position":1,"name":"In\u00edcio","item":"https:\/\/portaltela.pt\/"},{"@type":"ListItem","position":2,"name":"Estado n\u00e3o assume responsabilidades; Miseric\u00f3rdias fecham 300 camas de cuidados"}]},{"@type":"WebSite","@id":"https:\/\/portaltela.pt\/#website","url":"https:\/\/portaltela.pt\/","name":"Portal Tela Portugal","description":"","potentialAction":[{"@type":"SearchAction","target":{"@type":"EntryPoint","urlTemplate":"https:\/\/portaltela.pt\/?s={search_term_string}"},"query-input":{"@type":"PropertyValueSpecification","valueRequired":true,"valueName":"search_term_string"}}],"inLanguage":"pt-PT"},{"@type":"Person","@id":"https:\/\/portaltela.pt\/#\/schema\/person\/c4278d4a6028830caff9ee44b42d32ed","name":"Telinha","image":{"@type":"ImageObject","inLanguage":"pt-PT","@id":"https:\/\/portaltela.pt\/s.01k8rhncp4jt1\/2025\/11\/talking-bot-125x125.png","url":"https:\/\/portaltela.pt\/s.01k8rhncp4jt1\/2025\/11\/talking-bot-125x125.png","contentUrl":"https:\/\/portaltela.pt\/s.01k8rhncp4jt1\/2025\/11\/talking-bot-125x125.png","caption":"Telinha"},"sameAs":["https:\/\/portaltela.pt\/"],"url":"https:\/\/portaltela.pt\/por\/367410592786\/"}]}},"_links":{"self":[{"href":"https:\/\/portaltela.pt\/api\/wp\/v2\/posts\/419079","targetHints":{"allow":["GET"]}}],"collection":[{"href":"https:\/\/portaltela.pt\/api\/wp\/v2\/posts"}],"about":[{"href":"https:\/\/portaltela.pt\/api\/wp\/v2\/types\/post"}],"author":[{"embeddable":true,"href":"https:\/\/portaltela.pt\/api\/wp\/v2\/users\/2"}],"replies":[{"embeddable":true,"href":"https:\/\/portaltela.pt\/api\/wp\/v2\/comments?post=419079"}],"version-history":[{"count":0,"href":"https:\/\/portaltela.pt\/api\/wp\/v2\/posts\/419079\/revisions"}],"wp:featuredmedia":[{"embeddable":true,"href":"https:\/\/portaltela.pt\/api\/wp\/v2\/media\/419085"}],"wp:attachment":[{"href":"https:\/\/portaltela.pt\/api\/wp\/v2\/media?parent=419079"}],"wp:term":[{"taxonomy":"category","embeddable":true,"href":"https:\/\/portaltela.pt\/api\/wp\/v2\/categories?post=419079"},{"taxonomy":"post_tag","embeddable":true,"href":"https:\/\/portaltela.pt\/api\/wp\/v2\/tags?post=419079"}],"curies":[{"name":"wp","href":"https:\/\/api.w.org\/{rel}","templated":true}]}}