{"id":419076,"date":"2026-03-23T22:30:00","date_gmt":"2026-03-24T01:30:00","guid":{"rendered":"https:\/\/portaltela.pt\/noticias\/2026\/03\/23\/mulher-agredia-os-filhos-durante-oito-anos-arrastando-os-e-atirando-os\/"},"modified":"2026-03-23T22:30:00","modified_gmt":"2026-03-24T01:30:00","slug":"mulher-agredia-os-filhos-durante-oito-anos-arrastando-os-e-atirando-os","status":"publish","type":"post","link":"https:\/\/portaltela.pt\/justica\/2026\/03\/23\/mulher-agredia-os-filhos-durante-oito-anos-arrastando-os-e-atirando-os\/","title":{"rendered":"Mulher agredia os filhos durante oito anos, arrastando-os e atirando-os"},"content":{"rendered":"<p>A Rela\u00e7\u00e3o de Coimbra confirmou a condena\u00e7\u00e3o de uma mulher, de 45 anos, residente na zona de Seia, por viol\u00eancia dom\u00e9stica contra os dois filhos. Os atos ocorreram entre 2015 e 2023, prolongando-se por oito anos, com agress\u00f5es f\u00edsicas, confinamento e priva\u00e7\u00e3o de alimento.<\/p>\n<p>O tribunal revelou que as agress\u00f5es eram reiteradas, com os filhos fechados no quarto e sem alimenta\u00e7\u00e3o. Em v\u00e1rias ocasi\u00f5es, a m\u00e3e arrastou-os pelos cabelos e atirou-os contra a parede, sobretudo quando estava sob efeito de \u00e1lcool.<\/p>\n<p>A filha, que hoje tem perto de 14 anos, apresenta sintomas compat\u00edveis com transtorno de stress p\u00f3s-traum\u00e1tico. O filho passou a viver com o pai em 2019; a filha ficou com a m\u00e3e at\u00e9 junho de 2023, quando fugiu ap\u00f3s nova agress\u00e3o.<\/p>\n<h3>Condena\u00e7\u00e3o confirmada<\/h3>\n<p>Os ju\u00edzes do Tribunal da Rela\u00e7\u00e3o de Coimbra rejeitaram o recurso da arguida, mantendo a condena\u00e7\u00e3o em primeira inst\u00e2ncia de quatro anos e 11 meses de pris\u00e3o, suspensa por cinco anos. Mantida ainda a proibi\u00e7\u00e3o de contactar os filhos.<\/p>\n<p>A decis\u00e3o prev\u00ea uma indemniza\u00e7\u00e3o de 2000 euros aos dois filhos. A arguida j\u00e1 tinha antecedentes criminais, com uma condena\u00e7\u00e3o anterior por viol\u00eancia dom\u00e9stica contra um antigo companheiro, relacionada com factos de 2018.<\/p>\n","protected":false},"excerpt":{"rendered":"<ul>\n<li>Viol\u00eancia dom\u00e9stica contra dois filhos durou oito anos, entre 2015 e 2023, na zona de Seia.<\/li>\n<li>Mulher, de 45 anos, foi condenada em primeira inst\u00e2ncia a quatro anos e onze meses, com suspens\u00e3o por cinco anos; o Tribunal da Rela\u00e7\u00e3o de Coimbra confirmou a condena\u00e7\u00e3o, a proibi\u00e7\u00e3o de contactar os filhos e uma indemniza\u00e7\u00e3o de dois mil euros.<\/li>\n<li>Um epis\u00f3dio grave descreve a filha com seis a sete anos e o filho com quatro a cinco: arrastados pelos cabelos, atirados contra a parede e alvo de pontap\u00e9s.<\/li>\n<li>Os maus-tratos eram frequentes; para esconderem hematomas, as crian\u00e7as usavam roupas que tapavam o corpo; o filho passou a morar com o pai em 2019, a filha ficou com a m\u00e3e at\u00e9 junho de 2023 e fugiu ap\u00f3s nova viol\u00eancia.<\/li>\n<li>A arguida enviou mensagens \u00e0 filha para a pressionar a depor; a v\u00edtima apresenta sintomas de transtorno de stress p\u00f3s-traum\u00e1tico; a mulher tem antecedentes criminais, incluindo viol\u00eancia contra um companheiro em 2018.<\/li>\n<\/ul>\n","protected":false},"author":2,"featured_media":419082,"comment_status":"closed","ping_status":"closed","sticky":false,"template":"","format":"standard","meta":{"footnotes":""},"categories":[6907,6815],"tags":[2079,1070,64,2745,3954,214],"class_list":["post-419076","post","type-post","status-publish","format-standard","has-post-thumbnail","hentry","category-crime","category-justica","tag-agressoes","tag-coimbra","tag-familia","tag-indenizacoes","tag-seia","tag-violencia-domestica"],"yoast_head":"<!-- This site is optimized with the Yoast SEO plugin v27.2 - https:\/\/yoast.com\/product\/yoast-seo-wordpress\/ -->\n<title>Mulher agredia os filhos durante oito anos, arrastando-os e atirando-os - Portal Tela Portugal<\/title>\n<meta name=\"robots\" content=\"index, follow, max-snippet:-1, max-image-preview:large, max-video-preview:-1\" \/>\n<meta property=\"og:locale\" content=\"pt_PT\" \/>\n<meta property=\"og:type\" content=\"article\" \/>\n<meta property=\"og:title\" content=\"Mulher agredia os filhos durante oito anos, arrastando-os e atirando-os - Portal Tela Portugal\" \/>\n<meta property=\"og:description\" content=\"Viol\u00eancia dom\u00e9stica contra dois filhos durou oito anos, entre 2015 e 2023, na zona de Seia. Mulher, de 45 anos, foi condenada em primeira inst\u00e2ncia a quatro anos e onze meses, com suspens\u00e3o por cinco anos; o Tribunal da Rela\u00e7\u00e3o de Coimbra confirmou a condena\u00e7\u00e3o, a proibi\u00e7\u00e3o de contactar os filhos e uma indemniza\u00e7\u00e3o de dois mil euros. Um epis\u00f3dio grave descreve a filha com seis a sete anos e o filho com quatro a cinco: arrastados pelos cabelos, atirados contra a parede e alvo de pontap\u00e9s. Os maus-tratos eram frequentes; para esconderem hematomas, as crian\u00e7as usavam roupas que tapavam o corpo; o filho passou a morar com o pai em 2019, a filha ficou com a m\u00e3e at\u00e9 junho de 2023 e fugiu ap\u00f3s nova viol\u00eancia. A arguida enviou mensagens \u00e0 filha para a pressionar a depor; a v\u00edtima apresenta sintomas de transtorno de stress p\u00f3s-traum\u00e1tico; a mulher tem antecedentes criminais, incluindo viol\u00eancia contra um companheiro em 2018.\" \/>\n<meta property=\"og:url\" content=\"https:\/\/portaltela.pt\/noticias\/2026\/03\/23\/mulher-agredia-os-filhos-durante-oito-anos-arrastando-os-e-atirando-os\/\" \/>\n<meta property=\"og:site_name\" content=\"Portal Tela Portugal\" \/>\n<meta property=\"article:published_time\" content=\"2026-03-24T01:30:00+00:00\" \/>\n<meta name=\"author\" content=\"Telinha\" \/>\n<meta name=\"twitter:card\" content=\"summary_large_image\" \/>\n<meta name=\"twitter:label1\" content=\"Escrito por\" \/>\n\t<meta name=\"twitter:data1\" content=\"Telinha\" \/>\n\t<meta name=\"twitter:label2\" content=\"Tempo estimado de leitura\" \/>\n\t<meta name=\"twitter:data2\" content=\"1 minuto\" \/>\n<script type=\"application\/ld+json\" class=\"yoast-schema-graph\">{\"@context\":\"https:\/\/schema.org\",\"@graph\":[{\"@type\":\"Article\",\"@id\":\"https:\/\/portaltela.pt\/noticias\/2026\/03\/23\/mulher-agredia-os-filhos-durante-oito-anos-arrastando-os-e-atirando-os\/#article\",\"isPartOf\":{\"@id\":\"https:\/\/portaltela.pt\/noticias\/2026\/03\/23\/mulher-agredia-os-filhos-durante-oito-anos-arrastando-os-e-atirando-os\/\"},\"author\":{\"name\":\"Telinha\",\"@id\":\"https:\/\/portaltela.pt\/#\/schema\/person\/c4278d4a6028830caff9ee44b42d32ed\"},\"headline\":\"Mulher agredia os filhos durante oito anos, arrastando-os e atirando-os\",\"datePublished\":\"2026-03-24T01:30:00+00:00\",\"mainEntityOfPage\":{\"@id\":\"https:\/\/portaltela.pt\/noticias\/2026\/03\/23\/mulher-agredia-os-filhos-durante-oito-anos-arrastando-os-e-atirando-os\/\"},\"wordCount\":228,\"image\":{\"@id\":\"https:\/\/portaltela.pt\/noticias\/2026\/03\/23\/mulher-agredia-os-filhos-durante-oito-anos-arrastando-os-e-atirando-os\/#primaryimage\"},\"thumbnailUrl\":\"https:\/\/portaltela.pt\/s.01k8rhncp4jt1\/2026\/03\/img_1280x721uu2019-10-22-10-41-02-896036.jpg\",\"keywords\":[\"agress\u00f5es\",\"Coimbra\",\"fam\u00edlia\",\"indeniza\u00e7\u00f5es\",\"Seia\",\"viol\u00eancia dom\u00e9stica\"],\"articleSection\":[\"Crime\",\"Justi\u00e7a\"],\"inLanguage\":\"pt-PT\"},{\"@type\":\"WebPage\",\"@id\":\"https:\/\/portaltela.pt\/noticias\/2026\/03\/23\/mulher-agredia-os-filhos-durante-oito-anos-arrastando-os-e-atirando-os\/\",\"url\":\"https:\/\/portaltela.pt\/noticias\/2026\/03\/23\/mulher-agredia-os-filhos-durante-oito-anos-arrastando-os-e-atirando-os\/\",\"name\":\"Mulher agredia os filhos durante oito anos, arrastando-os e atirando-os - Portal Tela Portugal\",\"isPartOf\":{\"@id\":\"https:\/\/portaltela.pt\/#website\"},\"primaryImageOfPage\":{\"@id\":\"https:\/\/portaltela.pt\/noticias\/2026\/03\/23\/mulher-agredia-os-filhos-durante-oito-anos-arrastando-os-e-atirando-os\/#primaryimage\"},\"image\":{\"@id\":\"https:\/\/portaltela.pt\/noticias\/2026\/03\/23\/mulher-agredia-os-filhos-durante-oito-anos-arrastando-os-e-atirando-os\/#primaryimage\"},\"thumbnailUrl\":\"https:\/\/portaltela.pt\/s.01k8rhncp4jt1\/2026\/03\/img_1280x721uu2019-10-22-10-41-02-896036.jpg\",\"datePublished\":\"2026-03-24T01:30:00+00:00\",\"author\":{\"@id\":\"https:\/\/portaltela.pt\/#\/schema\/person\/c4278d4a6028830caff9ee44b42d32ed\"},\"breadcrumb\":{\"@id\":\"https:\/\/portaltela.pt\/noticias\/2026\/03\/23\/mulher-agredia-os-filhos-durante-oito-anos-arrastando-os-e-atirando-os\/#breadcrumb\"},\"inLanguage\":\"pt-PT\",\"potentialAction\":[{\"@type\":\"ReadAction\",\"target\":[\"https:\/\/portaltela.pt\/noticias\/2026\/03\/23\/mulher-agredia-os-filhos-durante-oito-anos-arrastando-os-e-atirando-os\/\"]}]},{\"@type\":\"ImageObject\",\"inLanguage\":\"pt-PT\",\"@id\":\"https:\/\/portaltela.pt\/noticias\/2026\/03\/23\/mulher-agredia-os-filhos-durante-oito-anos-arrastando-os-e-atirando-os\/#primaryimage\",\"url\":\"https:\/\/portaltela.pt\/s.01k8rhncp4jt1\/2026\/03\/img_1280x721uu2019-10-22-10-41-02-896036.jpg\",\"contentUrl\":\"https:\/\/portaltela.pt\/s.01k8rhncp4jt1\/2026\/03\/img_1280x721uu2019-10-22-10-41-02-896036.jpg\",\"width\":796,\"height\":448,\"caption\":\"Mulher maltratava as crian\u00e7as de forma reiterada\"},{\"@type\":\"BreadcrumbList\",\"@id\":\"https:\/\/portaltela.pt\/noticias\/2026\/03\/23\/mulher-agredia-os-filhos-durante-oito-anos-arrastando-os-e-atirando-os\/#breadcrumb\",\"itemListElement\":[{\"@type\":\"ListItem\",\"position\":1,\"name\":\"In\u00edcio\",\"item\":\"https:\/\/portaltela.pt\/\"},{\"@type\":\"ListItem\",\"position\":2,\"name\":\"Mulher agredia os filhos durante oito anos, arrastando-os e atirando-os\"}]},{\"@type\":\"WebSite\",\"@id\":\"https:\/\/portaltela.pt\/#website\",\"url\":\"https:\/\/portaltela.pt\/\",\"name\":\"Portal Tela Portugal\",\"description\":\"\",\"potentialAction\":[{\"@type\":\"SearchAction\",\"target\":{\"@type\":\"EntryPoint\",\"urlTemplate\":\"https:\/\/portaltela.pt\/?s={search_term_string}\"},\"query-input\":{\"@type\":\"PropertyValueSpecification\",\"valueRequired\":true,\"valueName\":\"search_term_string\"}}],\"inLanguage\":\"pt-PT\"},{\"@type\":\"Person\",\"@id\":\"https:\/\/portaltela.pt\/#\/schema\/person\/c4278d4a6028830caff9ee44b42d32ed\",\"name\":\"Telinha\",\"image\":{\"@type\":\"ImageObject\",\"inLanguage\":\"pt-PT\",\"@id\":\"https:\/\/portaltela.pt\/s.01k8rhncp4jt1\/2025\/11\/talking-bot-125x125.png\",\"url\":\"https:\/\/portaltela.pt\/s.01k8rhncp4jt1\/2025\/11\/talking-bot-125x125.png\",\"contentUrl\":\"https:\/\/portaltela.pt\/s.01k8rhncp4jt1\/2025\/11\/talking-bot-125x125.png\",\"caption\":\"Telinha\"},\"sameAs\":[\"https:\/\/portaltela.pt\/\"],\"url\":\"https:\/\/portaltela.pt\/por\/367410592786\/\"}]}<\/script>\n<!-- \/ Yoast SEO plugin. -->","yoast_head_json":{"title":"Mulher agredia os filhos durante oito anos, arrastando-os e atirando-os - Portal Tela Portugal","robots":{"index":"index","follow":"follow","max-snippet":"max-snippet:-1","max-image-preview":"max-image-preview:large","max-video-preview":"max-video-preview:-1"},"og_locale":"pt_PT","og_type":"article","og_title":"Mulher agredia os filhos durante oito anos, arrastando-os e atirando-os - Portal Tela Portugal","og_description":"Viol\u00eancia dom\u00e9stica contra dois filhos durou oito anos, entre 2015 e 2023, na zona de Seia. Mulher, de 45 anos, foi condenada em primeira inst\u00e2ncia a quatro anos e onze meses, com suspens\u00e3o por cinco anos; o Tribunal da Rela\u00e7\u00e3o de Coimbra confirmou a condena\u00e7\u00e3o, a proibi\u00e7\u00e3o de contactar os filhos e uma indemniza\u00e7\u00e3o de dois mil euros. Um epis\u00f3dio grave descreve a filha com seis a sete anos e o filho com quatro a cinco: arrastados pelos cabelos, atirados contra a parede e alvo de pontap\u00e9s. Os maus-tratos eram frequentes; para esconderem hematomas, as crian\u00e7as usavam roupas que tapavam o corpo; o filho passou a morar com o pai em 2019, a filha ficou com a m\u00e3e at\u00e9 junho de 2023 e fugiu ap\u00f3s nova viol\u00eancia. A arguida enviou mensagens \u00e0 filha para a pressionar a depor; a v\u00edtima apresenta sintomas de transtorno de stress p\u00f3s-traum\u00e1tico; a mulher tem antecedentes criminais, incluindo viol\u00eancia contra um companheiro em 2018.","og_url":"https:\/\/portaltela.pt\/noticias\/2026\/03\/23\/mulher-agredia-os-filhos-durante-oito-anos-arrastando-os-e-atirando-os\/","og_site_name":"Portal Tela Portugal","article_published_time":"2026-03-24T01:30:00+00:00","author":"Telinha","twitter_card":"summary_large_image","twitter_misc":{"Escrito por":"Telinha","Tempo estimado de leitura":"1 minuto"},"schema":{"@context":"https:\/\/schema.org","@graph":[{"@type":"Article","@id":"https:\/\/portaltela.pt\/noticias\/2026\/03\/23\/mulher-agredia-os-filhos-durante-oito-anos-arrastando-os-e-atirando-os\/#article","isPartOf":{"@id":"https:\/\/portaltela.pt\/noticias\/2026\/03\/23\/mulher-agredia-os-filhos-durante-oito-anos-arrastando-os-e-atirando-os\/"},"author":{"name":"Telinha","@id":"https:\/\/portaltela.pt\/#\/schema\/person\/c4278d4a6028830caff9ee44b42d32ed"},"headline":"Mulher agredia os filhos durante oito anos, arrastando-os e atirando-os","datePublished":"2026-03-24T01:30:00+00:00","mainEntityOfPage":{"@id":"https:\/\/portaltela.pt\/noticias\/2026\/03\/23\/mulher-agredia-os-filhos-durante-oito-anos-arrastando-os-e-atirando-os\/"},"wordCount":228,"image":{"@id":"https:\/\/portaltela.pt\/noticias\/2026\/03\/23\/mulher-agredia-os-filhos-durante-oito-anos-arrastando-os-e-atirando-os\/#primaryimage"},"thumbnailUrl":"https:\/\/portaltela.pt\/s.01k8rhncp4jt1\/2026\/03\/img_1280x721uu2019-10-22-10-41-02-896036.jpg","keywords":["agress\u00f5es","Coimbra","fam\u00edlia","indeniza\u00e7\u00f5es","Seia","viol\u00eancia dom\u00e9stica"],"articleSection":["Crime","Justi\u00e7a"],"inLanguage":"pt-PT"},{"@type":"WebPage","@id":"https:\/\/portaltela.pt\/noticias\/2026\/03\/23\/mulher-agredia-os-filhos-durante-oito-anos-arrastando-os-e-atirando-os\/","url":"https:\/\/portaltela.pt\/noticias\/2026\/03\/23\/mulher-agredia-os-filhos-durante-oito-anos-arrastando-os-e-atirando-os\/","name":"Mulher agredia os filhos durante oito anos, arrastando-os e atirando-os - Portal Tela Portugal","isPartOf":{"@id":"https:\/\/portaltela.pt\/#website"},"primaryImageOfPage":{"@id":"https:\/\/portaltela.pt\/noticias\/2026\/03\/23\/mulher-agredia-os-filhos-durante-oito-anos-arrastando-os-e-atirando-os\/#primaryimage"},"image":{"@id":"https:\/\/portaltela.pt\/noticias\/2026\/03\/23\/mulher-agredia-os-filhos-durante-oito-anos-arrastando-os-e-atirando-os\/#primaryimage"},"thumbnailUrl":"https:\/\/portaltela.pt\/s.01k8rhncp4jt1\/2026\/03\/img_1280x721uu2019-10-22-10-41-02-896036.jpg","datePublished":"2026-03-24T01:30:00+00:00","author":{"@id":"https:\/\/portaltela.pt\/#\/schema\/person\/c4278d4a6028830caff9ee44b42d32ed"},"breadcrumb":{"@id":"https:\/\/portaltela.pt\/noticias\/2026\/03\/23\/mulher-agredia-os-filhos-durante-oito-anos-arrastando-os-e-atirando-os\/#breadcrumb"},"inLanguage":"pt-PT","potentialAction":[{"@type":"ReadAction","target":["https:\/\/portaltela.pt\/noticias\/2026\/03\/23\/mulher-agredia-os-filhos-durante-oito-anos-arrastando-os-e-atirando-os\/"]}]},{"@type":"ImageObject","inLanguage":"pt-PT","@id":"https:\/\/portaltela.pt\/noticias\/2026\/03\/23\/mulher-agredia-os-filhos-durante-oito-anos-arrastando-os-e-atirando-os\/#primaryimage","url":"https:\/\/portaltela.pt\/s.01k8rhncp4jt1\/2026\/03\/img_1280x721uu2019-10-22-10-41-02-896036.jpg","contentUrl":"https:\/\/portaltela.pt\/s.01k8rhncp4jt1\/2026\/03\/img_1280x721uu2019-10-22-10-41-02-896036.jpg","width":796,"height":448,"caption":"Mulher maltratava as crian\u00e7as de forma reiterada"},{"@type":"BreadcrumbList","@id":"https:\/\/portaltela.pt\/noticias\/2026\/03\/23\/mulher-agredia-os-filhos-durante-oito-anos-arrastando-os-e-atirando-os\/#breadcrumb","itemListElement":[{"@type":"ListItem","position":1,"name":"In\u00edcio","item":"https:\/\/portaltela.pt\/"},{"@type":"ListItem","position":2,"name":"Mulher agredia os filhos durante oito anos, arrastando-os e atirando-os"}]},{"@type":"WebSite","@id":"https:\/\/portaltela.pt\/#website","url":"https:\/\/portaltela.pt\/","name":"Portal Tela Portugal","description":"","potentialAction":[{"@type":"SearchAction","target":{"@type":"EntryPoint","urlTemplate":"https:\/\/portaltela.pt\/?s={search_term_string}"},"query-input":{"@type":"PropertyValueSpecification","valueRequired":true,"valueName":"search_term_string"}}],"inLanguage":"pt-PT"},{"@type":"Person","@id":"https:\/\/portaltela.pt\/#\/schema\/person\/c4278d4a6028830caff9ee44b42d32ed","name":"Telinha","image":{"@type":"ImageObject","inLanguage":"pt-PT","@id":"https:\/\/portaltela.pt\/s.01k8rhncp4jt1\/2025\/11\/talking-bot-125x125.png","url":"https:\/\/portaltela.pt\/s.01k8rhncp4jt1\/2025\/11\/talking-bot-125x125.png","contentUrl":"https:\/\/portaltela.pt\/s.01k8rhncp4jt1\/2025\/11\/talking-bot-125x125.png","caption":"Telinha"},"sameAs":["https:\/\/portaltela.pt\/"],"url":"https:\/\/portaltela.pt\/por\/367410592786\/"}]}},"_links":{"self":[{"href":"https:\/\/portaltela.pt\/api\/wp\/v2\/posts\/419076","targetHints":{"allow":["GET"]}}],"collection":[{"href":"https:\/\/portaltela.pt\/api\/wp\/v2\/posts"}],"about":[{"href":"https:\/\/portaltela.pt\/api\/wp\/v2\/types\/post"}],"author":[{"embeddable":true,"href":"https:\/\/portaltela.pt\/api\/wp\/v2\/users\/2"}],"replies":[{"embeddable":true,"href":"https:\/\/portaltela.pt\/api\/wp\/v2\/comments?post=419076"}],"version-history":[{"count":0,"href":"https:\/\/portaltela.pt\/api\/wp\/v2\/posts\/419076\/revisions"}],"wp:featuredmedia":[{"embeddable":true,"href":"https:\/\/portaltela.pt\/api\/wp\/v2\/media\/419082"}],"wp:attachment":[{"href":"https:\/\/portaltela.pt\/api\/wp\/v2\/media?parent=419076"}],"wp:term":[{"taxonomy":"category","embeddable":true,"href":"https:\/\/portaltela.pt\/api\/wp\/v2\/categories?post=419076"},{"taxonomy":"post_tag","embeddable":true,"href":"https:\/\/portaltela.pt\/api\/wp\/v2\/tags?post=419076"}],"curies":[{"name":"wp","href":"https:\/\/api.w.org\/{rel}","templated":true}]}}