{"id":419065,"date":"2026-03-23T22:30:00","date_gmt":"2026-03-24T01:30:00","guid":{"rendered":"https:\/\/portaltela.pt\/noticias\/2026\/03\/23\/estado-nao-paga-funerais-de-criancas-pais-pedem-alteracao-a-lei\/"},"modified":"2026-03-23T22:30:00","modified_gmt":"2026-03-24T01:30:00","slug":"estado-nao-paga-funerais-de-criancas-pais-pedem-alteracao-a-lei","status":"publish","type":"post","link":"https:\/\/portaltela.pt\/sociedade\/2026\/03\/23\/estado-nao-paga-funerais-de-criancas-pais-pedem-alteracao-a-lei\/","title":{"rendered":"Estado n\u00e3o paga funerais de crian\u00e7as; pais pedem altera\u00e7\u00e3o \u00e0 lei"},"content":{"rendered":"<p>O Estado n\u00e3o paga funerais de crian\u00e7as, de acordo com o caso de Miguel, dois anos, cujo luto envolve um casal de jovens pais que j\u00e1 avan\u00e7ou com um pedido de altera\u00e7\u00e3o \u00e0 lei.<\/p>\n<p>Miguel foi diagnosticado com um cancro no c\u00e9rebro em dezembro passado e faleceu 10 dias depois. O casal descreve o sofrimento e o custo emocional deste per\u00edodo.<\/p>\n<p>Os pais defendem uma mudan\u00e7a legislativa que inclua apoio para funerais de menores, visando reduzir o peso financeiro e burocr\u00e1tico associado \u00e0 perda. A not\u00edcia mant\u00e9m-se em desenvolvimento.<\/p>\n","protected":false},"excerpt":{"rendered":"<ul>\n<li>O estado n\u00e3o paga funerais de crian\u00e7as, e os pais pedem altera\u00e7\u00e3o \u00e0 lei.<\/li>\n<li>Miguel, com 2 anos, foi diagnosticado com cancro no c\u00e9rebro em dezembro e morreu 10 dias depois.<\/li>\n<li>Pais argumentam que a lei atual n\u00e3o cobre as despesas f\u00fanebres de menores.<\/li>\n<li>A fam\u00edlia solicita uma mudan\u00e7a legal para assegurar apoio financeiro no funeral de crian\u00e7as.<\/li>\n<li>O caso ganhou aten\u00e7\u00e3o p\u00fablica, com apelos \u00e0 revis\u00e3o legislativa.<\/li>\n<\/ul>\n","protected":false},"author":2,"featured_media":419069,"comment_status":"closed","ping_status":"closed","sticky":false,"template":"","format":"standard","meta":{"footnotes":""},"categories":[6745,6871],"tags":[1211,3953,64,5119,243,5496],"class_list":["post-419065","post","type-post","status-publish","format-standard","has-post-thumbnail","hentry","category-saude","category-sociedade","tag-apoio-social","tag-criancas","tag-familia","tag-funerais","tag-seguranca-social","tag-subsidio-de-funeral"],"yoast_head":"<!-- This site is optimized with the Yoast SEO plugin v27.2 - https:\/\/yoast.com\/product\/yoast-seo-wordpress\/ -->\n<title>Estado n\u00e3o paga funerais de crian\u00e7as; pais pedem altera\u00e7\u00e3o \u00e0 lei - Portal Tela Portugal<\/title>\n<meta name=\"robots\" content=\"index, follow, max-snippet:-1, max-image-preview:large, max-video-preview:-1\" \/>\n<meta property=\"og:locale\" content=\"pt_PT\" \/>\n<meta property=\"og:type\" content=\"article\" \/>\n<meta property=\"og:title\" content=\"Estado n\u00e3o paga funerais de crian\u00e7as; pais pedem altera\u00e7\u00e3o \u00e0 lei - Portal Tela Portugal\" \/>\n<meta property=\"og:description\" content=\"O estado n\u00e3o paga funerais de crian\u00e7as, e os pais pedem altera\u00e7\u00e3o \u00e0 lei. Miguel, com 2 anos, foi diagnosticado com cancro no c\u00e9rebro em dezembro e morreu 10 dias depois. Pais argumentam que a lei atual n\u00e3o cobre as despesas f\u00fanebres de menores. A fam\u00edlia solicita uma mudan\u00e7a legal para assegurar apoio financeiro no funeral de crian\u00e7as. O caso ganhou aten\u00e7\u00e3o p\u00fablica, com apelos \u00e0 revis\u00e3o legislativa.\" \/>\n<meta property=\"og:url\" content=\"https:\/\/portaltela.pt\/noticias\/2026\/03\/23\/estado-nao-paga-funerais-de-criancas-pais-pedem-alteracao-a-lei\/\" \/>\n<meta property=\"og:site_name\" content=\"Portal Tela Portugal\" \/>\n<meta property=\"article:published_time\" content=\"2026-03-24T01:30:00+00:00\" \/>\n<meta name=\"author\" content=\"Telinha\" \/>\n<meta name=\"twitter:card\" content=\"summary_large_image\" \/>\n<meta name=\"twitter:label1\" content=\"Escrito por\" \/>\n\t<meta name=\"twitter:data1\" content=\"Telinha\" \/>\n<script type=\"application\/ld+json\" class=\"yoast-schema-graph\">{\"@context\":\"https:\/\/schema.org\",\"@graph\":[{\"@type\":\"Article\",\"@id\":\"https:\/\/portaltela.pt\/noticias\/2026\/03\/23\/estado-nao-paga-funerais-de-criancas-pais-pedem-alteracao-a-lei\/#article\",\"isPartOf\":{\"@id\":\"https:\/\/portaltela.pt\/noticias\/2026\/03\/23\/estado-nao-paga-funerais-de-criancas-pais-pedem-alteracao-a-lei\/\"},\"author\":{\"name\":\"Telinha\",\"@id\":\"https:\/\/portaltela.pt\/#\/schema\/person\/c4278d4a6028830caff9ee44b42d32ed\"},\"headline\":\"Estado n\u00e3o paga funerais de crian\u00e7as; pais pedem altera\u00e7\u00e3o \u00e0 lei\",\"datePublished\":\"2026-03-24T01:30:00+00:00\",\"mainEntityOfPage\":{\"@id\":\"https:\/\/portaltela.pt\/noticias\/2026\/03\/23\/estado-nao-paga-funerais-de-criancas-pais-pedem-alteracao-a-lei\/\"},\"wordCount\":109,\"image\":{\"@id\":\"https:\/\/portaltela.pt\/noticias\/2026\/03\/23\/estado-nao-paga-funerais-de-criancas-pais-pedem-alteracao-a-lei\/#primaryimage\"},\"thumbnailUrl\":\"https:\/\/portaltela.pt\/s.01k8rhncp4jt1\/2026\/03\/img_1500x1000uu2024-08-25-15-30-31-1733170.jpg\",\"keywords\":[\"Apoio Social\",\"crian\u00e7as\",\"fam\u00edlia\",\"funerais\",\"seguran\u00e7a social\",\"subs\u00eddio de funeral\"],\"articleSection\":[\"Sa\u00fade\",\"Sociedade\"],\"inLanguage\":\"pt-PT\"},{\"@type\":\"WebPage\",\"@id\":\"https:\/\/portaltela.pt\/noticias\/2026\/03\/23\/estado-nao-paga-funerais-de-criancas-pais-pedem-alteracao-a-lei\/\",\"url\":\"https:\/\/portaltela.pt\/noticias\/2026\/03\/23\/estado-nao-paga-funerais-de-criancas-pais-pedem-alteracao-a-lei\/\",\"name\":\"Estado n\u00e3o paga funerais de crian\u00e7as; pais pedem altera\u00e7\u00e3o \u00e0 lei - Portal Tela Portugal\",\"isPartOf\":{\"@id\":\"https:\/\/portaltela.pt\/#website\"},\"primaryImageOfPage\":{\"@id\":\"https:\/\/portaltela.pt\/noticias\/2026\/03\/23\/estado-nao-paga-funerais-de-criancas-pais-pedem-alteracao-a-lei\/#primaryimage\"},\"image\":{\"@id\":\"https:\/\/portaltela.pt\/noticias\/2026\/03\/23\/estado-nao-paga-funerais-de-criancas-pais-pedem-alteracao-a-lei\/#primaryimage\"},\"thumbnailUrl\":\"https:\/\/portaltela.pt\/s.01k8rhncp4jt1\/2026\/03\/img_1500x1000uu2024-08-25-15-30-31-1733170.jpg\",\"datePublished\":\"2026-03-24T01:30:00+00:00\",\"author\":{\"@id\":\"https:\/\/portaltela.pt\/#\/schema\/person\/c4278d4a6028830caff9ee44b42d32ed\"},\"breadcrumb\":{\"@id\":\"https:\/\/portaltela.pt\/noticias\/2026\/03\/23\/estado-nao-paga-funerais-de-criancas-pais-pedem-alteracao-a-lei\/#breadcrumb\"},\"inLanguage\":\"pt-PT\",\"potentialAction\":[{\"@type\":\"ReadAction\",\"target\":[\"https:\/\/portaltela.pt\/noticias\/2026\/03\/23\/estado-nao-paga-funerais-de-criancas-pais-pedem-alteracao-a-lei\/\"]}]},{\"@type\":\"ImageObject\",\"inLanguage\":\"pt-PT\",\"@id\":\"https:\/\/portaltela.pt\/noticias\/2026\/03\/23\/estado-nao-paga-funerais-de-criancas-pais-pedem-alteracao-a-lei\/#primaryimage\",\"url\":\"https:\/\/portaltela.pt\/s.01k8rhncp4jt1\/2026\/03\/img_1500x1000uu2024-08-25-15-30-31-1733170.jpg\",\"contentUrl\":\"https:\/\/portaltela.pt\/s.01k8rhncp4jt1\/2026\/03\/img_1500x1000uu2024-08-25-15-30-31-1733170.jpg\",\"width\":796,\"height\":448,\"caption\":\"Funeral\"},{\"@type\":\"BreadcrumbList\",\"@id\":\"https:\/\/portaltela.pt\/noticias\/2026\/03\/23\/estado-nao-paga-funerais-de-criancas-pais-pedem-alteracao-a-lei\/#breadcrumb\",\"itemListElement\":[{\"@type\":\"ListItem\",\"position\":1,\"name\":\"In\u00edcio\",\"item\":\"https:\/\/portaltela.pt\/\"},{\"@type\":\"ListItem\",\"position\":2,\"name\":\"Estado n\u00e3o paga funerais de crian\u00e7as; pais pedem altera\u00e7\u00e3o \u00e0 lei\"}]},{\"@type\":\"WebSite\",\"@id\":\"https:\/\/portaltela.pt\/#website\",\"url\":\"https:\/\/portaltela.pt\/\",\"name\":\"Portal Tela Portugal\",\"description\":\"\",\"potentialAction\":[{\"@type\":\"SearchAction\",\"target\":{\"@type\":\"EntryPoint\",\"urlTemplate\":\"https:\/\/portaltela.pt\/?s={search_term_string}\"},\"query-input\":{\"@type\":\"PropertyValueSpecification\",\"valueRequired\":true,\"valueName\":\"search_term_string\"}}],\"inLanguage\":\"pt-PT\"},{\"@type\":\"Person\",\"@id\":\"https:\/\/portaltela.pt\/#\/schema\/person\/c4278d4a6028830caff9ee44b42d32ed\",\"name\":\"Telinha\",\"image\":{\"@type\":\"ImageObject\",\"inLanguage\":\"pt-PT\",\"@id\":\"https:\/\/portaltela.pt\/s.01k8rhncp4jt1\/2025\/11\/talking-bot-125x125.png\",\"url\":\"https:\/\/portaltela.pt\/s.01k8rhncp4jt1\/2025\/11\/talking-bot-125x125.png\",\"contentUrl\":\"https:\/\/portaltela.pt\/s.01k8rhncp4jt1\/2025\/11\/talking-bot-125x125.png\",\"caption\":\"Telinha\"},\"sameAs\":[\"https:\/\/portaltela.pt\/\"],\"url\":\"https:\/\/portaltela.pt\/por\/367410592786\/\"}]}<\/script>\n<!-- \/ Yoast SEO plugin. -->","yoast_head_json":{"title":"Estado n\u00e3o paga funerais de crian\u00e7as; pais pedem altera\u00e7\u00e3o \u00e0 lei - Portal Tela Portugal","robots":{"index":"index","follow":"follow","max-snippet":"max-snippet:-1","max-image-preview":"max-image-preview:large","max-video-preview":"max-video-preview:-1"},"og_locale":"pt_PT","og_type":"article","og_title":"Estado n\u00e3o paga funerais de crian\u00e7as; pais pedem altera\u00e7\u00e3o \u00e0 lei - Portal Tela Portugal","og_description":"O estado n\u00e3o paga funerais de crian\u00e7as, e os pais pedem altera\u00e7\u00e3o \u00e0 lei. Miguel, com 2 anos, foi diagnosticado com cancro no c\u00e9rebro em dezembro e morreu 10 dias depois. Pais argumentam que a lei atual n\u00e3o cobre as despesas f\u00fanebres de menores. A fam\u00edlia solicita uma mudan\u00e7a legal para assegurar apoio financeiro no funeral de crian\u00e7as. O caso ganhou aten\u00e7\u00e3o p\u00fablica, com apelos \u00e0 revis\u00e3o legislativa.","og_url":"https:\/\/portaltela.pt\/noticias\/2026\/03\/23\/estado-nao-paga-funerais-de-criancas-pais-pedem-alteracao-a-lei\/","og_site_name":"Portal Tela Portugal","article_published_time":"2026-03-24T01:30:00+00:00","author":"Telinha","twitter_card":"summary_large_image","twitter_misc":{"Escrito por":"Telinha"},"schema":{"@context":"https:\/\/schema.org","@graph":[{"@type":"Article","@id":"https:\/\/portaltela.pt\/noticias\/2026\/03\/23\/estado-nao-paga-funerais-de-criancas-pais-pedem-alteracao-a-lei\/#article","isPartOf":{"@id":"https:\/\/portaltela.pt\/noticias\/2026\/03\/23\/estado-nao-paga-funerais-de-criancas-pais-pedem-alteracao-a-lei\/"},"author":{"name":"Telinha","@id":"https:\/\/portaltela.pt\/#\/schema\/person\/c4278d4a6028830caff9ee44b42d32ed"},"headline":"Estado n\u00e3o paga funerais de crian\u00e7as; pais pedem altera\u00e7\u00e3o \u00e0 lei","datePublished":"2026-03-24T01:30:00+00:00","mainEntityOfPage":{"@id":"https:\/\/portaltela.pt\/noticias\/2026\/03\/23\/estado-nao-paga-funerais-de-criancas-pais-pedem-alteracao-a-lei\/"},"wordCount":109,"image":{"@id":"https:\/\/portaltela.pt\/noticias\/2026\/03\/23\/estado-nao-paga-funerais-de-criancas-pais-pedem-alteracao-a-lei\/#primaryimage"},"thumbnailUrl":"https:\/\/portaltela.pt\/s.01k8rhncp4jt1\/2026\/03\/img_1500x1000uu2024-08-25-15-30-31-1733170.jpg","keywords":["Apoio Social","crian\u00e7as","fam\u00edlia","funerais","seguran\u00e7a social","subs\u00eddio de funeral"],"articleSection":["Sa\u00fade","Sociedade"],"inLanguage":"pt-PT"},{"@type":"WebPage","@id":"https:\/\/portaltela.pt\/noticias\/2026\/03\/23\/estado-nao-paga-funerais-de-criancas-pais-pedem-alteracao-a-lei\/","url":"https:\/\/portaltela.pt\/noticias\/2026\/03\/23\/estado-nao-paga-funerais-de-criancas-pais-pedem-alteracao-a-lei\/","name":"Estado n\u00e3o paga funerais de crian\u00e7as; pais pedem altera\u00e7\u00e3o \u00e0 lei - Portal Tela Portugal","isPartOf":{"@id":"https:\/\/portaltela.pt\/#website"},"primaryImageOfPage":{"@id":"https:\/\/portaltela.pt\/noticias\/2026\/03\/23\/estado-nao-paga-funerais-de-criancas-pais-pedem-alteracao-a-lei\/#primaryimage"},"image":{"@id":"https:\/\/portaltela.pt\/noticias\/2026\/03\/23\/estado-nao-paga-funerais-de-criancas-pais-pedem-alteracao-a-lei\/#primaryimage"},"thumbnailUrl":"https:\/\/portaltela.pt\/s.01k8rhncp4jt1\/2026\/03\/img_1500x1000uu2024-08-25-15-30-31-1733170.jpg","datePublished":"2026-03-24T01:30:00+00:00","author":{"@id":"https:\/\/portaltela.pt\/#\/schema\/person\/c4278d4a6028830caff9ee44b42d32ed"},"breadcrumb":{"@id":"https:\/\/portaltela.pt\/noticias\/2026\/03\/23\/estado-nao-paga-funerais-de-criancas-pais-pedem-alteracao-a-lei\/#breadcrumb"},"inLanguage":"pt-PT","potentialAction":[{"@type":"ReadAction","target":["https:\/\/portaltela.pt\/noticias\/2026\/03\/23\/estado-nao-paga-funerais-de-criancas-pais-pedem-alteracao-a-lei\/"]}]},{"@type":"ImageObject","inLanguage":"pt-PT","@id":"https:\/\/portaltela.pt\/noticias\/2026\/03\/23\/estado-nao-paga-funerais-de-criancas-pais-pedem-alteracao-a-lei\/#primaryimage","url":"https:\/\/portaltela.pt\/s.01k8rhncp4jt1\/2026\/03\/img_1500x1000uu2024-08-25-15-30-31-1733170.jpg","contentUrl":"https:\/\/portaltela.pt\/s.01k8rhncp4jt1\/2026\/03\/img_1500x1000uu2024-08-25-15-30-31-1733170.jpg","width":796,"height":448,"caption":"Funeral"},{"@type":"BreadcrumbList","@id":"https:\/\/portaltela.pt\/noticias\/2026\/03\/23\/estado-nao-paga-funerais-de-criancas-pais-pedem-alteracao-a-lei\/#breadcrumb","itemListElement":[{"@type":"ListItem","position":1,"name":"In\u00edcio","item":"https:\/\/portaltela.pt\/"},{"@type":"ListItem","position":2,"name":"Estado n\u00e3o paga funerais de crian\u00e7as; pais pedem altera\u00e7\u00e3o \u00e0 lei"}]},{"@type":"WebSite","@id":"https:\/\/portaltela.pt\/#website","url":"https:\/\/portaltela.pt\/","name":"Portal Tela Portugal","description":"","potentialAction":[{"@type":"SearchAction","target":{"@type":"EntryPoint","urlTemplate":"https:\/\/portaltela.pt\/?s={search_term_string}"},"query-input":{"@type":"PropertyValueSpecification","valueRequired":true,"valueName":"search_term_string"}}],"inLanguage":"pt-PT"},{"@type":"Person","@id":"https:\/\/portaltela.pt\/#\/schema\/person\/c4278d4a6028830caff9ee44b42d32ed","name":"Telinha","image":{"@type":"ImageObject","inLanguage":"pt-PT","@id":"https:\/\/portaltela.pt\/s.01k8rhncp4jt1\/2025\/11\/talking-bot-125x125.png","url":"https:\/\/portaltela.pt\/s.01k8rhncp4jt1\/2025\/11\/talking-bot-125x125.png","contentUrl":"https:\/\/portaltela.pt\/s.01k8rhncp4jt1\/2025\/11\/talking-bot-125x125.png","caption":"Telinha"},"sameAs":["https:\/\/portaltela.pt\/"],"url":"https:\/\/portaltela.pt\/por\/367410592786\/"}]}},"_links":{"self":[{"href":"https:\/\/portaltela.pt\/api\/wp\/v2\/posts\/419065","targetHints":{"allow":["GET"]}}],"collection":[{"href":"https:\/\/portaltela.pt\/api\/wp\/v2\/posts"}],"about":[{"href":"https:\/\/portaltela.pt\/api\/wp\/v2\/types\/post"}],"author":[{"embeddable":true,"href":"https:\/\/portaltela.pt\/api\/wp\/v2\/users\/2"}],"replies":[{"embeddable":true,"href":"https:\/\/portaltela.pt\/api\/wp\/v2\/comments?post=419065"}],"version-history":[{"count":0,"href":"https:\/\/portaltela.pt\/api\/wp\/v2\/posts\/419065\/revisions"}],"wp:featuredmedia":[{"embeddable":true,"href":"https:\/\/portaltela.pt\/api\/wp\/v2\/media\/419069"}],"wp:attachment":[{"href":"https:\/\/portaltela.pt\/api\/wp\/v2\/media?parent=419065"}],"wp:term":[{"taxonomy":"category","embeddable":true,"href":"https:\/\/portaltela.pt\/api\/wp\/v2\/categories?post=419065"},{"taxonomy":"post_tag","embeddable":true,"href":"https:\/\/portaltela.pt\/api\/wp\/v2\/tags?post=419065"}],"curies":[{"name":"wp","href":"https:\/\/api.w.org\/{rel}","templated":true}]}}