{"id":419037,"date":"2026-03-23T21:15:00","date_gmt":"2026-03-24T00:15:00","guid":{"rendered":"https:\/\/portaltela.pt\/noticias\/2026\/03\/23\/dupla-ausente-do-trabalho-levanta-questoes\/"},"modified":"2026-03-23T21:15:00","modified_gmt":"2026-03-24T00:15:00","slug":"dupla-ausente-do-trabalho-levanta-questoes","status":"publish","type":"post","link":"https:\/\/portaltela.pt\/desporto\/futebol\/2026\/03\/23\/dupla-ausente-do-trabalho-levanta-questoes\/","title":{"rendered":"Dupla ausente do trabalho levanta quest\u00f5es"},"content":{"rendered":"<p>O m\u00e9dio Yannick Semedo, que integrou Cabo Verde na qualifica\u00e7\u00e3o para a fase final de um Mundial, foi chamado pela Federa\u00e7\u00e3o para representar a sele\u00e7\u00e3o nos jogos de prepara\u00e7\u00e3o frente \u00e0 Nova Zel\u00e2ndia e \u00e0 Finl\u00e2ndia. A convocat\u00f3ria coloca o jogador do Farense em competi\u00e7\u00e3o internacional de maior vulto, ainda que em contextos de prepara\u00e7\u00e3o.<\/p>\n<p>Outro atleta do Farense, o defesa Lucas D\u2019Agrella, foi chamado pela Sele\u00e7\u00e3o portuguesa de sub-20 para confrontos com a Su\u00ed\u00e7a e a Rep\u00fablica Checa. O jogador voltou ao ativo recentemente, ap\u00f3s recupera\u00e7\u00e3o de les\u00e3o, e j\u00e1 atuou frente ao Benfica B.<\/p>\n<p>Os dois pontos indicam uma continuidade nas \u062a\u062da\u00e7\u00f5es do clube algarvio no circuito internacional, com Semedo a contribuir para Cabo Verde e D\u2019Agrella a representar Portugal numa frente de juventude. As datas exatas dos jogos ainda n\u00e3o foram anunciadas pela Federa\u00e7\u00e3o.<\/p>\n","protected":false},"excerpt":{"rendered":"<ul>\n<li>O m\u00e9dio Yannick Semedo vai representar Cabo Verde nos jogos de prepara\u00e7\u00e3o contra a Nova Zel\u00e2ndia e a Finl\u00e2ndia.<\/li>\n<li>Semedo ajudou Cabo Verde a qualificar-se pela primeira vez para uma fase final de um Mundial.<\/li>\n<li>O defesa Lucas D\u2019Agrella, do Farense, foi chamado \u00e0 sele\u00e7\u00e3o de sub-20 de Portugal para enfrentar a Su\u00ed\u00e7a e a Rep\u00fablica Checa.<\/li>\n<li>D\u2019Agrella voltou ao ativo diante do Benfica B, recuperando de les\u00e3o.<\/li>\n<li>Os dois jogadores integram convocat\u00f3rias distintas, uma para a sele\u00e7\u00e3o principal de Cabo Verde e outra para a forma\u00e7\u00e3o de sub-20 portuguesa.<\/li>\n<\/ul>\n","protected":false},"author":2,"featured_media":419038,"comment_status":"closed","ping_status":"closed","sticky":false,"template":"","format":"standard","meta":{"footnotes":""},"categories":[21,24],"tags":[2329,3494,81,251,1014,2057],"class_list":["post-419037","post","type-post","status-publish","format-standard","has-post-thumbnail","hentry","category-desporto","category-futebol","tag-cabo-verde","tag-farense","tag-internacionais","tag-juventude","tag-portugal","tag-selecao-nacional"],"yoast_head":"<!-- This site is optimized with the Yoast SEO plugin v27.2 - https:\/\/yoast.com\/product\/yoast-seo-wordpress\/ -->\n<title>Dupla ausente do trabalho levanta quest\u00f5es - Portal Tela Portugal<\/title>\n<meta name=\"robots\" content=\"index, follow, max-snippet:-1, max-image-preview:large, max-video-preview:-1\" \/>\n<meta property=\"og:locale\" content=\"pt_PT\" \/>\n<meta property=\"og:type\" content=\"article\" \/>\n<meta property=\"og:title\" content=\"Dupla ausente do trabalho levanta quest\u00f5es - Portal Tela Portugal\" \/>\n<meta property=\"og:description\" content=\"O m\u00e9dio Yannick Semedo vai representar Cabo Verde nos jogos de prepara\u00e7\u00e3o contra a Nova Zel\u00e2ndia e a Finl\u00e2ndia. Semedo ajudou Cabo Verde a qualificar-se pela primeira vez para uma fase final de um Mundial. O defesa Lucas D\u2019Agrella, do Farense, foi chamado \u00e0 sele\u00e7\u00e3o de sub-20 de Portugal para enfrentar a Su\u00ed\u00e7a e a Rep\u00fablica Checa. D\u2019Agrella voltou ao ativo diante do Benfica B, recuperando de les\u00e3o. Os dois jogadores integram convocat\u00f3rias distintas, uma para a sele\u00e7\u00e3o principal de Cabo Verde e outra para a forma\u00e7\u00e3o de sub-20 portuguesa.\" \/>\n<meta property=\"og:url\" content=\"https:\/\/portaltela.pt\/noticias\/2026\/03\/23\/dupla-ausente-do-trabalho-levanta-questoes\/\" \/>\n<meta property=\"og:site_name\" content=\"Portal Tela Portugal\" \/>\n<meta property=\"article:published_time\" content=\"2026-03-24T00:15:00+00:00\" \/>\n<meta name=\"author\" content=\"Telinha\" \/>\n<meta name=\"twitter:card\" content=\"summary_large_image\" \/>\n<meta name=\"twitter:label1\" content=\"Escrito por\" \/>\n\t<meta name=\"twitter:data1\" content=\"Telinha\" \/>\n\t<meta name=\"twitter:label2\" content=\"Tempo estimado de leitura\" \/>\n\t<meta name=\"twitter:data2\" content=\"1 minuto\" \/>\n<script type=\"application\/ld+json\" class=\"yoast-schema-graph\">{\"@context\":\"https:\/\/schema.org\",\"@graph\":[{\"@type\":\"Article\",\"@id\":\"https:\/\/portaltela.pt\/noticias\/2026\/03\/23\/dupla-ausente-do-trabalho-levanta-questoes\/#article\",\"isPartOf\":{\"@id\":\"https:\/\/portaltela.pt\/noticias\/2026\/03\/23\/dupla-ausente-do-trabalho-levanta-questoes\/\"},\"author\":{\"name\":\"Telinha\",\"@id\":\"https:\/\/portaltela.pt\/#\/schema\/person\/c4278d4a6028830caff9ee44b42d32ed\"},\"headline\":\"Dupla ausente do trabalho levanta quest\u00f5es\",\"datePublished\":\"2026-03-24T00:15:00+00:00\",\"mainEntityOfPage\":{\"@id\":\"https:\/\/portaltela.pt\/noticias\/2026\/03\/23\/dupla-ausente-do-trabalho-levanta-questoes\/\"},\"wordCount\":163,\"image\":{\"@id\":\"https:\/\/portaltela.pt\/noticias\/2026\/03\/23\/dupla-ausente-do-trabalho-levanta-questoes\/#primaryimage\"},\"thumbnailUrl\":\"https:\/\/portaltela.pt\/s.01k8rhncp4jt1\/2026\/03\/img_920x518uu2025-07-17-15-49-47-2377375.jpg\",\"keywords\":[\"Cabo Verde\",\"Farense\",\"internacionais\",\"juventude\",\"Portugal\",\"Sele\u00e7\u00e3o Nacional\"],\"articleSection\":[\"Desporto\",\"Futebol\"],\"inLanguage\":\"pt-PT\"},{\"@type\":\"WebPage\",\"@id\":\"https:\/\/portaltela.pt\/noticias\/2026\/03\/23\/dupla-ausente-do-trabalho-levanta-questoes\/\",\"url\":\"https:\/\/portaltela.pt\/noticias\/2026\/03\/23\/dupla-ausente-do-trabalho-levanta-questoes\/\",\"name\":\"Dupla ausente do trabalho levanta quest\u00f5es - Portal Tela Portugal\",\"isPartOf\":{\"@id\":\"https:\/\/portaltela.pt\/#website\"},\"primaryImageOfPage\":{\"@id\":\"https:\/\/portaltela.pt\/noticias\/2026\/03\/23\/dupla-ausente-do-trabalho-levanta-questoes\/#primaryimage\"},\"image\":{\"@id\":\"https:\/\/portaltela.pt\/noticias\/2026\/03\/23\/dupla-ausente-do-trabalho-levanta-questoes\/#primaryimage\"},\"thumbnailUrl\":\"https:\/\/portaltela.pt\/s.01k8rhncp4jt1\/2026\/03\/img_920x518uu2025-07-17-15-49-47-2377375.jpg\",\"datePublished\":\"2026-03-24T00:15:00+00:00\",\"author\":{\"@id\":\"https:\/\/portaltela.pt\/#\/schema\/person\/c4278d4a6028830caff9ee44b42d32ed\"},\"breadcrumb\":{\"@id\":\"https:\/\/portaltela.pt\/noticias\/2026\/03\/23\/dupla-ausente-do-trabalho-levanta-questoes\/#breadcrumb\"},\"inLanguage\":\"pt-PT\",\"potentialAction\":[{\"@type\":\"ReadAction\",\"target\":[\"https:\/\/portaltela.pt\/noticias\/2026\/03\/23\/dupla-ausente-do-trabalho-levanta-questoes\/\"]}]},{\"@type\":\"ImageObject\",\"inLanguage\":\"pt-PT\",\"@id\":\"https:\/\/portaltela.pt\/noticias\/2026\/03\/23\/dupla-ausente-do-trabalho-levanta-questoes\/#primaryimage\",\"url\":\"https:\/\/portaltela.pt\/s.01k8rhncp4jt1\/2026\/03\/img_920x518uu2025-07-17-15-49-47-2377375.jpg\",\"contentUrl\":\"https:\/\/portaltela.pt\/s.01k8rhncp4jt1\/2026\/03\/img_920x518uu2025-07-17-15-49-47-2377375.jpg\",\"width\":796,\"height\":448,\"caption\":\"Yannick Semedo\"},{\"@type\":\"BreadcrumbList\",\"@id\":\"https:\/\/portaltela.pt\/noticias\/2026\/03\/23\/dupla-ausente-do-trabalho-levanta-questoes\/#breadcrumb\",\"itemListElement\":[{\"@type\":\"ListItem\",\"position\":1,\"name\":\"In\u00edcio\",\"item\":\"https:\/\/portaltela.pt\/\"},{\"@type\":\"ListItem\",\"position\":2,\"name\":\"Dupla ausente do trabalho levanta quest\u00f5es\"}]},{\"@type\":\"WebSite\",\"@id\":\"https:\/\/portaltela.pt\/#website\",\"url\":\"https:\/\/portaltela.pt\/\",\"name\":\"Portal Tela Portugal\",\"description\":\"\",\"potentialAction\":[{\"@type\":\"SearchAction\",\"target\":{\"@type\":\"EntryPoint\",\"urlTemplate\":\"https:\/\/portaltela.pt\/?s={search_term_string}\"},\"query-input\":{\"@type\":\"PropertyValueSpecification\",\"valueRequired\":true,\"valueName\":\"search_term_string\"}}],\"inLanguage\":\"pt-PT\"},{\"@type\":\"Person\",\"@id\":\"https:\/\/portaltela.pt\/#\/schema\/person\/c4278d4a6028830caff9ee44b42d32ed\",\"name\":\"Telinha\",\"image\":{\"@type\":\"ImageObject\",\"inLanguage\":\"pt-PT\",\"@id\":\"https:\/\/portaltela.pt\/s.01k8rhncp4jt1\/2025\/11\/talking-bot-125x125.png\",\"url\":\"https:\/\/portaltela.pt\/s.01k8rhncp4jt1\/2025\/11\/talking-bot-125x125.png\",\"contentUrl\":\"https:\/\/portaltela.pt\/s.01k8rhncp4jt1\/2025\/11\/talking-bot-125x125.png\",\"caption\":\"Telinha\"},\"sameAs\":[\"https:\/\/portaltela.pt\/\"],\"url\":\"https:\/\/portaltela.pt\/por\/367410592786\/\"}]}<\/script>\n<!-- \/ Yoast SEO plugin. -->","yoast_head_json":{"title":"Dupla ausente do trabalho levanta quest\u00f5es - Portal Tela Portugal","robots":{"index":"index","follow":"follow","max-snippet":"max-snippet:-1","max-image-preview":"max-image-preview:large","max-video-preview":"max-video-preview:-1"},"og_locale":"pt_PT","og_type":"article","og_title":"Dupla ausente do trabalho levanta quest\u00f5es - Portal Tela Portugal","og_description":"O m\u00e9dio Yannick Semedo vai representar Cabo Verde nos jogos de prepara\u00e7\u00e3o contra a Nova Zel\u00e2ndia e a Finl\u00e2ndia. Semedo ajudou Cabo Verde a qualificar-se pela primeira vez para uma fase final de um Mundial. O defesa Lucas D\u2019Agrella, do Farense, foi chamado \u00e0 sele\u00e7\u00e3o de sub-20 de Portugal para enfrentar a Su\u00ed\u00e7a e a Rep\u00fablica Checa. D\u2019Agrella voltou ao ativo diante do Benfica B, recuperando de les\u00e3o. Os dois jogadores integram convocat\u00f3rias distintas, uma para a sele\u00e7\u00e3o principal de Cabo Verde e outra para a forma\u00e7\u00e3o de sub-20 portuguesa.","og_url":"https:\/\/portaltela.pt\/noticias\/2026\/03\/23\/dupla-ausente-do-trabalho-levanta-questoes\/","og_site_name":"Portal Tela Portugal","article_published_time":"2026-03-24T00:15:00+00:00","author":"Telinha","twitter_card":"summary_large_image","twitter_misc":{"Escrito por":"Telinha","Tempo estimado de leitura":"1 minuto"},"schema":{"@context":"https:\/\/schema.org","@graph":[{"@type":"Article","@id":"https:\/\/portaltela.pt\/noticias\/2026\/03\/23\/dupla-ausente-do-trabalho-levanta-questoes\/#article","isPartOf":{"@id":"https:\/\/portaltela.pt\/noticias\/2026\/03\/23\/dupla-ausente-do-trabalho-levanta-questoes\/"},"author":{"name":"Telinha","@id":"https:\/\/portaltela.pt\/#\/schema\/person\/c4278d4a6028830caff9ee44b42d32ed"},"headline":"Dupla ausente do trabalho levanta quest\u00f5es","datePublished":"2026-03-24T00:15:00+00:00","mainEntityOfPage":{"@id":"https:\/\/portaltela.pt\/noticias\/2026\/03\/23\/dupla-ausente-do-trabalho-levanta-questoes\/"},"wordCount":163,"image":{"@id":"https:\/\/portaltela.pt\/noticias\/2026\/03\/23\/dupla-ausente-do-trabalho-levanta-questoes\/#primaryimage"},"thumbnailUrl":"https:\/\/portaltela.pt\/s.01k8rhncp4jt1\/2026\/03\/img_920x518uu2025-07-17-15-49-47-2377375.jpg","keywords":["Cabo Verde","Farense","internacionais","juventude","Portugal","Sele\u00e7\u00e3o Nacional"],"articleSection":["Desporto","Futebol"],"inLanguage":"pt-PT"},{"@type":"WebPage","@id":"https:\/\/portaltela.pt\/noticias\/2026\/03\/23\/dupla-ausente-do-trabalho-levanta-questoes\/","url":"https:\/\/portaltela.pt\/noticias\/2026\/03\/23\/dupla-ausente-do-trabalho-levanta-questoes\/","name":"Dupla ausente do trabalho levanta quest\u00f5es - Portal Tela Portugal","isPartOf":{"@id":"https:\/\/portaltela.pt\/#website"},"primaryImageOfPage":{"@id":"https:\/\/portaltela.pt\/noticias\/2026\/03\/23\/dupla-ausente-do-trabalho-levanta-questoes\/#primaryimage"},"image":{"@id":"https:\/\/portaltela.pt\/noticias\/2026\/03\/23\/dupla-ausente-do-trabalho-levanta-questoes\/#primaryimage"},"thumbnailUrl":"https:\/\/portaltela.pt\/s.01k8rhncp4jt1\/2026\/03\/img_920x518uu2025-07-17-15-49-47-2377375.jpg","datePublished":"2026-03-24T00:15:00+00:00","author":{"@id":"https:\/\/portaltela.pt\/#\/schema\/person\/c4278d4a6028830caff9ee44b42d32ed"},"breadcrumb":{"@id":"https:\/\/portaltela.pt\/noticias\/2026\/03\/23\/dupla-ausente-do-trabalho-levanta-questoes\/#breadcrumb"},"inLanguage":"pt-PT","potentialAction":[{"@type":"ReadAction","target":["https:\/\/portaltela.pt\/noticias\/2026\/03\/23\/dupla-ausente-do-trabalho-levanta-questoes\/"]}]},{"@type":"ImageObject","inLanguage":"pt-PT","@id":"https:\/\/portaltela.pt\/noticias\/2026\/03\/23\/dupla-ausente-do-trabalho-levanta-questoes\/#primaryimage","url":"https:\/\/portaltela.pt\/s.01k8rhncp4jt1\/2026\/03\/img_920x518uu2025-07-17-15-49-47-2377375.jpg","contentUrl":"https:\/\/portaltela.pt\/s.01k8rhncp4jt1\/2026\/03\/img_920x518uu2025-07-17-15-49-47-2377375.jpg","width":796,"height":448,"caption":"Yannick Semedo"},{"@type":"BreadcrumbList","@id":"https:\/\/portaltela.pt\/noticias\/2026\/03\/23\/dupla-ausente-do-trabalho-levanta-questoes\/#breadcrumb","itemListElement":[{"@type":"ListItem","position":1,"name":"In\u00edcio","item":"https:\/\/portaltela.pt\/"},{"@type":"ListItem","position":2,"name":"Dupla ausente do trabalho levanta quest\u00f5es"}]},{"@type":"WebSite","@id":"https:\/\/portaltela.pt\/#website","url":"https:\/\/portaltela.pt\/","name":"Portal Tela Portugal","description":"","potentialAction":[{"@type":"SearchAction","target":{"@type":"EntryPoint","urlTemplate":"https:\/\/portaltela.pt\/?s={search_term_string}"},"query-input":{"@type":"PropertyValueSpecification","valueRequired":true,"valueName":"search_term_string"}}],"inLanguage":"pt-PT"},{"@type":"Person","@id":"https:\/\/portaltela.pt\/#\/schema\/person\/c4278d4a6028830caff9ee44b42d32ed","name":"Telinha","image":{"@type":"ImageObject","inLanguage":"pt-PT","@id":"https:\/\/portaltela.pt\/s.01k8rhncp4jt1\/2025\/11\/talking-bot-125x125.png","url":"https:\/\/portaltela.pt\/s.01k8rhncp4jt1\/2025\/11\/talking-bot-125x125.png","contentUrl":"https:\/\/portaltela.pt\/s.01k8rhncp4jt1\/2025\/11\/talking-bot-125x125.png","caption":"Telinha"},"sameAs":["https:\/\/portaltela.pt\/"],"url":"https:\/\/portaltela.pt\/por\/367410592786\/"}]}},"_links":{"self":[{"href":"https:\/\/portaltela.pt\/api\/wp\/v2\/posts\/419037","targetHints":{"allow":["GET"]}}],"collection":[{"href":"https:\/\/portaltela.pt\/api\/wp\/v2\/posts"}],"about":[{"href":"https:\/\/portaltela.pt\/api\/wp\/v2\/types\/post"}],"author":[{"embeddable":true,"href":"https:\/\/portaltela.pt\/api\/wp\/v2\/users\/2"}],"replies":[{"embeddable":true,"href":"https:\/\/portaltela.pt\/api\/wp\/v2\/comments?post=419037"}],"version-history":[{"count":0,"href":"https:\/\/portaltela.pt\/api\/wp\/v2\/posts\/419037\/revisions"}],"wp:featuredmedia":[{"embeddable":true,"href":"https:\/\/portaltela.pt\/api\/wp\/v2\/media\/419038"}],"wp:attachment":[{"href":"https:\/\/portaltela.pt\/api\/wp\/v2\/media?parent=419037"}],"wp:term":[{"taxonomy":"category","embeddable":true,"href":"https:\/\/portaltela.pt\/api\/wp\/v2\/categories?post=419037"},{"taxonomy":"post_tag","embeddable":true,"href":"https:\/\/portaltela.pt\/api\/wp\/v2\/tags?post=419037"}],"curies":[{"name":"wp","href":"https:\/\/api.w.org\/{rel}","templated":true}]}}