{"id":419031,"date":"2026-03-23T20:59:12","date_gmt":"2026-03-23T23:59:12","guid":{"rendered":"https:\/\/portaltela.pt\/noticias\/2026\/03\/23\/mais-de-250-policias-reforcam-protecao-da-comunidade-judaica-em-londres\/"},"modified":"2026-03-23T20:59:12","modified_gmt":"2026-03-23T23:59:12","slug":"mais-de-250-policias-reforcam-protecao-da-comunidade-judaica-em-londres","status":"publish","type":"post","link":"https:\/\/portaltela.pt\/seguranca\/2026\/03\/23\/mais-de-250-policias-reforcam-protecao-da-comunidade-judaica-em-londres\/","title":{"rendered":"Mais de 250 pol\u00edcias refor\u00e7am prote\u00e7\u00e3o da comunidade judaica em Londres"},"content":{"rendered":"<p>Mais de 250(as) pol\u00edcias s\u00e3o refor\u00e7os para proteger a comunidade judaica de Londres<\/p>\n<p>Quatro ambul\u00e2ncias de uma associa\u00e7\u00e3o judaica de caridade foram incendiadas na noite passada, em Londres. A decis\u00e3o foi anunciada esta segunda-feira pela chefe da Pol\u00edcia Metropolitana, Mark Rowley.<\/p>\n<p>No total, 264 agentes v\u00e3o ser deslocados para junto das for\u00e7as locais, com patrulhas suplementares altamente vis\u00edveis e armadas. O objetivo \u00e9 reduzir a amea\u00e7a, identificar os respons\u00e1veis e prevenir novos ataques, explicou Rowley durante um jantar anual da Community Security Trust.<\/p>\n<p>A investiga\u00e7\u00e3o est\u00e1 a ser tratada como crime de \u00f3dio antissemita. Detetives trabalham para confirmar se uma reivindica\u00e7\u00e3o de responsabilidade de um grupo com liga\u00e7\u00f5es alegadas ao Ir\u00e3o \u00e9 aut\u00eantica. Apesar de ainda n\u00e3o ter sido considerado terrorismo, o caso \u00e9 seguido pela equipa de antiterrorismo.<\/p>\n<p>Ningu\u00e9m ficou ferido. Os inc\u00eandios partiram vidros de habita\u00e7\u00f5es pr\u00f3ximas e reduziram os ve\u00edculos a carca\u00e7as carbonizadas. Rowley acrescentou que todas as linhas da investiga\u00e7\u00e3o est\u00e3o a ser seguidas, incluindo a poss\u00edvel liga\u00e7\u00e3o do grupo isl\u00e2mico a outros ataques na Europa.<\/p>\n","protected":false},"excerpt":{"rendered":"<ul>\n<li>Mais de 250 pol\u00edcias adicionais v\u00e3o ser deslocados para proteger a comunidade judaica de Londres, juntando-se \u00e0s for\u00e7as locais j\u00e1 presentes e a patrulhas armadas altamente vis\u00edveis.<\/li>\n<li>Quatro ambul\u00e2ncias de uma associa\u00e7\u00e3o judaica de caridade foram incendiadas durante o ataque noturno; ningu\u00e9m ficou ferido, e as habita\u00e7\u00f5es mais pr\u00f3ximas tiveram vidros partidos.<\/li>\n<li>A pol\u00edcia investiga o caso como crime de \u00f3dio antissemita e trabalha para confirmar se uma reivindica\u00e7\u00e3o de um grupo com alegadas liga\u00e7\u00f5es ao Ir\u00e3o \u00e9 aut\u00eantica.<\/li>\n<li>Embora ainda n\u00e3o tenha sido considerado ataque terrorista, agentes antiterrorismo assumiram a investiga\u00e7\u00e3o e seguem v\u00e1rias linhas, incluindo a poss\u00edvel respons\u00e1bilidade de um grupo isl\u00e2mico que j\u00e1 reivindicou outros ataques na Europa.<\/li>\n<li>A chefe da Pol\u00edcia Metropolitana, Mark Rowley, afirmou que o objetivo \u00e9 reduzir a amea\u00e7a, identificar os autores e prevenir novos ataques.<\/li>\n<\/ul>\n","protected":false},"author":2,"featured_media":419033,"comment_status":"closed","ping_status":"closed","sticky":false,"template":"","format":"standard","meta":{"footnotes":""},"categories":[6781,6779],"tags":[1383,3696,2617,2376,3418,4989],"class_list":["post-419031","post","type-post","status-publish","format-standard","has-post-thumbnail","hentry","category-policia","category-seguranca","tag-antissemitismo","tag-crime-de-odio","tag-incendios","tag-londres","tag-policia-de-seguranca-publica","tag-terrorismo"],"yoast_head":"<!-- This site is optimized with the Yoast SEO plugin v27.2 - https:\/\/yoast.com\/product\/yoast-seo-wordpress\/ -->\n<title>Mais de 250 pol\u00edcias refor\u00e7am prote\u00e7\u00e3o da comunidade judaica em Londres - Portal Tela Portugal<\/title>\n<meta name=\"robots\" content=\"index, follow, max-snippet:-1, max-image-preview:large, max-video-preview:-1\" \/>\n<meta property=\"og:locale\" content=\"pt_PT\" \/>\n<meta property=\"og:type\" content=\"article\" \/>\n<meta property=\"og:title\" content=\"Mais de 250 pol\u00edcias refor\u00e7am prote\u00e7\u00e3o da comunidade judaica em Londres - Portal Tela Portugal\" \/>\n<meta property=\"og:description\" content=\"Mais de 250 pol\u00edcias adicionais v\u00e3o ser deslocados para proteger a comunidade judaica de Londres, juntando-se \u00e0s for\u00e7as locais j\u00e1 presentes e a patrulhas armadas altamente vis\u00edveis. Quatro ambul\u00e2ncias de uma associa\u00e7\u00e3o judaica de caridade foram incendiadas durante o ataque noturno; ningu\u00e9m ficou ferido, e as habita\u00e7\u00f5es mais pr\u00f3ximas tiveram vidros partidos. A pol\u00edcia investiga o caso como crime de \u00f3dio antissemita e trabalha para confirmar se uma reivindica\u00e7\u00e3o de um grupo com alegadas liga\u00e7\u00f5es ao Ir\u00e3o \u00e9 aut\u00eantica. Embora ainda n\u00e3o tenha sido considerado ataque terrorista, agentes antiterrorismo assumiram a investiga\u00e7\u00e3o e seguem v\u00e1rias linhas, incluindo a poss\u00edvel respons\u00e1bilidade de um grupo isl\u00e2mico que j\u00e1 reivindicou outros ataques na Europa. A chefe da Pol\u00edcia Metropolitana, Mark Rowley, afirmou que o objetivo \u00e9 reduzir a amea\u00e7a, identificar os autores e prevenir novos ataques.\" \/>\n<meta property=\"og:url\" content=\"https:\/\/portaltela.pt\/noticias\/2026\/03\/23\/mais-de-250-policias-reforcam-protecao-da-comunidade-judaica-em-londres\/\" \/>\n<meta property=\"og:site_name\" content=\"Portal Tela Portugal\" \/>\n<meta property=\"article:published_time\" content=\"2026-03-23T23:59:12+00:00\" \/>\n<meta name=\"author\" content=\"Telinha\" \/>\n<meta name=\"twitter:card\" content=\"summary_large_image\" \/>\n<meta name=\"twitter:label1\" content=\"Escrito por\" \/>\n\t<meta name=\"twitter:data1\" content=\"Telinha\" \/>\n\t<meta name=\"twitter:label2\" content=\"Tempo estimado de leitura\" \/>\n\t<meta name=\"twitter:data2\" content=\"1 minuto\" \/>\n<script type=\"application\/ld+json\" class=\"yoast-schema-graph\">{\"@context\":\"https:\/\/schema.org\",\"@graph\":[{\"@type\":\"Article\",\"@id\":\"https:\/\/portaltela.pt\/noticias\/2026\/03\/23\/mais-de-250-policias-reforcam-protecao-da-comunidade-judaica-em-londres\/#article\",\"isPartOf\":{\"@id\":\"https:\/\/portaltela.pt\/noticias\/2026\/03\/23\/mais-de-250-policias-reforcam-protecao-da-comunidade-judaica-em-londres\/\"},\"author\":{\"name\":\"Telinha\",\"@id\":\"https:\/\/portaltela.pt\/#\/schema\/person\/c4278d4a6028830caff9ee44b42d32ed\"},\"headline\":\"Mais de 250 pol\u00edcias refor\u00e7am prote\u00e7\u00e3o da comunidade judaica em Londres\",\"datePublished\":\"2026-03-23T23:59:12+00:00\",\"mainEntityOfPage\":{\"@id\":\"https:\/\/portaltela.pt\/noticias\/2026\/03\/23\/mais-de-250-policias-reforcam-protecao-da-comunidade-judaica-em-londres\/\"},\"wordCount\":208,\"image\":{\"@id\":\"https:\/\/portaltela.pt\/noticias\/2026\/03\/23\/mais-de-250-policias-reforcam-protecao-da-comunidade-judaica-em-londres\/#primaryimage\"},\"thumbnailUrl\":\"https:\/\/portaltela.pt\/s.01k8rhncp4jt1\/2026\/03\/img_1280x721uu2019-08-08-08-45-38-875515.jpg\",\"keywords\":[\"antissemitismo\",\"crime de \u00f3dio\",\"inc\u00eandios\",\"Londres\",\"Pol\u00edcia de Seguran\u00e7a P\u00fablica\",\"terrorismo\"],\"articleSection\":[\"Pol\u00edcia\",\"Seguran\u00e7a\"],\"inLanguage\":\"pt-PT\"},{\"@type\":\"WebPage\",\"@id\":\"https:\/\/portaltela.pt\/noticias\/2026\/03\/23\/mais-de-250-policias-reforcam-protecao-da-comunidade-judaica-em-londres\/\",\"url\":\"https:\/\/portaltela.pt\/noticias\/2026\/03\/23\/mais-de-250-policias-reforcam-protecao-da-comunidade-judaica-em-londres\/\",\"name\":\"Mais de 250 pol\u00edcias refor\u00e7am prote\u00e7\u00e3o da comunidade judaica em Londres - Portal Tela Portugal\",\"isPartOf\":{\"@id\":\"https:\/\/portaltela.pt\/#website\"},\"primaryImageOfPage\":{\"@id\":\"https:\/\/portaltela.pt\/noticias\/2026\/03\/23\/mais-de-250-policias-reforcam-protecao-da-comunidade-judaica-em-londres\/#primaryimage\"},\"image\":{\"@id\":\"https:\/\/portaltela.pt\/noticias\/2026\/03\/23\/mais-de-250-policias-reforcam-protecao-da-comunidade-judaica-em-londres\/#primaryimage\"},\"thumbnailUrl\":\"https:\/\/portaltela.pt\/s.01k8rhncp4jt1\/2026\/03\/img_1280x721uu2019-08-08-08-45-38-875515.jpg\",\"datePublished\":\"2026-03-23T23:59:12+00:00\",\"author\":{\"@id\":\"https:\/\/portaltela.pt\/#\/schema\/person\/c4278d4a6028830caff9ee44b42d32ed\"},\"breadcrumb\":{\"@id\":\"https:\/\/portaltela.pt\/noticias\/2026\/03\/23\/mais-de-250-policias-reforcam-protecao-da-comunidade-judaica-em-londres\/#breadcrumb\"},\"inLanguage\":\"pt-PT\",\"potentialAction\":[{\"@type\":\"ReadAction\",\"target\":[\"https:\/\/portaltela.pt\/noticias\/2026\/03\/23\/mais-de-250-policias-reforcam-protecao-da-comunidade-judaica-em-londres\/\"]}]},{\"@type\":\"ImageObject\",\"inLanguage\":\"pt-PT\",\"@id\":\"https:\/\/portaltela.pt\/noticias\/2026\/03\/23\/mais-de-250-policias-reforcam-protecao-da-comunidade-judaica-em-londres\/#primaryimage\",\"url\":\"https:\/\/portaltela.pt\/s.01k8rhncp4jt1\/2026\/03\/img_1280x721uu2019-08-08-08-45-38-875515.jpg\",\"contentUrl\":\"https:\/\/portaltela.pt\/s.01k8rhncp4jt1\/2026\/03\/img_1280x721uu2019-08-08-08-45-38-875515.jpg\",\"width\":796,\"height\":448,\"caption\":\"Pol\u00edcia do Metropolitano de Londres\"},{\"@type\":\"BreadcrumbList\",\"@id\":\"https:\/\/portaltela.pt\/noticias\/2026\/03\/23\/mais-de-250-policias-reforcam-protecao-da-comunidade-judaica-em-londres\/#breadcrumb\",\"itemListElement\":[{\"@type\":\"ListItem\",\"position\":1,\"name\":\"In\u00edcio\",\"item\":\"https:\/\/portaltela.pt\/\"},{\"@type\":\"ListItem\",\"position\":2,\"name\":\"Mais de 250 pol\u00edcias refor\u00e7am prote\u00e7\u00e3o da comunidade judaica em Londres\"}]},{\"@type\":\"WebSite\",\"@id\":\"https:\/\/portaltela.pt\/#website\",\"url\":\"https:\/\/portaltela.pt\/\",\"name\":\"Portal Tela Portugal\",\"description\":\"\",\"potentialAction\":[{\"@type\":\"SearchAction\",\"target\":{\"@type\":\"EntryPoint\",\"urlTemplate\":\"https:\/\/portaltela.pt\/?s={search_term_string}\"},\"query-input\":{\"@type\":\"PropertyValueSpecification\",\"valueRequired\":true,\"valueName\":\"search_term_string\"}}],\"inLanguage\":\"pt-PT\"},{\"@type\":\"Person\",\"@id\":\"https:\/\/portaltela.pt\/#\/schema\/person\/c4278d4a6028830caff9ee44b42d32ed\",\"name\":\"Telinha\",\"image\":{\"@type\":\"ImageObject\",\"inLanguage\":\"pt-PT\",\"@id\":\"https:\/\/portaltela.pt\/s.01k8rhncp4jt1\/2025\/11\/talking-bot-125x125.png\",\"url\":\"https:\/\/portaltela.pt\/s.01k8rhncp4jt1\/2025\/11\/talking-bot-125x125.png\",\"contentUrl\":\"https:\/\/portaltela.pt\/s.01k8rhncp4jt1\/2025\/11\/talking-bot-125x125.png\",\"caption\":\"Telinha\"},\"sameAs\":[\"https:\/\/portaltela.pt\/\"],\"url\":\"https:\/\/portaltela.pt\/por\/367410592786\/\"}]}<\/script>\n<!-- \/ Yoast SEO plugin. -->","yoast_head_json":{"title":"Mais de 250 pol\u00edcias refor\u00e7am prote\u00e7\u00e3o da comunidade judaica em Londres - Portal Tela Portugal","robots":{"index":"index","follow":"follow","max-snippet":"max-snippet:-1","max-image-preview":"max-image-preview:large","max-video-preview":"max-video-preview:-1"},"og_locale":"pt_PT","og_type":"article","og_title":"Mais de 250 pol\u00edcias refor\u00e7am prote\u00e7\u00e3o da comunidade judaica em Londres - Portal Tela Portugal","og_description":"Mais de 250 pol\u00edcias adicionais v\u00e3o ser deslocados para proteger a comunidade judaica de Londres, juntando-se \u00e0s for\u00e7as locais j\u00e1 presentes e a patrulhas armadas altamente vis\u00edveis. Quatro ambul\u00e2ncias de uma associa\u00e7\u00e3o judaica de caridade foram incendiadas durante o ataque noturno; ningu\u00e9m ficou ferido, e as habita\u00e7\u00f5es mais pr\u00f3ximas tiveram vidros partidos. A pol\u00edcia investiga o caso como crime de \u00f3dio antissemita e trabalha para confirmar se uma reivindica\u00e7\u00e3o de um grupo com alegadas liga\u00e7\u00f5es ao Ir\u00e3o \u00e9 aut\u00eantica. Embora ainda n\u00e3o tenha sido considerado ataque terrorista, agentes antiterrorismo assumiram a investiga\u00e7\u00e3o e seguem v\u00e1rias linhas, incluindo a poss\u00edvel respons\u00e1bilidade de um grupo isl\u00e2mico que j\u00e1 reivindicou outros ataques na Europa. A chefe da Pol\u00edcia Metropolitana, Mark Rowley, afirmou que o objetivo \u00e9 reduzir a amea\u00e7a, identificar os autores e prevenir novos ataques.","og_url":"https:\/\/portaltela.pt\/noticias\/2026\/03\/23\/mais-de-250-policias-reforcam-protecao-da-comunidade-judaica-em-londres\/","og_site_name":"Portal Tela Portugal","article_published_time":"2026-03-23T23:59:12+00:00","author":"Telinha","twitter_card":"summary_large_image","twitter_misc":{"Escrito por":"Telinha","Tempo estimado de leitura":"1 minuto"},"schema":{"@context":"https:\/\/schema.org","@graph":[{"@type":"Article","@id":"https:\/\/portaltela.pt\/noticias\/2026\/03\/23\/mais-de-250-policias-reforcam-protecao-da-comunidade-judaica-em-londres\/#article","isPartOf":{"@id":"https:\/\/portaltela.pt\/noticias\/2026\/03\/23\/mais-de-250-policias-reforcam-protecao-da-comunidade-judaica-em-londres\/"},"author":{"name":"Telinha","@id":"https:\/\/portaltela.pt\/#\/schema\/person\/c4278d4a6028830caff9ee44b42d32ed"},"headline":"Mais de 250 pol\u00edcias refor\u00e7am prote\u00e7\u00e3o da comunidade judaica em Londres","datePublished":"2026-03-23T23:59:12+00:00","mainEntityOfPage":{"@id":"https:\/\/portaltela.pt\/noticias\/2026\/03\/23\/mais-de-250-policias-reforcam-protecao-da-comunidade-judaica-em-londres\/"},"wordCount":208,"image":{"@id":"https:\/\/portaltela.pt\/noticias\/2026\/03\/23\/mais-de-250-policias-reforcam-protecao-da-comunidade-judaica-em-londres\/#primaryimage"},"thumbnailUrl":"https:\/\/portaltela.pt\/s.01k8rhncp4jt1\/2026\/03\/img_1280x721uu2019-08-08-08-45-38-875515.jpg","keywords":["antissemitismo","crime de \u00f3dio","inc\u00eandios","Londres","Pol\u00edcia de Seguran\u00e7a P\u00fablica","terrorismo"],"articleSection":["Pol\u00edcia","Seguran\u00e7a"],"inLanguage":"pt-PT"},{"@type":"WebPage","@id":"https:\/\/portaltela.pt\/noticias\/2026\/03\/23\/mais-de-250-policias-reforcam-protecao-da-comunidade-judaica-em-londres\/","url":"https:\/\/portaltela.pt\/noticias\/2026\/03\/23\/mais-de-250-policias-reforcam-protecao-da-comunidade-judaica-em-londres\/","name":"Mais de 250 pol\u00edcias refor\u00e7am prote\u00e7\u00e3o da comunidade judaica em Londres - Portal Tela Portugal","isPartOf":{"@id":"https:\/\/portaltela.pt\/#website"},"primaryImageOfPage":{"@id":"https:\/\/portaltela.pt\/noticias\/2026\/03\/23\/mais-de-250-policias-reforcam-protecao-da-comunidade-judaica-em-londres\/#primaryimage"},"image":{"@id":"https:\/\/portaltela.pt\/noticias\/2026\/03\/23\/mais-de-250-policias-reforcam-protecao-da-comunidade-judaica-em-londres\/#primaryimage"},"thumbnailUrl":"https:\/\/portaltela.pt\/s.01k8rhncp4jt1\/2026\/03\/img_1280x721uu2019-08-08-08-45-38-875515.jpg","datePublished":"2026-03-23T23:59:12+00:00","author":{"@id":"https:\/\/portaltela.pt\/#\/schema\/person\/c4278d4a6028830caff9ee44b42d32ed"},"breadcrumb":{"@id":"https:\/\/portaltela.pt\/noticias\/2026\/03\/23\/mais-de-250-policias-reforcam-protecao-da-comunidade-judaica-em-londres\/#breadcrumb"},"inLanguage":"pt-PT","potentialAction":[{"@type":"ReadAction","target":["https:\/\/portaltela.pt\/noticias\/2026\/03\/23\/mais-de-250-policias-reforcam-protecao-da-comunidade-judaica-em-londres\/"]}]},{"@type":"ImageObject","inLanguage":"pt-PT","@id":"https:\/\/portaltela.pt\/noticias\/2026\/03\/23\/mais-de-250-policias-reforcam-protecao-da-comunidade-judaica-em-londres\/#primaryimage","url":"https:\/\/portaltela.pt\/s.01k8rhncp4jt1\/2026\/03\/img_1280x721uu2019-08-08-08-45-38-875515.jpg","contentUrl":"https:\/\/portaltela.pt\/s.01k8rhncp4jt1\/2026\/03\/img_1280x721uu2019-08-08-08-45-38-875515.jpg","width":796,"height":448,"caption":"Pol\u00edcia do Metropolitano de Londres"},{"@type":"BreadcrumbList","@id":"https:\/\/portaltela.pt\/noticias\/2026\/03\/23\/mais-de-250-policias-reforcam-protecao-da-comunidade-judaica-em-londres\/#breadcrumb","itemListElement":[{"@type":"ListItem","position":1,"name":"In\u00edcio","item":"https:\/\/portaltela.pt\/"},{"@type":"ListItem","position":2,"name":"Mais de 250 pol\u00edcias refor\u00e7am prote\u00e7\u00e3o da comunidade judaica em Londres"}]},{"@type":"WebSite","@id":"https:\/\/portaltela.pt\/#website","url":"https:\/\/portaltela.pt\/","name":"Portal Tela Portugal","description":"","potentialAction":[{"@type":"SearchAction","target":{"@type":"EntryPoint","urlTemplate":"https:\/\/portaltela.pt\/?s={search_term_string}"},"query-input":{"@type":"PropertyValueSpecification","valueRequired":true,"valueName":"search_term_string"}}],"inLanguage":"pt-PT"},{"@type":"Person","@id":"https:\/\/portaltela.pt\/#\/schema\/person\/c4278d4a6028830caff9ee44b42d32ed","name":"Telinha","image":{"@type":"ImageObject","inLanguage":"pt-PT","@id":"https:\/\/portaltela.pt\/s.01k8rhncp4jt1\/2025\/11\/talking-bot-125x125.png","url":"https:\/\/portaltela.pt\/s.01k8rhncp4jt1\/2025\/11\/talking-bot-125x125.png","contentUrl":"https:\/\/portaltela.pt\/s.01k8rhncp4jt1\/2025\/11\/talking-bot-125x125.png","caption":"Telinha"},"sameAs":["https:\/\/portaltela.pt\/"],"url":"https:\/\/portaltela.pt\/por\/367410592786\/"}]}},"_links":{"self":[{"href":"https:\/\/portaltela.pt\/api\/wp\/v2\/posts\/419031","targetHints":{"allow":["GET"]}}],"collection":[{"href":"https:\/\/portaltela.pt\/api\/wp\/v2\/posts"}],"about":[{"href":"https:\/\/portaltela.pt\/api\/wp\/v2\/types\/post"}],"author":[{"embeddable":true,"href":"https:\/\/portaltela.pt\/api\/wp\/v2\/users\/2"}],"replies":[{"embeddable":true,"href":"https:\/\/portaltela.pt\/api\/wp\/v2\/comments?post=419031"}],"version-history":[{"count":0,"href":"https:\/\/portaltela.pt\/api\/wp\/v2\/posts\/419031\/revisions"}],"wp:featuredmedia":[{"embeddable":true,"href":"https:\/\/portaltela.pt\/api\/wp\/v2\/media\/419033"}],"wp:attachment":[{"href":"https:\/\/portaltela.pt\/api\/wp\/v2\/media?parent=419031"}],"wp:term":[{"taxonomy":"category","embeddable":true,"href":"https:\/\/portaltela.pt\/api\/wp\/v2\/categories?post=419031"},{"taxonomy":"post_tag","embeddable":true,"href":"https:\/\/portaltela.pt\/api\/wp\/v2\/tags?post=419031"}],"curies":[{"name":"wp","href":"https:\/\/api.w.org\/{rel}","templated":true}]}}