{"id":419026,"date":"2026-03-23T20:37:39","date_gmt":"2026-03-23T23:37:39","guid":{"rendered":"https:\/\/portaltela.pt\/noticias\/2026\/03\/23\/pentagono-concede-novas-credenciais-de-imprensa-apos-decisao-judicial\/"},"modified":"2026-03-23T20:37:39","modified_gmt":"2026-03-23T23:37:39","slug":"pentagono-concede-novas-credenciais-de-imprensa-apos-decisao-judicial","status":"publish","type":"post","link":"https:\/\/portaltela.pt\/noticias\/2026\/03\/23\/pentagono-concede-novas-credenciais-de-imprensa-apos-decisao-judicial\/","title":{"rendered":"Pent\u00e1gono concede novas credenciais de imprensa ap\u00f3s decis\u00e3o judicial"},"content":{"rendered":"<p>O Pent\u00e1gono anunciou na segunda-feira que vai emitir novas credenciais de imprensa, ap\u00f3s um juiz considerar ilegais restri\u00e7\u00f5es de acesso impostas aos m\u00e9dias ao edif\u00edcio do complexo. O objetivo \u00e9 restabelecer o credenciamento durante o recurso da decis\u00e3o.<\/p>\n<p>O juiz distrital Paul Friedman, de Washington, D.C., decidiu na sexta-feira a favor do The New York Times, afirmando que partes relevantes da regulamenta\u00e7\u00e3o violavam normas. A decis\u00e3o envolve jornalistas que se recusaram a aceitar as novas regras.<\/p>\n<p>O porta-voz do Pent\u00e1gono, Sean Parnell, disse que a ag\u00eancia discorda da decis\u00e3o e vai recorrer. Enquanto isso, os jornalistas podem credenciar-se e trabalhar num anexo no complexo, fora do edif\u00edcio principal, cuja abertura est\u00e1 condicionada ao estado de prepara\u00e7\u00e3o.<\/p>\n<h3>Anexo de trabalho tempor\u00e1rio<\/h3>\n<p>O anexo ser\u00e1 disponibilizado assim que estiver pronto, segundo a declara\u00e7\u00e3o oficial. A medida visa permitir cobertura cont\u00ednua at\u00e9 que os recursos legais sejam conclu\u00eddos. N\u00e3o houve confirma\u00e7\u00e3o de prazos para a conclus\u00e3o do processo.<\/p>\n","protected":false},"excerpt":{"rendered":"<ul>\n<li>O Pent\u00e1gono anunciou a emiss\u00e3o de novas credenciais de imprensa ap\u00f3s um juiz impedir bloqueio de jornalistas ao edif\u00edcio principal.<\/li>\n<li>O juiz Paul Friedman, de Washington, D. C., considerou ilegais partes da regulamenta\u00e7\u00e3o que restringiam o acesso \u00e0 imprensa.<\/li>\n<li>A decis\u00e3o foi proferida a favor do The New York Times e manteve a possibilidade de contesta\u00e7\u00e3o pelo Pent\u00e1gono.<\/li>\n<li>O Departamento de Guerra norte\u2011americano vai recorrer, mas allow credenciais para jornalistas num anexo fora do edif\u00edcio principal est\u00e1 dispon\u00edvel.<\/li>\n<li>O anexo estar\u00e1 dispon\u00edvel quando estiver pronto, permitindo que jornalistas trabalhem no local.<\/li>\n<\/ul>\n","protected":false},"author":2,"featured_media":419028,"comment_status":"closed","ping_status":"closed","sticky":false,"template":"","format":"standard","meta":{"footnotes":""},"categories":[6804,1],"tags":[506,5563,5450,3512,6014,52],"class_list":["post-419026","post","type-post","status-publish","format-standard","has-post-thumbnail","hentry","category-guerra","category-noticias","tag-imprensa","tag-informacao-publica","tag-jurisdicao-internacional","tag-liberdade-de-imprensa","tag-noticias-internacionais","tag-tribunal"],"yoast_head":"<!-- This site is optimized with the Yoast SEO plugin v27.2 - https:\/\/yoast.com\/product\/yoast-seo-wordpress\/ -->\n<title>Pent\u00e1gono concede novas credenciais de imprensa ap\u00f3s decis\u00e3o judicial - Portal Tela Portugal<\/title>\n<meta name=\"robots\" content=\"index, follow, max-snippet:-1, max-image-preview:large, max-video-preview:-1\" \/>\n<meta property=\"og:locale\" content=\"pt_PT\" \/>\n<meta property=\"og:type\" content=\"article\" \/>\n<meta property=\"og:title\" content=\"Pent\u00e1gono concede novas credenciais de imprensa ap\u00f3s decis\u00e3o judicial - Portal Tela Portugal\" \/>\n<meta property=\"og:description\" content=\"O Pent\u00e1gono anunciou a emiss\u00e3o de novas credenciais de imprensa ap\u00f3s um juiz impedir bloqueio de jornalistas ao edif\u00edcio principal. O juiz Paul Friedman, de Washington, D. C., considerou ilegais partes da regulamenta\u00e7\u00e3o que restringiam o acesso \u00e0 imprensa. A decis\u00e3o foi proferida a favor do The New York Times e manteve a possibilidade de contesta\u00e7\u00e3o pelo Pent\u00e1gono. O Departamento de Guerra norte\u2011americano vai recorrer, mas allow credenciais para jornalistas num anexo fora do edif\u00edcio principal est\u00e1 dispon\u00edvel. O anexo estar\u00e1 dispon\u00edvel quando estiver pronto, permitindo que jornalistas trabalhem no local.\" \/>\n<meta property=\"og:url\" content=\"https:\/\/portaltela.pt\/noticias\/2026\/03\/23\/pentagono-concede-novas-credenciais-de-imprensa-apos-decisao-judicial\/\" \/>\n<meta property=\"og:site_name\" content=\"Portal Tela Portugal\" \/>\n<meta property=\"article:published_time\" content=\"2026-03-23T23:37:39+00:00\" \/>\n<meta name=\"author\" content=\"Telinha\" \/>\n<meta name=\"twitter:card\" content=\"summary_large_image\" \/>\n<meta name=\"twitter:label1\" content=\"Escrito por\" \/>\n\t<meta name=\"twitter:data1\" content=\"Telinha\" \/>\n\t<meta name=\"twitter:label2\" content=\"Tempo estimado de leitura\" \/>\n\t<meta name=\"twitter:data2\" content=\"1 minuto\" \/>\n<script type=\"application\/ld+json\" class=\"yoast-schema-graph\">{\"@context\":\"https:\/\/schema.org\",\"@graph\":[{\"@type\":\"Article\",\"@id\":\"https:\/\/portaltela.pt\/noticias\/2026\/03\/23\/pentagono-concede-novas-credenciais-de-imprensa-apos-decisao-judicial\/#article\",\"isPartOf\":{\"@id\":\"https:\/\/portaltela.pt\/noticias\/2026\/03\/23\/pentagono-concede-novas-credenciais-de-imprensa-apos-decisao-judicial\/\"},\"author\":{\"name\":\"Telinha\",\"@id\":\"https:\/\/portaltela.pt\/#\/schema\/person\/c4278d4a6028830caff9ee44b42d32ed\"},\"headline\":\"Pent\u00e1gono concede novas credenciais de imprensa ap\u00f3s decis\u00e3o judicial\",\"datePublished\":\"2026-03-23T23:37:39+00:00\",\"mainEntityOfPage\":{\"@id\":\"https:\/\/portaltela.pt\/noticias\/2026\/03\/23\/pentagono-concede-novas-credenciais-de-imprensa-apos-decisao-judicial\/\"},\"wordCount\":187,\"image\":{\"@id\":\"https:\/\/portaltela.pt\/noticias\/2026\/03\/23\/pentagono-concede-novas-credenciais-de-imprensa-apos-decisao-judicial\/#primaryimage\"},\"thumbnailUrl\":\"https:\/\/portaltela.pt\/s.01k8rhncp4jt1\/2026\/03\/img_1500x1000uu2023-06-27-22-16-13-1382107.jpg\",\"keywords\":[\"imprensa\",\"informa\u00e7\u00e3o p\u00fablica\",\"jurisdi\u00e7\u00e3o internacional\",\"liberdade de imprensa\",\"not\u00edcias internacionais\",\"tribunal\"],\"articleSection\":[\"Guerra\",\"Not\u00edcias\"],\"inLanguage\":\"pt-PT\"},{\"@type\":\"WebPage\",\"@id\":\"https:\/\/portaltela.pt\/noticias\/2026\/03\/23\/pentagono-concede-novas-credenciais-de-imprensa-apos-decisao-judicial\/\",\"url\":\"https:\/\/portaltela.pt\/noticias\/2026\/03\/23\/pentagono-concede-novas-credenciais-de-imprensa-apos-decisao-judicial\/\",\"name\":\"Pent\u00e1gono concede novas credenciais de imprensa ap\u00f3s decis\u00e3o judicial - Portal Tela Portugal\",\"isPartOf\":{\"@id\":\"https:\/\/portaltela.pt\/#website\"},\"primaryImageOfPage\":{\"@id\":\"https:\/\/portaltela.pt\/noticias\/2026\/03\/23\/pentagono-concede-novas-credenciais-de-imprensa-apos-decisao-judicial\/#primaryimage\"},\"image\":{\"@id\":\"https:\/\/portaltela.pt\/noticias\/2026\/03\/23\/pentagono-concede-novas-credenciais-de-imprensa-apos-decisao-judicial\/#primaryimage\"},\"thumbnailUrl\":\"https:\/\/portaltela.pt\/s.01k8rhncp4jt1\/2026\/03\/img_1500x1000uu2023-06-27-22-16-13-1382107.jpg\",\"datePublished\":\"2026-03-23T23:37:39+00:00\",\"author\":{\"@id\":\"https:\/\/portaltela.pt\/#\/schema\/person\/c4278d4a6028830caff9ee44b42d32ed\"},\"breadcrumb\":{\"@id\":\"https:\/\/portaltela.pt\/noticias\/2026\/03\/23\/pentagono-concede-novas-credenciais-de-imprensa-apos-decisao-judicial\/#breadcrumb\"},\"inLanguage\":\"pt-PT\",\"potentialAction\":[{\"@type\":\"ReadAction\",\"target\":[\"https:\/\/portaltela.pt\/noticias\/2026\/03\/23\/pentagono-concede-novas-credenciais-de-imprensa-apos-decisao-judicial\/\"]}]},{\"@type\":\"ImageObject\",\"inLanguage\":\"pt-PT\",\"@id\":\"https:\/\/portaltela.pt\/noticias\/2026\/03\/23\/pentagono-concede-novas-credenciais-de-imprensa-apos-decisao-judicial\/#primaryimage\",\"url\":\"https:\/\/portaltela.pt\/s.01k8rhncp4jt1\/2026\/03\/img_1500x1000uu2023-06-27-22-16-13-1382107.jpg\",\"contentUrl\":\"https:\/\/portaltela.pt\/s.01k8rhncp4jt1\/2026\/03\/img_1500x1000uu2023-06-27-22-16-13-1382107.jpg\",\"width\":796,\"height\":448,\"caption\":\"Jornalistas\"},{\"@type\":\"BreadcrumbList\",\"@id\":\"https:\/\/portaltela.pt\/noticias\/2026\/03\/23\/pentagono-concede-novas-credenciais-de-imprensa-apos-decisao-judicial\/#breadcrumb\",\"itemListElement\":[{\"@type\":\"ListItem\",\"position\":1,\"name\":\"In\u00edcio\",\"item\":\"https:\/\/portaltela.pt\/\"},{\"@type\":\"ListItem\",\"position\":2,\"name\":\"Pent\u00e1gono concede novas credenciais de imprensa ap\u00f3s decis\u00e3o judicial\"}]},{\"@type\":\"WebSite\",\"@id\":\"https:\/\/portaltela.pt\/#website\",\"url\":\"https:\/\/portaltela.pt\/\",\"name\":\"Portal Tela Portugal\",\"description\":\"\",\"potentialAction\":[{\"@type\":\"SearchAction\",\"target\":{\"@type\":\"EntryPoint\",\"urlTemplate\":\"https:\/\/portaltela.pt\/?s={search_term_string}\"},\"query-input\":{\"@type\":\"PropertyValueSpecification\",\"valueRequired\":true,\"valueName\":\"search_term_string\"}}],\"inLanguage\":\"pt-PT\"},{\"@type\":\"Person\",\"@id\":\"https:\/\/portaltela.pt\/#\/schema\/person\/c4278d4a6028830caff9ee44b42d32ed\",\"name\":\"Telinha\",\"image\":{\"@type\":\"ImageObject\",\"inLanguage\":\"pt-PT\",\"@id\":\"https:\/\/portaltela.pt\/s.01k8rhncp4jt1\/2025\/11\/talking-bot-125x125.png\",\"url\":\"https:\/\/portaltela.pt\/s.01k8rhncp4jt1\/2025\/11\/talking-bot-125x125.png\",\"contentUrl\":\"https:\/\/portaltela.pt\/s.01k8rhncp4jt1\/2025\/11\/talking-bot-125x125.png\",\"caption\":\"Telinha\"},\"sameAs\":[\"https:\/\/portaltela.pt\/\"],\"url\":\"https:\/\/portaltela.pt\/por\/367410592786\/\"}]}<\/script>\n<!-- \/ Yoast SEO plugin. -->","yoast_head_json":{"title":"Pent\u00e1gono concede novas credenciais de imprensa ap\u00f3s decis\u00e3o judicial - Portal Tela Portugal","robots":{"index":"index","follow":"follow","max-snippet":"max-snippet:-1","max-image-preview":"max-image-preview:large","max-video-preview":"max-video-preview:-1"},"og_locale":"pt_PT","og_type":"article","og_title":"Pent\u00e1gono concede novas credenciais de imprensa ap\u00f3s decis\u00e3o judicial - Portal Tela Portugal","og_description":"O Pent\u00e1gono anunciou a emiss\u00e3o de novas credenciais de imprensa ap\u00f3s um juiz impedir bloqueio de jornalistas ao edif\u00edcio principal. O juiz Paul Friedman, de Washington, D. C., considerou ilegais partes da regulamenta\u00e7\u00e3o que restringiam o acesso \u00e0 imprensa. A decis\u00e3o foi proferida a favor do The New York Times e manteve a possibilidade de contesta\u00e7\u00e3o pelo Pent\u00e1gono. O Departamento de Guerra norte\u2011americano vai recorrer, mas allow credenciais para jornalistas num anexo fora do edif\u00edcio principal est\u00e1 dispon\u00edvel. O anexo estar\u00e1 dispon\u00edvel quando estiver pronto, permitindo que jornalistas trabalhem no local.","og_url":"https:\/\/portaltela.pt\/noticias\/2026\/03\/23\/pentagono-concede-novas-credenciais-de-imprensa-apos-decisao-judicial\/","og_site_name":"Portal Tela Portugal","article_published_time":"2026-03-23T23:37:39+00:00","author":"Telinha","twitter_card":"summary_large_image","twitter_misc":{"Escrito por":"Telinha","Tempo estimado de leitura":"1 minuto"},"schema":{"@context":"https:\/\/schema.org","@graph":[{"@type":"Article","@id":"https:\/\/portaltela.pt\/noticias\/2026\/03\/23\/pentagono-concede-novas-credenciais-de-imprensa-apos-decisao-judicial\/#article","isPartOf":{"@id":"https:\/\/portaltela.pt\/noticias\/2026\/03\/23\/pentagono-concede-novas-credenciais-de-imprensa-apos-decisao-judicial\/"},"author":{"name":"Telinha","@id":"https:\/\/portaltela.pt\/#\/schema\/person\/c4278d4a6028830caff9ee44b42d32ed"},"headline":"Pent\u00e1gono concede novas credenciais de imprensa ap\u00f3s decis\u00e3o judicial","datePublished":"2026-03-23T23:37:39+00:00","mainEntityOfPage":{"@id":"https:\/\/portaltela.pt\/noticias\/2026\/03\/23\/pentagono-concede-novas-credenciais-de-imprensa-apos-decisao-judicial\/"},"wordCount":187,"image":{"@id":"https:\/\/portaltela.pt\/noticias\/2026\/03\/23\/pentagono-concede-novas-credenciais-de-imprensa-apos-decisao-judicial\/#primaryimage"},"thumbnailUrl":"https:\/\/portaltela.pt\/s.01k8rhncp4jt1\/2026\/03\/img_1500x1000uu2023-06-27-22-16-13-1382107.jpg","keywords":["imprensa","informa\u00e7\u00e3o p\u00fablica","jurisdi\u00e7\u00e3o internacional","liberdade de imprensa","not\u00edcias internacionais","tribunal"],"articleSection":["Guerra","Not\u00edcias"],"inLanguage":"pt-PT"},{"@type":"WebPage","@id":"https:\/\/portaltela.pt\/noticias\/2026\/03\/23\/pentagono-concede-novas-credenciais-de-imprensa-apos-decisao-judicial\/","url":"https:\/\/portaltela.pt\/noticias\/2026\/03\/23\/pentagono-concede-novas-credenciais-de-imprensa-apos-decisao-judicial\/","name":"Pent\u00e1gono concede novas credenciais de imprensa ap\u00f3s decis\u00e3o judicial - Portal Tela Portugal","isPartOf":{"@id":"https:\/\/portaltela.pt\/#website"},"primaryImageOfPage":{"@id":"https:\/\/portaltela.pt\/noticias\/2026\/03\/23\/pentagono-concede-novas-credenciais-de-imprensa-apos-decisao-judicial\/#primaryimage"},"image":{"@id":"https:\/\/portaltela.pt\/noticias\/2026\/03\/23\/pentagono-concede-novas-credenciais-de-imprensa-apos-decisao-judicial\/#primaryimage"},"thumbnailUrl":"https:\/\/portaltela.pt\/s.01k8rhncp4jt1\/2026\/03\/img_1500x1000uu2023-06-27-22-16-13-1382107.jpg","datePublished":"2026-03-23T23:37:39+00:00","author":{"@id":"https:\/\/portaltela.pt\/#\/schema\/person\/c4278d4a6028830caff9ee44b42d32ed"},"breadcrumb":{"@id":"https:\/\/portaltela.pt\/noticias\/2026\/03\/23\/pentagono-concede-novas-credenciais-de-imprensa-apos-decisao-judicial\/#breadcrumb"},"inLanguage":"pt-PT","potentialAction":[{"@type":"ReadAction","target":["https:\/\/portaltela.pt\/noticias\/2026\/03\/23\/pentagono-concede-novas-credenciais-de-imprensa-apos-decisao-judicial\/"]}]},{"@type":"ImageObject","inLanguage":"pt-PT","@id":"https:\/\/portaltela.pt\/noticias\/2026\/03\/23\/pentagono-concede-novas-credenciais-de-imprensa-apos-decisao-judicial\/#primaryimage","url":"https:\/\/portaltela.pt\/s.01k8rhncp4jt1\/2026\/03\/img_1500x1000uu2023-06-27-22-16-13-1382107.jpg","contentUrl":"https:\/\/portaltela.pt\/s.01k8rhncp4jt1\/2026\/03\/img_1500x1000uu2023-06-27-22-16-13-1382107.jpg","width":796,"height":448,"caption":"Jornalistas"},{"@type":"BreadcrumbList","@id":"https:\/\/portaltela.pt\/noticias\/2026\/03\/23\/pentagono-concede-novas-credenciais-de-imprensa-apos-decisao-judicial\/#breadcrumb","itemListElement":[{"@type":"ListItem","position":1,"name":"In\u00edcio","item":"https:\/\/portaltela.pt\/"},{"@type":"ListItem","position":2,"name":"Pent\u00e1gono concede novas credenciais de imprensa ap\u00f3s decis\u00e3o judicial"}]},{"@type":"WebSite","@id":"https:\/\/portaltela.pt\/#website","url":"https:\/\/portaltela.pt\/","name":"Portal Tela Portugal","description":"","potentialAction":[{"@type":"SearchAction","target":{"@type":"EntryPoint","urlTemplate":"https:\/\/portaltela.pt\/?s={search_term_string}"},"query-input":{"@type":"PropertyValueSpecification","valueRequired":true,"valueName":"search_term_string"}}],"inLanguage":"pt-PT"},{"@type":"Person","@id":"https:\/\/portaltela.pt\/#\/schema\/person\/c4278d4a6028830caff9ee44b42d32ed","name":"Telinha","image":{"@type":"ImageObject","inLanguage":"pt-PT","@id":"https:\/\/portaltela.pt\/s.01k8rhncp4jt1\/2025\/11\/talking-bot-125x125.png","url":"https:\/\/portaltela.pt\/s.01k8rhncp4jt1\/2025\/11\/talking-bot-125x125.png","contentUrl":"https:\/\/portaltela.pt\/s.01k8rhncp4jt1\/2025\/11\/talking-bot-125x125.png","caption":"Telinha"},"sameAs":["https:\/\/portaltela.pt\/"],"url":"https:\/\/portaltela.pt\/por\/367410592786\/"}]}},"_links":{"self":[{"href":"https:\/\/portaltela.pt\/api\/wp\/v2\/posts\/419026","targetHints":{"allow":["GET"]}}],"collection":[{"href":"https:\/\/portaltela.pt\/api\/wp\/v2\/posts"}],"about":[{"href":"https:\/\/portaltela.pt\/api\/wp\/v2\/types\/post"}],"author":[{"embeddable":true,"href":"https:\/\/portaltela.pt\/api\/wp\/v2\/users\/2"}],"replies":[{"embeddable":true,"href":"https:\/\/portaltela.pt\/api\/wp\/v2\/comments?post=419026"}],"version-history":[{"count":0,"href":"https:\/\/portaltela.pt\/api\/wp\/v2\/posts\/419026\/revisions"}],"wp:featuredmedia":[{"embeddable":true,"href":"https:\/\/portaltela.pt\/api\/wp\/v2\/media\/419028"}],"wp:attachment":[{"href":"https:\/\/portaltela.pt\/api\/wp\/v2\/media?parent=419026"}],"wp:term":[{"taxonomy":"category","embeddable":true,"href":"https:\/\/portaltela.pt\/api\/wp\/v2\/categories?post=419026"},{"taxonomy":"post_tag","embeddable":true,"href":"https:\/\/portaltela.pt\/api\/wp\/v2\/tags?post=419026"}],"curies":[{"name":"wp","href":"https:\/\/api.w.org\/{rel}","templated":true}]}}