{"id":419023,"date":"2026-03-23T20:36:42","date_gmt":"2026-03-23T23:36:42","guid":{"rendered":"https:\/\/portaltela.pt\/noticias\/2026\/03\/23\/al-hilal-define-o-preco-por-joao-cancelo-ao-barcelona\/"},"modified":"2026-03-23T20:36:42","modified_gmt":"2026-03-23T23:36:42","slug":"al-hilal-define-o-preco-por-joao-cancelo-ao-barcelona","status":"publish","type":"post","link":"https:\/\/portaltela.pt\/desporto\/futebol\/2026\/03\/23\/al-hilal-define-o-preco-por-joao-cancelo-ao-barcelona\/","title":{"rendered":"Al Hilal define o pre\u00e7o por Jo\u00e3o Cancelo ao Barcelona"},"content":{"rendered":"<p>O Al Hilal determinou o valor da transfer\u00eancia de Jo\u00e3o Cancelo ao Barcelona. O clube saudita quer 15 milh\u00f5es de euros pelo internacional portugu\u00eas, que est\u00e1 emprestado ao Bar\u00e7a at\u00e9 ao final da presente \u00e9poca.<\/p>\n<p>Segundo o Mundo Deportivo, esse montante n\u00e3o agrada aos catal\u00e3es. Cancelo tem contrato at\u00e9 junho de 2027 com o Al Hilal, pelo que, a custo zero, poderiam contrat\u00e1-lo no final do v\u00ednculo, caso n\u00e3o haja acordo.<\/p>\n<p>Neste momento, o Barcelona ainda n\u00e3o decidiu avan\u00e7ar com a compra definitiva do defesa, que tem 31 anos. O emblema \u00e1rabe assume que apenas Jorge Mendes, agente do jogador, poder\u00e1 alterar o cen\u00e1rio.<\/p>\n<p>O neg\u00f3cio permanece em suspenso, com informa\u00e7\u00f5es apontando para uma interven\u00e7\u00e3o eventual do agente do jogador para encontrar uma solu\u00e7\u00e3o que satisfa\u00e7a ambas as partes.<\/p>\n","protected":false},"excerpt":{"rendered":"<ul>\n<li>O Al Hilal definiu o valor da transfer\u00eancia de Jo\u00e3o Cancelo: 15 milh\u00f5es de euros, sendo o jogador cedido ao Barcelona at\u00e9 ao final da temporada.<\/li>\n<li>O Barcelona ainda n\u00e3o decidiu se avan\u00e7a com a compra em definitivo de Cancelo, de 31 anos.<\/li>\n<li>Cancelo tem contrato com o Al Hilal at\u00e9 junho de 2027, o que permitiria a contrata\u00e7\u00e3o a custo zero nessa altura, se n\u00e3o houver acordo.<\/li>\n<li>O emblema \u00e1rabe acredita que apenas o agente Jorge Mendes poder\u00e1 alterar o cen\u00e1rio.<\/li>\n<li>A informa\u00e7\u00e3o \u00e9 indicada pelo jornal Mundo Deportivo.<\/li>\n<\/ul>\n","protected":false},"author":2,"featured_media":419024,"comment_status":"closed","ping_status":"closed","sticky":false,"template":"","format":"standard","meta":{"footnotes":""},"categories":[21,24],"tags":[2587,32,2350,50,1014,2050],"class_list":["post-419023","post","type-post","status-publish","format-standard","has-post-thumbnail","hentry","category-desporto","category-futebol","tag-barcelona","tag-futebol","tag-joao-cancelo","tag-mercado-da-bola","tag-portugal","tag-transferencias"],"yoast_head":"<!-- This site is optimized with the Yoast SEO plugin v27.2 - https:\/\/yoast.com\/product\/yoast-seo-wordpress\/ -->\n<title>Al Hilal define o pre\u00e7o por Jo\u00e3o Cancelo ao Barcelona - Portal Tela Portugal<\/title>\n<meta name=\"robots\" content=\"index, follow, max-snippet:-1, max-image-preview:large, max-video-preview:-1\" \/>\n<meta property=\"og:locale\" content=\"pt_PT\" \/>\n<meta property=\"og:type\" content=\"article\" \/>\n<meta property=\"og:title\" content=\"Al Hilal define o pre\u00e7o por Jo\u00e3o Cancelo ao Barcelona - Portal Tela Portugal\" \/>\n<meta property=\"og:description\" content=\"O Al Hilal definiu o valor da transfer\u00eancia de Jo\u00e3o Cancelo: 15 milh\u00f5es de euros, sendo o jogador cedido ao Barcelona at\u00e9 ao final da temporada. O Barcelona ainda n\u00e3o decidiu se avan\u00e7a com a compra em definitivo de Cancelo, de 31 anos. Cancelo tem contrato com o Al Hilal at\u00e9 junho de 2027, o que permitiria a contrata\u00e7\u00e3o a custo zero nessa altura, se n\u00e3o houver acordo. O emblema \u00e1rabe acredita que apenas o agente Jorge Mendes poder\u00e1 alterar o cen\u00e1rio. A informa\u00e7\u00e3o \u00e9 indicada pelo jornal Mundo Deportivo.\" \/>\n<meta property=\"og:url\" content=\"https:\/\/portaltela.pt\/noticias\/2026\/03\/23\/al-hilal-define-o-preco-por-joao-cancelo-ao-barcelona\/\" \/>\n<meta property=\"og:site_name\" content=\"Portal Tela Portugal\" \/>\n<meta property=\"article:published_time\" content=\"2026-03-23T23:36:42+00:00\" \/>\n<meta name=\"author\" content=\"Telinha\" \/>\n<meta name=\"twitter:card\" content=\"summary_large_image\" \/>\n<meta name=\"twitter:label1\" content=\"Escrito por\" \/>\n\t<meta name=\"twitter:data1\" content=\"Telinha\" \/>\n\t<meta name=\"twitter:label2\" content=\"Tempo estimado de leitura\" \/>\n\t<meta name=\"twitter:data2\" content=\"1 minuto\" \/>\n<script type=\"application\/ld+json\" class=\"yoast-schema-graph\">{\"@context\":\"https:\/\/schema.org\",\"@graph\":[{\"@type\":\"Article\",\"@id\":\"https:\/\/portaltela.pt\/noticias\/2026\/03\/23\/al-hilal-define-o-preco-por-joao-cancelo-ao-barcelona\/#article\",\"isPartOf\":{\"@id\":\"https:\/\/portaltela.pt\/noticias\/2026\/03\/23\/al-hilal-define-o-preco-por-joao-cancelo-ao-barcelona\/\"},\"author\":{\"name\":\"Telinha\",\"@id\":\"https:\/\/portaltela.pt\/#\/schema\/person\/c4278d4a6028830caff9ee44b42d32ed\"},\"headline\":\"Al Hilal define o pre\u00e7o por Jo\u00e3o Cancelo ao Barcelona\",\"datePublished\":\"2026-03-23T23:36:42+00:00\",\"mainEntityOfPage\":{\"@id\":\"https:\/\/portaltela.pt\/noticias\/2026\/03\/23\/al-hilal-define-o-preco-por-joao-cancelo-ao-barcelona\/\"},\"wordCount\":156,\"image\":{\"@id\":\"https:\/\/portaltela.pt\/noticias\/2026\/03\/23\/al-hilal-define-o-preco-por-joao-cancelo-ao-barcelona\/#primaryimage\"},\"thumbnailUrl\":\"https:\/\/portaltela.pt\/s.01k8rhncp4jt1\/2026\/03\/img_920x518uu2026-03-03-21-38-51-2424778.jpg\",\"keywords\":[\"Barcelona\",\"futebol\",\"Jo\u00e3o Cancelo\",\"mercado da bola\",\"Portugal\",\"transfer\u00eancias\"],\"articleSection\":[\"Desporto\",\"Futebol\"],\"inLanguage\":\"pt-PT\"},{\"@type\":\"WebPage\",\"@id\":\"https:\/\/portaltela.pt\/noticias\/2026\/03\/23\/al-hilal-define-o-preco-por-joao-cancelo-ao-barcelona\/\",\"url\":\"https:\/\/portaltela.pt\/noticias\/2026\/03\/23\/al-hilal-define-o-preco-por-joao-cancelo-ao-barcelona\/\",\"name\":\"Al Hilal define o pre\u00e7o por Jo\u00e3o Cancelo ao Barcelona - Portal Tela Portugal\",\"isPartOf\":{\"@id\":\"https:\/\/portaltela.pt\/#website\"},\"primaryImageOfPage\":{\"@id\":\"https:\/\/portaltela.pt\/noticias\/2026\/03\/23\/al-hilal-define-o-preco-por-joao-cancelo-ao-barcelona\/#primaryimage\"},\"image\":{\"@id\":\"https:\/\/portaltela.pt\/noticias\/2026\/03\/23\/al-hilal-define-o-preco-por-joao-cancelo-ao-barcelona\/#primaryimage\"},\"thumbnailUrl\":\"https:\/\/portaltela.pt\/s.01k8rhncp4jt1\/2026\/03\/img_920x518uu2026-03-03-21-38-51-2424778.jpg\",\"datePublished\":\"2026-03-23T23:36:42+00:00\",\"author\":{\"@id\":\"https:\/\/portaltela.pt\/#\/schema\/person\/c4278d4a6028830caff9ee44b42d32ed\"},\"breadcrumb\":{\"@id\":\"https:\/\/portaltela.pt\/noticias\/2026\/03\/23\/al-hilal-define-o-preco-por-joao-cancelo-ao-barcelona\/#breadcrumb\"},\"inLanguage\":\"pt-PT\",\"potentialAction\":[{\"@type\":\"ReadAction\",\"target\":[\"https:\/\/portaltela.pt\/noticias\/2026\/03\/23\/al-hilal-define-o-preco-por-joao-cancelo-ao-barcelona\/\"]}]},{\"@type\":\"ImageObject\",\"inLanguage\":\"pt-PT\",\"@id\":\"https:\/\/portaltela.pt\/noticias\/2026\/03\/23\/al-hilal-define-o-preco-por-joao-cancelo-ao-barcelona\/#primaryimage\",\"url\":\"https:\/\/portaltela.pt\/s.01k8rhncp4jt1\/2026\/03\/img_920x518uu2026-03-03-21-38-51-2424778.jpg\",\"contentUrl\":\"https:\/\/portaltela.pt\/s.01k8rhncp4jt1\/2026\/03\/img_920x518uu2026-03-03-21-38-51-2424778.jpg\",\"width\":796,\"height\":448,\"caption\":\"Jo\u00e3o Cancelo\"},{\"@type\":\"BreadcrumbList\",\"@id\":\"https:\/\/portaltela.pt\/noticias\/2026\/03\/23\/al-hilal-define-o-preco-por-joao-cancelo-ao-barcelona\/#breadcrumb\",\"itemListElement\":[{\"@type\":\"ListItem\",\"position\":1,\"name\":\"In\u00edcio\",\"item\":\"https:\/\/portaltela.pt\/\"},{\"@type\":\"ListItem\",\"position\":2,\"name\":\"Al Hilal define o pre\u00e7o por Jo\u00e3o Cancelo ao Barcelona\"}]},{\"@type\":\"WebSite\",\"@id\":\"https:\/\/portaltela.pt\/#website\",\"url\":\"https:\/\/portaltela.pt\/\",\"name\":\"Portal Tela Portugal\",\"description\":\"\",\"potentialAction\":[{\"@type\":\"SearchAction\",\"target\":{\"@type\":\"EntryPoint\",\"urlTemplate\":\"https:\/\/portaltela.pt\/?s={search_term_string}\"},\"query-input\":{\"@type\":\"PropertyValueSpecification\",\"valueRequired\":true,\"valueName\":\"search_term_string\"}}],\"inLanguage\":\"pt-PT\"},{\"@type\":\"Person\",\"@id\":\"https:\/\/portaltela.pt\/#\/schema\/person\/c4278d4a6028830caff9ee44b42d32ed\",\"name\":\"Telinha\",\"image\":{\"@type\":\"ImageObject\",\"inLanguage\":\"pt-PT\",\"@id\":\"https:\/\/portaltela.pt\/s.01k8rhncp4jt1\/2025\/11\/talking-bot-125x125.png\",\"url\":\"https:\/\/portaltela.pt\/s.01k8rhncp4jt1\/2025\/11\/talking-bot-125x125.png\",\"contentUrl\":\"https:\/\/portaltela.pt\/s.01k8rhncp4jt1\/2025\/11\/talking-bot-125x125.png\",\"caption\":\"Telinha\"},\"sameAs\":[\"https:\/\/portaltela.pt\/\"],\"url\":\"https:\/\/portaltela.pt\/por\/367410592786\/\"}]}<\/script>\n<!-- \/ Yoast SEO plugin. -->","yoast_head_json":{"title":"Al Hilal define o pre\u00e7o por Jo\u00e3o Cancelo ao Barcelona - Portal Tela Portugal","robots":{"index":"index","follow":"follow","max-snippet":"max-snippet:-1","max-image-preview":"max-image-preview:large","max-video-preview":"max-video-preview:-1"},"og_locale":"pt_PT","og_type":"article","og_title":"Al Hilal define o pre\u00e7o por Jo\u00e3o Cancelo ao Barcelona - Portal Tela Portugal","og_description":"O Al Hilal definiu o valor da transfer\u00eancia de Jo\u00e3o Cancelo: 15 milh\u00f5es de euros, sendo o jogador cedido ao Barcelona at\u00e9 ao final da temporada. O Barcelona ainda n\u00e3o decidiu se avan\u00e7a com a compra em definitivo de Cancelo, de 31 anos. Cancelo tem contrato com o Al Hilal at\u00e9 junho de 2027, o que permitiria a contrata\u00e7\u00e3o a custo zero nessa altura, se n\u00e3o houver acordo. O emblema \u00e1rabe acredita que apenas o agente Jorge Mendes poder\u00e1 alterar o cen\u00e1rio. A informa\u00e7\u00e3o \u00e9 indicada pelo jornal Mundo Deportivo.","og_url":"https:\/\/portaltela.pt\/noticias\/2026\/03\/23\/al-hilal-define-o-preco-por-joao-cancelo-ao-barcelona\/","og_site_name":"Portal Tela Portugal","article_published_time":"2026-03-23T23:36:42+00:00","author":"Telinha","twitter_card":"summary_large_image","twitter_misc":{"Escrito por":"Telinha","Tempo estimado de leitura":"1 minuto"},"schema":{"@context":"https:\/\/schema.org","@graph":[{"@type":"Article","@id":"https:\/\/portaltela.pt\/noticias\/2026\/03\/23\/al-hilal-define-o-preco-por-joao-cancelo-ao-barcelona\/#article","isPartOf":{"@id":"https:\/\/portaltela.pt\/noticias\/2026\/03\/23\/al-hilal-define-o-preco-por-joao-cancelo-ao-barcelona\/"},"author":{"name":"Telinha","@id":"https:\/\/portaltela.pt\/#\/schema\/person\/c4278d4a6028830caff9ee44b42d32ed"},"headline":"Al Hilal define o pre\u00e7o por Jo\u00e3o Cancelo ao Barcelona","datePublished":"2026-03-23T23:36:42+00:00","mainEntityOfPage":{"@id":"https:\/\/portaltela.pt\/noticias\/2026\/03\/23\/al-hilal-define-o-preco-por-joao-cancelo-ao-barcelona\/"},"wordCount":156,"image":{"@id":"https:\/\/portaltela.pt\/noticias\/2026\/03\/23\/al-hilal-define-o-preco-por-joao-cancelo-ao-barcelona\/#primaryimage"},"thumbnailUrl":"https:\/\/portaltela.pt\/s.01k8rhncp4jt1\/2026\/03\/img_920x518uu2026-03-03-21-38-51-2424778.jpg","keywords":["Barcelona","futebol","Jo\u00e3o Cancelo","mercado da bola","Portugal","transfer\u00eancias"],"articleSection":["Desporto","Futebol"],"inLanguage":"pt-PT"},{"@type":"WebPage","@id":"https:\/\/portaltela.pt\/noticias\/2026\/03\/23\/al-hilal-define-o-preco-por-joao-cancelo-ao-barcelona\/","url":"https:\/\/portaltela.pt\/noticias\/2026\/03\/23\/al-hilal-define-o-preco-por-joao-cancelo-ao-barcelona\/","name":"Al Hilal define o pre\u00e7o por Jo\u00e3o Cancelo ao Barcelona - Portal Tela Portugal","isPartOf":{"@id":"https:\/\/portaltela.pt\/#website"},"primaryImageOfPage":{"@id":"https:\/\/portaltela.pt\/noticias\/2026\/03\/23\/al-hilal-define-o-preco-por-joao-cancelo-ao-barcelona\/#primaryimage"},"image":{"@id":"https:\/\/portaltela.pt\/noticias\/2026\/03\/23\/al-hilal-define-o-preco-por-joao-cancelo-ao-barcelona\/#primaryimage"},"thumbnailUrl":"https:\/\/portaltela.pt\/s.01k8rhncp4jt1\/2026\/03\/img_920x518uu2026-03-03-21-38-51-2424778.jpg","datePublished":"2026-03-23T23:36:42+00:00","author":{"@id":"https:\/\/portaltela.pt\/#\/schema\/person\/c4278d4a6028830caff9ee44b42d32ed"},"breadcrumb":{"@id":"https:\/\/portaltela.pt\/noticias\/2026\/03\/23\/al-hilal-define-o-preco-por-joao-cancelo-ao-barcelona\/#breadcrumb"},"inLanguage":"pt-PT","potentialAction":[{"@type":"ReadAction","target":["https:\/\/portaltela.pt\/noticias\/2026\/03\/23\/al-hilal-define-o-preco-por-joao-cancelo-ao-barcelona\/"]}]},{"@type":"ImageObject","inLanguage":"pt-PT","@id":"https:\/\/portaltela.pt\/noticias\/2026\/03\/23\/al-hilal-define-o-preco-por-joao-cancelo-ao-barcelona\/#primaryimage","url":"https:\/\/portaltela.pt\/s.01k8rhncp4jt1\/2026\/03\/img_920x518uu2026-03-03-21-38-51-2424778.jpg","contentUrl":"https:\/\/portaltela.pt\/s.01k8rhncp4jt1\/2026\/03\/img_920x518uu2026-03-03-21-38-51-2424778.jpg","width":796,"height":448,"caption":"Jo\u00e3o Cancelo"},{"@type":"BreadcrumbList","@id":"https:\/\/portaltela.pt\/noticias\/2026\/03\/23\/al-hilal-define-o-preco-por-joao-cancelo-ao-barcelona\/#breadcrumb","itemListElement":[{"@type":"ListItem","position":1,"name":"In\u00edcio","item":"https:\/\/portaltela.pt\/"},{"@type":"ListItem","position":2,"name":"Al Hilal define o pre\u00e7o por Jo\u00e3o Cancelo ao Barcelona"}]},{"@type":"WebSite","@id":"https:\/\/portaltela.pt\/#website","url":"https:\/\/portaltela.pt\/","name":"Portal Tela Portugal","description":"","potentialAction":[{"@type":"SearchAction","target":{"@type":"EntryPoint","urlTemplate":"https:\/\/portaltela.pt\/?s={search_term_string}"},"query-input":{"@type":"PropertyValueSpecification","valueRequired":true,"valueName":"search_term_string"}}],"inLanguage":"pt-PT"},{"@type":"Person","@id":"https:\/\/portaltela.pt\/#\/schema\/person\/c4278d4a6028830caff9ee44b42d32ed","name":"Telinha","image":{"@type":"ImageObject","inLanguage":"pt-PT","@id":"https:\/\/portaltela.pt\/s.01k8rhncp4jt1\/2025\/11\/talking-bot-125x125.png","url":"https:\/\/portaltela.pt\/s.01k8rhncp4jt1\/2025\/11\/talking-bot-125x125.png","contentUrl":"https:\/\/portaltela.pt\/s.01k8rhncp4jt1\/2025\/11\/talking-bot-125x125.png","caption":"Telinha"},"sameAs":["https:\/\/portaltela.pt\/"],"url":"https:\/\/portaltela.pt\/por\/367410592786\/"}]}},"_links":{"self":[{"href":"https:\/\/portaltela.pt\/api\/wp\/v2\/posts\/419023","targetHints":{"allow":["GET"]}}],"collection":[{"href":"https:\/\/portaltela.pt\/api\/wp\/v2\/posts"}],"about":[{"href":"https:\/\/portaltela.pt\/api\/wp\/v2\/types\/post"}],"author":[{"embeddable":true,"href":"https:\/\/portaltela.pt\/api\/wp\/v2\/users\/2"}],"replies":[{"embeddable":true,"href":"https:\/\/portaltela.pt\/api\/wp\/v2\/comments?post=419023"}],"version-history":[{"count":0,"href":"https:\/\/portaltela.pt\/api\/wp\/v2\/posts\/419023\/revisions"}],"wp:featuredmedia":[{"embeddable":true,"href":"https:\/\/portaltela.pt\/api\/wp\/v2\/media\/419024"}],"wp:attachment":[{"href":"https:\/\/portaltela.pt\/api\/wp\/v2\/media?parent=419023"}],"wp:term":[{"taxonomy":"category","embeddable":true,"href":"https:\/\/portaltela.pt\/api\/wp\/v2\/categories?post=419023"},{"taxonomy":"post_tag","embeddable":true,"href":"https:\/\/portaltela.pt\/api\/wp\/v2\/tags?post=419023"}],"curies":[{"name":"wp","href":"https:\/\/api.w.org\/{rel}","templated":true}]}}