{"id":418977,"date":"2026-03-23T18:57:28","date_gmt":"2026-03-23T21:57:28","guid":{"rendered":"https:\/\/portaltela.pt\/noticias\/2026\/03\/23\/cdp-promove-reconhecimento-pelo-apoio-as-varias-modalidades\/"},"modified":"2026-03-23T18:57:28","modified_gmt":"2026-03-23T21:57:28","slug":"cdp-promove-reconhecimento-pelo-apoio-as-varias-modalidades","status":"publish","type":"post","link":"https:\/\/portaltela.pt\/desporto\/futebol\/2026\/03\/23\/cdp-promove-reconhecimento-pelo-apoio-as-varias-modalidades\/","title":{"rendered":"CDP promove reconhecimento pelo apoio \u00e0s v\u00e1rias modalidades"},"content":{"rendered":"<p>A Confedera\u00e7\u00e3o do Desporto de Portugal (CDP) realizou, na segunda-feira, a cerim\u00f3nia de entrega dos Pr\u00e9mios Voz do Desporto, no Pal\u00e1cio de Queluz. O evento reuniu dirigentes e atletas de v\u00e1rias modalidades para reconhecer o apoio institucional ao desporto em 2025. Estiveram presentes Margarida Balseiro Lopes e Pedro Dias, respetivamente ministra da Cultura, Juventude e do Desporto, e secret\u00e1rio de Estado do Desporto.<\/p>\n<p>Daniel Monteiro, presidente da CDP, sublinhou \u00e0 Record a import\u00e2ncia do momento: o reconhecimento \u00e0s entidades e personalidades que contribu\u00edram para o desenvolvimento das modalidades. \u201cQuando o Estado falha, estes agentes s\u00e3o insubstitu\u00edveis, e este agradecimento \u00e9 essencial\u201d, afirmou.<\/p>\n<p>Fernando Gomes, presidente do Comit\u00e9 Ol\u00edmpico de Portugal (COP), destacou os resultados nacionais, com \u00eanfase no atletismo, que conquistou duas medalhas de ouro e uma de prata no Mundial indoor. \u201c2025 foi um ano de t\u00edtulos mundiais, com investimento de 65 milh\u00f5es de euros distribu\u00eddo por v\u00e1rias atividades\u201d, referiu, acrescentando a expectativa de manter o ritmo com o apoio financeiro \u00e0s federa\u00e7\u00f5es.<\/p>\n<p>Patr\u00edcia Mamona, vice-campe\u00e3 ol\u00edmpica do triplo salto, foi distinguida pela Federa\u00e7\u00e3o Acad\u00e9mica do Desporto Universit\u00e1rio (FADU). A atleta falou sobre a recupera\u00e7\u00e3o e o planeamento da p\u00f3s-carreira, frisando a continuidade da forma\u00e7\u00e3o acad\u00e9mica e a possibilidade de competir em Los Angeles\u20192028, conforme a evolu\u00e7\u00e3o.<\/p>\n<p>Patr\u00edcia Sampaio, judoca bronze em Paris 2024, tamb\u00e9m marcou presen\u00e7a, ainda a recuperar de uma rotura no ligamento lateral interno do joelho esquerdo. A atleta acredita estar perto de competir no final de agosto e aponta para o Mundial, mantendo a expectativa de retomar o ritmo.<\/p>\n<p>Patr\u00edcia Sampaio associou-se ao reconhecimento da FPJ, referindo que o pr\u00e9mio \u00e9 motivador e que o evento facilita o encontro entre v\u00e1rias modalidades, al\u00e9m de reconhecer o seu trabalho. A atleta agradeceu a homenagem institucional.<\/p>\n<h3>Premiados<\/h3>\n<ul>\n<li>FP Moton\u00e1utica \u2014 Paulo Ferreira (presidente); Lu\u00eds Encarna\u00e7\u00e3o (Presidente CM Lagoa)<\/li>\n<li>FP Vela \u2014 Ant\u00f3nio Barros (presidente); Jos\u00e9 Pina (CEO Future Healthcare)<\/li>\n<li>F Patinagem P \u2014 Lu\u00eds S\u00e9nica (presidente); Andr\u00e9 Pires (Coordenador do Departamento de M\u00e9dicos da FPP)<\/li>\n<li>FADU \u2014 Diogo Braz (presidente); Patr\u00edcia Mamona (Chefe de Miss\u00e3o FISU World University Games 2025)<\/li>\n<li>F Paraquedismo P \u2014 Eduardo Rodrigues (presidente); Ernesto Sousa (Atleta e dirigente)<\/li>\n<li>FP Canoagem \u2014 Ricardo Machado (presidente); V\u00edtor F\u00e9lix (Ex-presidente FPC)<\/li>\n<li>F Campismo Montanhismo P \u2014 Paulo Sousa (presidente); Jos\u00e9 Eduardo Formigo (Presidente)<\/li>\n<li>FP Aeromodelismo \u2014 Carlos Dias (diretor); Eduardo Leal Cruz (Dirigente)<\/li>\n<li>FP Judo \u2014 Joaquim Pina (presidente); Patr\u00edcia Sampaio (Atleta)<\/li>\n<li>FPLT Kempo \u2014 Vera Rebelo (presidente); Munic\u00edpio de Caldas da Rainha (V\u00edtor Marques, presidente)<\/li>\n<li>F Desportos Inverno P \u2014 Pedro Fl\u00e1vio (presidente); Paulo Silva (Presidente CM Seixal)<\/li>\n<li>F Portugal Taekwondo \u2014 Nuno Silvestre (vice-presidente); Marco Palma (Atleta)<\/li>\n<li>FP Padel \u2014 Ricardo Oliveira (presidente); Sofia Ara\u00fajo (Atleta)<\/li>\n<li>Conf Coletividades \u2014 Rog\u00e9rio Almeida (vice-presidente); Inv\u00e1lidos do Com\u00e9rcio (Bruno Rolo, Presidente)<\/li>\n<li>FP Xadrez \u2014 Dominic Cross (presidente); Vila Baleira Hotels &amp; Resorts (Bruno Martins, Diretor-Geral)<\/li>\n<li>FP Bilhar \u2014 Jos\u00e9 \u00d3scar Pereira (presidente); R\u00faben Gomes (Atleta)<\/li>\n<li>FN Karat\u00e9 P \u2014 Carlos Silva (presidente); Jorge Peixeiro (Selecionador Nacional)<\/li>\n<li>F Triatlo P \u2014 Fernando Feij\u00e3o (presidente); Vasco Vila\u00e7a (Atleta)<\/li>\n<li>FP Corfebol \u2014 Carla Louren\u00e7o (Sec-Geral); Pedro Berjano Oliveira (Selecionador Nacional Sub21\/Sub19)<\/li>\n<li>FP Lutas Amadoras \u2014 Rui Marta (presidente); Miguel Eduardo D&#8217; Esaguy Pereira Mana\u00e7as (Dirigente)<\/li>\n<li>FP Kickboxing e Muaythai \u2014 Nuno Marga\u00e7a (presidente); Francisco Baptista (Vereador Desporto CM Odivelas)<\/li>\n<li>FP Dan\u00e7a Desportiva \u2014 Marina Rodrigues (presidente); Pedro Fernandes e Susana Westman (Dupla de Dan\u00e7a)<\/li>\n<li>FP Bridge \u2014 Jo\u00e3o Augusto Ferreira (presidente); Lu\u00eds Miguel Roovers Ribeiro Teixeira (Presidente da Associa\u00e7\u00e3o de Bridge da Madeira)<\/li>\n<li>FP Automobilismo e Karting \u2014 Ni Amorim (presidente); FPAK J\u00fanior Team (C\u00e9sar Campani\u00e7o, Coach)<\/li>\n<li>FP Columbofilia \u2014 Ant\u00f3nio Branco (presidente); Susana Guedes Pombo (Diretora-Geral da DGA)<\/li>\n<li>FP Atletismo \u2014 Paulo Guerra (vice-presidente); Pedro Pimp\u00e3o (Presidente CM Pombal)<\/li>\n<li>FP Voo Livre \u2014 Eug\u00e9nio Silva (presidente); V\u00edtor Baia (Dirigente\/Instrutor)<\/li>\n<li>FP Surf \u2014 Gon\u00e7alo Saldanha (presidente); Goldenergy (Miguel Checa, diretor-geral)<\/li>\n<li>FP Nata\u00e7\u00e3o \u2014 Miguel Arrobas (presidente); Jo\u00e3o Lu\u00eds da Silva Loureiro (Presidente da Associa\u00e7\u00e3o de Nata\u00e7\u00e3o do Distrito de Santar\u00e9m)<\/li>\n<li>F Arqueiros Besteiros P \u2014 Francisco Camacho (presidente); H\u00e9lio Ribeiro (Atleta)<\/li>\n<li>F Gin\u00e1stica P \u2014 Lu\u00eds Arrais (presidente); Gabriel Albuquerque (Atleta)<\/li>\n<li>FP T\u00e9nis Mesa \u2014 Fernando Malheiro (presidente); Tiago Abiodun (Atleta)<\/li>\n<li>FP Badminton \u2014 Duarte Gil Anjo (presidente); Escola Secund\u00e1ria Rafael Bordalo Pinheiro (Jorge Pina, diretor)<\/li>\n<li>FP Remo \u2014 Lu\u00eds Faria (presidente); Afonso Costa e Patr\u00edcia Batista (Dupla de Remo)<\/li>\n<li>F Ju-Jitsu DAP \u2014 Jo\u00e3o Camacho (presidente); In\u00eas Rocha (Atleta)<\/li>\n<li>FP Tiro \u2014 Jos\u00e9 Marracho (presidente); Filipa Afonso Marracho (Atleta)<\/li>\n<li>FP Esgrima \u2014 Am\u00e9rico Ferreira (presidente); Maria Eug\u00e9nia Santos Pinto de Queir\u00f3s (Treinadora)<\/li>\n<li>FP Rugby \u2014 Carlos Amado da Silva (presidente); Ant\u00f3nio Cabral Fernandes (a t\u00edtulo p\u00f3stumo)<\/li>\n<li>FP Atividades Subqu\u00e1ticas \u2014 Jo\u00e3o Jos\u00e9 (presidente); Maria Margarida Farrajota (presidente)<\/li>\n<li>FP Petanca \u2014 Maria Cesaltina (presidente); C\u00e2mara Municipal de S\u00e3o Br\u00e1s de Alportel (Marlene Guerreiro, presidente)<\/li>\n<li>FP Escalada Competi\u00e7\u00e3o \u2014 Pedro Nogueira (vice-presidente); T\u00e2nia Chaves (Atleta)<\/li>\n<li>FP T\u00e9nis \u2014 Jo\u00e3o Paulo Santos (presidente); Rita Freitas (Atleta)<\/li>\n<li>F Andebol P \u2014 Miguel Laranjeiro (presidente); Eurico Nicolau e Ivan Ca\u00e7ador (\u00e1rbitros)<\/li>\n<li>FP Golfe \u2014 Pedro Nunes Pedro (presidente); Joaquim Oliveira (a t\u00edtulo p\u00f3stumo)<\/li>\n<li>FP Tiro Arco \u2014 Helena Silva (presidente); Maria Jo\u00e3o Ribeiro (Atleta)<\/li>\n<li>FP Artes Marciais Chinesas \u2014 Daniel David (atleta); Alexandre Viegas de Oliveira (Dirigente)<\/li>\n<li>FP Boxe \u2014 Paulo C\u00e9sar Teixeira (presidente); Ricardo Antunes (Grupo RA)<\/li>\n<li>FN Squash \u2014 Am\u00e9rico Soares (presidente); Cid\u00e1lia Lu\u00eds-Akbar (Patrocinadora)<\/li>\n<li>F Motociclismo P \u2014 Armando Marques (presidente); IS3 MetalWorking (Irm\u00e3os Sousa)<\/li>\n<li>FP Minigolfe \u2014 Ananias Quintano (presidente); Ant\u00f3nio Costa e Silva (Atleta)<\/li>\n<li>FP Hoquei \u2014 Bruno Santos (presidente); Ana Faias (\u00e1rbitra)<\/li>\n<li>FP Orienta\u00e7\u00e3o \u2014 Rui Mora (presidente); Bruno Jos\u00e9 Moita Calafate Naz\u00e1rio (Selecionador)<\/li>\n<li>FP Cricket \u2014 F\u00e1tima Buccimazza (secret\u00e1ria dire\u00e7\u00e3o); Sarah Foo-Ryland (Atleta)<\/li>\n<li>FP Sumo \u2014 Humberto Oliveira (presidente); Bruce Pereira (Atleta)<\/li>\n<li>F Equestre P \u2014 Bruno Rente (presidente); Filipa Rebelo de Andrade (Colaboradora)<\/li>\n<li>FP Ciclismo \u2014 C\u00e2ndido Barbosa (presidente); Jo\u00e3o Almeida (Atleta)<\/li>\n<li>FP Futebol \u2014 Vasco Pinho (diretor executivo); Bino Ma\u00e7\u00e3es (Selecionador Sub17)<\/li>\n<li>FP Basquetebol \u2014 Manuel Fernandes (presidente); Selec\u00e7\u00e3o Nacional Sub-19 Feminina 2025<\/li>\n<li>FP Voleibol \u2014 Leonel Soares (diretor); Teodemiro de Carvalho (Secret\u00e1rio-Geral)<\/li>\n<\/ul>\n","protected":false},"excerpt":{"rendered":"<ul>\n<li>A Confedera\u00e7\u00e3o do Desporto de Portugal promoveu os Pr\u00e9mios Voz do Desporto no Pal\u00e1cio de Queluz, com a presen\u00e7a da ministra Margarida Balseiro Lopes e do secret\u00e1rio de Estado do Desporto.<\/li>\n<li>O presidente da CDP, Daniel Monteiro, disse \u00e0 Record que o evento \u00e9 um momento de agradecimento a quem contribuiu para o desenvolvimento das modalidades em 2025.<\/li>\n<li>O presidente do Comit\u00e9 Ol\u00edmpico de Portugal, Fernando Gomes, elogiou os resultados do desporto nacional, em especial no atletismo, e destacou o investimento governamental de 65 milh\u00f5es de euros para as federa\u00e7\u00f5es.<\/li>\n<li>Patr\u00edcia Mamona foi distinguida pela Federa\u00e7\u00e3o Acad\u00e9mica do Desporto Universit\u00e1rio; Patr\u00edcia Sampaio referiu estar a recuperar de les\u00e3o com perspetiva de competir no final do ano.<\/li>\n<li>A cerim\u00f3nia premiou v\u00e1rias federa\u00e7\u00f5es e personalidades ligadas ao desporto, evidenciando a diversidade de modalidades presentes no evento.<\/li>\n<\/ul>\n","protected":false},"author":2,"featured_media":418978,"comment_status":"closed","ping_status":"closed","sticky":false,"template":"","format":"standard","meta":{"footnotes":""},"categories":[21,24],"tags":[252,152,2266,1996,1014,3545],"class_list":["post-418977","post","type-post","status-publish","format-standard","has-post-thumbnail","hentry","category-desporto","category-futebol","tag-atletas","tag-desporto","tag-federacoes","tag-parcerias-internacionais","tag-portugal","tag-premios"],"yoast_head":"<!-- This site is optimized with the Yoast SEO plugin v27.2 - https:\/\/yoast.com\/product\/yoast-seo-wordpress\/ -->\n<title>CDP promove reconhecimento pelo apoio \u00e0s v\u00e1rias modalidades - Portal Tela Portugal<\/title>\n<meta name=\"robots\" content=\"index, follow, max-snippet:-1, max-image-preview:large, max-video-preview:-1\" \/>\n<meta property=\"og:locale\" content=\"pt_PT\" \/>\n<meta property=\"og:type\" content=\"article\" \/>\n<meta property=\"og:title\" content=\"CDP promove reconhecimento pelo apoio \u00e0s v\u00e1rias modalidades - Portal Tela Portugal\" \/>\n<meta property=\"og:description\" content=\"A Confedera\u00e7\u00e3o do Desporto de Portugal promoveu os Pr\u00e9mios Voz do Desporto no Pal\u00e1cio de Queluz, com a presen\u00e7a da ministra Margarida Balseiro Lopes e do secret\u00e1rio de Estado do Desporto. O presidente da CDP, Daniel Monteiro, disse \u00e0 Record que o evento \u00e9 um momento de agradecimento a quem contribuiu para o desenvolvimento das modalidades em 2025. O presidente do Comit\u00e9 Ol\u00edmpico de Portugal, Fernando Gomes, elogiou os resultados do desporto nacional, em especial no atletismo, e destacou o investimento governamental de 65 milh\u00f5es de euros para as federa\u00e7\u00f5es. Patr\u00edcia Mamona foi distinguida pela Federa\u00e7\u00e3o Acad\u00e9mica do Desporto Universit\u00e1rio; Patr\u00edcia Sampaio referiu estar a recuperar de les\u00e3o com perspetiva de competir no final do ano. A cerim\u00f3nia premiou v\u00e1rias federa\u00e7\u00f5es e personalidades ligadas ao desporto, evidenciando a diversidade de modalidades presentes no evento.\" \/>\n<meta property=\"og:url\" content=\"https:\/\/portaltela.pt\/noticias\/2026\/03\/23\/cdp-promove-reconhecimento-pelo-apoio-as-varias-modalidades\/\" \/>\n<meta property=\"og:site_name\" content=\"Portal Tela Portugal\" \/>\n<meta property=\"article:published_time\" content=\"2026-03-23T21:57:28+00:00\" \/>\n<meta name=\"author\" content=\"Telinha\" \/>\n<meta name=\"twitter:card\" content=\"summary_large_image\" \/>\n<meta name=\"twitter:label1\" content=\"Escrito por\" \/>\n\t<meta name=\"twitter:data1\" content=\"Telinha\" \/>\n\t<meta name=\"twitter:label2\" content=\"Tempo estimado de leitura\" \/>\n\t<meta name=\"twitter:data2\" content=\"5 minutos\" \/>\n<script type=\"application\/ld+json\" class=\"yoast-schema-graph\">{\"@context\":\"https:\/\/schema.org\",\"@graph\":[{\"@type\":\"Article\",\"@id\":\"https:\/\/portaltela.pt\/noticias\/2026\/03\/23\/cdp-promove-reconhecimento-pelo-apoio-as-varias-modalidades\/#article\",\"isPartOf\":{\"@id\":\"https:\/\/portaltela.pt\/noticias\/2026\/03\/23\/cdp-promove-reconhecimento-pelo-apoio-as-varias-modalidades\/\"},\"author\":{\"name\":\"Telinha\",\"@id\":\"https:\/\/portaltela.pt\/#\/schema\/person\/c4278d4a6028830caff9ee44b42d32ed\"},\"headline\":\"CDP promove reconhecimento pelo apoio \u00e0s v\u00e1rias modalidades\",\"datePublished\":\"2026-03-23T21:57:28+00:00\",\"mainEntityOfPage\":{\"@id\":\"https:\/\/portaltela.pt\/noticias\/2026\/03\/23\/cdp-promove-reconhecimento-pelo-apoio-as-varias-modalidades\/\"},\"wordCount\":1052,\"image\":{\"@id\":\"https:\/\/portaltela.pt\/noticias\/2026\/03\/23\/cdp-promove-reconhecimento-pelo-apoio-as-varias-modalidades\/#primaryimage\"},\"thumbnailUrl\":\"https:\/\/portaltela.pt\/s.01k8rhncp4jt1\/2026\/03\/img_920x518uu2026-03-23-21-46-58-2428988.jpg\",\"keywords\":[\"atletas\",\"desporto\",\"federa\u00e7\u00f5es\",\"parcerias internacionais\",\"Portugal\",\"pr\u00e9mios\"],\"articleSection\":[\"Desporto\",\"Futebol\"],\"inLanguage\":\"pt-PT\"},{\"@type\":\"WebPage\",\"@id\":\"https:\/\/portaltela.pt\/noticias\/2026\/03\/23\/cdp-promove-reconhecimento-pelo-apoio-as-varias-modalidades\/\",\"url\":\"https:\/\/portaltela.pt\/noticias\/2026\/03\/23\/cdp-promove-reconhecimento-pelo-apoio-as-varias-modalidades\/\",\"name\":\"CDP promove reconhecimento pelo apoio \u00e0s v\u00e1rias modalidades - Portal Tela Portugal\",\"isPartOf\":{\"@id\":\"https:\/\/portaltela.pt\/#website\"},\"primaryImageOfPage\":{\"@id\":\"https:\/\/portaltela.pt\/noticias\/2026\/03\/23\/cdp-promove-reconhecimento-pelo-apoio-as-varias-modalidades\/#primaryimage\"},\"image\":{\"@id\":\"https:\/\/portaltela.pt\/noticias\/2026\/03\/23\/cdp-promove-reconhecimento-pelo-apoio-as-varias-modalidades\/#primaryimage\"},\"thumbnailUrl\":\"https:\/\/portaltela.pt\/s.01k8rhncp4jt1\/2026\/03\/img_920x518uu2026-03-23-21-46-58-2428988.jpg\",\"datePublished\":\"2026-03-23T21:57:28+00:00\",\"author\":{\"@id\":\"https:\/\/portaltela.pt\/#\/schema\/person\/c4278d4a6028830caff9ee44b42d32ed\"},\"breadcrumb\":{\"@id\":\"https:\/\/portaltela.pt\/noticias\/2026\/03\/23\/cdp-promove-reconhecimento-pelo-apoio-as-varias-modalidades\/#breadcrumb\"},\"inLanguage\":\"pt-PT\",\"potentialAction\":[{\"@type\":\"ReadAction\",\"target\":[\"https:\/\/portaltela.pt\/noticias\/2026\/03\/23\/cdp-promove-reconhecimento-pelo-apoio-as-varias-modalidades\/\"]}]},{\"@type\":\"ImageObject\",\"inLanguage\":\"pt-PT\",\"@id\":\"https:\/\/portaltela.pt\/noticias\/2026\/03\/23\/cdp-promove-reconhecimento-pelo-apoio-as-varias-modalidades\/#primaryimage\",\"url\":\"https:\/\/portaltela.pt\/s.01k8rhncp4jt1\/2026\/03\/img_920x518uu2026-03-23-21-46-58-2428988.jpg\",\"contentUrl\":\"https:\/\/portaltela.pt\/s.01k8rhncp4jt1\/2026\/03\/img_920x518uu2026-03-23-21-46-58-2428988.jpg\",\"width\":796,\"height\":448,\"caption\":\"Margarida Balseiro Lopes com Daniel Monteiro\"},{\"@type\":\"BreadcrumbList\",\"@id\":\"https:\/\/portaltela.pt\/noticias\/2026\/03\/23\/cdp-promove-reconhecimento-pelo-apoio-as-varias-modalidades\/#breadcrumb\",\"itemListElement\":[{\"@type\":\"ListItem\",\"position\":1,\"name\":\"In\u00edcio\",\"item\":\"https:\/\/portaltela.pt\/\"},{\"@type\":\"ListItem\",\"position\":2,\"name\":\"CDP promove reconhecimento pelo apoio \u00e0s v\u00e1rias modalidades\"}]},{\"@type\":\"WebSite\",\"@id\":\"https:\/\/portaltela.pt\/#website\",\"url\":\"https:\/\/portaltela.pt\/\",\"name\":\"Portal Tela Portugal\",\"description\":\"\",\"potentialAction\":[{\"@type\":\"SearchAction\",\"target\":{\"@type\":\"EntryPoint\",\"urlTemplate\":\"https:\/\/portaltela.pt\/?s={search_term_string}\"},\"query-input\":{\"@type\":\"PropertyValueSpecification\",\"valueRequired\":true,\"valueName\":\"search_term_string\"}}],\"inLanguage\":\"pt-PT\"},{\"@type\":\"Person\",\"@id\":\"https:\/\/portaltela.pt\/#\/schema\/person\/c4278d4a6028830caff9ee44b42d32ed\",\"name\":\"Telinha\",\"image\":{\"@type\":\"ImageObject\",\"inLanguage\":\"pt-PT\",\"@id\":\"https:\/\/portaltela.pt\/s.01k8rhncp4jt1\/2025\/11\/talking-bot-125x125.png\",\"url\":\"https:\/\/portaltela.pt\/s.01k8rhncp4jt1\/2025\/11\/talking-bot-125x125.png\",\"contentUrl\":\"https:\/\/portaltela.pt\/s.01k8rhncp4jt1\/2025\/11\/talking-bot-125x125.png\",\"caption\":\"Telinha\"},\"sameAs\":[\"https:\/\/portaltela.pt\/\"],\"url\":\"https:\/\/portaltela.pt\/por\/367410592786\/\"}]}<\/script>\n<!-- \/ Yoast SEO plugin. -->","yoast_head_json":{"title":"CDP promove reconhecimento pelo apoio \u00e0s v\u00e1rias modalidades - Portal Tela Portugal","robots":{"index":"index","follow":"follow","max-snippet":"max-snippet:-1","max-image-preview":"max-image-preview:large","max-video-preview":"max-video-preview:-1"},"og_locale":"pt_PT","og_type":"article","og_title":"CDP promove reconhecimento pelo apoio \u00e0s v\u00e1rias modalidades - Portal Tela Portugal","og_description":"A Confedera\u00e7\u00e3o do Desporto de Portugal promoveu os Pr\u00e9mios Voz do Desporto no Pal\u00e1cio de Queluz, com a presen\u00e7a da ministra Margarida Balseiro Lopes e do secret\u00e1rio de Estado do Desporto. O presidente da CDP, Daniel Monteiro, disse \u00e0 Record que o evento \u00e9 um momento de agradecimento a quem contribuiu para o desenvolvimento das modalidades em 2025. O presidente do Comit\u00e9 Ol\u00edmpico de Portugal, Fernando Gomes, elogiou os resultados do desporto nacional, em especial no atletismo, e destacou o investimento governamental de 65 milh\u00f5es de euros para as federa\u00e7\u00f5es. Patr\u00edcia Mamona foi distinguida pela Federa\u00e7\u00e3o Acad\u00e9mica do Desporto Universit\u00e1rio; Patr\u00edcia Sampaio referiu estar a recuperar de les\u00e3o com perspetiva de competir no final do ano. A cerim\u00f3nia premiou v\u00e1rias federa\u00e7\u00f5es e personalidades ligadas ao desporto, evidenciando a diversidade de modalidades presentes no evento.","og_url":"https:\/\/portaltela.pt\/noticias\/2026\/03\/23\/cdp-promove-reconhecimento-pelo-apoio-as-varias-modalidades\/","og_site_name":"Portal Tela Portugal","article_published_time":"2026-03-23T21:57:28+00:00","author":"Telinha","twitter_card":"summary_large_image","twitter_misc":{"Escrito por":"Telinha","Tempo estimado de leitura":"5 minutos"},"schema":{"@context":"https:\/\/schema.org","@graph":[{"@type":"Article","@id":"https:\/\/portaltela.pt\/noticias\/2026\/03\/23\/cdp-promove-reconhecimento-pelo-apoio-as-varias-modalidades\/#article","isPartOf":{"@id":"https:\/\/portaltela.pt\/noticias\/2026\/03\/23\/cdp-promove-reconhecimento-pelo-apoio-as-varias-modalidades\/"},"author":{"name":"Telinha","@id":"https:\/\/portaltela.pt\/#\/schema\/person\/c4278d4a6028830caff9ee44b42d32ed"},"headline":"CDP promove reconhecimento pelo apoio \u00e0s v\u00e1rias modalidades","datePublished":"2026-03-23T21:57:28+00:00","mainEntityOfPage":{"@id":"https:\/\/portaltela.pt\/noticias\/2026\/03\/23\/cdp-promove-reconhecimento-pelo-apoio-as-varias-modalidades\/"},"wordCount":1052,"image":{"@id":"https:\/\/portaltela.pt\/noticias\/2026\/03\/23\/cdp-promove-reconhecimento-pelo-apoio-as-varias-modalidades\/#primaryimage"},"thumbnailUrl":"https:\/\/portaltela.pt\/s.01k8rhncp4jt1\/2026\/03\/img_920x518uu2026-03-23-21-46-58-2428988.jpg","keywords":["atletas","desporto","federa\u00e7\u00f5es","parcerias internacionais","Portugal","pr\u00e9mios"],"articleSection":["Desporto","Futebol"],"inLanguage":"pt-PT"},{"@type":"WebPage","@id":"https:\/\/portaltela.pt\/noticias\/2026\/03\/23\/cdp-promove-reconhecimento-pelo-apoio-as-varias-modalidades\/","url":"https:\/\/portaltela.pt\/noticias\/2026\/03\/23\/cdp-promove-reconhecimento-pelo-apoio-as-varias-modalidades\/","name":"CDP promove reconhecimento pelo apoio \u00e0s v\u00e1rias modalidades - Portal Tela Portugal","isPartOf":{"@id":"https:\/\/portaltela.pt\/#website"},"primaryImageOfPage":{"@id":"https:\/\/portaltela.pt\/noticias\/2026\/03\/23\/cdp-promove-reconhecimento-pelo-apoio-as-varias-modalidades\/#primaryimage"},"image":{"@id":"https:\/\/portaltela.pt\/noticias\/2026\/03\/23\/cdp-promove-reconhecimento-pelo-apoio-as-varias-modalidades\/#primaryimage"},"thumbnailUrl":"https:\/\/portaltela.pt\/s.01k8rhncp4jt1\/2026\/03\/img_920x518uu2026-03-23-21-46-58-2428988.jpg","datePublished":"2026-03-23T21:57:28+00:00","author":{"@id":"https:\/\/portaltela.pt\/#\/schema\/person\/c4278d4a6028830caff9ee44b42d32ed"},"breadcrumb":{"@id":"https:\/\/portaltela.pt\/noticias\/2026\/03\/23\/cdp-promove-reconhecimento-pelo-apoio-as-varias-modalidades\/#breadcrumb"},"inLanguage":"pt-PT","potentialAction":[{"@type":"ReadAction","target":["https:\/\/portaltela.pt\/noticias\/2026\/03\/23\/cdp-promove-reconhecimento-pelo-apoio-as-varias-modalidades\/"]}]},{"@type":"ImageObject","inLanguage":"pt-PT","@id":"https:\/\/portaltela.pt\/noticias\/2026\/03\/23\/cdp-promove-reconhecimento-pelo-apoio-as-varias-modalidades\/#primaryimage","url":"https:\/\/portaltela.pt\/s.01k8rhncp4jt1\/2026\/03\/img_920x518uu2026-03-23-21-46-58-2428988.jpg","contentUrl":"https:\/\/portaltela.pt\/s.01k8rhncp4jt1\/2026\/03\/img_920x518uu2026-03-23-21-46-58-2428988.jpg","width":796,"height":448,"caption":"Margarida Balseiro Lopes com Daniel Monteiro"},{"@type":"BreadcrumbList","@id":"https:\/\/portaltela.pt\/noticias\/2026\/03\/23\/cdp-promove-reconhecimento-pelo-apoio-as-varias-modalidades\/#breadcrumb","itemListElement":[{"@type":"ListItem","position":1,"name":"In\u00edcio","item":"https:\/\/portaltela.pt\/"},{"@type":"ListItem","position":2,"name":"CDP promove reconhecimento pelo apoio \u00e0s v\u00e1rias modalidades"}]},{"@type":"WebSite","@id":"https:\/\/portaltela.pt\/#website","url":"https:\/\/portaltela.pt\/","name":"Portal Tela Portugal","description":"","potentialAction":[{"@type":"SearchAction","target":{"@type":"EntryPoint","urlTemplate":"https:\/\/portaltela.pt\/?s={search_term_string}"},"query-input":{"@type":"PropertyValueSpecification","valueRequired":true,"valueName":"search_term_string"}}],"inLanguage":"pt-PT"},{"@type":"Person","@id":"https:\/\/portaltela.pt\/#\/schema\/person\/c4278d4a6028830caff9ee44b42d32ed","name":"Telinha","image":{"@type":"ImageObject","inLanguage":"pt-PT","@id":"https:\/\/portaltela.pt\/s.01k8rhncp4jt1\/2025\/11\/talking-bot-125x125.png","url":"https:\/\/portaltela.pt\/s.01k8rhncp4jt1\/2025\/11\/talking-bot-125x125.png","contentUrl":"https:\/\/portaltela.pt\/s.01k8rhncp4jt1\/2025\/11\/talking-bot-125x125.png","caption":"Telinha"},"sameAs":["https:\/\/portaltela.pt\/"],"url":"https:\/\/portaltela.pt\/por\/367410592786\/"}]}},"_links":{"self":[{"href":"https:\/\/portaltela.pt\/api\/wp\/v2\/posts\/418977","targetHints":{"allow":["GET"]}}],"collection":[{"href":"https:\/\/portaltela.pt\/api\/wp\/v2\/posts"}],"about":[{"href":"https:\/\/portaltela.pt\/api\/wp\/v2\/types\/post"}],"author":[{"embeddable":true,"href":"https:\/\/portaltela.pt\/api\/wp\/v2\/users\/2"}],"replies":[{"embeddable":true,"href":"https:\/\/portaltela.pt\/api\/wp\/v2\/comments?post=418977"}],"version-history":[{"count":0,"href":"https:\/\/portaltela.pt\/api\/wp\/v2\/posts\/418977\/revisions"}],"wp:featuredmedia":[{"embeddable":true,"href":"https:\/\/portaltela.pt\/api\/wp\/v2\/media\/418978"}],"wp:attachment":[{"href":"https:\/\/portaltela.pt\/api\/wp\/v2\/media?parent=418977"}],"wp:term":[{"taxonomy":"category","embeddable":true,"href":"https:\/\/portaltela.pt\/api\/wp\/v2\/categories?post=418977"},{"taxonomy":"post_tag","embeddable":true,"href":"https:\/\/portaltela.pt\/api\/wp\/v2\/tags?post=418977"}],"curies":[{"name":"wp","href":"https:\/\/api.w.org\/{rel}","templated":true}]}}