{"id":418966,"date":"2026-03-23T18:30:00","date_gmt":"2026-03-23T21:30:00","guid":{"rendered":"https:\/\/portaltela.pt\/noticias\/2026\/03\/23\/kiribati-pais-mar-investe-na-preservacao-do-oceano-que-sustenta-o-seu-povo\/"},"modified":"2026-03-23T18:30:00","modified_gmt":"2026-03-23T21:30:00","slug":"kiribati-pais-mar-investe-na-preservacao-do-oceano-que-sustenta-o-seu-povo","status":"publish","type":"post","link":"https:\/\/portaltela.pt\/meio-ambiente\/2026\/03\/23\/kiribati-pais-mar-investe-na-preservacao-do-oceano-que-sustenta-o-seu-povo\/","title":{"rendered":"Kiribati, pa\u00eds-mar, investe na preserva\u00e7\u00e3o do oceano que sustenta o seu povo"},"content":{"rendered":"<p>Kiribati, o pa\u00eds-mar, luta para preservar o oceano que lhe d\u00e1 sustento, numa realidade de altera\u00e7\u00f5es clim\u00e1ticas que afetam a seguran\u00e7a alimentar. As 33 ilhas-\u00f3queos do arquip\u00e9lago atuam para proteger o peixe-espada, o atum e os recursos costeiros essenciais \u00e0 comunidade.<\/p>\n<p>O enfoque est\u00e1 na gest\u00e3o da pesca e na prote\u00e7\u00e3o dos ecossistemas marinhos. A governa\u00e7\u00e3o local e as comunidades de Kiribati observam as mudan\u00e7as clim\u00e1ticas como desafio central para manter a disponibilidade de alimento. A fiscaliza\u00e7\u00e3o e a coopera\u00e7\u00e3o regional s\u00e3o vectores-chave desta estrat\u00e9gia.<\/p>\n<p>Para al\u00e9m das \u00e1guas rasas, o pa\u00eds enfrenta uma expans\u00e3o de press\u00f5es externas sobre os recursos marinhos. Medidas de conserva\u00e7\u00e3o visa assegurar rendimento sustent\u00e1vel para as gera\u00e7\u00f5es futuras, mantendo a soberania sobre o seu mar e a resili\u00eancia alimentar de toda a popula\u00e7\u00e3o.<\/p>\n<h3>Dimens\u00f5es do pa\u00eds e mobilidade<\/h3>\n<p>Imaginem um pa\u00eds do tamanho do concelho de Montalegre, com a popula\u00e7\u00e3o de Barcelos e um mar que se compara ao tamanho do Brasil. O oceano de Kiribati \u00e9 vasto e o trajeto entre London, a segunda cidade do pa\u00eds, e Tarawa do Sul assemelha-se, em dist\u00e2ncia, a ir de Lisboa a S\u00f3fia \u2014 sem estrada para autom\u00f3vel, sem liga\u00e7\u00e3o mar\u00edtima e apenas uma liga\u00e7\u00e3o a\u00e9rea, todas as quartas-feiras, pela Air Nauru.<\/p>\n","protected":false},"excerpt":{"rendered":"<ul>\n<li>Kiribati \u00e9 formado por trinta e tr\u00eas at\u00f3is no Pac\u00edfico, tentando assegurar a seguran\u00e7a alimentar frente \u00e0s altera\u00e7\u00f5es clim\u00e1ticas, atrav\u00e9s do controlo da pesca de atum e dos recursos costeiros.<\/li>\n<li>O pa\u00eds tem um territ\u00f3rio mar\u00edtimo vasto, com o mar a ocupar uma grande parte da sua realidade econ\u00f3mica e ambiental.<\/li>\n<li>A paisagem humana \u00e9 pequena: o territ\u00f3rio \u00e9 compar\u00e1vel ao concelho de Montalegre e a popula\u00e7\u00e3o a Barcelos.<\/li>\n<li>A dist\u00e2ncia entre Londres (uma das urbaniza\u00e7\u00f5es) e Tarawa do Sul, a capital, \u00e9 descrita como semelhante \u00e0 dist\u00e2ncia entre Lisboa e S\u00f3fia, com transporte extremamente limitado.<\/li>\n<li>O \u00fanico la\u00e7o a\u00e9reo entre algumas ilhas \u00e9 uma liga\u00e7\u00e3o semanal realizada pela Air Nauru, \u00e0s quartas-feiras.<\/li>\n<\/ul>\n","protected":false},"author":2,"featured_media":418969,"comment_status":"closed","ping_status":"closed","sticky":false,"template":"","format":"standard","meta":{"footnotes":""},"categories":[6725],"tags":[2665,167,4880,5093,1702,811],"class_list":["post-418966","post","type-post","status-publish","format-standard","has-post-thumbnail","hentry","category-meio-ambiente","tag-alteracoes-climaticas","tag-ambiente","tag-conservacao-ambiental","tag-pesca","tag-pesca-sustentavel","tag-protecao-ambiental"],"yoast_head":"<!-- This site is optimized with the Yoast SEO plugin v27.2 - https:\/\/yoast.com\/product\/yoast-seo-wordpress\/ -->\n<title>Kiribati, pa\u00eds-mar, investe na preserva\u00e7\u00e3o do oceano que sustenta o seu povo - Portal Tela Portugal<\/title>\n<meta name=\"robots\" content=\"index, follow, max-snippet:-1, max-image-preview:large, max-video-preview:-1\" \/>\n<meta property=\"og:locale\" content=\"pt_PT\" \/>\n<meta property=\"og:type\" content=\"article\" \/>\n<meta property=\"og:title\" content=\"Kiribati, pa\u00eds-mar, investe na preserva\u00e7\u00e3o do oceano que sustenta o seu povo - Portal Tela Portugal\" \/>\n<meta property=\"og:description\" content=\"Kiribati \u00e9 formado por trinta e tr\u00eas at\u00f3is no Pac\u00edfico, tentando assegurar a seguran\u00e7a alimentar frente \u00e0s altera\u00e7\u00f5es clim\u00e1ticas, atrav\u00e9s do controlo da pesca de atum e dos recursos costeiros. O pa\u00eds tem um territ\u00f3rio mar\u00edtimo vasto, com o mar a ocupar uma grande parte da sua realidade econ\u00f3mica e ambiental. A paisagem humana \u00e9 pequena: o territ\u00f3rio \u00e9 compar\u00e1vel ao concelho de Montalegre e a popula\u00e7\u00e3o a Barcelos. A dist\u00e2ncia entre Londres (uma das urbaniza\u00e7\u00f5es) e Tarawa do Sul, a capital, \u00e9 descrita como semelhante \u00e0 dist\u00e2ncia entre Lisboa e S\u00f3fia, com transporte extremamente limitado. O \u00fanico la\u00e7o a\u00e9reo entre algumas ilhas \u00e9 uma liga\u00e7\u00e3o semanal realizada pela Air Nauru, \u00e0s quartas-feiras.\" \/>\n<meta property=\"og:url\" content=\"https:\/\/portaltela.pt\/noticias\/2026\/03\/23\/kiribati-pais-mar-investe-na-preservacao-do-oceano-que-sustenta-o-seu-povo\/\" \/>\n<meta property=\"og:site_name\" content=\"Portal Tela Portugal\" \/>\n<meta property=\"article:published_time\" content=\"2026-03-23T21:30:00+00:00\" \/>\n<meta name=\"author\" content=\"Telinha\" \/>\n<meta name=\"twitter:card\" content=\"summary_large_image\" \/>\n<meta name=\"twitter:label1\" content=\"Escrito por\" \/>\n\t<meta name=\"twitter:data1\" content=\"Telinha\" \/>\n\t<meta name=\"twitter:label2\" content=\"Tempo estimado de leitura\" \/>\n\t<meta name=\"twitter:data2\" content=\"1 minuto\" \/>\n<script type=\"application\/ld+json\" class=\"yoast-schema-graph\">{\"@context\":\"https:\/\/schema.org\",\"@graph\":[{\"@type\":\"Article\",\"@id\":\"https:\/\/portaltela.pt\/noticias\/2026\/03\/23\/kiribati-pais-mar-investe-na-preservacao-do-oceano-que-sustenta-o-seu-povo\/#article\",\"isPartOf\":{\"@id\":\"https:\/\/portaltela.pt\/noticias\/2026\/03\/23\/kiribati-pais-mar-investe-na-preservacao-do-oceano-que-sustenta-o-seu-povo\/\"},\"author\":{\"name\":\"Telinha\",\"@id\":\"https:\/\/portaltela.pt\/#\/schema\/person\/c4278d4a6028830caff9ee44b42d32ed\"},\"headline\":\"Kiribati, pa\u00eds-mar, investe na preserva\u00e7\u00e3o do oceano que sustenta o seu povo\",\"datePublished\":\"2026-03-23T21:30:00+00:00\",\"mainEntityOfPage\":{\"@id\":\"https:\/\/portaltela.pt\/noticias\/2026\/03\/23\/kiribati-pais-mar-investe-na-preservacao-do-oceano-que-sustenta-o-seu-povo\/\"},\"wordCount\":251,\"image\":{\"@id\":\"https:\/\/portaltela.pt\/noticias\/2026\/03\/23\/kiribati-pais-mar-investe-na-preservacao-do-oceano-que-sustenta-o-seu-povo\/#primaryimage\"},\"thumbnailUrl\":\"https:\/\/portaltela.pt\/s.01k8rhncp4jt1\/2026\/03\/2076442.jpg\",\"keywords\":[\"Altera\u00e7\u00f5es Clim\u00e1ticas\",\"ambiente\",\"conserva\u00e7\u00e3o ambiental\",\"pesca\",\"pesca sustent\u00e1vel\",\"prote\u00e7\u00e3o ambiental\"],\"articleSection\":[\"Meio Ambiente\"],\"inLanguage\":\"pt-PT\"},{\"@type\":\"WebPage\",\"@id\":\"https:\/\/portaltela.pt\/noticias\/2026\/03\/23\/kiribati-pais-mar-investe-na-preservacao-do-oceano-que-sustenta-o-seu-povo\/\",\"url\":\"https:\/\/portaltela.pt\/noticias\/2026\/03\/23\/kiribati-pais-mar-investe-na-preservacao-do-oceano-que-sustenta-o-seu-povo\/\",\"name\":\"Kiribati, pa\u00eds-mar, investe na preserva\u00e7\u00e3o do oceano que sustenta o seu povo - Portal Tela Portugal\",\"isPartOf\":{\"@id\":\"https:\/\/portaltela.pt\/#website\"},\"primaryImageOfPage\":{\"@id\":\"https:\/\/portaltela.pt\/noticias\/2026\/03\/23\/kiribati-pais-mar-investe-na-preservacao-do-oceano-que-sustenta-o-seu-povo\/#primaryimage\"},\"image\":{\"@id\":\"https:\/\/portaltela.pt\/noticias\/2026\/03\/23\/kiribati-pais-mar-investe-na-preservacao-do-oceano-que-sustenta-o-seu-povo\/#primaryimage\"},\"thumbnailUrl\":\"https:\/\/portaltela.pt\/s.01k8rhncp4jt1\/2026\/03\/2076442.jpg\",\"datePublished\":\"2026-03-23T21:30:00+00:00\",\"author\":{\"@id\":\"https:\/\/portaltela.pt\/#\/schema\/person\/c4278d4a6028830caff9ee44b42d32ed\"},\"breadcrumb\":{\"@id\":\"https:\/\/portaltela.pt\/noticias\/2026\/03\/23\/kiribati-pais-mar-investe-na-preservacao-do-oceano-que-sustenta-o-seu-povo\/#breadcrumb\"},\"inLanguage\":\"pt-PT\",\"potentialAction\":[{\"@type\":\"ReadAction\",\"target\":[\"https:\/\/portaltela.pt\/noticias\/2026\/03\/23\/kiribati-pais-mar-investe-na-preservacao-do-oceano-que-sustenta-o-seu-povo\/\"]}]},{\"@type\":\"ImageObject\",\"inLanguage\":\"pt-PT\",\"@id\":\"https:\/\/portaltela.pt\/noticias\/2026\/03\/23\/kiribati-pais-mar-investe-na-preservacao-do-oceano-que-sustenta-o-seu-povo\/#primaryimage\",\"url\":\"https:\/\/portaltela.pt\/s.01k8rhncp4jt1\/2026\/03\/2076442.jpg\",\"contentUrl\":\"https:\/\/portaltela.pt\/s.01k8rhncp4jt1\/2026\/03\/2076442.jpg\",\"width\":796,\"height\":448,\"caption\":\"Vista do p\u00f4r do sol na aldeia de Tangintebu, em Tarawa do Sul, Kiribati\"},{\"@type\":\"BreadcrumbList\",\"@id\":\"https:\/\/portaltela.pt\/noticias\/2026\/03\/23\/kiribati-pais-mar-investe-na-preservacao-do-oceano-que-sustenta-o-seu-povo\/#breadcrumb\",\"itemListElement\":[{\"@type\":\"ListItem\",\"position\":1,\"name\":\"In\u00edcio\",\"item\":\"https:\/\/portaltela.pt\/\"},{\"@type\":\"ListItem\",\"position\":2,\"name\":\"Kiribati, pa\u00eds-mar, investe na preserva\u00e7\u00e3o do oceano que sustenta o seu povo\"}]},{\"@type\":\"WebSite\",\"@id\":\"https:\/\/portaltela.pt\/#website\",\"url\":\"https:\/\/portaltela.pt\/\",\"name\":\"Portal Tela Portugal\",\"description\":\"\",\"potentialAction\":[{\"@type\":\"SearchAction\",\"target\":{\"@type\":\"EntryPoint\",\"urlTemplate\":\"https:\/\/portaltela.pt\/?s={search_term_string}\"},\"query-input\":{\"@type\":\"PropertyValueSpecification\",\"valueRequired\":true,\"valueName\":\"search_term_string\"}}],\"inLanguage\":\"pt-PT\"},{\"@type\":\"Person\",\"@id\":\"https:\/\/portaltela.pt\/#\/schema\/person\/c4278d4a6028830caff9ee44b42d32ed\",\"name\":\"Telinha\",\"image\":{\"@type\":\"ImageObject\",\"inLanguage\":\"pt-PT\",\"@id\":\"https:\/\/portaltela.pt\/s.01k8rhncp4jt1\/2025\/11\/talking-bot-125x125.png\",\"url\":\"https:\/\/portaltela.pt\/s.01k8rhncp4jt1\/2025\/11\/talking-bot-125x125.png\",\"contentUrl\":\"https:\/\/portaltela.pt\/s.01k8rhncp4jt1\/2025\/11\/talking-bot-125x125.png\",\"caption\":\"Telinha\"},\"sameAs\":[\"https:\/\/portaltela.pt\/\"],\"url\":\"https:\/\/portaltela.pt\/por\/367410592786\/\"}]}<\/script>\n<!-- \/ Yoast SEO plugin. -->","yoast_head_json":{"title":"Kiribati, pa\u00eds-mar, investe na preserva\u00e7\u00e3o do oceano que sustenta o seu povo - Portal Tela Portugal","robots":{"index":"index","follow":"follow","max-snippet":"max-snippet:-1","max-image-preview":"max-image-preview:large","max-video-preview":"max-video-preview:-1"},"og_locale":"pt_PT","og_type":"article","og_title":"Kiribati, pa\u00eds-mar, investe na preserva\u00e7\u00e3o do oceano que sustenta o seu povo - Portal Tela Portugal","og_description":"Kiribati \u00e9 formado por trinta e tr\u00eas at\u00f3is no Pac\u00edfico, tentando assegurar a seguran\u00e7a alimentar frente \u00e0s altera\u00e7\u00f5es clim\u00e1ticas, atrav\u00e9s do controlo da pesca de atum e dos recursos costeiros. O pa\u00eds tem um territ\u00f3rio mar\u00edtimo vasto, com o mar a ocupar uma grande parte da sua realidade econ\u00f3mica e ambiental. A paisagem humana \u00e9 pequena: o territ\u00f3rio \u00e9 compar\u00e1vel ao concelho de Montalegre e a popula\u00e7\u00e3o a Barcelos. A dist\u00e2ncia entre Londres (uma das urbaniza\u00e7\u00f5es) e Tarawa do Sul, a capital, \u00e9 descrita como semelhante \u00e0 dist\u00e2ncia entre Lisboa e S\u00f3fia, com transporte extremamente limitado. O \u00fanico la\u00e7o a\u00e9reo entre algumas ilhas \u00e9 uma liga\u00e7\u00e3o semanal realizada pela Air Nauru, \u00e0s quartas-feiras.","og_url":"https:\/\/portaltela.pt\/noticias\/2026\/03\/23\/kiribati-pais-mar-investe-na-preservacao-do-oceano-que-sustenta-o-seu-povo\/","og_site_name":"Portal Tela Portugal","article_published_time":"2026-03-23T21:30:00+00:00","author":"Telinha","twitter_card":"summary_large_image","twitter_misc":{"Escrito por":"Telinha","Tempo estimado de leitura":"1 minuto"},"schema":{"@context":"https:\/\/schema.org","@graph":[{"@type":"Article","@id":"https:\/\/portaltela.pt\/noticias\/2026\/03\/23\/kiribati-pais-mar-investe-na-preservacao-do-oceano-que-sustenta-o-seu-povo\/#article","isPartOf":{"@id":"https:\/\/portaltela.pt\/noticias\/2026\/03\/23\/kiribati-pais-mar-investe-na-preservacao-do-oceano-que-sustenta-o-seu-povo\/"},"author":{"name":"Telinha","@id":"https:\/\/portaltela.pt\/#\/schema\/person\/c4278d4a6028830caff9ee44b42d32ed"},"headline":"Kiribati, pa\u00eds-mar, investe na preserva\u00e7\u00e3o do oceano que sustenta o seu povo","datePublished":"2026-03-23T21:30:00+00:00","mainEntityOfPage":{"@id":"https:\/\/portaltela.pt\/noticias\/2026\/03\/23\/kiribati-pais-mar-investe-na-preservacao-do-oceano-que-sustenta-o-seu-povo\/"},"wordCount":251,"image":{"@id":"https:\/\/portaltela.pt\/noticias\/2026\/03\/23\/kiribati-pais-mar-investe-na-preservacao-do-oceano-que-sustenta-o-seu-povo\/#primaryimage"},"thumbnailUrl":"https:\/\/portaltela.pt\/s.01k8rhncp4jt1\/2026\/03\/2076442.jpg","keywords":["Altera\u00e7\u00f5es Clim\u00e1ticas","ambiente","conserva\u00e7\u00e3o ambiental","pesca","pesca sustent\u00e1vel","prote\u00e7\u00e3o ambiental"],"articleSection":["Meio Ambiente"],"inLanguage":"pt-PT"},{"@type":"WebPage","@id":"https:\/\/portaltela.pt\/noticias\/2026\/03\/23\/kiribati-pais-mar-investe-na-preservacao-do-oceano-que-sustenta-o-seu-povo\/","url":"https:\/\/portaltela.pt\/noticias\/2026\/03\/23\/kiribati-pais-mar-investe-na-preservacao-do-oceano-que-sustenta-o-seu-povo\/","name":"Kiribati, pa\u00eds-mar, investe na preserva\u00e7\u00e3o do oceano que sustenta o seu povo - Portal Tela Portugal","isPartOf":{"@id":"https:\/\/portaltela.pt\/#website"},"primaryImageOfPage":{"@id":"https:\/\/portaltela.pt\/noticias\/2026\/03\/23\/kiribati-pais-mar-investe-na-preservacao-do-oceano-que-sustenta-o-seu-povo\/#primaryimage"},"image":{"@id":"https:\/\/portaltela.pt\/noticias\/2026\/03\/23\/kiribati-pais-mar-investe-na-preservacao-do-oceano-que-sustenta-o-seu-povo\/#primaryimage"},"thumbnailUrl":"https:\/\/portaltela.pt\/s.01k8rhncp4jt1\/2026\/03\/2076442.jpg","datePublished":"2026-03-23T21:30:00+00:00","author":{"@id":"https:\/\/portaltela.pt\/#\/schema\/person\/c4278d4a6028830caff9ee44b42d32ed"},"breadcrumb":{"@id":"https:\/\/portaltela.pt\/noticias\/2026\/03\/23\/kiribati-pais-mar-investe-na-preservacao-do-oceano-que-sustenta-o-seu-povo\/#breadcrumb"},"inLanguage":"pt-PT","potentialAction":[{"@type":"ReadAction","target":["https:\/\/portaltela.pt\/noticias\/2026\/03\/23\/kiribati-pais-mar-investe-na-preservacao-do-oceano-que-sustenta-o-seu-povo\/"]}]},{"@type":"ImageObject","inLanguage":"pt-PT","@id":"https:\/\/portaltela.pt\/noticias\/2026\/03\/23\/kiribati-pais-mar-investe-na-preservacao-do-oceano-que-sustenta-o-seu-povo\/#primaryimage","url":"https:\/\/portaltela.pt\/s.01k8rhncp4jt1\/2026\/03\/2076442.jpg","contentUrl":"https:\/\/portaltela.pt\/s.01k8rhncp4jt1\/2026\/03\/2076442.jpg","width":796,"height":448,"caption":"Vista do p\u00f4r do sol na aldeia de Tangintebu, em Tarawa do Sul, Kiribati"},{"@type":"BreadcrumbList","@id":"https:\/\/portaltela.pt\/noticias\/2026\/03\/23\/kiribati-pais-mar-investe-na-preservacao-do-oceano-que-sustenta-o-seu-povo\/#breadcrumb","itemListElement":[{"@type":"ListItem","position":1,"name":"In\u00edcio","item":"https:\/\/portaltela.pt\/"},{"@type":"ListItem","position":2,"name":"Kiribati, pa\u00eds-mar, investe na preserva\u00e7\u00e3o do oceano que sustenta o seu povo"}]},{"@type":"WebSite","@id":"https:\/\/portaltela.pt\/#website","url":"https:\/\/portaltela.pt\/","name":"Portal Tela Portugal","description":"","potentialAction":[{"@type":"SearchAction","target":{"@type":"EntryPoint","urlTemplate":"https:\/\/portaltela.pt\/?s={search_term_string}"},"query-input":{"@type":"PropertyValueSpecification","valueRequired":true,"valueName":"search_term_string"}}],"inLanguage":"pt-PT"},{"@type":"Person","@id":"https:\/\/portaltela.pt\/#\/schema\/person\/c4278d4a6028830caff9ee44b42d32ed","name":"Telinha","image":{"@type":"ImageObject","inLanguage":"pt-PT","@id":"https:\/\/portaltela.pt\/s.01k8rhncp4jt1\/2025\/11\/talking-bot-125x125.png","url":"https:\/\/portaltela.pt\/s.01k8rhncp4jt1\/2025\/11\/talking-bot-125x125.png","contentUrl":"https:\/\/portaltela.pt\/s.01k8rhncp4jt1\/2025\/11\/talking-bot-125x125.png","caption":"Telinha"},"sameAs":["https:\/\/portaltela.pt\/"],"url":"https:\/\/portaltela.pt\/por\/367410592786\/"}]}},"_links":{"self":[{"href":"https:\/\/portaltela.pt\/api\/wp\/v2\/posts\/418966","targetHints":{"allow":["GET"]}}],"collection":[{"href":"https:\/\/portaltela.pt\/api\/wp\/v2\/posts"}],"about":[{"href":"https:\/\/portaltela.pt\/api\/wp\/v2\/types\/post"}],"author":[{"embeddable":true,"href":"https:\/\/portaltela.pt\/api\/wp\/v2\/users\/2"}],"replies":[{"embeddable":true,"href":"https:\/\/portaltela.pt\/api\/wp\/v2\/comments?post=418966"}],"version-history":[{"count":0,"href":"https:\/\/portaltela.pt\/api\/wp\/v2\/posts\/418966\/revisions"}],"wp:featuredmedia":[{"embeddable":true,"href":"https:\/\/portaltela.pt\/api\/wp\/v2\/media\/418969"}],"wp:attachment":[{"href":"https:\/\/portaltela.pt\/api\/wp\/v2\/media?parent=418966"}],"wp:term":[{"taxonomy":"category","embeddable":true,"href":"https:\/\/portaltela.pt\/api\/wp\/v2\/categories?post=418966"},{"taxonomy":"post_tag","embeddable":true,"href":"https:\/\/portaltela.pt\/api\/wp\/v2\/tags?post=418966"}],"curies":[{"name":"wp","href":"https:\/\/api.w.org\/{rel}","templated":true}]}}