{"id":418944,"date":"2026-03-23T18:11:49","date_gmt":"2026-03-23T21:11:49","guid":{"rendered":"https:\/\/portaltela.pt\/noticias\/2026\/03\/23\/bombeiros-auxiliam-bebe-a-nascer-em-casa-em-salvaterra-de-magos\/"},"modified":"2026-03-23T18:11:49","modified_gmt":"2026-03-23T21:11:49","slug":"bombeiros-auxiliam-bebe-a-nascer-em-casa-em-salvaterra-de-magos","status":"publish","type":"post","link":"https:\/\/portaltela.pt\/saude\/2026\/03\/23\/bombeiros-auxiliam-bebe-a-nascer-em-casa-em-salvaterra-de-magos\/","title":{"rendered":"Bombeiros auxiliam beb\u00e9 a nascer em casa em Salvaterra de Magos"},"content":{"rendered":"<p>Um beb\u00e9 nasceu em Salvaterra de Magos durante a tarde de segunda-feira, em casa. A corpora\u00e7\u00e3o de bombeiros foi acionada \u00e0s 17h19 para acompanhar a gestante em trabalho de parto.<\/p>\n<p>Ao chegar, a Viatura M\u00e9dica de Emerg\u00eancia e Reanima\u00e7\u00e3o (VMER) do Hospital de Vila Franca de Xira j\u00e1 n\u00e3o permaneceu em parto ativo, pois o nascimento j\u00e1 tinha ocorrido no recinto dom\u00e9stico. N\u00e3o houve refer\u00eancias a complica\u00e7\u00f5es aparentes no momento.<\/p>\n<p>M\u00e3e e rec\u00e9m-nascido foram encaminhados para o Hospital de Vila Franca de Xira, onde se encontram em condi\u00e7\u00f5es de sa\u00fade est\u00e1veis. A ocorr\u00eancia ressalta a atua\u00e7\u00e3o dos bombeiros no apoio a situa\u00e7\u00f5es de parto extramuros.<\/p>\n<h3>Situa\u00e7\u00e3o e desloca\u00e7\u00e3o<\/h3>\n<p>Segundo informa\u00e7\u00f5es dispon\u00edveis, a equipa de emerg\u00eancia prestou apoio imediato no local e assegurou a transfer\u00eancia segura para o hospital. O estado de sa\u00fade da m\u00e3e e do beb\u00e9 \u00e9 descrito como est\u00e1vel.<\/p>\n","protected":false},"excerpt":{"rendered":"<ul>\n<li>Um beb\u00e9 nasceu em casa, em Salvaterra de Magos, durante a tarde de segunda-feira.<\/li>\n<li>A corpora\u00e7\u00e3o de bombeiros foi acionada \u00e0s 17h19 para uma gestante em trabalho de parto.<\/li>\n<li>\u00c0 chegada da Viatura M\u00e9dica de Emerg\u00eancia e Reanima\u00e7\u00e3o, o parto j\u00e1 tinha sido realizado.<\/li>\n<li>M\u00e3e e rec\u00e9m-nascido foram encaminhados para o Hospital de Vila Franca de Xira.<\/li>\n<li>Ambos encontram-se bem de sa\u00fade.<\/li>\n<\/ul>\n","protected":false},"author":2,"featured_media":418946,"comment_status":"closed","ping_status":"closed","sticky":false,"template":"","format":"standard","meta":{"footnotes":""},"categories":[6745],"tags":[971,1935,4304,4339,172,4462],"class_list":["post-418944","post","type-post","status-publish","format-standard","has-post-thumbnail","hentry","category-saude","tag-bombeiros","tag-emergencias","tag-salvamento","tag-salvaterra-de-magos","tag-saude","tag-vmer"],"yoast_head":"<!-- This site is optimized with the Yoast SEO plugin v27.2 - https:\/\/yoast.com\/product\/yoast-seo-wordpress\/ -->\n<title>Bombeiros auxiliam beb\u00e9 a nascer em casa em Salvaterra de Magos - Portal Tela Portugal<\/title>\n<meta name=\"robots\" content=\"index, follow, max-snippet:-1, max-image-preview:large, max-video-preview:-1\" \/>\n<meta property=\"og:locale\" content=\"pt_PT\" \/>\n<meta property=\"og:type\" content=\"article\" \/>\n<meta property=\"og:title\" content=\"Bombeiros auxiliam beb\u00e9 a nascer em casa em Salvaterra de Magos - Portal Tela Portugal\" \/>\n<meta property=\"og:description\" content=\"Um beb\u00e9 nasceu em casa, em Salvaterra de Magos, durante a tarde de segunda-feira. A corpora\u00e7\u00e3o de bombeiros foi acionada \u00e0s 17h19 para uma gestante em trabalho de parto. \u00c0 chegada da Viatura M\u00e9dica de Emerg\u00eancia e Reanima\u00e7\u00e3o, o parto j\u00e1 tinha sido realizado. M\u00e3e e rec\u00e9m-nascido foram encaminhados para o Hospital de Vila Franca de Xira. Ambos encontram-se bem de sa\u00fade.\" \/>\n<meta property=\"og:url\" content=\"https:\/\/portaltela.pt\/noticias\/2026\/03\/23\/bombeiros-auxiliam-bebe-a-nascer-em-casa-em-salvaterra-de-magos\/\" \/>\n<meta property=\"og:site_name\" content=\"Portal Tela Portugal\" \/>\n<meta property=\"article:published_time\" content=\"2026-03-23T21:11:49+00:00\" \/>\n<meta name=\"author\" content=\"Telinha\" \/>\n<meta name=\"twitter:card\" content=\"summary_large_image\" \/>\n<meta name=\"twitter:label1\" content=\"Escrito por\" \/>\n\t<meta name=\"twitter:data1\" content=\"Telinha\" \/>\n\t<meta name=\"twitter:label2\" content=\"Tempo estimado de leitura\" \/>\n\t<meta name=\"twitter:data2\" content=\"1 minuto\" \/>\n<script type=\"application\/ld+json\" class=\"yoast-schema-graph\">{\"@context\":\"https:\/\/schema.org\",\"@graph\":[{\"@type\":\"Article\",\"@id\":\"https:\/\/portaltela.pt\/noticias\/2026\/03\/23\/bombeiros-auxiliam-bebe-a-nascer-em-casa-em-salvaterra-de-magos\/#article\",\"isPartOf\":{\"@id\":\"https:\/\/portaltela.pt\/noticias\/2026\/03\/23\/bombeiros-auxiliam-bebe-a-nascer-em-casa-em-salvaterra-de-magos\/\"},\"author\":{\"name\":\"Telinha\",\"@id\":\"https:\/\/portaltela.pt\/#\/schema\/person\/c4278d4a6028830caff9ee44b42d32ed\"},\"headline\":\"Bombeiros auxiliam beb\u00e9 a nascer em casa em Salvaterra de Magos\",\"datePublished\":\"2026-03-23T21:11:49+00:00\",\"mainEntityOfPage\":{\"@id\":\"https:\/\/portaltela.pt\/noticias\/2026\/03\/23\/bombeiros-auxiliam-bebe-a-nascer-em-casa-em-salvaterra-de-magos\/\"},\"wordCount\":177,\"image\":{\"@id\":\"https:\/\/portaltela.pt\/noticias\/2026\/03\/23\/bombeiros-auxiliam-bebe-a-nascer-em-casa-em-salvaterra-de-magos\/#primaryimage\"},\"thumbnailUrl\":\"https:\/\/portaltela.pt\/s.01k8rhncp4jt1\/2026\/03\/img_1500x1000uu2026-03-23-21-11-34-2274405.jpg\",\"keywords\":[\"bombeiros\",\"emerg\u00eancias\",\"salvamento\",\"Salvaterra de Magos\",\"sa\u00fade\",\"VMER\"],\"articleSection\":[\"Sa\u00fade\"],\"inLanguage\":\"pt-PT\"},{\"@type\":\"WebPage\",\"@id\":\"https:\/\/portaltela.pt\/noticias\/2026\/03\/23\/bombeiros-auxiliam-bebe-a-nascer-em-casa-em-salvaterra-de-magos\/\",\"url\":\"https:\/\/portaltela.pt\/noticias\/2026\/03\/23\/bombeiros-auxiliam-bebe-a-nascer-em-casa-em-salvaterra-de-magos\/\",\"name\":\"Bombeiros auxiliam beb\u00e9 a nascer em casa em Salvaterra de Magos - Portal Tela Portugal\",\"isPartOf\":{\"@id\":\"https:\/\/portaltela.pt\/#website\"},\"primaryImageOfPage\":{\"@id\":\"https:\/\/portaltela.pt\/noticias\/2026\/03\/23\/bombeiros-auxiliam-bebe-a-nascer-em-casa-em-salvaterra-de-magos\/#primaryimage\"},\"image\":{\"@id\":\"https:\/\/portaltela.pt\/noticias\/2026\/03\/23\/bombeiros-auxiliam-bebe-a-nascer-em-casa-em-salvaterra-de-magos\/#primaryimage\"},\"thumbnailUrl\":\"https:\/\/portaltela.pt\/s.01k8rhncp4jt1\/2026\/03\/img_1500x1000uu2026-03-23-21-11-34-2274405.jpg\",\"datePublished\":\"2026-03-23T21:11:49+00:00\",\"author\":{\"@id\":\"https:\/\/portaltela.pt\/#\/schema\/person\/c4278d4a6028830caff9ee44b42d32ed\"},\"breadcrumb\":{\"@id\":\"https:\/\/portaltela.pt\/noticias\/2026\/03\/23\/bombeiros-auxiliam-bebe-a-nascer-em-casa-em-salvaterra-de-magos\/#breadcrumb\"},\"inLanguage\":\"pt-PT\",\"potentialAction\":[{\"@type\":\"ReadAction\",\"target\":[\"https:\/\/portaltela.pt\/noticias\/2026\/03\/23\/bombeiros-auxiliam-bebe-a-nascer-em-casa-em-salvaterra-de-magos\/\"]}]},{\"@type\":\"ImageObject\",\"inLanguage\":\"pt-PT\",\"@id\":\"https:\/\/portaltela.pt\/noticias\/2026\/03\/23\/bombeiros-auxiliam-bebe-a-nascer-em-casa-em-salvaterra-de-magos\/#primaryimage\",\"url\":\"https:\/\/portaltela.pt\/s.01k8rhncp4jt1\/2026\/03\/img_1500x1000uu2026-03-23-21-11-34-2274405.jpg\",\"contentUrl\":\"https:\/\/portaltela.pt\/s.01k8rhncp4jt1\/2026\/03\/img_1500x1000uu2026-03-23-21-11-34-2274405.jpg\",\"width\":796,\"height\":448,\"caption\":\"Bombeiros ajudam beb\u00e9 a nascer em casa em Salvaterra de Magos\"},{\"@type\":\"BreadcrumbList\",\"@id\":\"https:\/\/portaltela.pt\/noticias\/2026\/03\/23\/bombeiros-auxiliam-bebe-a-nascer-em-casa-em-salvaterra-de-magos\/#breadcrumb\",\"itemListElement\":[{\"@type\":\"ListItem\",\"position\":1,\"name\":\"In\u00edcio\",\"item\":\"https:\/\/portaltela.pt\/\"},{\"@type\":\"ListItem\",\"position\":2,\"name\":\"Bombeiros auxiliam beb\u00e9 a nascer em casa em Salvaterra de Magos\"}]},{\"@type\":\"WebSite\",\"@id\":\"https:\/\/portaltela.pt\/#website\",\"url\":\"https:\/\/portaltela.pt\/\",\"name\":\"Portal Tela Portugal\",\"description\":\"\",\"potentialAction\":[{\"@type\":\"SearchAction\",\"target\":{\"@type\":\"EntryPoint\",\"urlTemplate\":\"https:\/\/portaltela.pt\/?s={search_term_string}\"},\"query-input\":{\"@type\":\"PropertyValueSpecification\",\"valueRequired\":true,\"valueName\":\"search_term_string\"}}],\"inLanguage\":\"pt-PT\"},{\"@type\":\"Person\",\"@id\":\"https:\/\/portaltela.pt\/#\/schema\/person\/c4278d4a6028830caff9ee44b42d32ed\",\"name\":\"Telinha\",\"image\":{\"@type\":\"ImageObject\",\"inLanguage\":\"pt-PT\",\"@id\":\"https:\/\/portaltela.pt\/s.01k8rhncp4jt1\/2025\/11\/talking-bot-125x125.png\",\"url\":\"https:\/\/portaltela.pt\/s.01k8rhncp4jt1\/2025\/11\/talking-bot-125x125.png\",\"contentUrl\":\"https:\/\/portaltela.pt\/s.01k8rhncp4jt1\/2025\/11\/talking-bot-125x125.png\",\"caption\":\"Telinha\"},\"sameAs\":[\"https:\/\/portaltela.pt\/\"],\"url\":\"https:\/\/portaltela.pt\/por\/367410592786\/\"}]}<\/script>\n<!-- \/ Yoast SEO plugin. -->","yoast_head_json":{"title":"Bombeiros auxiliam beb\u00e9 a nascer em casa em Salvaterra de Magos - Portal Tela Portugal","robots":{"index":"index","follow":"follow","max-snippet":"max-snippet:-1","max-image-preview":"max-image-preview:large","max-video-preview":"max-video-preview:-1"},"og_locale":"pt_PT","og_type":"article","og_title":"Bombeiros auxiliam beb\u00e9 a nascer em casa em Salvaterra de Magos - Portal Tela Portugal","og_description":"Um beb\u00e9 nasceu em casa, em Salvaterra de Magos, durante a tarde de segunda-feira. A corpora\u00e7\u00e3o de bombeiros foi acionada \u00e0s 17h19 para uma gestante em trabalho de parto. \u00c0 chegada da Viatura M\u00e9dica de Emerg\u00eancia e Reanima\u00e7\u00e3o, o parto j\u00e1 tinha sido realizado. M\u00e3e e rec\u00e9m-nascido foram encaminhados para o Hospital de Vila Franca de Xira. Ambos encontram-se bem de sa\u00fade.","og_url":"https:\/\/portaltela.pt\/noticias\/2026\/03\/23\/bombeiros-auxiliam-bebe-a-nascer-em-casa-em-salvaterra-de-magos\/","og_site_name":"Portal Tela Portugal","article_published_time":"2026-03-23T21:11:49+00:00","author":"Telinha","twitter_card":"summary_large_image","twitter_misc":{"Escrito por":"Telinha","Tempo estimado de leitura":"1 minuto"},"schema":{"@context":"https:\/\/schema.org","@graph":[{"@type":"Article","@id":"https:\/\/portaltela.pt\/noticias\/2026\/03\/23\/bombeiros-auxiliam-bebe-a-nascer-em-casa-em-salvaterra-de-magos\/#article","isPartOf":{"@id":"https:\/\/portaltela.pt\/noticias\/2026\/03\/23\/bombeiros-auxiliam-bebe-a-nascer-em-casa-em-salvaterra-de-magos\/"},"author":{"name":"Telinha","@id":"https:\/\/portaltela.pt\/#\/schema\/person\/c4278d4a6028830caff9ee44b42d32ed"},"headline":"Bombeiros auxiliam beb\u00e9 a nascer em casa em Salvaterra de Magos","datePublished":"2026-03-23T21:11:49+00:00","mainEntityOfPage":{"@id":"https:\/\/portaltela.pt\/noticias\/2026\/03\/23\/bombeiros-auxiliam-bebe-a-nascer-em-casa-em-salvaterra-de-magos\/"},"wordCount":177,"image":{"@id":"https:\/\/portaltela.pt\/noticias\/2026\/03\/23\/bombeiros-auxiliam-bebe-a-nascer-em-casa-em-salvaterra-de-magos\/#primaryimage"},"thumbnailUrl":"https:\/\/portaltela.pt\/s.01k8rhncp4jt1\/2026\/03\/img_1500x1000uu2026-03-23-21-11-34-2274405.jpg","keywords":["bombeiros","emerg\u00eancias","salvamento","Salvaterra de Magos","sa\u00fade","VMER"],"articleSection":["Sa\u00fade"],"inLanguage":"pt-PT"},{"@type":"WebPage","@id":"https:\/\/portaltela.pt\/noticias\/2026\/03\/23\/bombeiros-auxiliam-bebe-a-nascer-em-casa-em-salvaterra-de-magos\/","url":"https:\/\/portaltela.pt\/noticias\/2026\/03\/23\/bombeiros-auxiliam-bebe-a-nascer-em-casa-em-salvaterra-de-magos\/","name":"Bombeiros auxiliam beb\u00e9 a nascer em casa em Salvaterra de Magos - Portal Tela Portugal","isPartOf":{"@id":"https:\/\/portaltela.pt\/#website"},"primaryImageOfPage":{"@id":"https:\/\/portaltela.pt\/noticias\/2026\/03\/23\/bombeiros-auxiliam-bebe-a-nascer-em-casa-em-salvaterra-de-magos\/#primaryimage"},"image":{"@id":"https:\/\/portaltela.pt\/noticias\/2026\/03\/23\/bombeiros-auxiliam-bebe-a-nascer-em-casa-em-salvaterra-de-magos\/#primaryimage"},"thumbnailUrl":"https:\/\/portaltela.pt\/s.01k8rhncp4jt1\/2026\/03\/img_1500x1000uu2026-03-23-21-11-34-2274405.jpg","datePublished":"2026-03-23T21:11:49+00:00","author":{"@id":"https:\/\/portaltela.pt\/#\/schema\/person\/c4278d4a6028830caff9ee44b42d32ed"},"breadcrumb":{"@id":"https:\/\/portaltela.pt\/noticias\/2026\/03\/23\/bombeiros-auxiliam-bebe-a-nascer-em-casa-em-salvaterra-de-magos\/#breadcrumb"},"inLanguage":"pt-PT","potentialAction":[{"@type":"ReadAction","target":["https:\/\/portaltela.pt\/noticias\/2026\/03\/23\/bombeiros-auxiliam-bebe-a-nascer-em-casa-em-salvaterra-de-magos\/"]}]},{"@type":"ImageObject","inLanguage":"pt-PT","@id":"https:\/\/portaltela.pt\/noticias\/2026\/03\/23\/bombeiros-auxiliam-bebe-a-nascer-em-casa-em-salvaterra-de-magos\/#primaryimage","url":"https:\/\/portaltela.pt\/s.01k8rhncp4jt1\/2026\/03\/img_1500x1000uu2026-03-23-21-11-34-2274405.jpg","contentUrl":"https:\/\/portaltela.pt\/s.01k8rhncp4jt1\/2026\/03\/img_1500x1000uu2026-03-23-21-11-34-2274405.jpg","width":796,"height":448,"caption":"Bombeiros ajudam beb\u00e9 a nascer em casa em Salvaterra de Magos"},{"@type":"BreadcrumbList","@id":"https:\/\/portaltela.pt\/noticias\/2026\/03\/23\/bombeiros-auxiliam-bebe-a-nascer-em-casa-em-salvaterra-de-magos\/#breadcrumb","itemListElement":[{"@type":"ListItem","position":1,"name":"In\u00edcio","item":"https:\/\/portaltela.pt\/"},{"@type":"ListItem","position":2,"name":"Bombeiros auxiliam beb\u00e9 a nascer em casa em Salvaterra de Magos"}]},{"@type":"WebSite","@id":"https:\/\/portaltela.pt\/#website","url":"https:\/\/portaltela.pt\/","name":"Portal Tela Portugal","description":"","potentialAction":[{"@type":"SearchAction","target":{"@type":"EntryPoint","urlTemplate":"https:\/\/portaltela.pt\/?s={search_term_string}"},"query-input":{"@type":"PropertyValueSpecification","valueRequired":true,"valueName":"search_term_string"}}],"inLanguage":"pt-PT"},{"@type":"Person","@id":"https:\/\/portaltela.pt\/#\/schema\/person\/c4278d4a6028830caff9ee44b42d32ed","name":"Telinha","image":{"@type":"ImageObject","inLanguage":"pt-PT","@id":"https:\/\/portaltela.pt\/s.01k8rhncp4jt1\/2025\/11\/talking-bot-125x125.png","url":"https:\/\/portaltela.pt\/s.01k8rhncp4jt1\/2025\/11\/talking-bot-125x125.png","contentUrl":"https:\/\/portaltela.pt\/s.01k8rhncp4jt1\/2025\/11\/talking-bot-125x125.png","caption":"Telinha"},"sameAs":["https:\/\/portaltela.pt\/"],"url":"https:\/\/portaltela.pt\/por\/367410592786\/"}]}},"_links":{"self":[{"href":"https:\/\/portaltela.pt\/api\/wp\/v2\/posts\/418944","targetHints":{"allow":["GET"]}}],"collection":[{"href":"https:\/\/portaltela.pt\/api\/wp\/v2\/posts"}],"about":[{"href":"https:\/\/portaltela.pt\/api\/wp\/v2\/types\/post"}],"author":[{"embeddable":true,"href":"https:\/\/portaltela.pt\/api\/wp\/v2\/users\/2"}],"replies":[{"embeddable":true,"href":"https:\/\/portaltela.pt\/api\/wp\/v2\/comments?post=418944"}],"version-history":[{"count":0,"href":"https:\/\/portaltela.pt\/api\/wp\/v2\/posts\/418944\/revisions"}],"wp:featuredmedia":[{"embeddable":true,"href":"https:\/\/portaltela.pt\/api\/wp\/v2\/media\/418946"}],"wp:attachment":[{"href":"https:\/\/portaltela.pt\/api\/wp\/v2\/media?parent=418944"}],"wp:term":[{"taxonomy":"category","embeddable":true,"href":"https:\/\/portaltela.pt\/api\/wp\/v2\/categories?post=418944"},{"taxonomy":"post_tag","embeddable":true,"href":"https:\/\/portaltela.pt\/api\/wp\/v2\/tags?post=418944"}],"curies":[{"name":"wp","href":"https:\/\/api.w.org\/{rel}","templated":true}]}}