{"id":418938,"date":"2026-03-23T18:01:00","date_gmt":"2026-03-23T21:01:00","guid":{"rendered":"https:\/\/portaltela.pt\/noticias\/2026\/03\/23\/ps-e-governo-intensificam-criticas-as-indicacoes-para-o-tribunal-constitucional\/"},"modified":"2026-03-23T18:01:00","modified_gmt":"2026-03-23T21:01:00","slug":"ps-e-governo-intensificam-criticas-as-indicacoes-para-o-tribunal-constitucional","status":"publish","type":"post","link":"https:\/\/portaltela.pt\/noticias\/2026\/03\/23\/ps-e-governo-intensificam-criticas-as-indicacoes-para-o-tribunal-constitucional\/","title":{"rendered":"PS e Governo intensificam cr\u00edticas \u00e0s indica\u00e7\u00f5es para o Tribunal Constitucional"},"content":{"rendered":"<p>O debate sobre as indica\u00e7\u00f5es para os \u00f3rg\u00e3os externos do Parlamento, com foco nos ju\u00edzes do Tribunal Constitucional, entrou numa fase de confronto entre o Governo e o Partido Socialista. O impasse persiste e j\u00e1 se arrasta h\u00e1 dias, com acusa\u00e7\u00f5es p\u00fablicas entre as partes.<\/p>\n<p>O ministro dos Assuntos Parlamentares afirmou que o PS pretende manter a sua presen\u00e7a dominante nos \u00f3rg\u00e3os do Estado, acusa\u00e7\u00e3o dirigida aos socialistas. Os socialistas respondem que o Governo est\u00e1 a queimar pontes numa negocia\u00e7\u00e3o essencial.<\/p>\n<p>Carlos Abreu Amorim declarou, segundo a Lusa, que o PS representa uma for\u00e7a conservadora que resiste \u00e0 mudan\u00e7a e prefere a ina\u00e7\u00e3o \u00e0 transforma\u00e7\u00e3o. Afirmou ainda que o objetivo \u00e9 manter a presen\u00e7a nos \u00f3rg\u00e3os estatais, independentemente do resultado eleitoral.<\/p>\n<p>Para o PS, as declara\u00e7\u00f5es do ministro agravam o atrito e dificultam uma solu\u00e7\u00e3o. O vice-presidente da bancada socialista, Pedro Delgado Alves, disse que tais palavras prejudicam o di\u00e1logo e que n\u00e3o era previs\u00edvel o PS ficar \u00e0 margem, mesmo com menor peso eleitoral.<\/p>\n<p>Delgado Alves criticou o tom de acrim\u00f3nia e considerou que o ministro deveria manter uma postura mais diplom\u00e1tica, especialmente numa legislatura que exige consensos para o TC e outros \u00f3rg\u00e3os externos.<\/p>\n<p>O presidente do Supremo Tribunal de Justi\u00e7a, Jo\u00e3o Cury Mariano, tamb\u00e9m se pronunciou, defendendo que a escolha de ju\u00edzes n\u00e3o pode ser partidarizada. Afirmou que a filia\u00e7\u00e3o partid\u00e1ria compromete a independ\u00eancia dos magistrados de carreira.<\/p>\n","protected":false},"excerpt":{"rendered":"<ul>\n<li>O ministro dos Assuntos Parlamentares acusou o PS de querer \u201cmanter a omnipresen\u00e7a nos \u00f3rg\u00e3os do Estado\u201d, num impasse sobre as indica\u00e7\u00f5es para \u00f3rg\u00e3os externos e para o Tribunal Constitucional.<\/li>\n<li>O PS respondeu que o Governo est\u00e1 \u201ca queimar as pontes todas\u201d e alerta que as declara\u00e7\u00f5es n\u00e3o ajudam a encontrar uma solu\u00e7\u00e3o.<\/li>\n<li>Carlos Abreu Amorim classificou o PS como \u201ca grande for\u00e7a conservadora\u201d e disse que resistem \u00e0 mudan\u00e7a, mantendo a inac\u00e7\u00e3o.<\/li>\n<li>Pedro Delgado Alves afirmou que quem procura uma solu\u00e7\u00e3o n\u00e3o deve lan\u00e7ar cr\u00edticas que afastem acordos, considerando o tom pouco construtivo.<\/li>\n<li>O presidente do Supremo Tribunal de Justi\u00e7a disse que \u00e9 nocivo partidarizar a elei\u00e7\u00e3o de ju\u00edzes e defendeu que ju\u00edzes de carreira n\u00e3o t\u00eam filia\u00e7\u00e3o partid\u00e1ria.<\/li>\n<\/ul>\n","protected":false},"author":2,"featured_media":418941,"comment_status":"closed","ping_status":"closed","sticky":false,"template":"","format":"standard","meta":{"footnotes":""},"categories":[6815,1],"tags":[34,1293,1732,2832,2144,7405],"class_list":["post-418938","post","type-post","status-publish","format-standard","has-post-thumbnail","hentry","category-justica","category-noticias","tag-governo","tag-independencia","tag-partidos","tag-politica","tag-ps","tag-tribunal-constitucional"],"yoast_head":"<!-- This site is optimized with the Yoast SEO plugin v27.2 - https:\/\/yoast.com\/product\/yoast-seo-wordpress\/ -->\n<title>PS e Governo intensificam cr\u00edticas \u00e0s indica\u00e7\u00f5es para o Tribunal Constitucional - Portal Tela Portugal<\/title>\n<meta name=\"robots\" content=\"index, follow, max-snippet:-1, max-image-preview:large, max-video-preview:-1\" \/>\n<meta property=\"og:locale\" content=\"pt_PT\" \/>\n<meta property=\"og:type\" content=\"article\" \/>\n<meta property=\"og:title\" content=\"PS e Governo intensificam cr\u00edticas \u00e0s indica\u00e7\u00f5es para o Tribunal Constitucional - Portal Tela Portugal\" \/>\n<meta property=\"og:description\" content=\"O ministro dos Assuntos Parlamentares acusou o PS de querer \u201cmanter a omnipresen\u00e7a nos \u00f3rg\u00e3os do Estado\u201d, num impasse sobre as indica\u00e7\u00f5es para \u00f3rg\u00e3os externos e para o Tribunal Constitucional. O PS respondeu que o Governo est\u00e1 \u201ca queimar as pontes todas\u201d e alerta que as declara\u00e7\u00f5es n\u00e3o ajudam a encontrar uma solu\u00e7\u00e3o. Carlos Abreu Amorim classificou o PS como \u201ca grande for\u00e7a conservadora\u201d e disse que resistem \u00e0 mudan\u00e7a, mantendo a inac\u00e7\u00e3o. Pedro Delgado Alves afirmou que quem procura uma solu\u00e7\u00e3o n\u00e3o deve lan\u00e7ar cr\u00edticas que afastem acordos, considerando o tom pouco construtivo. O presidente do Supremo Tribunal de Justi\u00e7a disse que \u00e9 nocivo partidarizar a elei\u00e7\u00e3o de ju\u00edzes e defendeu que ju\u00edzes de carreira n\u00e3o t\u00eam filia\u00e7\u00e3o partid\u00e1ria.\" \/>\n<meta property=\"og:url\" content=\"https:\/\/portaltela.pt\/noticias\/2026\/03\/23\/ps-e-governo-intensificam-criticas-as-indicacoes-para-o-tribunal-constitucional\/\" \/>\n<meta property=\"og:site_name\" content=\"Portal Tela Portugal\" \/>\n<meta property=\"article:published_time\" content=\"2026-03-23T21:01:00+00:00\" \/>\n<meta name=\"author\" content=\"Telinha\" \/>\n<meta name=\"twitter:card\" content=\"summary_large_image\" \/>\n<meta name=\"twitter:label1\" content=\"Escrito por\" \/>\n\t<meta name=\"twitter:data1\" content=\"Telinha\" \/>\n\t<meta name=\"twitter:label2\" content=\"Tempo estimado de leitura\" \/>\n\t<meta name=\"twitter:data2\" content=\"1 minuto\" \/>\n<script type=\"application\/ld+json\" class=\"yoast-schema-graph\">{\"@context\":\"https:\/\/schema.org\",\"@graph\":[{\"@type\":\"Article\",\"@id\":\"https:\/\/portaltela.pt\/noticias\/2026\/03\/23\/ps-e-governo-intensificam-criticas-as-indicacoes-para-o-tribunal-constitucional\/#article\",\"isPartOf\":{\"@id\":\"https:\/\/portaltela.pt\/noticias\/2026\/03\/23\/ps-e-governo-intensificam-criticas-as-indicacoes-para-o-tribunal-constitucional\/\"},\"author\":{\"name\":\"Telinha\",\"@id\":\"https:\/\/portaltela.pt\/#\/schema\/person\/c4278d4a6028830caff9ee44b42d32ed\"},\"headline\":\"PS e Governo intensificam cr\u00edticas \u00e0s indica\u00e7\u00f5es para o Tribunal Constitucional\",\"datePublished\":\"2026-03-23T21:01:00+00:00\",\"mainEntityOfPage\":{\"@id\":\"https:\/\/portaltela.pt\/noticias\/2026\/03\/23\/ps-e-governo-intensificam-criticas-as-indicacoes-para-o-tribunal-constitucional\/\"},\"wordCount\":271,\"image\":{\"@id\":\"https:\/\/portaltela.pt\/noticias\/2026\/03\/23\/ps-e-governo-intensificam-criticas-as-indicacoes-para-o-tribunal-constitucional\/#primaryimage\"},\"thumbnailUrl\":\"https:\/\/portaltela.pt\/s.01k8rhncp4jt1\/2026\/03\/2076448.jpg\",\"keywords\":[\"governo\",\"independ\u00eancia\",\"partidos\",\"pol\u00edtica\",\"PS\",\"Tribunal Constitucional\"],\"articleSection\":[\"Justi\u00e7a\",\"Not\u00edcias\"],\"inLanguage\":\"pt-PT\"},{\"@type\":\"WebPage\",\"@id\":\"https:\/\/portaltela.pt\/noticias\/2026\/03\/23\/ps-e-governo-intensificam-criticas-as-indicacoes-para-o-tribunal-constitucional\/\",\"url\":\"https:\/\/portaltela.pt\/noticias\/2026\/03\/23\/ps-e-governo-intensificam-criticas-as-indicacoes-para-o-tribunal-constitucional\/\",\"name\":\"PS e Governo intensificam cr\u00edticas \u00e0s indica\u00e7\u00f5es para o Tribunal Constitucional - Portal Tela Portugal\",\"isPartOf\":{\"@id\":\"https:\/\/portaltela.pt\/#website\"},\"primaryImageOfPage\":{\"@id\":\"https:\/\/portaltela.pt\/noticias\/2026\/03\/23\/ps-e-governo-intensificam-criticas-as-indicacoes-para-o-tribunal-constitucional\/#primaryimage\"},\"image\":{\"@id\":\"https:\/\/portaltela.pt\/noticias\/2026\/03\/23\/ps-e-governo-intensificam-criticas-as-indicacoes-para-o-tribunal-constitucional\/#primaryimage\"},\"thumbnailUrl\":\"https:\/\/portaltela.pt\/s.01k8rhncp4jt1\/2026\/03\/2076448.jpg\",\"datePublished\":\"2026-03-23T21:01:00+00:00\",\"author\":{\"@id\":\"https:\/\/portaltela.pt\/#\/schema\/person\/c4278d4a6028830caff9ee44b42d32ed\"},\"breadcrumb\":{\"@id\":\"https:\/\/portaltela.pt\/noticias\/2026\/03\/23\/ps-e-governo-intensificam-criticas-as-indicacoes-para-o-tribunal-constitucional\/#breadcrumb\"},\"inLanguage\":\"pt-PT\",\"potentialAction\":[{\"@type\":\"ReadAction\",\"target\":[\"https:\/\/portaltela.pt\/noticias\/2026\/03\/23\/ps-e-governo-intensificam-criticas-as-indicacoes-para-o-tribunal-constitucional\/\"]}]},{\"@type\":\"ImageObject\",\"inLanguage\":\"pt-PT\",\"@id\":\"https:\/\/portaltela.pt\/noticias\/2026\/03\/23\/ps-e-governo-intensificam-criticas-as-indicacoes-para-o-tribunal-constitucional\/#primaryimage\",\"url\":\"https:\/\/portaltela.pt\/s.01k8rhncp4jt1\/2026\/03\/2076448.jpg\",\"contentUrl\":\"https:\/\/portaltela.pt\/s.01k8rhncp4jt1\/2026\/03\/2076448.jpg\",\"width\":796,\"height\":448,\"caption\":\"Pedro Delgado Alves, vice-presidente da bancada do PS, acusa Governo de \\\"queimar pontes\\\" depois das declara\u00e7\u00f5es do ministro dos Assuntos Parlamentares sobre os socialistas\"},{\"@type\":\"BreadcrumbList\",\"@id\":\"https:\/\/portaltela.pt\/noticias\/2026\/03\/23\/ps-e-governo-intensificam-criticas-as-indicacoes-para-o-tribunal-constitucional\/#breadcrumb\",\"itemListElement\":[{\"@type\":\"ListItem\",\"position\":1,\"name\":\"In\u00edcio\",\"item\":\"https:\/\/portaltela.pt\/\"},{\"@type\":\"ListItem\",\"position\":2,\"name\":\"PS e Governo intensificam cr\u00edticas \u00e0s indica\u00e7\u00f5es para o Tribunal Constitucional\"}]},{\"@type\":\"WebSite\",\"@id\":\"https:\/\/portaltela.pt\/#website\",\"url\":\"https:\/\/portaltela.pt\/\",\"name\":\"Portal Tela Portugal\",\"description\":\"\",\"potentialAction\":[{\"@type\":\"SearchAction\",\"target\":{\"@type\":\"EntryPoint\",\"urlTemplate\":\"https:\/\/portaltela.pt\/?s={search_term_string}\"},\"query-input\":{\"@type\":\"PropertyValueSpecification\",\"valueRequired\":true,\"valueName\":\"search_term_string\"}}],\"inLanguage\":\"pt-PT\"},{\"@type\":\"Person\",\"@id\":\"https:\/\/portaltela.pt\/#\/schema\/person\/c4278d4a6028830caff9ee44b42d32ed\",\"name\":\"Telinha\",\"image\":{\"@type\":\"ImageObject\",\"inLanguage\":\"pt-PT\",\"@id\":\"https:\/\/portaltela.pt\/s.01k8rhncp4jt1\/2025\/11\/talking-bot-125x125.png\",\"url\":\"https:\/\/portaltela.pt\/s.01k8rhncp4jt1\/2025\/11\/talking-bot-125x125.png\",\"contentUrl\":\"https:\/\/portaltela.pt\/s.01k8rhncp4jt1\/2025\/11\/talking-bot-125x125.png\",\"caption\":\"Telinha\"},\"sameAs\":[\"https:\/\/portaltela.pt\/\"],\"url\":\"https:\/\/portaltela.pt\/por\/367410592786\/\"}]}<\/script>\n<!-- \/ Yoast SEO plugin. -->","yoast_head_json":{"title":"PS e Governo intensificam cr\u00edticas \u00e0s indica\u00e7\u00f5es para o Tribunal Constitucional - Portal Tela Portugal","robots":{"index":"index","follow":"follow","max-snippet":"max-snippet:-1","max-image-preview":"max-image-preview:large","max-video-preview":"max-video-preview:-1"},"og_locale":"pt_PT","og_type":"article","og_title":"PS e Governo intensificam cr\u00edticas \u00e0s indica\u00e7\u00f5es para o Tribunal Constitucional - Portal Tela Portugal","og_description":"O ministro dos Assuntos Parlamentares acusou o PS de querer \u201cmanter a omnipresen\u00e7a nos \u00f3rg\u00e3os do Estado\u201d, num impasse sobre as indica\u00e7\u00f5es para \u00f3rg\u00e3os externos e para o Tribunal Constitucional. O PS respondeu que o Governo est\u00e1 \u201ca queimar as pontes todas\u201d e alerta que as declara\u00e7\u00f5es n\u00e3o ajudam a encontrar uma solu\u00e7\u00e3o. Carlos Abreu Amorim classificou o PS como \u201ca grande for\u00e7a conservadora\u201d e disse que resistem \u00e0 mudan\u00e7a, mantendo a inac\u00e7\u00e3o. Pedro Delgado Alves afirmou que quem procura uma solu\u00e7\u00e3o n\u00e3o deve lan\u00e7ar cr\u00edticas que afastem acordos, considerando o tom pouco construtivo. O presidente do Supremo Tribunal de Justi\u00e7a disse que \u00e9 nocivo partidarizar a elei\u00e7\u00e3o de ju\u00edzes e defendeu que ju\u00edzes de carreira n\u00e3o t\u00eam filia\u00e7\u00e3o partid\u00e1ria.","og_url":"https:\/\/portaltela.pt\/noticias\/2026\/03\/23\/ps-e-governo-intensificam-criticas-as-indicacoes-para-o-tribunal-constitucional\/","og_site_name":"Portal Tela Portugal","article_published_time":"2026-03-23T21:01:00+00:00","author":"Telinha","twitter_card":"summary_large_image","twitter_misc":{"Escrito por":"Telinha","Tempo estimado de leitura":"1 minuto"},"schema":{"@context":"https:\/\/schema.org","@graph":[{"@type":"Article","@id":"https:\/\/portaltela.pt\/noticias\/2026\/03\/23\/ps-e-governo-intensificam-criticas-as-indicacoes-para-o-tribunal-constitucional\/#article","isPartOf":{"@id":"https:\/\/portaltela.pt\/noticias\/2026\/03\/23\/ps-e-governo-intensificam-criticas-as-indicacoes-para-o-tribunal-constitucional\/"},"author":{"name":"Telinha","@id":"https:\/\/portaltela.pt\/#\/schema\/person\/c4278d4a6028830caff9ee44b42d32ed"},"headline":"PS e Governo intensificam cr\u00edticas \u00e0s indica\u00e7\u00f5es para o Tribunal Constitucional","datePublished":"2026-03-23T21:01:00+00:00","mainEntityOfPage":{"@id":"https:\/\/portaltela.pt\/noticias\/2026\/03\/23\/ps-e-governo-intensificam-criticas-as-indicacoes-para-o-tribunal-constitucional\/"},"wordCount":271,"image":{"@id":"https:\/\/portaltela.pt\/noticias\/2026\/03\/23\/ps-e-governo-intensificam-criticas-as-indicacoes-para-o-tribunal-constitucional\/#primaryimage"},"thumbnailUrl":"https:\/\/portaltela.pt\/s.01k8rhncp4jt1\/2026\/03\/2076448.jpg","keywords":["governo","independ\u00eancia","partidos","pol\u00edtica","PS","Tribunal Constitucional"],"articleSection":["Justi\u00e7a","Not\u00edcias"],"inLanguage":"pt-PT"},{"@type":"WebPage","@id":"https:\/\/portaltela.pt\/noticias\/2026\/03\/23\/ps-e-governo-intensificam-criticas-as-indicacoes-para-o-tribunal-constitucional\/","url":"https:\/\/portaltela.pt\/noticias\/2026\/03\/23\/ps-e-governo-intensificam-criticas-as-indicacoes-para-o-tribunal-constitucional\/","name":"PS e Governo intensificam cr\u00edticas \u00e0s indica\u00e7\u00f5es para o Tribunal Constitucional - Portal Tela Portugal","isPartOf":{"@id":"https:\/\/portaltela.pt\/#website"},"primaryImageOfPage":{"@id":"https:\/\/portaltela.pt\/noticias\/2026\/03\/23\/ps-e-governo-intensificam-criticas-as-indicacoes-para-o-tribunal-constitucional\/#primaryimage"},"image":{"@id":"https:\/\/portaltela.pt\/noticias\/2026\/03\/23\/ps-e-governo-intensificam-criticas-as-indicacoes-para-o-tribunal-constitucional\/#primaryimage"},"thumbnailUrl":"https:\/\/portaltela.pt\/s.01k8rhncp4jt1\/2026\/03\/2076448.jpg","datePublished":"2026-03-23T21:01:00+00:00","author":{"@id":"https:\/\/portaltela.pt\/#\/schema\/person\/c4278d4a6028830caff9ee44b42d32ed"},"breadcrumb":{"@id":"https:\/\/portaltela.pt\/noticias\/2026\/03\/23\/ps-e-governo-intensificam-criticas-as-indicacoes-para-o-tribunal-constitucional\/#breadcrumb"},"inLanguage":"pt-PT","potentialAction":[{"@type":"ReadAction","target":["https:\/\/portaltela.pt\/noticias\/2026\/03\/23\/ps-e-governo-intensificam-criticas-as-indicacoes-para-o-tribunal-constitucional\/"]}]},{"@type":"ImageObject","inLanguage":"pt-PT","@id":"https:\/\/portaltela.pt\/noticias\/2026\/03\/23\/ps-e-governo-intensificam-criticas-as-indicacoes-para-o-tribunal-constitucional\/#primaryimage","url":"https:\/\/portaltela.pt\/s.01k8rhncp4jt1\/2026\/03\/2076448.jpg","contentUrl":"https:\/\/portaltela.pt\/s.01k8rhncp4jt1\/2026\/03\/2076448.jpg","width":796,"height":448,"caption":"Pedro Delgado Alves, vice-presidente da bancada do PS, acusa Governo de \"queimar pontes\" depois das declara\u00e7\u00f5es do ministro dos Assuntos Parlamentares sobre os socialistas"},{"@type":"BreadcrumbList","@id":"https:\/\/portaltela.pt\/noticias\/2026\/03\/23\/ps-e-governo-intensificam-criticas-as-indicacoes-para-o-tribunal-constitucional\/#breadcrumb","itemListElement":[{"@type":"ListItem","position":1,"name":"In\u00edcio","item":"https:\/\/portaltela.pt\/"},{"@type":"ListItem","position":2,"name":"PS e Governo intensificam cr\u00edticas \u00e0s indica\u00e7\u00f5es para o Tribunal Constitucional"}]},{"@type":"WebSite","@id":"https:\/\/portaltela.pt\/#website","url":"https:\/\/portaltela.pt\/","name":"Portal Tela Portugal","description":"","potentialAction":[{"@type":"SearchAction","target":{"@type":"EntryPoint","urlTemplate":"https:\/\/portaltela.pt\/?s={search_term_string}"},"query-input":{"@type":"PropertyValueSpecification","valueRequired":true,"valueName":"search_term_string"}}],"inLanguage":"pt-PT"},{"@type":"Person","@id":"https:\/\/portaltela.pt\/#\/schema\/person\/c4278d4a6028830caff9ee44b42d32ed","name":"Telinha","image":{"@type":"ImageObject","inLanguage":"pt-PT","@id":"https:\/\/portaltela.pt\/s.01k8rhncp4jt1\/2025\/11\/talking-bot-125x125.png","url":"https:\/\/portaltela.pt\/s.01k8rhncp4jt1\/2025\/11\/talking-bot-125x125.png","contentUrl":"https:\/\/portaltela.pt\/s.01k8rhncp4jt1\/2025\/11\/talking-bot-125x125.png","caption":"Telinha"},"sameAs":["https:\/\/portaltela.pt\/"],"url":"https:\/\/portaltela.pt\/por\/367410592786\/"}]}},"_links":{"self":[{"href":"https:\/\/portaltela.pt\/api\/wp\/v2\/posts\/418938","targetHints":{"allow":["GET"]}}],"collection":[{"href":"https:\/\/portaltela.pt\/api\/wp\/v2\/posts"}],"about":[{"href":"https:\/\/portaltela.pt\/api\/wp\/v2\/types\/post"}],"author":[{"embeddable":true,"href":"https:\/\/portaltela.pt\/api\/wp\/v2\/users\/2"}],"replies":[{"embeddable":true,"href":"https:\/\/portaltela.pt\/api\/wp\/v2\/comments?post=418938"}],"version-history":[{"count":0,"href":"https:\/\/portaltela.pt\/api\/wp\/v2\/posts\/418938\/revisions"}],"wp:featuredmedia":[{"embeddable":true,"href":"https:\/\/portaltela.pt\/api\/wp\/v2\/media\/418941"}],"wp:attachment":[{"href":"https:\/\/portaltela.pt\/api\/wp\/v2\/media?parent=418938"}],"wp:term":[{"taxonomy":"category","embeddable":true,"href":"https:\/\/portaltela.pt\/api\/wp\/v2\/categories?post=418938"},{"taxonomy":"post_tag","embeddable":true,"href":"https:\/\/portaltela.pt\/api\/wp\/v2\/tags?post=418938"}],"curies":[{"name":"wp","href":"https:\/\/api.w.org\/{rel}","templated":true}]}}