{"id":418917,"date":"2026-03-23T17:12:00","date_gmt":"2026-03-23T20:12:00","guid":{"rendered":"https:\/\/portaltela.pt\/noticias\/2026\/03\/23\/exposicao-de-anna-maria-maiolino-no-maat-revela-forca-do-corpo-e-da-materia\/"},"modified":"2026-03-23T17:12:00","modified_gmt":"2026-03-23T20:12:00","slug":"exposicao-de-anna-maria-maiolino-no-maat-revela-forca-do-corpo-e-da-materia","status":"publish","type":"post","link":"https:\/\/portaltela.pt\/noticias\/2026\/03\/23\/exposicao-de-anna-maria-maiolino-no-maat-revela-forca-do-corpo-e-da-materia\/","title":{"rendered":"Exposi\u00e7\u00e3o de Anna Maria Maiolino no MAAT revela for\u00e7a do corpo e da mat\u00e9ria"},"content":{"rendered":"<p>A artista \u00edtalo-brasileira Anna Maria Maiolino inaugura na ter\u00e7a-feira a exposi\u00e7\u00e3o Terra Po\u00e9tica no Museu de Arte, Arquitetura e Tecnologia (MAAT), em Lisboa. A mostra re\u00fane obras criadas entre 1975 e 2025, que exploram a dimens\u00e3o escult\u00f3rica presente no seu percurso.<\/p>\n<p>A exposi\u00e7\u00e3o foca a rela\u00e7\u00e3o entre o corpo e a mat\u00e9ria, oferecendo uma leitura da evolu\u00e7\u00e3o da pr\u00e1tica de Maiolino ao longo de cinco d\u00e9cadas. Os trabalhos abrangem diferentes fases e suportes, destacando a for\u00e7a expressiva da sua linguagem.<\/p>\n<p>A curadoria destaca a investiga\u00e7\u00e3o de Maiolino sobre espa\u00e7o, materialidade e forma, plasmada em esculturas e instala\u00e7\u00f5es que atravessam v\u00e1rias fases criativas. A mostra d\u00e1 continuidade \u00e0 presen\u00e7a da artista no panorama internacional.<\/p>\n","protected":false},"excerpt":{"rendered":"<ul>\n<li>A artista Anna Maria Maiolino inaugura na ter\u00e7a-feira a exposi\u00e7\u00e3o Terra Po\u00e9tica no MAAT, em Lisboa.<\/li>\n<li>A mostra re\u00fane obras criadas entre 1975 e 2025.<\/li>\n<li>O eixo da exposi\u00e7\u00e3o est\u00e1 na dimens\u00e3o escult\u00f3rica do seu percurso art\u00edstico.<\/li>\n<li>A exposi\u00e7\u00e3o acontece no Museu de Arte, Arquitetura e Tecnologia (MAAT), em Lisboa.<\/li>\n<\/ul>\n","protected":false},"author":2,"featured_media":418926,"comment_status":"closed","ping_status":"closed","sticky":false,"template":"","format":"standard","meta":{"footnotes":""},"categories":[7375,1],"tags":[70,108,249,6708,1192,5375],"class_list":["post-418917","post","type-post","status-publish","format-standard","has-post-thumbnail","hentry","category-cultura","category-noticias","tag-arte","tag-corpo","tag-escultura","tag-exposicao","tag-museus-arquivos","tag-terra"],"yoast_head":"<!-- This site is optimized with the Yoast SEO plugin v27.2 - https:\/\/yoast.com\/product\/yoast-seo-wordpress\/ -->\n<title>Exposi\u00e7\u00e3o de Anna Maria Maiolino no MAAT revela for\u00e7a do corpo e da mat\u00e9ria - Portal Tela Portugal<\/title>\n<meta name=\"robots\" content=\"index, follow, max-snippet:-1, max-image-preview:large, max-video-preview:-1\" \/>\n<meta property=\"og:locale\" content=\"pt_PT\" \/>\n<meta property=\"og:type\" content=\"article\" \/>\n<meta property=\"og:title\" content=\"Exposi\u00e7\u00e3o de Anna Maria Maiolino no MAAT revela for\u00e7a do corpo e da mat\u00e9ria - Portal Tela Portugal\" \/>\n<meta property=\"og:description\" content=\"A artista Anna Maria Maiolino inaugura na ter\u00e7a-feira a exposi\u00e7\u00e3o Terra Po\u00e9tica no MAAT, em Lisboa. A mostra re\u00fane obras criadas entre 1975 e 2025. O eixo da exposi\u00e7\u00e3o est\u00e1 na dimens\u00e3o escult\u00f3rica do seu percurso art\u00edstico. A exposi\u00e7\u00e3o acontece no Museu de Arte, Arquitetura e Tecnologia (MAAT), em Lisboa.\" \/>\n<meta property=\"og:url\" content=\"https:\/\/portaltela.pt\/noticias\/2026\/03\/23\/exposicao-de-anna-maria-maiolino-no-maat-revela-forca-do-corpo-e-da-materia\/\" \/>\n<meta property=\"og:site_name\" content=\"Portal Tela Portugal\" \/>\n<meta property=\"article:published_time\" content=\"2026-03-23T20:12:00+00:00\" \/>\n<meta name=\"author\" content=\"Telinha\" \/>\n<meta name=\"twitter:card\" content=\"summary_large_image\" \/>\n<meta name=\"twitter:label1\" content=\"Escrito por\" \/>\n\t<meta name=\"twitter:data1\" content=\"Telinha\" \/>\n\t<meta name=\"twitter:label2\" content=\"Tempo estimado de leitura\" \/>\n\t<meta name=\"twitter:data2\" content=\"1 minuto\" \/>\n<script type=\"application\/ld+json\" class=\"yoast-schema-graph\">{\"@context\":\"https:\/\/schema.org\",\"@graph\":[{\"@type\":\"Article\",\"@id\":\"https:\/\/portaltela.pt\/noticias\/2026\/03\/23\/exposicao-de-anna-maria-maiolino-no-maat-revela-forca-do-corpo-e-da-materia\/#article\",\"isPartOf\":{\"@id\":\"https:\/\/portaltela.pt\/noticias\/2026\/03\/23\/exposicao-de-anna-maria-maiolino-no-maat-revela-forca-do-corpo-e-da-materia\/\"},\"author\":{\"name\":\"Telinha\",\"@id\":\"https:\/\/portaltela.pt\/#\/schema\/person\/c4278d4a6028830caff9ee44b42d32ed\"},\"headline\":\"Exposi\u00e7\u00e3o de Anna Maria Maiolino no MAAT revela for\u00e7a do corpo e da mat\u00e9ria\",\"datePublished\":\"2026-03-23T20:12:00+00:00\",\"mainEntityOfPage\":{\"@id\":\"https:\/\/portaltela.pt\/noticias\/2026\/03\/23\/exposicao-de-anna-maria-maiolino-no-maat-revela-forca-do-corpo-e-da-materia\/\"},\"wordCount\":145,\"image\":{\"@id\":\"https:\/\/portaltela.pt\/noticias\/2026\/03\/23\/exposicao-de-anna-maria-maiolino-no-maat-revela-forca-do-corpo-e-da-materia\/#primaryimage\"},\"thumbnailUrl\":\"https:\/\/portaltela.pt\/s.01k8rhncp4jt1\/2026\/03\/CACHE_780X1200_ANALOG_WATERMARKED_41240007_2763709_02112023085314.jpg\",\"keywords\":[\"arte\",\"corpo\",\"escultura\",\"exposi\u00e7\u00e3o\",\"museus\/arquivos\",\"Terra\"],\"articleSection\":[\"Cultura\",\"Not\u00edcias\"],\"inLanguage\":\"pt-PT\"},{\"@type\":\"WebPage\",\"@id\":\"https:\/\/portaltela.pt\/noticias\/2026\/03\/23\/exposicao-de-anna-maria-maiolino-no-maat-revela-forca-do-corpo-e-da-materia\/\",\"url\":\"https:\/\/portaltela.pt\/noticias\/2026\/03\/23\/exposicao-de-anna-maria-maiolino-no-maat-revela-forca-do-corpo-e-da-materia\/\",\"name\":\"Exposi\u00e7\u00e3o de Anna Maria Maiolino no MAAT revela for\u00e7a do corpo e da mat\u00e9ria - Portal Tela Portugal\",\"isPartOf\":{\"@id\":\"https:\/\/portaltela.pt\/#website\"},\"primaryImageOfPage\":{\"@id\":\"https:\/\/portaltela.pt\/noticias\/2026\/03\/23\/exposicao-de-anna-maria-maiolino-no-maat-revela-forca-do-corpo-e-da-materia\/#primaryimage\"},\"image\":{\"@id\":\"https:\/\/portaltela.pt\/noticias\/2026\/03\/23\/exposicao-de-anna-maria-maiolino-no-maat-revela-forca-do-corpo-e-da-materia\/#primaryimage\"},\"thumbnailUrl\":\"https:\/\/portaltela.pt\/s.01k8rhncp4jt1\/2026\/03\/CACHE_780X1200_ANALOG_WATERMARKED_41240007_2763709_02112023085314.jpg\",\"datePublished\":\"2026-03-23T20:12:00+00:00\",\"author\":{\"@id\":\"https:\/\/portaltela.pt\/#\/schema\/person\/c4278d4a6028830caff9ee44b42d32ed\"},\"breadcrumb\":{\"@id\":\"https:\/\/portaltela.pt\/noticias\/2026\/03\/23\/exposicao-de-anna-maria-maiolino-no-maat-revela-forca-do-corpo-e-da-materia\/#breadcrumb\"},\"inLanguage\":\"pt-PT\",\"potentialAction\":[{\"@type\":\"ReadAction\",\"target\":[\"https:\/\/portaltela.pt\/noticias\/2026\/03\/23\/exposicao-de-anna-maria-maiolino-no-maat-revela-forca-do-corpo-e-da-materia\/\"]}]},{\"@type\":\"ImageObject\",\"inLanguage\":\"pt-PT\",\"@id\":\"https:\/\/portaltela.pt\/noticias\/2026\/03\/23\/exposicao-de-anna-maria-maiolino-no-maat-revela-forca-do-corpo-e-da-materia\/#primaryimage\",\"url\":\"https:\/\/portaltela.pt\/s.01k8rhncp4jt1\/2026\/03\/CACHE_780X1200_ANALOG_WATERMARKED_41240007_2763709_02112023085314.jpg\",\"contentUrl\":\"https:\/\/portaltela.pt\/s.01k8rhncp4jt1\/2026\/03\/CACHE_780X1200_ANALOG_WATERMARKED_41240007_2763709_02112023085314.jpg\",\"width\":796,\"height\":448,\"caption\":\"Exposi\u00e7\u00e3o de Anna Maria Maiolino no MAAT revela for\u00e7a do corpo e da mat\u00e9ria\"},{\"@type\":\"BreadcrumbList\",\"@id\":\"https:\/\/portaltela.pt\/noticias\/2026\/03\/23\/exposicao-de-anna-maria-maiolino-no-maat-revela-forca-do-corpo-e-da-materia\/#breadcrumb\",\"itemListElement\":[{\"@type\":\"ListItem\",\"position\":1,\"name\":\"In\u00edcio\",\"item\":\"https:\/\/portaltela.pt\/\"},{\"@type\":\"ListItem\",\"position\":2,\"name\":\"Exposi\u00e7\u00e3o de Anna Maria Maiolino no MAAT revela for\u00e7a do corpo e da mat\u00e9ria\"}]},{\"@type\":\"WebSite\",\"@id\":\"https:\/\/portaltela.pt\/#website\",\"url\":\"https:\/\/portaltela.pt\/\",\"name\":\"Portal Tela Portugal\",\"description\":\"\",\"potentialAction\":[{\"@type\":\"SearchAction\",\"target\":{\"@type\":\"EntryPoint\",\"urlTemplate\":\"https:\/\/portaltela.pt\/?s={search_term_string}\"},\"query-input\":{\"@type\":\"PropertyValueSpecification\",\"valueRequired\":true,\"valueName\":\"search_term_string\"}}],\"inLanguage\":\"pt-PT\"},{\"@type\":\"Person\",\"@id\":\"https:\/\/portaltela.pt\/#\/schema\/person\/c4278d4a6028830caff9ee44b42d32ed\",\"name\":\"Telinha\",\"image\":{\"@type\":\"ImageObject\",\"inLanguage\":\"pt-PT\",\"@id\":\"https:\/\/portaltela.pt\/s.01k8rhncp4jt1\/2025\/11\/talking-bot-125x125.png\",\"url\":\"https:\/\/portaltela.pt\/s.01k8rhncp4jt1\/2025\/11\/talking-bot-125x125.png\",\"contentUrl\":\"https:\/\/portaltela.pt\/s.01k8rhncp4jt1\/2025\/11\/talking-bot-125x125.png\",\"caption\":\"Telinha\"},\"sameAs\":[\"https:\/\/portaltela.pt\/\"],\"url\":\"https:\/\/portaltela.pt\/por\/367410592786\/\"}]}<\/script>\n<!-- \/ Yoast SEO plugin. -->","yoast_head_json":{"title":"Exposi\u00e7\u00e3o de Anna Maria Maiolino no MAAT revela for\u00e7a do corpo e da mat\u00e9ria - Portal Tela Portugal","robots":{"index":"index","follow":"follow","max-snippet":"max-snippet:-1","max-image-preview":"max-image-preview:large","max-video-preview":"max-video-preview:-1"},"og_locale":"pt_PT","og_type":"article","og_title":"Exposi\u00e7\u00e3o de Anna Maria Maiolino no MAAT revela for\u00e7a do corpo e da mat\u00e9ria - Portal Tela Portugal","og_description":"A artista Anna Maria Maiolino inaugura na ter\u00e7a-feira a exposi\u00e7\u00e3o Terra Po\u00e9tica no MAAT, em Lisboa. A mostra re\u00fane obras criadas entre 1975 e 2025. O eixo da exposi\u00e7\u00e3o est\u00e1 na dimens\u00e3o escult\u00f3rica do seu percurso art\u00edstico. A exposi\u00e7\u00e3o acontece no Museu de Arte, Arquitetura e Tecnologia (MAAT), em Lisboa.","og_url":"https:\/\/portaltela.pt\/noticias\/2026\/03\/23\/exposicao-de-anna-maria-maiolino-no-maat-revela-forca-do-corpo-e-da-materia\/","og_site_name":"Portal Tela Portugal","article_published_time":"2026-03-23T20:12:00+00:00","author":"Telinha","twitter_card":"summary_large_image","twitter_misc":{"Escrito por":"Telinha","Tempo estimado de leitura":"1 minuto"},"schema":{"@context":"https:\/\/schema.org","@graph":[{"@type":"Article","@id":"https:\/\/portaltela.pt\/noticias\/2026\/03\/23\/exposicao-de-anna-maria-maiolino-no-maat-revela-forca-do-corpo-e-da-materia\/#article","isPartOf":{"@id":"https:\/\/portaltela.pt\/noticias\/2026\/03\/23\/exposicao-de-anna-maria-maiolino-no-maat-revela-forca-do-corpo-e-da-materia\/"},"author":{"name":"Telinha","@id":"https:\/\/portaltela.pt\/#\/schema\/person\/c4278d4a6028830caff9ee44b42d32ed"},"headline":"Exposi\u00e7\u00e3o de Anna Maria Maiolino no MAAT revela for\u00e7a do corpo e da mat\u00e9ria","datePublished":"2026-03-23T20:12:00+00:00","mainEntityOfPage":{"@id":"https:\/\/portaltela.pt\/noticias\/2026\/03\/23\/exposicao-de-anna-maria-maiolino-no-maat-revela-forca-do-corpo-e-da-materia\/"},"wordCount":145,"image":{"@id":"https:\/\/portaltela.pt\/noticias\/2026\/03\/23\/exposicao-de-anna-maria-maiolino-no-maat-revela-forca-do-corpo-e-da-materia\/#primaryimage"},"thumbnailUrl":"https:\/\/portaltela.pt\/s.01k8rhncp4jt1\/2026\/03\/CACHE_780X1200_ANALOG_WATERMARKED_41240007_2763709_02112023085314.jpg","keywords":["arte","corpo","escultura","exposi\u00e7\u00e3o","museus\/arquivos","Terra"],"articleSection":["Cultura","Not\u00edcias"],"inLanguage":"pt-PT"},{"@type":"WebPage","@id":"https:\/\/portaltela.pt\/noticias\/2026\/03\/23\/exposicao-de-anna-maria-maiolino-no-maat-revela-forca-do-corpo-e-da-materia\/","url":"https:\/\/portaltela.pt\/noticias\/2026\/03\/23\/exposicao-de-anna-maria-maiolino-no-maat-revela-forca-do-corpo-e-da-materia\/","name":"Exposi\u00e7\u00e3o de Anna Maria Maiolino no MAAT revela for\u00e7a do corpo e da mat\u00e9ria - Portal Tela Portugal","isPartOf":{"@id":"https:\/\/portaltela.pt\/#website"},"primaryImageOfPage":{"@id":"https:\/\/portaltela.pt\/noticias\/2026\/03\/23\/exposicao-de-anna-maria-maiolino-no-maat-revela-forca-do-corpo-e-da-materia\/#primaryimage"},"image":{"@id":"https:\/\/portaltela.pt\/noticias\/2026\/03\/23\/exposicao-de-anna-maria-maiolino-no-maat-revela-forca-do-corpo-e-da-materia\/#primaryimage"},"thumbnailUrl":"https:\/\/portaltela.pt\/s.01k8rhncp4jt1\/2026\/03\/CACHE_780X1200_ANALOG_WATERMARKED_41240007_2763709_02112023085314.jpg","datePublished":"2026-03-23T20:12:00+00:00","author":{"@id":"https:\/\/portaltela.pt\/#\/schema\/person\/c4278d4a6028830caff9ee44b42d32ed"},"breadcrumb":{"@id":"https:\/\/portaltela.pt\/noticias\/2026\/03\/23\/exposicao-de-anna-maria-maiolino-no-maat-revela-forca-do-corpo-e-da-materia\/#breadcrumb"},"inLanguage":"pt-PT","potentialAction":[{"@type":"ReadAction","target":["https:\/\/portaltela.pt\/noticias\/2026\/03\/23\/exposicao-de-anna-maria-maiolino-no-maat-revela-forca-do-corpo-e-da-materia\/"]}]},{"@type":"ImageObject","inLanguage":"pt-PT","@id":"https:\/\/portaltela.pt\/noticias\/2026\/03\/23\/exposicao-de-anna-maria-maiolino-no-maat-revela-forca-do-corpo-e-da-materia\/#primaryimage","url":"https:\/\/portaltela.pt\/s.01k8rhncp4jt1\/2026\/03\/CACHE_780X1200_ANALOG_WATERMARKED_41240007_2763709_02112023085314.jpg","contentUrl":"https:\/\/portaltela.pt\/s.01k8rhncp4jt1\/2026\/03\/CACHE_780X1200_ANALOG_WATERMARKED_41240007_2763709_02112023085314.jpg","width":796,"height":448,"caption":"Exposi\u00e7\u00e3o de Anna Maria Maiolino no MAAT revela for\u00e7a do corpo e da mat\u00e9ria"},{"@type":"BreadcrumbList","@id":"https:\/\/portaltela.pt\/noticias\/2026\/03\/23\/exposicao-de-anna-maria-maiolino-no-maat-revela-forca-do-corpo-e-da-materia\/#breadcrumb","itemListElement":[{"@type":"ListItem","position":1,"name":"In\u00edcio","item":"https:\/\/portaltela.pt\/"},{"@type":"ListItem","position":2,"name":"Exposi\u00e7\u00e3o de Anna Maria Maiolino no MAAT revela for\u00e7a do corpo e da mat\u00e9ria"}]},{"@type":"WebSite","@id":"https:\/\/portaltela.pt\/#website","url":"https:\/\/portaltela.pt\/","name":"Portal Tela Portugal","description":"","potentialAction":[{"@type":"SearchAction","target":{"@type":"EntryPoint","urlTemplate":"https:\/\/portaltela.pt\/?s={search_term_string}"},"query-input":{"@type":"PropertyValueSpecification","valueRequired":true,"valueName":"search_term_string"}}],"inLanguage":"pt-PT"},{"@type":"Person","@id":"https:\/\/portaltela.pt\/#\/schema\/person\/c4278d4a6028830caff9ee44b42d32ed","name":"Telinha","image":{"@type":"ImageObject","inLanguage":"pt-PT","@id":"https:\/\/portaltela.pt\/s.01k8rhncp4jt1\/2025\/11\/talking-bot-125x125.png","url":"https:\/\/portaltela.pt\/s.01k8rhncp4jt1\/2025\/11\/talking-bot-125x125.png","contentUrl":"https:\/\/portaltela.pt\/s.01k8rhncp4jt1\/2025\/11\/talking-bot-125x125.png","caption":"Telinha"},"sameAs":["https:\/\/portaltela.pt\/"],"url":"https:\/\/portaltela.pt\/por\/367410592786\/"}]}},"_links":{"self":[{"href":"https:\/\/portaltela.pt\/api\/wp\/v2\/posts\/418917","targetHints":{"allow":["GET"]}}],"collection":[{"href":"https:\/\/portaltela.pt\/api\/wp\/v2\/posts"}],"about":[{"href":"https:\/\/portaltela.pt\/api\/wp\/v2\/types\/post"}],"author":[{"embeddable":true,"href":"https:\/\/portaltela.pt\/api\/wp\/v2\/users\/2"}],"replies":[{"embeddable":true,"href":"https:\/\/portaltela.pt\/api\/wp\/v2\/comments?post=418917"}],"version-history":[{"count":0,"href":"https:\/\/portaltela.pt\/api\/wp\/v2\/posts\/418917\/revisions"}],"wp:featuredmedia":[{"embeddable":true,"href":"https:\/\/portaltela.pt\/api\/wp\/v2\/media\/418926"}],"wp:attachment":[{"href":"https:\/\/portaltela.pt\/api\/wp\/v2\/media?parent=418917"}],"wp:term":[{"taxonomy":"category","embeddable":true,"href":"https:\/\/portaltela.pt\/api\/wp\/v2\/categories?post=418917"},{"taxonomy":"post_tag","embeddable":true,"href":"https:\/\/portaltela.pt\/api\/wp\/v2\/tags?post=418917"}],"curies":[{"name":"wp","href":"https:\/\/api.w.org\/{rel}","templated":true}]}}