{"id":418914,"date":"2026-03-23T16:59:00","date_gmt":"2026-03-23T19:59:00","guid":{"rendered":"https:\/\/portaltela.pt\/noticias\/2026\/03\/23\/presidente-condecora-atletas-medalhados-nos-mundiais-de-pista-coberta\/"},"modified":"2026-03-23T16:59:00","modified_gmt":"2026-03-23T19:59:00","slug":"presidente-condecora-atletas-medalhados-nos-mundiais-de-pista-coberta","status":"publish","type":"post","link":"https:\/\/portaltela.pt\/desporto\/futebol\/2026\/03\/23\/presidente-condecora-atletas-medalhados-nos-mundiais-de-pista-coberta\/","title":{"rendered":"Presidente condecora atletas medalhados nos Mundiais de pista coberta"},"content":{"rendered":"<p>O Presidente da Rep\u00fablica condecorou atletas que foram medalhados nos Mundiais de pista coberta. A cerim\u00f3nia visa reconhecer o desempenho alcan\u00e7ado em competi\u00e7\u00e3o internacional de alto n\u00edvel.<\/p>\n<p>Segundo informa\u00e7\u00f5es dispon\u00edveis, o conjunto dos condecorados s\u00e3o atletas que obtiveram medalhas nos Mundiais de pista coberta. O an\u00fancio descreve o gesto como parte do reconhecimento oficial do Estado ao seu desempenho desportivo.<\/p>\n<p>Ainda n\u00e3o est\u00e3o detalhadas as datas nem o local da cerim\u00f3nia. O comunicado aponta apenas para a homenagem aos atletas e o valor atribu\u00eddo pela institui\u00e7\u00e3o presidencial.<\/p>\n<p>O reconhecimento refor\u00e7a a aposta nacional no atletismo de pista coberta, com foco no m\u00e9rito desportivo e na visibilidade internacional dos atletas envolvidos. O conte\u00fado completo encontra-se reservado a subscritores.<\/p>\n","protected":false},"excerpt":{"rendered":"<ul>\n<li>O Presidente da Rep\u00fablica condecorou medalhados dos Mundiais de pista coberta.<\/li>\n<li>O conte\u00fado completo est\u00e1 dispon\u00edvel apenas para subscritores.<\/li>\n<li>Este resumo n\u00e3o inclui detalhes adicionais do artigo original.<\/li>\n<\/ul>\n","protected":false},"author":2,"featured_media":418915,"comment_status":"closed","ping_status":"closed","sticky":false,"template":"","format":"standard","meta":{"footnotes":""},"categories":[21,24],"tags":[252,137,2463,6773,152,30],"class_list":["post-418914","post","type-post","status-publish","format-standard","has-post-thumbnail","hentry","category-desporto","category-futebol","tag-atletas","tag-atletismo","tag-competicao-internacional","tag-condecoracoes","tag-desporto","tag-presidente"],"yoast_head":"<!-- This site is optimized with the Yoast SEO plugin v27.2 - https:\/\/yoast.com\/product\/yoast-seo-wordpress\/ -->\n<title>Presidente condecora atletas medalhados nos Mundiais de pista coberta - Portal Tela Portugal<\/title>\n<meta name=\"robots\" content=\"index, follow, max-snippet:-1, max-image-preview:large, max-video-preview:-1\" \/>\n<meta property=\"og:locale\" content=\"pt_PT\" \/>\n<meta property=\"og:type\" content=\"article\" \/>\n<meta property=\"og:title\" content=\"Presidente condecora atletas medalhados nos Mundiais de pista coberta - Portal Tela Portugal\" \/>\n<meta property=\"og:description\" content=\"O Presidente da Rep\u00fablica condecorou medalhados dos Mundiais de pista coberta. O conte\u00fado completo est\u00e1 dispon\u00edvel apenas para subscritores. Este resumo n\u00e3o inclui detalhes adicionais do artigo original.\" \/>\n<meta property=\"og:url\" content=\"https:\/\/portaltela.pt\/noticias\/2026\/03\/23\/presidente-condecora-atletas-medalhados-nos-mundiais-de-pista-coberta\/\" \/>\n<meta property=\"og:site_name\" content=\"Portal Tela Portugal\" \/>\n<meta property=\"article:published_time\" content=\"2026-03-23T19:59:00+00:00\" \/>\n<meta name=\"author\" content=\"Telinha\" \/>\n<meta name=\"twitter:card\" content=\"summary_large_image\" \/>\n<meta name=\"twitter:label1\" content=\"Escrito por\" \/>\n\t<meta name=\"twitter:data1\" content=\"Telinha\" \/>\n\t<meta name=\"twitter:label2\" content=\"Tempo estimado de leitura\" \/>\n\t<meta name=\"twitter:data2\" content=\"1 minuto\" \/>\n<script type=\"application\/ld+json\" class=\"yoast-schema-graph\">{\"@context\":\"https:\/\/schema.org\",\"@graph\":[{\"@type\":\"Article\",\"@id\":\"https:\/\/portaltela.pt\/noticias\/2026\/03\/23\/presidente-condecora-atletas-medalhados-nos-mundiais-de-pista-coberta\/#article\",\"isPartOf\":{\"@id\":\"https:\/\/portaltela.pt\/noticias\/2026\/03\/23\/presidente-condecora-atletas-medalhados-nos-mundiais-de-pista-coberta\/\"},\"author\":{\"name\":\"Telinha\",\"@id\":\"https:\/\/portaltela.pt\/#\/schema\/person\/c4278d4a6028830caff9ee44b42d32ed\"},\"headline\":\"Presidente condecora atletas medalhados nos Mundiais de pista coberta\",\"datePublished\":\"2026-03-23T19:59:00+00:00\",\"mainEntityOfPage\":{\"@id\":\"https:\/\/portaltela.pt\/noticias\/2026\/03\/23\/presidente-condecora-atletas-medalhados-nos-mundiais-de-pista-coberta\/\"},\"wordCount\":143,\"image\":{\"@id\":\"https:\/\/portaltela.pt\/noticias\/2026\/03\/23\/presidente-condecora-atletas-medalhados-nos-mundiais-de-pista-coberta\/#primaryimage\"},\"thumbnailUrl\":\"https:\/\/portaltela.pt\/s.01k8rhncp4jt1\/2026\/03\/CACHE_780X1200_ANALOG_WATERMARKED_46810405_4429781_23032026061058.jpg\",\"keywords\":[\"atletas\",\"atletismo\",\"competi\u00e7\u00e3o internacional\",\"Condecora\u00e7\u00f5es\",\"desporto\",\"presidente\"],\"articleSection\":[\"Desporto\",\"Futebol\"],\"inLanguage\":\"pt-PT\"},{\"@type\":\"WebPage\",\"@id\":\"https:\/\/portaltela.pt\/noticias\/2026\/03\/23\/presidente-condecora-atletas-medalhados-nos-mundiais-de-pista-coberta\/\",\"url\":\"https:\/\/portaltela.pt\/noticias\/2026\/03\/23\/presidente-condecora-atletas-medalhados-nos-mundiais-de-pista-coberta\/\",\"name\":\"Presidente condecora atletas medalhados nos Mundiais de pista coberta - Portal Tela Portugal\",\"isPartOf\":{\"@id\":\"https:\/\/portaltela.pt\/#website\"},\"primaryImageOfPage\":{\"@id\":\"https:\/\/portaltela.pt\/noticias\/2026\/03\/23\/presidente-condecora-atletas-medalhados-nos-mundiais-de-pista-coberta\/#primaryimage\"},\"image\":{\"@id\":\"https:\/\/portaltela.pt\/noticias\/2026\/03\/23\/presidente-condecora-atletas-medalhados-nos-mundiais-de-pista-coberta\/#primaryimage\"},\"thumbnailUrl\":\"https:\/\/portaltela.pt\/s.01k8rhncp4jt1\/2026\/03\/CACHE_780X1200_ANALOG_WATERMARKED_46810405_4429781_23032026061058.jpg\",\"datePublished\":\"2026-03-23T19:59:00+00:00\",\"author\":{\"@id\":\"https:\/\/portaltela.pt\/#\/schema\/person\/c4278d4a6028830caff9ee44b42d32ed\"},\"breadcrumb\":{\"@id\":\"https:\/\/portaltela.pt\/noticias\/2026\/03\/23\/presidente-condecora-atletas-medalhados-nos-mundiais-de-pista-coberta\/#breadcrumb\"},\"inLanguage\":\"pt-PT\",\"potentialAction\":[{\"@type\":\"ReadAction\",\"target\":[\"https:\/\/portaltela.pt\/noticias\/2026\/03\/23\/presidente-condecora-atletas-medalhados-nos-mundiais-de-pista-coberta\/\"]}]},{\"@type\":\"ImageObject\",\"inLanguage\":\"pt-PT\",\"@id\":\"https:\/\/portaltela.pt\/noticias\/2026\/03\/23\/presidente-condecora-atletas-medalhados-nos-mundiais-de-pista-coberta\/#primaryimage\",\"url\":\"https:\/\/portaltela.pt\/s.01k8rhncp4jt1\/2026\/03\/CACHE_780X1200_ANALOG_WATERMARKED_46810405_4429781_23032026061058.jpg\",\"contentUrl\":\"https:\/\/portaltela.pt\/s.01k8rhncp4jt1\/2026\/03\/CACHE_780X1200_ANALOG_WATERMARKED_46810405_4429781_23032026061058.jpg\",\"width\":796,\"height\":448,\"caption\":\"Presidente da Rep\u00fablica condecorou medalhados dos Mundiais de pista coberta\"},{\"@type\":\"BreadcrumbList\",\"@id\":\"https:\/\/portaltela.pt\/noticias\/2026\/03\/23\/presidente-condecora-atletas-medalhados-nos-mundiais-de-pista-coberta\/#breadcrumb\",\"itemListElement\":[{\"@type\":\"ListItem\",\"position\":1,\"name\":\"In\u00edcio\",\"item\":\"https:\/\/portaltela.pt\/\"},{\"@type\":\"ListItem\",\"position\":2,\"name\":\"Presidente condecora atletas medalhados nos Mundiais de pista coberta\"}]},{\"@type\":\"WebSite\",\"@id\":\"https:\/\/portaltela.pt\/#website\",\"url\":\"https:\/\/portaltela.pt\/\",\"name\":\"Portal Tela Portugal\",\"description\":\"\",\"potentialAction\":[{\"@type\":\"SearchAction\",\"target\":{\"@type\":\"EntryPoint\",\"urlTemplate\":\"https:\/\/portaltela.pt\/?s={search_term_string}\"},\"query-input\":{\"@type\":\"PropertyValueSpecification\",\"valueRequired\":true,\"valueName\":\"search_term_string\"}}],\"inLanguage\":\"pt-PT\"},{\"@type\":\"Person\",\"@id\":\"https:\/\/portaltela.pt\/#\/schema\/person\/c4278d4a6028830caff9ee44b42d32ed\",\"name\":\"Telinha\",\"image\":{\"@type\":\"ImageObject\",\"inLanguage\":\"pt-PT\",\"@id\":\"https:\/\/portaltela.pt\/s.01k8rhncp4jt1\/2025\/11\/talking-bot-125x125.png\",\"url\":\"https:\/\/portaltela.pt\/s.01k8rhncp4jt1\/2025\/11\/talking-bot-125x125.png\",\"contentUrl\":\"https:\/\/portaltela.pt\/s.01k8rhncp4jt1\/2025\/11\/talking-bot-125x125.png\",\"caption\":\"Telinha\"},\"sameAs\":[\"https:\/\/portaltela.pt\/\"],\"url\":\"https:\/\/portaltela.pt\/por\/367410592786\/\"}]}<\/script>\n<!-- \/ Yoast SEO plugin. -->","yoast_head_json":{"title":"Presidente condecora atletas medalhados nos Mundiais de pista coberta - Portal Tela Portugal","robots":{"index":"index","follow":"follow","max-snippet":"max-snippet:-1","max-image-preview":"max-image-preview:large","max-video-preview":"max-video-preview:-1"},"og_locale":"pt_PT","og_type":"article","og_title":"Presidente condecora atletas medalhados nos Mundiais de pista coberta - Portal Tela Portugal","og_description":"O Presidente da Rep\u00fablica condecorou medalhados dos Mundiais de pista coberta. O conte\u00fado completo est\u00e1 dispon\u00edvel apenas para subscritores. Este resumo n\u00e3o inclui detalhes adicionais do artigo original.","og_url":"https:\/\/portaltela.pt\/noticias\/2026\/03\/23\/presidente-condecora-atletas-medalhados-nos-mundiais-de-pista-coberta\/","og_site_name":"Portal Tela Portugal","article_published_time":"2026-03-23T19:59:00+00:00","author":"Telinha","twitter_card":"summary_large_image","twitter_misc":{"Escrito por":"Telinha","Tempo estimado de leitura":"1 minuto"},"schema":{"@context":"https:\/\/schema.org","@graph":[{"@type":"Article","@id":"https:\/\/portaltela.pt\/noticias\/2026\/03\/23\/presidente-condecora-atletas-medalhados-nos-mundiais-de-pista-coberta\/#article","isPartOf":{"@id":"https:\/\/portaltela.pt\/noticias\/2026\/03\/23\/presidente-condecora-atletas-medalhados-nos-mundiais-de-pista-coberta\/"},"author":{"name":"Telinha","@id":"https:\/\/portaltela.pt\/#\/schema\/person\/c4278d4a6028830caff9ee44b42d32ed"},"headline":"Presidente condecora atletas medalhados nos Mundiais de pista coberta","datePublished":"2026-03-23T19:59:00+00:00","mainEntityOfPage":{"@id":"https:\/\/portaltela.pt\/noticias\/2026\/03\/23\/presidente-condecora-atletas-medalhados-nos-mundiais-de-pista-coberta\/"},"wordCount":143,"image":{"@id":"https:\/\/portaltela.pt\/noticias\/2026\/03\/23\/presidente-condecora-atletas-medalhados-nos-mundiais-de-pista-coberta\/#primaryimage"},"thumbnailUrl":"https:\/\/portaltela.pt\/s.01k8rhncp4jt1\/2026\/03\/CACHE_780X1200_ANALOG_WATERMARKED_46810405_4429781_23032026061058.jpg","keywords":["atletas","atletismo","competi\u00e7\u00e3o internacional","Condecora\u00e7\u00f5es","desporto","presidente"],"articleSection":["Desporto","Futebol"],"inLanguage":"pt-PT"},{"@type":"WebPage","@id":"https:\/\/portaltela.pt\/noticias\/2026\/03\/23\/presidente-condecora-atletas-medalhados-nos-mundiais-de-pista-coberta\/","url":"https:\/\/portaltela.pt\/noticias\/2026\/03\/23\/presidente-condecora-atletas-medalhados-nos-mundiais-de-pista-coberta\/","name":"Presidente condecora atletas medalhados nos Mundiais de pista coberta - Portal Tela Portugal","isPartOf":{"@id":"https:\/\/portaltela.pt\/#website"},"primaryImageOfPage":{"@id":"https:\/\/portaltela.pt\/noticias\/2026\/03\/23\/presidente-condecora-atletas-medalhados-nos-mundiais-de-pista-coberta\/#primaryimage"},"image":{"@id":"https:\/\/portaltela.pt\/noticias\/2026\/03\/23\/presidente-condecora-atletas-medalhados-nos-mundiais-de-pista-coberta\/#primaryimage"},"thumbnailUrl":"https:\/\/portaltela.pt\/s.01k8rhncp4jt1\/2026\/03\/CACHE_780X1200_ANALOG_WATERMARKED_46810405_4429781_23032026061058.jpg","datePublished":"2026-03-23T19:59:00+00:00","author":{"@id":"https:\/\/portaltela.pt\/#\/schema\/person\/c4278d4a6028830caff9ee44b42d32ed"},"breadcrumb":{"@id":"https:\/\/portaltela.pt\/noticias\/2026\/03\/23\/presidente-condecora-atletas-medalhados-nos-mundiais-de-pista-coberta\/#breadcrumb"},"inLanguage":"pt-PT","potentialAction":[{"@type":"ReadAction","target":["https:\/\/portaltela.pt\/noticias\/2026\/03\/23\/presidente-condecora-atletas-medalhados-nos-mundiais-de-pista-coberta\/"]}]},{"@type":"ImageObject","inLanguage":"pt-PT","@id":"https:\/\/portaltela.pt\/noticias\/2026\/03\/23\/presidente-condecora-atletas-medalhados-nos-mundiais-de-pista-coberta\/#primaryimage","url":"https:\/\/portaltela.pt\/s.01k8rhncp4jt1\/2026\/03\/CACHE_780X1200_ANALOG_WATERMARKED_46810405_4429781_23032026061058.jpg","contentUrl":"https:\/\/portaltela.pt\/s.01k8rhncp4jt1\/2026\/03\/CACHE_780X1200_ANALOG_WATERMARKED_46810405_4429781_23032026061058.jpg","width":796,"height":448,"caption":"Presidente da Rep\u00fablica condecorou medalhados dos Mundiais de pista coberta"},{"@type":"BreadcrumbList","@id":"https:\/\/portaltela.pt\/noticias\/2026\/03\/23\/presidente-condecora-atletas-medalhados-nos-mundiais-de-pista-coberta\/#breadcrumb","itemListElement":[{"@type":"ListItem","position":1,"name":"In\u00edcio","item":"https:\/\/portaltela.pt\/"},{"@type":"ListItem","position":2,"name":"Presidente condecora atletas medalhados nos Mundiais de pista coberta"}]},{"@type":"WebSite","@id":"https:\/\/portaltela.pt\/#website","url":"https:\/\/portaltela.pt\/","name":"Portal Tela Portugal","description":"","potentialAction":[{"@type":"SearchAction","target":{"@type":"EntryPoint","urlTemplate":"https:\/\/portaltela.pt\/?s={search_term_string}"},"query-input":{"@type":"PropertyValueSpecification","valueRequired":true,"valueName":"search_term_string"}}],"inLanguage":"pt-PT"},{"@type":"Person","@id":"https:\/\/portaltela.pt\/#\/schema\/person\/c4278d4a6028830caff9ee44b42d32ed","name":"Telinha","image":{"@type":"ImageObject","inLanguage":"pt-PT","@id":"https:\/\/portaltela.pt\/s.01k8rhncp4jt1\/2025\/11\/talking-bot-125x125.png","url":"https:\/\/portaltela.pt\/s.01k8rhncp4jt1\/2025\/11\/talking-bot-125x125.png","contentUrl":"https:\/\/portaltela.pt\/s.01k8rhncp4jt1\/2025\/11\/talking-bot-125x125.png","caption":"Telinha"},"sameAs":["https:\/\/portaltela.pt\/"],"url":"https:\/\/portaltela.pt\/por\/367410592786\/"}]}},"_links":{"self":[{"href":"https:\/\/portaltela.pt\/api\/wp\/v2\/posts\/418914","targetHints":{"allow":["GET"]}}],"collection":[{"href":"https:\/\/portaltela.pt\/api\/wp\/v2\/posts"}],"about":[{"href":"https:\/\/portaltela.pt\/api\/wp\/v2\/types\/post"}],"author":[{"embeddable":true,"href":"https:\/\/portaltela.pt\/api\/wp\/v2\/users\/2"}],"replies":[{"embeddable":true,"href":"https:\/\/portaltela.pt\/api\/wp\/v2\/comments?post=418914"}],"version-history":[{"count":0,"href":"https:\/\/portaltela.pt\/api\/wp\/v2\/posts\/418914\/revisions"}],"wp:featuredmedia":[{"embeddable":true,"href":"https:\/\/portaltela.pt\/api\/wp\/v2\/media\/418915"}],"wp:attachment":[{"href":"https:\/\/portaltela.pt\/api\/wp\/v2\/media?parent=418914"}],"wp:term":[{"taxonomy":"category","embeddable":true,"href":"https:\/\/portaltela.pt\/api\/wp\/v2\/categories?post=418914"},{"taxonomy":"post_tag","embeddable":true,"href":"https:\/\/portaltela.pt\/api\/wp\/v2\/tags?post=418914"}],"curies":[{"name":"wp","href":"https:\/\/api.w.org\/{rel}","templated":true}]}}