{"id":418902,"date":"2026-03-23T17:00:00","date_gmt":"2026-03-23T20:00:00","guid":{"rendered":"https:\/\/portaltela.pt\/noticias\/2026\/03\/23\/costa-ve-o-quadro-financeiro-europeu-como-oportunidade-para-portugal\/"},"modified":"2026-03-23T17:00:00","modified_gmt":"2026-03-23T20:00:00","slug":"costa-ve-o-quadro-financeiro-europeu-como-oportunidade-para-portugal","status":"publish","type":"post","link":"https:\/\/portaltela.pt\/noticias\/internacional\/2026\/03\/23\/costa-ve-o-quadro-financeiro-europeu-como-oportunidade-para-portugal\/","title":{"rendered":"Costa v\u00ea o quadro financeiro europeu como oportunidade para Portugal"},"content":{"rendered":"<p>Ant\u00f3nio Costa, presidente do Conselho Europeu, discursou na sess\u00e3o solene do Dia da Universidade do Porto, durante a cerim\u00f4nia de 115 anos da institui\u00e7\u00e3o. O encontro decorreu no Porto, com o antigo primeiro-ministro como orador convidado, e incidiu sobre oportunidades no quadro financeiro europeu para 2028-2034.<\/p>\n<p>Costa defendeu que o pr\u00f3ximo quadro or\u00e7amental da UE representa uma oportunidade hist\u00f3rica para Portugal fortalecer \u00e1reas de investiga\u00e7\u00e3o e inova\u00e7\u00e3o. Destacou ainda a defesa europeia como tema estrat\u00e9gico, afirmando que a Europa pode ter autonomia face a aliados imprevis\u00edveis.<\/p>\n<p>O l\u00edder europeu destacou que o fundo europeu de competitividade ir\u00e1 duplicar o investimento do Horizonte Europa, criando uma liga\u00e7\u00e3o estreita entre investiga\u00e7\u00e3o fundamental, transfer\u00eancia de conhecimento e inova\u00e7\u00e3o. Surgem quatro \u00e1reas-chave: transi\u00e7\u00e3o energ\u00e9tica, lideran\u00e7a digital, sa\u00fade e biotecnologia, bem como defesa e espa\u00e7o.<\/p>\n<p>A t\u00edtulo pessoal, Costa sublinhou que, para Portugal, a duplica\u00e7\u00e3o de fundos em I&amp;D deve traduzir-se em maior peso no PIB dedicado a ci\u00eancia e em maior volume de financiamento por investigador. A Universidade do Porto foi mencionada como exemplo de capta\u00e7\u00e3o de fundos europeus competitivos, tanto a gest\u00e3o centralizada como a n\u00edvel nacional.<\/p>\n<h3>Defesa e investimento<\/h3>\n<p>Em contexto de instabilidade internacional, o respons\u00e1vel p\u00fablico assegurou que a Europa permanecer\u00e1 unida na defesa e buscar\u00e1 autonomia face a aliados de comportamento imprevis\u00edvel. A meta \u00e9 dissuadir amea\u00e7as e proteger cidad\u00e3os europeus, assegurando paz com independ\u00eancia estrat\u00e9gica.<\/p>\n","protected":false},"excerpt":{"rendered":"<ul>\n<li>O presidente do Conselho Europeu, Ant\u00f3nio Costa, discursou na sess\u00e3o solene dos 115 anos da Universidade do Porto como orador convidado.<\/li>\n<li>Costa afirmou que o pr\u00f3ximo quadro financeiro da Uni\u00e3o Europeia para 2028-2034 representa uma oportunidade hist\u00f3rica para Portugal, especialmente em investiga\u00e7\u00e3o e inova\u00e7\u00e3o.<\/li>\n<li>O Fundo Europeu de Competitividade dever\u00e1 duplicar o montante do Horizonte Europeu, ligando investiga\u00e7\u00e3o fundamental, transfer\u00eancia de conhecimento e inova\u00e7\u00e3o em quatro \u00e1reas-chave: transi\u00e7\u00e3o energ\u00e9tica, lideran\u00e7a digital, sa\u00fade e biotecnologia, defesa e espa\u00e7o.<\/li>\n<li>A duplica\u00e7\u00e3o de apoios \u00e0 investiga\u00e7\u00e3o pode permitir, em parceria com o tecido empresarial, aumentar o investimento em investiga\u00e7\u00e3o e desenvolvimento em rela\u00e7\u00e3o ao PIB e refor\u00e7ar o financiamento por investigador.<\/li>\n<li>Sobre defesa, Costa disse que a Europa continuar\u00e1 unida e ter\u00e1 autonomia face a aliados imprevis\u00edveis para dissuadir amea\u00e7as e proteger os cidad\u00e3os.<\/li>\n<\/ul>\n","protected":false},"author":2,"featured_media":418906,"comment_status":"closed","ping_status":"closed","sticky":false,"template":"","format":"standard","meta":{"footnotes":""},"categories":[4,7127],"tags":[6115,6574,4439,215,982,1014],"class_list":["post-418902","post","type-post","status-publish","format-standard","has-post-thumbnail","hentry","category-internacional","category-politica-internacional","tag-_economia","tag-defesa","tag-horizonte-europe","tag-investigacao","tag-porto","tag-portugal"],"yoast_head":"<!-- This site is optimized with the Yoast SEO plugin v27.2 - https:\/\/yoast.com\/product\/yoast-seo-wordpress\/ -->\n<title>Costa v\u00ea o quadro financeiro europeu como oportunidade para Portugal - Portal Tela Portugal<\/title>\n<meta name=\"robots\" content=\"index, follow, max-snippet:-1, max-image-preview:large, max-video-preview:-1\" \/>\n<meta property=\"og:locale\" content=\"pt_PT\" \/>\n<meta property=\"og:type\" content=\"article\" \/>\n<meta property=\"og:title\" content=\"Costa v\u00ea o quadro financeiro europeu como oportunidade para Portugal - Portal Tela Portugal\" \/>\n<meta property=\"og:description\" content=\"O presidente do Conselho Europeu, Ant\u00f3nio Costa, discursou na sess\u00e3o solene dos 115 anos da Universidade do Porto como orador convidado. Costa afirmou que o pr\u00f3ximo quadro financeiro da Uni\u00e3o Europeia para 2028-2034 representa uma oportunidade hist\u00f3rica para Portugal, especialmente em investiga\u00e7\u00e3o e inova\u00e7\u00e3o. O Fundo Europeu de Competitividade dever\u00e1 duplicar o montante do Horizonte Europeu, ligando investiga\u00e7\u00e3o fundamental, transfer\u00eancia de conhecimento e inova\u00e7\u00e3o em quatro \u00e1reas-chave: transi\u00e7\u00e3o energ\u00e9tica, lideran\u00e7a digital, sa\u00fade e biotecnologia, defesa e espa\u00e7o. A duplica\u00e7\u00e3o de apoios \u00e0 investiga\u00e7\u00e3o pode permitir, em parceria com o tecido empresarial, aumentar o investimento em investiga\u00e7\u00e3o e desenvolvimento em rela\u00e7\u00e3o ao PIB e refor\u00e7ar o financiamento por investigador. Sobre defesa, Costa disse que a Europa continuar\u00e1 unida e ter\u00e1 autonomia face a aliados imprevis\u00edveis para dissuadir amea\u00e7as e proteger os cidad\u00e3os.\" \/>\n<meta property=\"og:url\" content=\"https:\/\/portaltela.pt\/noticias\/2026\/03\/23\/costa-ve-o-quadro-financeiro-europeu-como-oportunidade-para-portugal\/\" \/>\n<meta property=\"og:site_name\" content=\"Portal Tela Portugal\" \/>\n<meta property=\"article:published_time\" content=\"2026-03-23T20:00:00+00:00\" \/>\n<meta name=\"author\" content=\"Telinha\" \/>\n<meta name=\"twitter:card\" content=\"summary_large_image\" \/>\n<meta name=\"twitter:label1\" content=\"Escrito por\" \/>\n\t<meta name=\"twitter:data1\" content=\"Telinha\" \/>\n\t<meta name=\"twitter:label2\" content=\"Tempo estimado de leitura\" \/>\n\t<meta name=\"twitter:data2\" content=\"1 minuto\" \/>\n<script type=\"application\/ld+json\" class=\"yoast-schema-graph\">{\"@context\":\"https:\/\/schema.org\",\"@graph\":[{\"@type\":\"Article\",\"@id\":\"https:\/\/portaltela.pt\/noticias\/2026\/03\/23\/costa-ve-o-quadro-financeiro-europeu-como-oportunidade-para-portugal\/#article\",\"isPartOf\":{\"@id\":\"https:\/\/portaltela.pt\/noticias\/2026\/03\/23\/costa-ve-o-quadro-financeiro-europeu-como-oportunidade-para-portugal\/\"},\"author\":{\"name\":\"Telinha\",\"@id\":\"https:\/\/portaltela.pt\/#\/schema\/person\/c4278d4a6028830caff9ee44b42d32ed\"},\"headline\":\"Costa v\u00ea o quadro financeiro europeu como oportunidade para Portugal\",\"datePublished\":\"2026-03-23T20:00:00+00:00\",\"mainEntityOfPage\":{\"@id\":\"https:\/\/portaltela.pt\/noticias\/2026\/03\/23\/costa-ve-o-quadro-financeiro-europeu-como-oportunidade-para-portugal\/\"},\"wordCount\":270,\"image\":{\"@id\":\"https:\/\/portaltela.pt\/noticias\/2026\/03\/23\/costa-ve-o-quadro-financeiro-europeu-como-oportunidade-para-portugal\/#primaryimage\"},\"thumbnailUrl\":\"https:\/\/portaltela.pt\/s.01k8rhncp4jt1\/2026\/03\/image-1415.jpg\",\"keywords\":[\"_economia\",\"defesa\",\"Horizonte Europe\",\"investiga\u00e7\u00e3o\",\"Porto\",\"Portugal\"],\"articleSection\":[\"Internacional\",\"Pol\u00edtica Internacional\"],\"inLanguage\":\"pt-PT\"},{\"@type\":\"WebPage\",\"@id\":\"https:\/\/portaltela.pt\/noticias\/2026\/03\/23\/costa-ve-o-quadro-financeiro-europeu-como-oportunidade-para-portugal\/\",\"url\":\"https:\/\/portaltela.pt\/noticias\/2026\/03\/23\/costa-ve-o-quadro-financeiro-europeu-como-oportunidade-para-portugal\/\",\"name\":\"Costa v\u00ea o quadro financeiro europeu como oportunidade para Portugal - Portal Tela Portugal\",\"isPartOf\":{\"@id\":\"https:\/\/portaltela.pt\/#website\"},\"primaryImageOfPage\":{\"@id\":\"https:\/\/portaltela.pt\/noticias\/2026\/03\/23\/costa-ve-o-quadro-financeiro-europeu-como-oportunidade-para-portugal\/#primaryimage\"},\"image\":{\"@id\":\"https:\/\/portaltela.pt\/noticias\/2026\/03\/23\/costa-ve-o-quadro-financeiro-europeu-como-oportunidade-para-portugal\/#primaryimage\"},\"thumbnailUrl\":\"https:\/\/portaltela.pt\/s.01k8rhncp4jt1\/2026\/03\/image-1415.jpg\",\"datePublished\":\"2026-03-23T20:00:00+00:00\",\"author\":{\"@id\":\"https:\/\/portaltela.pt\/#\/schema\/person\/c4278d4a6028830caff9ee44b42d32ed\"},\"breadcrumb\":{\"@id\":\"https:\/\/portaltela.pt\/noticias\/2026\/03\/23\/costa-ve-o-quadro-financeiro-europeu-como-oportunidade-para-portugal\/#breadcrumb\"},\"inLanguage\":\"pt-PT\",\"potentialAction\":[{\"@type\":\"ReadAction\",\"target\":[\"https:\/\/portaltela.pt\/noticias\/2026\/03\/23\/costa-ve-o-quadro-financeiro-europeu-como-oportunidade-para-portugal\/\"]}]},{\"@type\":\"ImageObject\",\"inLanguage\":\"pt-PT\",\"@id\":\"https:\/\/portaltela.pt\/noticias\/2026\/03\/23\/costa-ve-o-quadro-financeiro-europeu-como-oportunidade-para-portugal\/#primaryimage\",\"url\":\"https:\/\/portaltela.pt\/s.01k8rhncp4jt1\/2026\/03\/image-1415.jpg\",\"contentUrl\":\"https:\/\/portaltela.pt\/s.01k8rhncp4jt1\/2026\/03\/image-1415.jpg\",\"width\":796,\"height\":448,\"caption\":\"Sess\u00e3o solene do Dia da Universidade do Porto, com Ant\u00f3nio Costa como orador convidado\"},{\"@type\":\"BreadcrumbList\",\"@id\":\"https:\/\/portaltela.pt\/noticias\/2026\/03\/23\/costa-ve-o-quadro-financeiro-europeu-como-oportunidade-para-portugal\/#breadcrumb\",\"itemListElement\":[{\"@type\":\"ListItem\",\"position\":1,\"name\":\"In\u00edcio\",\"item\":\"https:\/\/portaltela.pt\/\"},{\"@type\":\"ListItem\",\"position\":2,\"name\":\"Costa v\u00ea o quadro financeiro europeu como oportunidade para Portugal\"}]},{\"@type\":\"WebSite\",\"@id\":\"https:\/\/portaltela.pt\/#website\",\"url\":\"https:\/\/portaltela.pt\/\",\"name\":\"Portal Tela Portugal\",\"description\":\"\",\"potentialAction\":[{\"@type\":\"SearchAction\",\"target\":{\"@type\":\"EntryPoint\",\"urlTemplate\":\"https:\/\/portaltela.pt\/?s={search_term_string}\"},\"query-input\":{\"@type\":\"PropertyValueSpecification\",\"valueRequired\":true,\"valueName\":\"search_term_string\"}}],\"inLanguage\":\"pt-PT\"},{\"@type\":\"Person\",\"@id\":\"https:\/\/portaltela.pt\/#\/schema\/person\/c4278d4a6028830caff9ee44b42d32ed\",\"name\":\"Telinha\",\"image\":{\"@type\":\"ImageObject\",\"inLanguage\":\"pt-PT\",\"@id\":\"https:\/\/portaltela.pt\/s.01k8rhncp4jt1\/2025\/11\/talking-bot-125x125.png\",\"url\":\"https:\/\/portaltela.pt\/s.01k8rhncp4jt1\/2025\/11\/talking-bot-125x125.png\",\"contentUrl\":\"https:\/\/portaltela.pt\/s.01k8rhncp4jt1\/2025\/11\/talking-bot-125x125.png\",\"caption\":\"Telinha\"},\"sameAs\":[\"https:\/\/portaltela.pt\/\"],\"url\":\"https:\/\/portaltela.pt\/por\/367410592786\/\"}]}<\/script>\n<!-- \/ Yoast SEO plugin. -->","yoast_head_json":{"title":"Costa v\u00ea o quadro financeiro europeu como oportunidade para Portugal - Portal Tela Portugal","robots":{"index":"index","follow":"follow","max-snippet":"max-snippet:-1","max-image-preview":"max-image-preview:large","max-video-preview":"max-video-preview:-1"},"og_locale":"pt_PT","og_type":"article","og_title":"Costa v\u00ea o quadro financeiro europeu como oportunidade para Portugal - Portal Tela Portugal","og_description":"O presidente do Conselho Europeu, Ant\u00f3nio Costa, discursou na sess\u00e3o solene dos 115 anos da Universidade do Porto como orador convidado. Costa afirmou que o pr\u00f3ximo quadro financeiro da Uni\u00e3o Europeia para 2028-2034 representa uma oportunidade hist\u00f3rica para Portugal, especialmente em investiga\u00e7\u00e3o e inova\u00e7\u00e3o. O Fundo Europeu de Competitividade dever\u00e1 duplicar o montante do Horizonte Europeu, ligando investiga\u00e7\u00e3o fundamental, transfer\u00eancia de conhecimento e inova\u00e7\u00e3o em quatro \u00e1reas-chave: transi\u00e7\u00e3o energ\u00e9tica, lideran\u00e7a digital, sa\u00fade e biotecnologia, defesa e espa\u00e7o. A duplica\u00e7\u00e3o de apoios \u00e0 investiga\u00e7\u00e3o pode permitir, em parceria com o tecido empresarial, aumentar o investimento em investiga\u00e7\u00e3o e desenvolvimento em rela\u00e7\u00e3o ao PIB e refor\u00e7ar o financiamento por investigador. Sobre defesa, Costa disse que a Europa continuar\u00e1 unida e ter\u00e1 autonomia face a aliados imprevis\u00edveis para dissuadir amea\u00e7as e proteger os cidad\u00e3os.","og_url":"https:\/\/portaltela.pt\/noticias\/2026\/03\/23\/costa-ve-o-quadro-financeiro-europeu-como-oportunidade-para-portugal\/","og_site_name":"Portal Tela Portugal","article_published_time":"2026-03-23T20:00:00+00:00","author":"Telinha","twitter_card":"summary_large_image","twitter_misc":{"Escrito por":"Telinha","Tempo estimado de leitura":"1 minuto"},"schema":{"@context":"https:\/\/schema.org","@graph":[{"@type":"Article","@id":"https:\/\/portaltela.pt\/noticias\/2026\/03\/23\/costa-ve-o-quadro-financeiro-europeu-como-oportunidade-para-portugal\/#article","isPartOf":{"@id":"https:\/\/portaltela.pt\/noticias\/2026\/03\/23\/costa-ve-o-quadro-financeiro-europeu-como-oportunidade-para-portugal\/"},"author":{"name":"Telinha","@id":"https:\/\/portaltela.pt\/#\/schema\/person\/c4278d4a6028830caff9ee44b42d32ed"},"headline":"Costa v\u00ea o quadro financeiro europeu como oportunidade para Portugal","datePublished":"2026-03-23T20:00:00+00:00","mainEntityOfPage":{"@id":"https:\/\/portaltela.pt\/noticias\/2026\/03\/23\/costa-ve-o-quadro-financeiro-europeu-como-oportunidade-para-portugal\/"},"wordCount":270,"image":{"@id":"https:\/\/portaltela.pt\/noticias\/2026\/03\/23\/costa-ve-o-quadro-financeiro-europeu-como-oportunidade-para-portugal\/#primaryimage"},"thumbnailUrl":"https:\/\/portaltela.pt\/s.01k8rhncp4jt1\/2026\/03\/image-1415.jpg","keywords":["_economia","defesa","Horizonte Europe","investiga\u00e7\u00e3o","Porto","Portugal"],"articleSection":["Internacional","Pol\u00edtica Internacional"],"inLanguage":"pt-PT"},{"@type":"WebPage","@id":"https:\/\/portaltela.pt\/noticias\/2026\/03\/23\/costa-ve-o-quadro-financeiro-europeu-como-oportunidade-para-portugal\/","url":"https:\/\/portaltela.pt\/noticias\/2026\/03\/23\/costa-ve-o-quadro-financeiro-europeu-como-oportunidade-para-portugal\/","name":"Costa v\u00ea o quadro financeiro europeu como oportunidade para Portugal - Portal Tela Portugal","isPartOf":{"@id":"https:\/\/portaltela.pt\/#website"},"primaryImageOfPage":{"@id":"https:\/\/portaltela.pt\/noticias\/2026\/03\/23\/costa-ve-o-quadro-financeiro-europeu-como-oportunidade-para-portugal\/#primaryimage"},"image":{"@id":"https:\/\/portaltela.pt\/noticias\/2026\/03\/23\/costa-ve-o-quadro-financeiro-europeu-como-oportunidade-para-portugal\/#primaryimage"},"thumbnailUrl":"https:\/\/portaltela.pt\/s.01k8rhncp4jt1\/2026\/03\/image-1415.jpg","datePublished":"2026-03-23T20:00:00+00:00","author":{"@id":"https:\/\/portaltela.pt\/#\/schema\/person\/c4278d4a6028830caff9ee44b42d32ed"},"breadcrumb":{"@id":"https:\/\/portaltela.pt\/noticias\/2026\/03\/23\/costa-ve-o-quadro-financeiro-europeu-como-oportunidade-para-portugal\/#breadcrumb"},"inLanguage":"pt-PT","potentialAction":[{"@type":"ReadAction","target":["https:\/\/portaltela.pt\/noticias\/2026\/03\/23\/costa-ve-o-quadro-financeiro-europeu-como-oportunidade-para-portugal\/"]}]},{"@type":"ImageObject","inLanguage":"pt-PT","@id":"https:\/\/portaltela.pt\/noticias\/2026\/03\/23\/costa-ve-o-quadro-financeiro-europeu-como-oportunidade-para-portugal\/#primaryimage","url":"https:\/\/portaltela.pt\/s.01k8rhncp4jt1\/2026\/03\/image-1415.jpg","contentUrl":"https:\/\/portaltela.pt\/s.01k8rhncp4jt1\/2026\/03\/image-1415.jpg","width":796,"height":448,"caption":"Sess\u00e3o solene do Dia da Universidade do Porto, com Ant\u00f3nio Costa como orador convidado"},{"@type":"BreadcrumbList","@id":"https:\/\/portaltela.pt\/noticias\/2026\/03\/23\/costa-ve-o-quadro-financeiro-europeu-como-oportunidade-para-portugal\/#breadcrumb","itemListElement":[{"@type":"ListItem","position":1,"name":"In\u00edcio","item":"https:\/\/portaltela.pt\/"},{"@type":"ListItem","position":2,"name":"Costa v\u00ea o quadro financeiro europeu como oportunidade para Portugal"}]},{"@type":"WebSite","@id":"https:\/\/portaltela.pt\/#website","url":"https:\/\/portaltela.pt\/","name":"Portal Tela Portugal","description":"","potentialAction":[{"@type":"SearchAction","target":{"@type":"EntryPoint","urlTemplate":"https:\/\/portaltela.pt\/?s={search_term_string}"},"query-input":{"@type":"PropertyValueSpecification","valueRequired":true,"valueName":"search_term_string"}}],"inLanguage":"pt-PT"},{"@type":"Person","@id":"https:\/\/portaltela.pt\/#\/schema\/person\/c4278d4a6028830caff9ee44b42d32ed","name":"Telinha","image":{"@type":"ImageObject","inLanguage":"pt-PT","@id":"https:\/\/portaltela.pt\/s.01k8rhncp4jt1\/2025\/11\/talking-bot-125x125.png","url":"https:\/\/portaltela.pt\/s.01k8rhncp4jt1\/2025\/11\/talking-bot-125x125.png","contentUrl":"https:\/\/portaltela.pt\/s.01k8rhncp4jt1\/2025\/11\/talking-bot-125x125.png","caption":"Telinha"},"sameAs":["https:\/\/portaltela.pt\/"],"url":"https:\/\/portaltela.pt\/por\/367410592786\/"}]}},"_links":{"self":[{"href":"https:\/\/portaltela.pt\/api\/wp\/v2\/posts\/418902","targetHints":{"allow":["GET"]}}],"collection":[{"href":"https:\/\/portaltela.pt\/api\/wp\/v2\/posts"}],"about":[{"href":"https:\/\/portaltela.pt\/api\/wp\/v2\/types\/post"}],"author":[{"embeddable":true,"href":"https:\/\/portaltela.pt\/api\/wp\/v2\/users\/2"}],"replies":[{"embeddable":true,"href":"https:\/\/portaltela.pt\/api\/wp\/v2\/comments?post=418902"}],"version-history":[{"count":0,"href":"https:\/\/portaltela.pt\/api\/wp\/v2\/posts\/418902\/revisions"}],"wp:featuredmedia":[{"embeddable":true,"href":"https:\/\/portaltela.pt\/api\/wp\/v2\/media\/418906"}],"wp:attachment":[{"href":"https:\/\/portaltela.pt\/api\/wp\/v2\/media?parent=418902"}],"wp:term":[{"taxonomy":"category","embeddable":true,"href":"https:\/\/portaltela.pt\/api\/wp\/v2\/categories?post=418902"},{"taxonomy":"post_tag","embeddable":true,"href":"https:\/\/portaltela.pt\/api\/wp\/v2\/tags?post=418902"}],"curies":[{"name":"wp","href":"https:\/\/api.w.org\/{rel}","templated":true}]}}