{"id":418887,"date":"2026-03-22T21:00:00","date_gmt":"2026-03-23T00:00:00","guid":{"rendered":"https:\/\/portaltela.pt\/noticias\/2026\/03\/22\/mercados-sob-alivio-petroleo-em-baixa-bruxelas-pede-preparacao-para-o-inverno\/"},"modified":"2026-03-22T21:00:00","modified_gmt":"2026-03-23T00:00:00","slug":"mercados-sob-alivio-petroleo-em-baixa-bruxelas-pede-preparacao-para-o-inverno","status":"publish","type":"post","link":"https:\/\/portaltela.pt\/noticias\/economia\/2026\/03\/22\/mercados-sob-alivio-petroleo-em-baixa-bruxelas-pede-preparacao-para-o-inverno\/","title":{"rendered":"Mercados sob al\u00edvio, petr\u00f3leo em baixa; Bruxelas pede prepara\u00e7\u00e3o para o inverno"},"content":{"rendered":"<p>Nesta segunda-feira, os mercados registaram uma sess\u00e3o de tr\u00e9guas, com bolsas e o crude a recuperar moderadamente. O dia ficou marcado por uma postura cautelosa dos investidores face a dados recentes.<\/p>\n<p>Segundo analistas, a confian\u00e7a das fam\u00edlias parece ter recuado recentemente, o que poder\u00e1 influenciar o comportamento de consumo. Mesmo assim, os pre\u00e7os do crude ganharam valor, ajudando a estabilizar o cen\u00e1rio.<\/p>\n<p>As autoridades da Uni\u00e3o Europeia alertaram para a necessidade de prepara\u00e7\u00e3o para o inverno, refor\u00e7ando que h\u00e1 incertezas econ\u00f3micas ainda por gerir. O aviso chega numa altura de volatilidade moderada nos mercados.<\/p>\n<h3>Aviso de Bruxelas: prepara\u00e7\u00e3o para o inverno<\/h3>\n<p>Bruxelas sinaliza que a recupera\u00e7\u00e3o pode depender de medidas adequadas de gest\u00e3o de energia e custos. O objetivo \u00e9 evitar choques mais complexos no fim do ano, quando a procura tende a aumentar.<\/p>\n<p>Especialistas destacam que, se as perspetivas de infla\u00e7\u00e3o se deteriorarem, o Banco Central Europeu pode ter mais argumentos para subir as taxas de juro. A decis\u00e3o continua dependente de dados macroecon\u00f3micos.<\/p>\n","protected":false},"excerpt":{"rendered":"<ul>\n<li>Bolsas e o crude registaram al\u00edvio, em dia de tr\u00e9guas nos mercados.<\/li>\n<li>Bruxelas avisou que a confian\u00e7a das fam\u00edlias caiu acentuadamente.<\/li>\n<li>As perspetivas de infla\u00e7\u00e3o deterioraram-se.<\/li>\n<li>Com isso, o Banco Central Europeu passa a ter argumentos para subir as taxas de juro.<\/li>\n<\/ul>\n","protected":false},"author":2,"featured_media":418888,"comment_status":"closed","ping_status":"closed","sticky":false,"template":"","format":"standard","meta":{"footnotes":""},"categories":[2,6850],"tags":[5397,3161,28,174,1676,2055],"class_list":["post-418887","post","type-post","status-publish","format-standard","has-post-thumbnail","hentry","category-economia","category-financas","tag-banco-central-europeu","tag-bruxelas","tag-economia","tag-energia","tag-inflacao","tag-uniao-europeia"],"yoast_head":"<!-- This site is optimized with the Yoast SEO plugin v27.2 - https:\/\/yoast.com\/product\/yoast-seo-wordpress\/ -->\n<title>Mercados sob al\u00edvio, petr\u00f3leo em baixa; Bruxelas pede prepara\u00e7\u00e3o para o inverno - Portal Tela Portugal<\/title>\n<meta name=\"robots\" content=\"index, follow, max-snippet:-1, max-image-preview:large, max-video-preview:-1\" \/>\n<meta property=\"og:locale\" content=\"pt_PT\" \/>\n<meta property=\"og:type\" content=\"article\" \/>\n<meta property=\"og:title\" content=\"Mercados sob al\u00edvio, petr\u00f3leo em baixa; Bruxelas pede prepara\u00e7\u00e3o para o inverno - Portal Tela Portugal\" \/>\n<meta property=\"og:description\" content=\"Bolsas e o crude registaram al\u00edvio, em dia de tr\u00e9guas nos mercados. Bruxelas avisou que a confian\u00e7a das fam\u00edlias caiu acentuadamente. As perspetivas de infla\u00e7\u00e3o deterioraram-se. Com isso, o Banco Central Europeu passa a ter argumentos para subir as taxas de juro.\" \/>\n<meta property=\"og:url\" content=\"https:\/\/portaltela.pt\/noticias\/2026\/03\/22\/mercados-sob-alivio-petroleo-em-baixa-bruxelas-pede-preparacao-para-o-inverno\/\" \/>\n<meta property=\"og:site_name\" content=\"Portal Tela Portugal\" \/>\n<meta property=\"article:published_time\" content=\"2026-03-23T00:00:00+00:00\" \/>\n<meta name=\"author\" content=\"Telinha\" \/>\n<meta name=\"twitter:card\" content=\"summary_large_image\" \/>\n<meta name=\"twitter:label1\" content=\"Escrito por\" \/>\n\t<meta name=\"twitter:data1\" content=\"Telinha\" \/>\n\t<meta name=\"twitter:label2\" content=\"Tempo estimado de leitura\" \/>\n\t<meta name=\"twitter:data2\" content=\"1 minuto\" \/>\n<script type=\"application\/ld+json\" class=\"yoast-schema-graph\">{\"@context\":\"https:\/\/schema.org\",\"@graph\":[{\"@type\":\"Article\",\"@id\":\"https:\/\/portaltela.pt\/noticias\/2026\/03\/22\/mercados-sob-alivio-petroleo-em-baixa-bruxelas-pede-preparacao-para-o-inverno\/#article\",\"isPartOf\":{\"@id\":\"https:\/\/portaltela.pt\/noticias\/2026\/03\/22\/mercados-sob-alivio-petroleo-em-baixa-bruxelas-pede-preparacao-para-o-inverno\/\"},\"author\":{\"name\":\"Telinha\",\"@id\":\"https:\/\/portaltela.pt\/#\/schema\/person\/c4278d4a6028830caff9ee44b42d32ed\"},\"headline\":\"Mercados sob al\u00edvio, petr\u00f3leo em baixa; Bruxelas pede prepara\u00e7\u00e3o para o inverno\",\"datePublished\":\"2026-03-23T00:00:00+00:00\",\"mainEntityOfPage\":{\"@id\":\"https:\/\/portaltela.pt\/noticias\/2026\/03\/22\/mercados-sob-alivio-petroleo-em-baixa-bruxelas-pede-preparacao-para-o-inverno\/\"},\"wordCount\":195,\"image\":{\"@id\":\"https:\/\/portaltela.pt\/noticias\/2026\/03\/22\/mercados-sob-alivio-petroleo-em-baixa-bruxelas-pede-preparacao-para-o-inverno\/#primaryimage\"},\"thumbnailUrl\":\"https:\/\/portaltela.pt\/s.01k8rhncp4jt1\/2026\/03\/dn2F2026-03-232Fpp0x1l4f2FDOC.20260323.46807972.12843399.jpg\",\"keywords\":[\"Banco Central Europeu\",\"Bruxelas\",\"economia\",\"energia\",\"infla\u00e7\u00e3o\",\"Uni\u00e3o Europeia\"],\"articleSection\":[\"Economia\",\"Finan\u00e7as\"],\"inLanguage\":\"pt-PT\"},{\"@type\":\"WebPage\",\"@id\":\"https:\/\/portaltela.pt\/noticias\/2026\/03\/22\/mercados-sob-alivio-petroleo-em-baixa-bruxelas-pede-preparacao-para-o-inverno\/\",\"url\":\"https:\/\/portaltela.pt\/noticias\/2026\/03\/22\/mercados-sob-alivio-petroleo-em-baixa-bruxelas-pede-preparacao-para-o-inverno\/\",\"name\":\"Mercados sob al\u00edvio, petr\u00f3leo em baixa; Bruxelas pede prepara\u00e7\u00e3o para o inverno - Portal Tela Portugal\",\"isPartOf\":{\"@id\":\"https:\/\/portaltela.pt\/#website\"},\"primaryImageOfPage\":{\"@id\":\"https:\/\/portaltela.pt\/noticias\/2026\/03\/22\/mercados-sob-alivio-petroleo-em-baixa-bruxelas-pede-preparacao-para-o-inverno\/#primaryimage\"},\"image\":{\"@id\":\"https:\/\/portaltela.pt\/noticias\/2026\/03\/22\/mercados-sob-alivio-petroleo-em-baixa-bruxelas-pede-preparacao-para-o-inverno\/#primaryimage\"},\"thumbnailUrl\":\"https:\/\/portaltela.pt\/s.01k8rhncp4jt1\/2026\/03\/dn2F2026-03-232Fpp0x1l4f2FDOC.20260323.46807972.12843399.jpg\",\"datePublished\":\"2026-03-23T00:00:00+00:00\",\"author\":{\"@id\":\"https:\/\/portaltela.pt\/#\/schema\/person\/c4278d4a6028830caff9ee44b42d32ed\"},\"breadcrumb\":{\"@id\":\"https:\/\/portaltela.pt\/noticias\/2026\/03\/22\/mercados-sob-alivio-petroleo-em-baixa-bruxelas-pede-preparacao-para-o-inverno\/#breadcrumb\"},\"inLanguage\":\"pt-PT\",\"potentialAction\":[{\"@type\":\"ReadAction\",\"target\":[\"https:\/\/portaltela.pt\/noticias\/2026\/03\/22\/mercados-sob-alivio-petroleo-em-baixa-bruxelas-pede-preparacao-para-o-inverno\/\"]}]},{\"@type\":\"ImageObject\",\"inLanguage\":\"pt-PT\",\"@id\":\"https:\/\/portaltela.pt\/noticias\/2026\/03\/22\/mercados-sob-alivio-petroleo-em-baixa-bruxelas-pede-preparacao-para-o-inverno\/#primaryimage\",\"url\":\"https:\/\/portaltela.pt\/s.01k8rhncp4jt1\/2026\/03\/dn2F2026-03-232Fpp0x1l4f2FDOC.20260323.46807972.12843399.jpg\",\"contentUrl\":\"https:\/\/portaltela.pt\/s.01k8rhncp4jt1\/2026\/03\/dn2F2026-03-232Fpp0x1l4f2FDOC.20260323.46807972.12843399.jpg\",\"width\":1200,\"height\":800,\"caption\":\"Foto: FANG DONGXU \/ EPA\"},{\"@type\":\"BreadcrumbList\",\"@id\":\"https:\/\/portaltela.pt\/noticias\/2026\/03\/22\/mercados-sob-alivio-petroleo-em-baixa-bruxelas-pede-preparacao-para-o-inverno\/#breadcrumb\",\"itemListElement\":[{\"@type\":\"ListItem\",\"position\":1,\"name\":\"In\u00edcio\",\"item\":\"https:\/\/portaltela.pt\/\"},{\"@type\":\"ListItem\",\"position\":2,\"name\":\"Mercados sob al\u00edvio, petr\u00f3leo em baixa; Bruxelas pede prepara\u00e7\u00e3o para o inverno\"}]},{\"@type\":\"WebSite\",\"@id\":\"https:\/\/portaltela.pt\/#website\",\"url\":\"https:\/\/portaltela.pt\/\",\"name\":\"Portal Tela Portugal\",\"description\":\"\",\"potentialAction\":[{\"@type\":\"SearchAction\",\"target\":{\"@type\":\"EntryPoint\",\"urlTemplate\":\"https:\/\/portaltela.pt\/?s={search_term_string}\"},\"query-input\":{\"@type\":\"PropertyValueSpecification\",\"valueRequired\":true,\"valueName\":\"search_term_string\"}}],\"inLanguage\":\"pt-PT\"},{\"@type\":\"Person\",\"@id\":\"https:\/\/portaltela.pt\/#\/schema\/person\/c4278d4a6028830caff9ee44b42d32ed\",\"name\":\"Telinha\",\"image\":{\"@type\":\"ImageObject\",\"inLanguage\":\"pt-PT\",\"@id\":\"https:\/\/portaltela.pt\/s.01k8rhncp4jt1\/2025\/11\/talking-bot-125x125.png\",\"url\":\"https:\/\/portaltela.pt\/s.01k8rhncp4jt1\/2025\/11\/talking-bot-125x125.png\",\"contentUrl\":\"https:\/\/portaltela.pt\/s.01k8rhncp4jt1\/2025\/11\/talking-bot-125x125.png\",\"caption\":\"Telinha\"},\"sameAs\":[\"https:\/\/portaltela.pt\/\"],\"url\":\"https:\/\/portaltela.pt\/por\/367410592786\/\"}]}<\/script>\n<!-- \/ Yoast SEO plugin. -->","yoast_head_json":{"title":"Mercados sob al\u00edvio, petr\u00f3leo em baixa; Bruxelas pede prepara\u00e7\u00e3o para o inverno - Portal Tela Portugal","robots":{"index":"index","follow":"follow","max-snippet":"max-snippet:-1","max-image-preview":"max-image-preview:large","max-video-preview":"max-video-preview:-1"},"og_locale":"pt_PT","og_type":"article","og_title":"Mercados sob al\u00edvio, petr\u00f3leo em baixa; Bruxelas pede prepara\u00e7\u00e3o para o inverno - Portal Tela Portugal","og_description":"Bolsas e o crude registaram al\u00edvio, em dia de tr\u00e9guas nos mercados. Bruxelas avisou que a confian\u00e7a das fam\u00edlias caiu acentuadamente. As perspetivas de infla\u00e7\u00e3o deterioraram-se. Com isso, o Banco Central Europeu passa a ter argumentos para subir as taxas de juro.","og_url":"https:\/\/portaltela.pt\/noticias\/2026\/03\/22\/mercados-sob-alivio-petroleo-em-baixa-bruxelas-pede-preparacao-para-o-inverno\/","og_site_name":"Portal Tela Portugal","article_published_time":"2026-03-23T00:00:00+00:00","author":"Telinha","twitter_card":"summary_large_image","twitter_misc":{"Escrito por":"Telinha","Tempo estimado de leitura":"1 minuto"},"schema":{"@context":"https:\/\/schema.org","@graph":[{"@type":"Article","@id":"https:\/\/portaltela.pt\/noticias\/2026\/03\/22\/mercados-sob-alivio-petroleo-em-baixa-bruxelas-pede-preparacao-para-o-inverno\/#article","isPartOf":{"@id":"https:\/\/portaltela.pt\/noticias\/2026\/03\/22\/mercados-sob-alivio-petroleo-em-baixa-bruxelas-pede-preparacao-para-o-inverno\/"},"author":{"name":"Telinha","@id":"https:\/\/portaltela.pt\/#\/schema\/person\/c4278d4a6028830caff9ee44b42d32ed"},"headline":"Mercados sob al\u00edvio, petr\u00f3leo em baixa; Bruxelas pede prepara\u00e7\u00e3o para o inverno","datePublished":"2026-03-23T00:00:00+00:00","mainEntityOfPage":{"@id":"https:\/\/portaltela.pt\/noticias\/2026\/03\/22\/mercados-sob-alivio-petroleo-em-baixa-bruxelas-pede-preparacao-para-o-inverno\/"},"wordCount":195,"image":{"@id":"https:\/\/portaltela.pt\/noticias\/2026\/03\/22\/mercados-sob-alivio-petroleo-em-baixa-bruxelas-pede-preparacao-para-o-inverno\/#primaryimage"},"thumbnailUrl":"https:\/\/portaltela.pt\/s.01k8rhncp4jt1\/2026\/03\/dn2F2026-03-232Fpp0x1l4f2FDOC.20260323.46807972.12843399.jpg","keywords":["Banco Central Europeu","Bruxelas","economia","energia","infla\u00e7\u00e3o","Uni\u00e3o Europeia"],"articleSection":["Economia","Finan\u00e7as"],"inLanguage":"pt-PT"},{"@type":"WebPage","@id":"https:\/\/portaltela.pt\/noticias\/2026\/03\/22\/mercados-sob-alivio-petroleo-em-baixa-bruxelas-pede-preparacao-para-o-inverno\/","url":"https:\/\/portaltela.pt\/noticias\/2026\/03\/22\/mercados-sob-alivio-petroleo-em-baixa-bruxelas-pede-preparacao-para-o-inverno\/","name":"Mercados sob al\u00edvio, petr\u00f3leo em baixa; Bruxelas pede prepara\u00e7\u00e3o para o inverno - Portal Tela Portugal","isPartOf":{"@id":"https:\/\/portaltela.pt\/#website"},"primaryImageOfPage":{"@id":"https:\/\/portaltela.pt\/noticias\/2026\/03\/22\/mercados-sob-alivio-petroleo-em-baixa-bruxelas-pede-preparacao-para-o-inverno\/#primaryimage"},"image":{"@id":"https:\/\/portaltela.pt\/noticias\/2026\/03\/22\/mercados-sob-alivio-petroleo-em-baixa-bruxelas-pede-preparacao-para-o-inverno\/#primaryimage"},"thumbnailUrl":"https:\/\/portaltela.pt\/s.01k8rhncp4jt1\/2026\/03\/dn2F2026-03-232Fpp0x1l4f2FDOC.20260323.46807972.12843399.jpg","datePublished":"2026-03-23T00:00:00+00:00","author":{"@id":"https:\/\/portaltela.pt\/#\/schema\/person\/c4278d4a6028830caff9ee44b42d32ed"},"breadcrumb":{"@id":"https:\/\/portaltela.pt\/noticias\/2026\/03\/22\/mercados-sob-alivio-petroleo-em-baixa-bruxelas-pede-preparacao-para-o-inverno\/#breadcrumb"},"inLanguage":"pt-PT","potentialAction":[{"@type":"ReadAction","target":["https:\/\/portaltela.pt\/noticias\/2026\/03\/22\/mercados-sob-alivio-petroleo-em-baixa-bruxelas-pede-preparacao-para-o-inverno\/"]}]},{"@type":"ImageObject","inLanguage":"pt-PT","@id":"https:\/\/portaltela.pt\/noticias\/2026\/03\/22\/mercados-sob-alivio-petroleo-em-baixa-bruxelas-pede-preparacao-para-o-inverno\/#primaryimage","url":"https:\/\/portaltela.pt\/s.01k8rhncp4jt1\/2026\/03\/dn2F2026-03-232Fpp0x1l4f2FDOC.20260323.46807972.12843399.jpg","contentUrl":"https:\/\/portaltela.pt\/s.01k8rhncp4jt1\/2026\/03\/dn2F2026-03-232Fpp0x1l4f2FDOC.20260323.46807972.12843399.jpg","width":1200,"height":800,"caption":"Foto: FANG DONGXU \/ EPA"},{"@type":"BreadcrumbList","@id":"https:\/\/portaltela.pt\/noticias\/2026\/03\/22\/mercados-sob-alivio-petroleo-em-baixa-bruxelas-pede-preparacao-para-o-inverno\/#breadcrumb","itemListElement":[{"@type":"ListItem","position":1,"name":"In\u00edcio","item":"https:\/\/portaltela.pt\/"},{"@type":"ListItem","position":2,"name":"Mercados sob al\u00edvio, petr\u00f3leo em baixa; Bruxelas pede prepara\u00e7\u00e3o para o inverno"}]},{"@type":"WebSite","@id":"https:\/\/portaltela.pt\/#website","url":"https:\/\/portaltela.pt\/","name":"Portal Tela Portugal","description":"","potentialAction":[{"@type":"SearchAction","target":{"@type":"EntryPoint","urlTemplate":"https:\/\/portaltela.pt\/?s={search_term_string}"},"query-input":{"@type":"PropertyValueSpecification","valueRequired":true,"valueName":"search_term_string"}}],"inLanguage":"pt-PT"},{"@type":"Person","@id":"https:\/\/portaltela.pt\/#\/schema\/person\/c4278d4a6028830caff9ee44b42d32ed","name":"Telinha","image":{"@type":"ImageObject","inLanguage":"pt-PT","@id":"https:\/\/portaltela.pt\/s.01k8rhncp4jt1\/2025\/11\/talking-bot-125x125.png","url":"https:\/\/portaltela.pt\/s.01k8rhncp4jt1\/2025\/11\/talking-bot-125x125.png","contentUrl":"https:\/\/portaltela.pt\/s.01k8rhncp4jt1\/2025\/11\/talking-bot-125x125.png","caption":"Telinha"},"sameAs":["https:\/\/portaltela.pt\/"],"url":"https:\/\/portaltela.pt\/por\/367410592786\/"}]}},"_links":{"self":[{"href":"https:\/\/portaltela.pt\/api\/wp\/v2\/posts\/418887","targetHints":{"allow":["GET"]}}],"collection":[{"href":"https:\/\/portaltela.pt\/api\/wp\/v2\/posts"}],"about":[{"href":"https:\/\/portaltela.pt\/api\/wp\/v2\/types\/post"}],"author":[{"embeddable":true,"href":"https:\/\/portaltela.pt\/api\/wp\/v2\/users\/2"}],"replies":[{"embeddable":true,"href":"https:\/\/portaltela.pt\/api\/wp\/v2\/comments?post=418887"}],"version-history":[{"count":0,"href":"https:\/\/portaltela.pt\/api\/wp\/v2\/posts\/418887\/revisions"}],"wp:featuredmedia":[{"embeddable":true,"href":"https:\/\/portaltela.pt\/api\/wp\/v2\/media\/418888"}],"wp:attachment":[{"href":"https:\/\/portaltela.pt\/api\/wp\/v2\/media?parent=418887"}],"wp:term":[{"taxonomy":"category","embeddable":true,"href":"https:\/\/portaltela.pt\/api\/wp\/v2\/categories?post=418887"},{"taxonomy":"post_tag","embeddable":true,"href":"https:\/\/portaltela.pt\/api\/wp\/v2\/tags?post=418887"}],"curies":[{"name":"wp","href":"https:\/\/api.w.org\/{rel}","templated":true}]}}