{"id":418873,"date":"2026-03-23T16:57:30","date_gmt":"2026-03-23T19:57:30","guid":{"rendered":"https:\/\/portaltela.pt\/noticias\/2026\/03\/23\/naide-gomes-ve-potencial-de-agate-de-sousa-para-bater-o-seu-recorde\/"},"modified":"2026-03-23T16:57:30","modified_gmt":"2026-03-23T19:57:30","slug":"naide-gomes-ve-potencial-de-agate-de-sousa-para-bater-o-seu-recorde","status":"publish","type":"post","link":"https:\/\/portaltela.pt\/desporto\/futebol\/2026\/03\/23\/naide-gomes-ve-potencial-de-agate-de-sousa-para-bater-o-seu-recorde\/","title":{"rendered":"Naide Gomes v\u00ea potencial de Agate de Sousa para bater o seu recorde"},"content":{"rendered":"<p>Naide Gomes, antiga recordista nacional absoluta do salto em comprimento, afirmou que Agate de Sousa tem potencial para superar o seu recorde de 7,12 m. A comentadora, que ainda tem liga\u00e7\u00f5es ao atletismo, reconhece o talento da atual campe\u00e3 mundial de salto em comprimento em pista curta.<\/p>\n<p>Gomes sublinhou que n\u00e3o consegue prever at\u00e9 onde pode chegar Agate, mas deixou claro que o potencial \u00e9 vis\u00edvel e evidente. A observa\u00e7\u00e3o surge ap\u00f3s Agate de Sousa ter feito hist\u00f3ria no \u00faltimo domingo, ao conquistar o t\u00edtulo mundial na modalidade em pista indoor.<\/p>\n<p>Segundo a avaliadora, a dist\u00e2ncia que separa Agate do recorde est\u00e1 essa margem de cerca de 20 cent\u00edmetros, uma diferen\u00e7a que aponta para o que pode alcan\u00e7ar com treino e prepara\u00e7\u00e3o adequados. A marca de 7,12 m permanece como refer\u00eancia nacional.<\/p>\n<p>Agate de Sousa tornou-se campe\u00e3 mundial na prova disputada em terreno indoor, refor\u00e7ando o estatuto emergente da atleta. A conquista gerou resposta positiva na comunidade do atletismo e alimenta o debate sobre o potencial de supera\u00e7\u00e3o de recordes nacionais em provas subsequentes.<\/p>\n","protected":false},"excerpt":{"rendered":"<ul>\n<li>Naide Gomes, antiga recordista nacional de salto em comprimento com 7,12 m, afirmou que Agate de Sousa tem potencial para bater o seu recorde.<\/li>\n<li>A diferen\u00e7a entre o recorde de Gomes e o desempenho de Agate \u00e9 de cerca de 20 cent\u00edmetros.<\/li>\n<li>Agate de Sousa tornou\u2011se campe\u00e3 do mundo no salto em comprimento, no domingo, em pista curta.<\/li>\n<li>Gomes disse n\u00e3o saber at\u00e9 onde Agate pode chegar, mas considerou o potencial vis\u00edvel e not\u00f3rio.<\/li>\n<li>As declara\u00e7\u00f5es foram feitas \u00e0 revista Record.<\/li>\n<\/ul>\n","protected":false},"author":2,"featured_media":418876,"comment_status":"closed","ping_status":"closed","sticky":false,"template":"","format":"standard","meta":{"footnotes":""},"categories":[21,24],"tags":[137,60,81,5593,7221,40],"class_list":["post-418873","post","type-post","status-publish","format-standard","has-post-thumbnail","hentry","category-desporto","category-futebol","tag-atletismo","tag-esportes","tag-internacionais","tag-naide-gomes","tag-noticias","tag-pessoas"],"yoast_head":"<!-- This site is optimized with the Yoast SEO plugin v27.2 - https:\/\/yoast.com\/product\/yoast-seo-wordpress\/ -->\n<title>Naide Gomes v\u00ea potencial de Agate de Sousa para bater o seu recorde - Portal Tela Portugal<\/title>\n<meta name=\"robots\" content=\"index, follow, max-snippet:-1, max-image-preview:large, max-video-preview:-1\" \/>\n<meta property=\"og:locale\" content=\"pt_PT\" \/>\n<meta property=\"og:type\" content=\"article\" \/>\n<meta property=\"og:title\" content=\"Naide Gomes v\u00ea potencial de Agate de Sousa para bater o seu recorde - Portal Tela Portugal\" \/>\n<meta property=\"og:description\" content=\"Naide Gomes, antiga recordista nacional de salto em comprimento com 7,12 m, afirmou que Agate de Sousa tem potencial para bater o seu recorde. A diferen\u00e7a entre o recorde de Gomes e o desempenho de Agate \u00e9 de cerca de 20 cent\u00edmetros. Agate de Sousa tornou\u2011se campe\u00e3 do mundo no salto em comprimento, no domingo, em pista curta. Gomes disse n\u00e3o saber at\u00e9 onde Agate pode chegar, mas considerou o potencial vis\u00edvel e not\u00f3rio. As declara\u00e7\u00f5es foram feitas \u00e0 revista Record.\" \/>\n<meta property=\"og:url\" content=\"https:\/\/portaltela.pt\/noticias\/2026\/03\/23\/naide-gomes-ve-potencial-de-agate-de-sousa-para-bater-o-seu-recorde\/\" \/>\n<meta property=\"og:site_name\" content=\"Portal Tela Portugal\" \/>\n<meta property=\"article:published_time\" content=\"2026-03-23T19:57:30+00:00\" \/>\n<meta name=\"author\" content=\"Telinha\" \/>\n<meta name=\"twitter:card\" content=\"summary_large_image\" \/>\n<meta name=\"twitter:label1\" content=\"Escrito por\" \/>\n\t<meta name=\"twitter:data1\" content=\"Telinha\" \/>\n\t<meta name=\"twitter:label2\" content=\"Tempo estimado de leitura\" \/>\n\t<meta name=\"twitter:data2\" content=\"1 minuto\" \/>\n<script type=\"application\/ld+json\" class=\"yoast-schema-graph\">{\"@context\":\"https:\/\/schema.org\",\"@graph\":[{\"@type\":\"Article\",\"@id\":\"https:\/\/portaltela.pt\/noticias\/2026\/03\/23\/naide-gomes-ve-potencial-de-agate-de-sousa-para-bater-o-seu-recorde\/#article\",\"isPartOf\":{\"@id\":\"https:\/\/portaltela.pt\/noticias\/2026\/03\/23\/naide-gomes-ve-potencial-de-agate-de-sousa-para-bater-o-seu-recorde\/\"},\"author\":{\"name\":\"Telinha\",\"@id\":\"https:\/\/portaltela.pt\/#\/schema\/person\/c4278d4a6028830caff9ee44b42d32ed\"},\"headline\":\"Naide Gomes v\u00ea potencial de Agate de Sousa para bater o seu recorde\",\"datePublished\":\"2026-03-23T19:57:30+00:00\",\"mainEntityOfPage\":{\"@id\":\"https:\/\/portaltela.pt\/noticias\/2026\/03\/23\/naide-gomes-ve-potencial-de-agate-de-sousa-para-bater-o-seu-recorde\/\"},\"wordCount\":198,\"image\":{\"@id\":\"https:\/\/portaltela.pt\/noticias\/2026\/03\/23\/naide-gomes-ve-potencial-de-agate-de-sousa-para-bater-o-seu-recorde\/#primaryimage\"},\"thumbnailUrl\":\"https:\/\/portaltela.pt\/s.01k8rhncp4jt1\/2026\/03\/img_920x518uu2026-03-22-11-30-33-2428680.jpg\",\"keywords\":[\"atletismo\",\"esportes\",\"internacionais\",\"Naide Gomes\",\"not\u00edcias\",\"pessoas\"],\"articleSection\":[\"Desporto\",\"Futebol\"],\"inLanguage\":\"pt-PT\"},{\"@type\":\"WebPage\",\"@id\":\"https:\/\/portaltela.pt\/noticias\/2026\/03\/23\/naide-gomes-ve-potencial-de-agate-de-sousa-para-bater-o-seu-recorde\/\",\"url\":\"https:\/\/portaltela.pt\/noticias\/2026\/03\/23\/naide-gomes-ve-potencial-de-agate-de-sousa-para-bater-o-seu-recorde\/\",\"name\":\"Naide Gomes v\u00ea potencial de Agate de Sousa para bater o seu recorde - Portal Tela Portugal\",\"isPartOf\":{\"@id\":\"https:\/\/portaltela.pt\/#website\"},\"primaryImageOfPage\":{\"@id\":\"https:\/\/portaltela.pt\/noticias\/2026\/03\/23\/naide-gomes-ve-potencial-de-agate-de-sousa-para-bater-o-seu-recorde\/#primaryimage\"},\"image\":{\"@id\":\"https:\/\/portaltela.pt\/noticias\/2026\/03\/23\/naide-gomes-ve-potencial-de-agate-de-sousa-para-bater-o-seu-recorde\/#primaryimage\"},\"thumbnailUrl\":\"https:\/\/portaltela.pt\/s.01k8rhncp4jt1\/2026\/03\/img_920x518uu2026-03-22-11-30-33-2428680.jpg\",\"datePublished\":\"2026-03-23T19:57:30+00:00\",\"author\":{\"@id\":\"https:\/\/portaltela.pt\/#\/schema\/person\/c4278d4a6028830caff9ee44b42d32ed\"},\"breadcrumb\":{\"@id\":\"https:\/\/portaltela.pt\/noticias\/2026\/03\/23\/naide-gomes-ve-potencial-de-agate-de-sousa-para-bater-o-seu-recorde\/#breadcrumb\"},\"inLanguage\":\"pt-PT\",\"potentialAction\":[{\"@type\":\"ReadAction\",\"target\":[\"https:\/\/portaltela.pt\/noticias\/2026\/03\/23\/naide-gomes-ve-potencial-de-agate-de-sousa-para-bater-o-seu-recorde\/\"]}]},{\"@type\":\"ImageObject\",\"inLanguage\":\"pt-PT\",\"@id\":\"https:\/\/portaltela.pt\/noticias\/2026\/03\/23\/naide-gomes-ve-potencial-de-agate-de-sousa-para-bater-o-seu-recorde\/#primaryimage\",\"url\":\"https:\/\/portaltela.pt\/s.01k8rhncp4jt1\/2026\/03\/img_920x518uu2026-03-22-11-30-33-2428680.jpg\",\"contentUrl\":\"https:\/\/portaltela.pt\/s.01k8rhncp4jt1\/2026\/03\/img_920x518uu2026-03-22-11-30-33-2428680.jpg\",\"width\":796,\"height\":448,\"caption\":\"Agate de Sousa sagra-se campe\u00e3 do mundo no salto em comprimento\"},{\"@type\":\"BreadcrumbList\",\"@id\":\"https:\/\/portaltela.pt\/noticias\/2026\/03\/23\/naide-gomes-ve-potencial-de-agate-de-sousa-para-bater-o-seu-recorde\/#breadcrumb\",\"itemListElement\":[{\"@type\":\"ListItem\",\"position\":1,\"name\":\"In\u00edcio\",\"item\":\"https:\/\/portaltela.pt\/\"},{\"@type\":\"ListItem\",\"position\":2,\"name\":\"Naide Gomes v\u00ea potencial de Agate de Sousa para bater o seu recorde\"}]},{\"@type\":\"WebSite\",\"@id\":\"https:\/\/portaltela.pt\/#website\",\"url\":\"https:\/\/portaltela.pt\/\",\"name\":\"Portal Tela Portugal\",\"description\":\"\",\"potentialAction\":[{\"@type\":\"SearchAction\",\"target\":{\"@type\":\"EntryPoint\",\"urlTemplate\":\"https:\/\/portaltela.pt\/?s={search_term_string}\"},\"query-input\":{\"@type\":\"PropertyValueSpecification\",\"valueRequired\":true,\"valueName\":\"search_term_string\"}}],\"inLanguage\":\"pt-PT\"},{\"@type\":\"Person\",\"@id\":\"https:\/\/portaltela.pt\/#\/schema\/person\/c4278d4a6028830caff9ee44b42d32ed\",\"name\":\"Telinha\",\"image\":{\"@type\":\"ImageObject\",\"inLanguage\":\"pt-PT\",\"@id\":\"https:\/\/portaltela.pt\/s.01k8rhncp4jt1\/2025\/11\/talking-bot-125x125.png\",\"url\":\"https:\/\/portaltela.pt\/s.01k8rhncp4jt1\/2025\/11\/talking-bot-125x125.png\",\"contentUrl\":\"https:\/\/portaltela.pt\/s.01k8rhncp4jt1\/2025\/11\/talking-bot-125x125.png\",\"caption\":\"Telinha\"},\"sameAs\":[\"https:\/\/portaltela.pt\/\"],\"url\":\"https:\/\/portaltela.pt\/por\/367410592786\/\"}]}<\/script>\n<!-- \/ Yoast SEO plugin. -->","yoast_head_json":{"title":"Naide Gomes v\u00ea potencial de Agate de Sousa para bater o seu recorde - Portal Tela Portugal","robots":{"index":"index","follow":"follow","max-snippet":"max-snippet:-1","max-image-preview":"max-image-preview:large","max-video-preview":"max-video-preview:-1"},"og_locale":"pt_PT","og_type":"article","og_title":"Naide Gomes v\u00ea potencial de Agate de Sousa para bater o seu recorde - Portal Tela Portugal","og_description":"Naide Gomes, antiga recordista nacional de salto em comprimento com 7,12 m, afirmou que Agate de Sousa tem potencial para bater o seu recorde. A diferen\u00e7a entre o recorde de Gomes e o desempenho de Agate \u00e9 de cerca de 20 cent\u00edmetros. Agate de Sousa tornou\u2011se campe\u00e3 do mundo no salto em comprimento, no domingo, em pista curta. Gomes disse n\u00e3o saber at\u00e9 onde Agate pode chegar, mas considerou o potencial vis\u00edvel e not\u00f3rio. As declara\u00e7\u00f5es foram feitas \u00e0 revista Record.","og_url":"https:\/\/portaltela.pt\/noticias\/2026\/03\/23\/naide-gomes-ve-potencial-de-agate-de-sousa-para-bater-o-seu-recorde\/","og_site_name":"Portal Tela Portugal","article_published_time":"2026-03-23T19:57:30+00:00","author":"Telinha","twitter_card":"summary_large_image","twitter_misc":{"Escrito por":"Telinha","Tempo estimado de leitura":"1 minuto"},"schema":{"@context":"https:\/\/schema.org","@graph":[{"@type":"Article","@id":"https:\/\/portaltela.pt\/noticias\/2026\/03\/23\/naide-gomes-ve-potencial-de-agate-de-sousa-para-bater-o-seu-recorde\/#article","isPartOf":{"@id":"https:\/\/portaltela.pt\/noticias\/2026\/03\/23\/naide-gomes-ve-potencial-de-agate-de-sousa-para-bater-o-seu-recorde\/"},"author":{"name":"Telinha","@id":"https:\/\/portaltela.pt\/#\/schema\/person\/c4278d4a6028830caff9ee44b42d32ed"},"headline":"Naide Gomes v\u00ea potencial de Agate de Sousa para bater o seu recorde","datePublished":"2026-03-23T19:57:30+00:00","mainEntityOfPage":{"@id":"https:\/\/portaltela.pt\/noticias\/2026\/03\/23\/naide-gomes-ve-potencial-de-agate-de-sousa-para-bater-o-seu-recorde\/"},"wordCount":198,"image":{"@id":"https:\/\/portaltela.pt\/noticias\/2026\/03\/23\/naide-gomes-ve-potencial-de-agate-de-sousa-para-bater-o-seu-recorde\/#primaryimage"},"thumbnailUrl":"https:\/\/portaltela.pt\/s.01k8rhncp4jt1\/2026\/03\/img_920x518uu2026-03-22-11-30-33-2428680.jpg","keywords":["atletismo","esportes","internacionais","Naide Gomes","not\u00edcias","pessoas"],"articleSection":["Desporto","Futebol"],"inLanguage":"pt-PT"},{"@type":"WebPage","@id":"https:\/\/portaltela.pt\/noticias\/2026\/03\/23\/naide-gomes-ve-potencial-de-agate-de-sousa-para-bater-o-seu-recorde\/","url":"https:\/\/portaltela.pt\/noticias\/2026\/03\/23\/naide-gomes-ve-potencial-de-agate-de-sousa-para-bater-o-seu-recorde\/","name":"Naide Gomes v\u00ea potencial de Agate de Sousa para bater o seu recorde - Portal Tela Portugal","isPartOf":{"@id":"https:\/\/portaltela.pt\/#website"},"primaryImageOfPage":{"@id":"https:\/\/portaltela.pt\/noticias\/2026\/03\/23\/naide-gomes-ve-potencial-de-agate-de-sousa-para-bater-o-seu-recorde\/#primaryimage"},"image":{"@id":"https:\/\/portaltela.pt\/noticias\/2026\/03\/23\/naide-gomes-ve-potencial-de-agate-de-sousa-para-bater-o-seu-recorde\/#primaryimage"},"thumbnailUrl":"https:\/\/portaltela.pt\/s.01k8rhncp4jt1\/2026\/03\/img_920x518uu2026-03-22-11-30-33-2428680.jpg","datePublished":"2026-03-23T19:57:30+00:00","author":{"@id":"https:\/\/portaltela.pt\/#\/schema\/person\/c4278d4a6028830caff9ee44b42d32ed"},"breadcrumb":{"@id":"https:\/\/portaltela.pt\/noticias\/2026\/03\/23\/naide-gomes-ve-potencial-de-agate-de-sousa-para-bater-o-seu-recorde\/#breadcrumb"},"inLanguage":"pt-PT","potentialAction":[{"@type":"ReadAction","target":["https:\/\/portaltela.pt\/noticias\/2026\/03\/23\/naide-gomes-ve-potencial-de-agate-de-sousa-para-bater-o-seu-recorde\/"]}]},{"@type":"ImageObject","inLanguage":"pt-PT","@id":"https:\/\/portaltela.pt\/noticias\/2026\/03\/23\/naide-gomes-ve-potencial-de-agate-de-sousa-para-bater-o-seu-recorde\/#primaryimage","url":"https:\/\/portaltela.pt\/s.01k8rhncp4jt1\/2026\/03\/img_920x518uu2026-03-22-11-30-33-2428680.jpg","contentUrl":"https:\/\/portaltela.pt\/s.01k8rhncp4jt1\/2026\/03\/img_920x518uu2026-03-22-11-30-33-2428680.jpg","width":796,"height":448,"caption":"Agate de Sousa sagra-se campe\u00e3 do mundo no salto em comprimento"},{"@type":"BreadcrumbList","@id":"https:\/\/portaltela.pt\/noticias\/2026\/03\/23\/naide-gomes-ve-potencial-de-agate-de-sousa-para-bater-o-seu-recorde\/#breadcrumb","itemListElement":[{"@type":"ListItem","position":1,"name":"In\u00edcio","item":"https:\/\/portaltela.pt\/"},{"@type":"ListItem","position":2,"name":"Naide Gomes v\u00ea potencial de Agate de Sousa para bater o seu recorde"}]},{"@type":"WebSite","@id":"https:\/\/portaltela.pt\/#website","url":"https:\/\/portaltela.pt\/","name":"Portal Tela Portugal","description":"","potentialAction":[{"@type":"SearchAction","target":{"@type":"EntryPoint","urlTemplate":"https:\/\/portaltela.pt\/?s={search_term_string}"},"query-input":{"@type":"PropertyValueSpecification","valueRequired":true,"valueName":"search_term_string"}}],"inLanguage":"pt-PT"},{"@type":"Person","@id":"https:\/\/portaltela.pt\/#\/schema\/person\/c4278d4a6028830caff9ee44b42d32ed","name":"Telinha","image":{"@type":"ImageObject","inLanguage":"pt-PT","@id":"https:\/\/portaltela.pt\/s.01k8rhncp4jt1\/2025\/11\/talking-bot-125x125.png","url":"https:\/\/portaltela.pt\/s.01k8rhncp4jt1\/2025\/11\/talking-bot-125x125.png","contentUrl":"https:\/\/portaltela.pt\/s.01k8rhncp4jt1\/2025\/11\/talking-bot-125x125.png","caption":"Telinha"},"sameAs":["https:\/\/portaltela.pt\/"],"url":"https:\/\/portaltela.pt\/por\/367410592786\/"}]}},"_links":{"self":[{"href":"https:\/\/portaltela.pt\/api\/wp\/v2\/posts\/418873","targetHints":{"allow":["GET"]}}],"collection":[{"href":"https:\/\/portaltela.pt\/api\/wp\/v2\/posts"}],"about":[{"href":"https:\/\/portaltela.pt\/api\/wp\/v2\/types\/post"}],"author":[{"embeddable":true,"href":"https:\/\/portaltela.pt\/api\/wp\/v2\/users\/2"}],"replies":[{"embeddable":true,"href":"https:\/\/portaltela.pt\/api\/wp\/v2\/comments?post=418873"}],"version-history":[{"count":0,"href":"https:\/\/portaltela.pt\/api\/wp\/v2\/posts\/418873\/revisions"}],"wp:featuredmedia":[{"embeddable":true,"href":"https:\/\/portaltela.pt\/api\/wp\/v2\/media\/418876"}],"wp:attachment":[{"href":"https:\/\/portaltela.pt\/api\/wp\/v2\/media?parent=418873"}],"wp:term":[{"taxonomy":"category","embeddable":true,"href":"https:\/\/portaltela.pt\/api\/wp\/v2\/categories?post=418873"},{"taxonomy":"post_tag","embeddable":true,"href":"https:\/\/portaltela.pt\/api\/wp\/v2\/tags?post=418873"}],"curies":[{"name":"wp","href":"https:\/\/api.w.org\/{rel}","templated":true}]}}