{"id":418871,"date":"2026-03-23T16:42:00","date_gmt":"2026-03-23T19:42:00","guid":{"rendered":"https:\/\/portaltela.pt\/noticias\/2026\/03\/23\/lewandowski-oferece-se-para-ajudar-pietuszewski\/"},"modified":"2026-03-23T16:42:00","modified_gmt":"2026-03-23T19:42:00","slug":"lewandowski-oferece-se-para-ajudar-pietuszewski","status":"publish","type":"post","link":"https:\/\/portaltela.pt\/desporto\/futebol\/2026\/03\/23\/lewandowski-oferece-se-para-ajudar-pietuszewski\/","title":{"rendered":"Lewandowski oferece-se para ajudar Pietuszewski"},"content":{"rendered":"<p>O capit\u00e3o da sele\u00e7\u00e3o da Pol\u00f3nia, Robert Lewandowski, elogiou Oskar Pietuszewski, que far\u00e1 a sua estreia no est\u00e1gio de prepara\u00e7\u00e3o para o play-off de apuramento ao Mundial 2026. O avan\u00e7ado do Barcelona afirmou que o extremo do F. C. Porto tem um futuro promissor e que pode contar com o seu apoio.<\/p>\n<p>Lewandowski disse estar dispon\u00edvel para oferecer conselhos a Pietuszewski caso o jovem precise. Aposta no talento do companheiro de equipa e assegura que todos os jogadores convocados recebem o seu apoio durante a concentra\u00e7\u00e3o.<\/p>\n<h3>Convoca\u00e7\u00e3o e contexto da jogada<\/h3>\n<p>A Pol\u00f3nia recebe a Alb\u00e2nia na quinta-feira, em Vars\u00f3via, num encontro de decis\u00e3o para o acesso ao Mundial 2026. Se vencer, o conjunto polaco defrontar\u00e1 o vencedor do confronto entre Ucr\u00e2nia e Su\u00e9cia na pr\u00f3xima fase. Pietuszewski integra a lista de convocados, \u00e0 semelhan\u00e7a de Bednarek e Kiwior, dois outros jogadores do F. C. Porto.<\/p>\n<p>Bednarek e Kiwior s\u00e3o, de resto, op\u00e7\u00f5es habituais do selecionador Jan Urb\u00e1n, que aposta na evolu\u00e7\u00e3o de Pietuszewski durante o est\u00e1gio. O an\u00fancio oficial da convocat\u00f3ria evidencia a aposta em jovens talentos para o futuro da equipa.<\/p>\n","protected":false},"excerpt":{"rendered":"<ul>\n<li>O capit\u00e3o da Pol\u00f3nia, Robert Lewandowski, elogiou o jovem Oskar Pietuszewski na estreia do est\u00e1gio de qualifica\u00e7\u00e3o para o Mundial de 2026.<\/li>\n<li>Lewandowski afirmou que Pietuszewski tem um futuro brilhante e que teve um \u00f3timo come\u00e7o, desejando que continue assim.<\/li>\n<li>O avan\u00e7ado do Barcelona ofereceu apoio e disse que, se o jogador precisar de conselhos, est\u00e1 dispon\u00edvel para ajudar.<\/li>\n<li>A Pol\u00f3nia recebe a Alb\u00e2nia, em Vars\u00f3via, na quinta-feira, em jogo de play-off; o vencedor enfrenta a Ucr\u00e2nia ou a Su\u00e9cia pela vaga no Mundial.<\/li>\n<li>Al\u00e9m de Pietuszewski, na convocat\u00f3ria est\u00e3o dois jogadores do F. C. Porto, os defesas Bednarek e Kiwior, que j\u00e1 costumam ser op\u00e7\u00f5es do selecionador Jan Urb\u00e1n.<\/li>\n<\/ul>\n","protected":false},"author":2,"featured_media":418872,"comment_status":"closed","ping_status":"closed","sticky":false,"template":"","format":"standard","meta":{"footnotes":""},"categories":[21,24],"tags":[3160,32,3338,6206,1488,2057],"class_list":["post-418871","post","type-post","status-publish","format-standard","has-post-thumbnail","hentry","category-desporto","category-futebol","tag-bednarek","tag-futebol","tag-futebol-internacional","tag-lewandowski","tag-polonia","tag-selecao-nacional"],"yoast_head":"<!-- This site is optimized with the Yoast SEO plugin v27.2 - https:\/\/yoast.com\/product\/yoast-seo-wordpress\/ -->\n<title>Lewandowski oferece-se para ajudar Pietuszewski - Portal Tela Portugal<\/title>\n<meta name=\"robots\" content=\"index, follow, max-snippet:-1, max-image-preview:large, max-video-preview:-1\" \/>\n<meta property=\"og:locale\" content=\"pt_PT\" \/>\n<meta property=\"og:type\" content=\"article\" \/>\n<meta property=\"og:title\" content=\"Lewandowski oferece-se para ajudar Pietuszewski - Portal Tela Portugal\" \/>\n<meta property=\"og:description\" content=\"O capit\u00e3o da Pol\u00f3nia, Robert Lewandowski, elogiou o jovem Oskar Pietuszewski na estreia do est\u00e1gio de qualifica\u00e7\u00e3o para o Mundial de 2026. Lewandowski afirmou que Pietuszewski tem um futuro brilhante e que teve um \u00f3timo come\u00e7o, desejando que continue assim. O avan\u00e7ado do Barcelona ofereceu apoio e disse que, se o jogador precisar de conselhos, est\u00e1 dispon\u00edvel para ajudar. A Pol\u00f3nia recebe a Alb\u00e2nia, em Vars\u00f3via, na quinta-feira, em jogo de play-off; o vencedor enfrenta a Ucr\u00e2nia ou a Su\u00e9cia pela vaga no Mundial. Al\u00e9m de Pietuszewski, na convocat\u00f3ria est\u00e3o dois jogadores do F. C. Porto, os defesas Bednarek e Kiwior, que j\u00e1 costumam ser op\u00e7\u00f5es do selecionador Jan Urb\u00e1n.\" \/>\n<meta property=\"og:url\" content=\"https:\/\/portaltela.pt\/noticias\/2026\/03\/23\/lewandowski-oferece-se-para-ajudar-pietuszewski\/\" \/>\n<meta property=\"og:site_name\" content=\"Portal Tela Portugal\" \/>\n<meta property=\"article:published_time\" content=\"2026-03-23T19:42:00+00:00\" \/>\n<meta name=\"author\" content=\"Telinha\" \/>\n<meta name=\"twitter:card\" content=\"summary_large_image\" \/>\n<meta name=\"twitter:label1\" content=\"Escrito por\" \/>\n\t<meta name=\"twitter:data1\" content=\"Telinha\" \/>\n\t<meta name=\"twitter:label2\" content=\"Tempo estimado de leitura\" \/>\n\t<meta name=\"twitter:data2\" content=\"1 minuto\" \/>\n<script type=\"application\/ld+json\" class=\"yoast-schema-graph\">{\"@context\":\"https:\/\/schema.org\",\"@graph\":[{\"@type\":\"Article\",\"@id\":\"https:\/\/portaltela.pt\/noticias\/2026\/03\/23\/lewandowski-oferece-se-para-ajudar-pietuszewski\/#article\",\"isPartOf\":{\"@id\":\"https:\/\/portaltela.pt\/noticias\/2026\/03\/23\/lewandowski-oferece-se-para-ajudar-pietuszewski\/\"},\"author\":{\"name\":\"Telinha\",\"@id\":\"https:\/\/portaltela.pt\/#\/schema\/person\/c4278d4a6028830caff9ee44b42d32ed\"},\"headline\":\"Lewandowski oferece-se para ajudar Pietuszewski\",\"datePublished\":\"2026-03-23T19:42:00+00:00\",\"mainEntityOfPage\":{\"@id\":\"https:\/\/portaltela.pt\/noticias\/2026\/03\/23\/lewandowski-oferece-se-para-ajudar-pietuszewski\/\"},\"wordCount\":209,\"image\":{\"@id\":\"https:\/\/portaltela.pt\/noticias\/2026\/03\/23\/lewandowski-oferece-se-para-ajudar-pietuszewski\/#primaryimage\"},\"thumbnailUrl\":\"https:\/\/portaltela.pt\/s.01k8rhncp4jt1\/2026\/03\/image-90.webp\",\"keywords\":[\"Bednarek\",\"futebol\",\"futebol internacional\",\"Lewandowski\",\"Pol\u00f3nia\",\"Sele\u00e7\u00e3o Nacional\"],\"articleSection\":[\"Desporto\",\"Futebol\"],\"inLanguage\":\"pt-PT\"},{\"@type\":\"WebPage\",\"@id\":\"https:\/\/portaltela.pt\/noticias\/2026\/03\/23\/lewandowski-oferece-se-para-ajudar-pietuszewski\/\",\"url\":\"https:\/\/portaltela.pt\/noticias\/2026\/03\/23\/lewandowski-oferece-se-para-ajudar-pietuszewski\/\",\"name\":\"Lewandowski oferece-se para ajudar Pietuszewski - Portal Tela Portugal\",\"isPartOf\":{\"@id\":\"https:\/\/portaltela.pt\/#website\"},\"primaryImageOfPage\":{\"@id\":\"https:\/\/portaltela.pt\/noticias\/2026\/03\/23\/lewandowski-oferece-se-para-ajudar-pietuszewski\/#primaryimage\"},\"image\":{\"@id\":\"https:\/\/portaltela.pt\/noticias\/2026\/03\/23\/lewandowski-oferece-se-para-ajudar-pietuszewski\/#primaryimage\"},\"thumbnailUrl\":\"https:\/\/portaltela.pt\/s.01k8rhncp4jt1\/2026\/03\/image-90.webp\",\"datePublished\":\"2026-03-23T19:42:00+00:00\",\"author\":{\"@id\":\"https:\/\/portaltela.pt\/#\/schema\/person\/c4278d4a6028830caff9ee44b42d32ed\"},\"breadcrumb\":{\"@id\":\"https:\/\/portaltela.pt\/noticias\/2026\/03\/23\/lewandowski-oferece-se-para-ajudar-pietuszewski\/#breadcrumb\"},\"inLanguage\":\"pt-PT\",\"potentialAction\":[{\"@type\":\"ReadAction\",\"target\":[\"https:\/\/portaltela.pt\/noticias\/2026\/03\/23\/lewandowski-oferece-se-para-ajudar-pietuszewski\/\"]}]},{\"@type\":\"ImageObject\",\"inLanguage\":\"pt-PT\",\"@id\":\"https:\/\/portaltela.pt\/noticias\/2026\/03\/23\/lewandowski-oferece-se-para-ajudar-pietuszewski\/#primaryimage\",\"url\":\"https:\/\/portaltela.pt\/s.01k8rhncp4jt1\/2026\/03\/image-90.webp\",\"contentUrl\":\"https:\/\/portaltela.pt\/s.01k8rhncp4jt1\/2026\/03\/image-90.webp\",\"width\":1200,\"height\":798,\"caption\":\"Lewandowski continua a brilhar no Barcelona e vai tentar levar a Pol\u00f3nia ao Mundial\"},{\"@type\":\"BreadcrumbList\",\"@id\":\"https:\/\/portaltela.pt\/noticias\/2026\/03\/23\/lewandowski-oferece-se-para-ajudar-pietuszewski\/#breadcrumb\",\"itemListElement\":[{\"@type\":\"ListItem\",\"position\":1,\"name\":\"In\u00edcio\",\"item\":\"https:\/\/portaltela.pt\/\"},{\"@type\":\"ListItem\",\"position\":2,\"name\":\"Lewandowski oferece-se para ajudar Pietuszewski\"}]},{\"@type\":\"WebSite\",\"@id\":\"https:\/\/portaltela.pt\/#website\",\"url\":\"https:\/\/portaltela.pt\/\",\"name\":\"Portal Tela Portugal\",\"description\":\"\",\"potentialAction\":[{\"@type\":\"SearchAction\",\"target\":{\"@type\":\"EntryPoint\",\"urlTemplate\":\"https:\/\/portaltela.pt\/?s={search_term_string}\"},\"query-input\":{\"@type\":\"PropertyValueSpecification\",\"valueRequired\":true,\"valueName\":\"search_term_string\"}}],\"inLanguage\":\"pt-PT\"},{\"@type\":\"Person\",\"@id\":\"https:\/\/portaltela.pt\/#\/schema\/person\/c4278d4a6028830caff9ee44b42d32ed\",\"name\":\"Telinha\",\"image\":{\"@type\":\"ImageObject\",\"inLanguage\":\"pt-PT\",\"@id\":\"https:\/\/portaltela.pt\/s.01k8rhncp4jt1\/2025\/11\/talking-bot-125x125.png\",\"url\":\"https:\/\/portaltela.pt\/s.01k8rhncp4jt1\/2025\/11\/talking-bot-125x125.png\",\"contentUrl\":\"https:\/\/portaltela.pt\/s.01k8rhncp4jt1\/2025\/11\/talking-bot-125x125.png\",\"caption\":\"Telinha\"},\"sameAs\":[\"https:\/\/portaltela.pt\/\"],\"url\":\"https:\/\/portaltela.pt\/por\/367410592786\/\"}]}<\/script>\n<!-- \/ Yoast SEO plugin. -->","yoast_head_json":{"title":"Lewandowski oferece-se para ajudar Pietuszewski - Portal Tela Portugal","robots":{"index":"index","follow":"follow","max-snippet":"max-snippet:-1","max-image-preview":"max-image-preview:large","max-video-preview":"max-video-preview:-1"},"og_locale":"pt_PT","og_type":"article","og_title":"Lewandowski oferece-se para ajudar Pietuszewski - Portal Tela Portugal","og_description":"O capit\u00e3o da Pol\u00f3nia, Robert Lewandowski, elogiou o jovem Oskar Pietuszewski na estreia do est\u00e1gio de qualifica\u00e7\u00e3o para o Mundial de 2026. Lewandowski afirmou que Pietuszewski tem um futuro brilhante e que teve um \u00f3timo come\u00e7o, desejando que continue assim. O avan\u00e7ado do Barcelona ofereceu apoio e disse que, se o jogador precisar de conselhos, est\u00e1 dispon\u00edvel para ajudar. A Pol\u00f3nia recebe a Alb\u00e2nia, em Vars\u00f3via, na quinta-feira, em jogo de play-off; o vencedor enfrenta a Ucr\u00e2nia ou a Su\u00e9cia pela vaga no Mundial. Al\u00e9m de Pietuszewski, na convocat\u00f3ria est\u00e3o dois jogadores do F. C. Porto, os defesas Bednarek e Kiwior, que j\u00e1 costumam ser op\u00e7\u00f5es do selecionador Jan Urb\u00e1n.","og_url":"https:\/\/portaltela.pt\/noticias\/2026\/03\/23\/lewandowski-oferece-se-para-ajudar-pietuszewski\/","og_site_name":"Portal Tela Portugal","article_published_time":"2026-03-23T19:42:00+00:00","author":"Telinha","twitter_card":"summary_large_image","twitter_misc":{"Escrito por":"Telinha","Tempo estimado de leitura":"1 minuto"},"schema":{"@context":"https:\/\/schema.org","@graph":[{"@type":"Article","@id":"https:\/\/portaltela.pt\/noticias\/2026\/03\/23\/lewandowski-oferece-se-para-ajudar-pietuszewski\/#article","isPartOf":{"@id":"https:\/\/portaltela.pt\/noticias\/2026\/03\/23\/lewandowski-oferece-se-para-ajudar-pietuszewski\/"},"author":{"name":"Telinha","@id":"https:\/\/portaltela.pt\/#\/schema\/person\/c4278d4a6028830caff9ee44b42d32ed"},"headline":"Lewandowski oferece-se para ajudar Pietuszewski","datePublished":"2026-03-23T19:42:00+00:00","mainEntityOfPage":{"@id":"https:\/\/portaltela.pt\/noticias\/2026\/03\/23\/lewandowski-oferece-se-para-ajudar-pietuszewski\/"},"wordCount":209,"image":{"@id":"https:\/\/portaltela.pt\/noticias\/2026\/03\/23\/lewandowski-oferece-se-para-ajudar-pietuszewski\/#primaryimage"},"thumbnailUrl":"https:\/\/portaltela.pt\/s.01k8rhncp4jt1\/2026\/03\/image-90.webp","keywords":["Bednarek","futebol","futebol internacional","Lewandowski","Pol\u00f3nia","Sele\u00e7\u00e3o Nacional"],"articleSection":["Desporto","Futebol"],"inLanguage":"pt-PT"},{"@type":"WebPage","@id":"https:\/\/portaltela.pt\/noticias\/2026\/03\/23\/lewandowski-oferece-se-para-ajudar-pietuszewski\/","url":"https:\/\/portaltela.pt\/noticias\/2026\/03\/23\/lewandowski-oferece-se-para-ajudar-pietuszewski\/","name":"Lewandowski oferece-se para ajudar Pietuszewski - Portal Tela Portugal","isPartOf":{"@id":"https:\/\/portaltela.pt\/#website"},"primaryImageOfPage":{"@id":"https:\/\/portaltela.pt\/noticias\/2026\/03\/23\/lewandowski-oferece-se-para-ajudar-pietuszewski\/#primaryimage"},"image":{"@id":"https:\/\/portaltela.pt\/noticias\/2026\/03\/23\/lewandowski-oferece-se-para-ajudar-pietuszewski\/#primaryimage"},"thumbnailUrl":"https:\/\/portaltela.pt\/s.01k8rhncp4jt1\/2026\/03\/image-90.webp","datePublished":"2026-03-23T19:42:00+00:00","author":{"@id":"https:\/\/portaltela.pt\/#\/schema\/person\/c4278d4a6028830caff9ee44b42d32ed"},"breadcrumb":{"@id":"https:\/\/portaltela.pt\/noticias\/2026\/03\/23\/lewandowski-oferece-se-para-ajudar-pietuszewski\/#breadcrumb"},"inLanguage":"pt-PT","potentialAction":[{"@type":"ReadAction","target":["https:\/\/portaltela.pt\/noticias\/2026\/03\/23\/lewandowski-oferece-se-para-ajudar-pietuszewski\/"]}]},{"@type":"ImageObject","inLanguage":"pt-PT","@id":"https:\/\/portaltela.pt\/noticias\/2026\/03\/23\/lewandowski-oferece-se-para-ajudar-pietuszewski\/#primaryimage","url":"https:\/\/portaltela.pt\/s.01k8rhncp4jt1\/2026\/03\/image-90.webp","contentUrl":"https:\/\/portaltela.pt\/s.01k8rhncp4jt1\/2026\/03\/image-90.webp","width":1200,"height":798,"caption":"Lewandowski continua a brilhar no Barcelona e vai tentar levar a Pol\u00f3nia ao Mundial"},{"@type":"BreadcrumbList","@id":"https:\/\/portaltela.pt\/noticias\/2026\/03\/23\/lewandowski-oferece-se-para-ajudar-pietuszewski\/#breadcrumb","itemListElement":[{"@type":"ListItem","position":1,"name":"In\u00edcio","item":"https:\/\/portaltela.pt\/"},{"@type":"ListItem","position":2,"name":"Lewandowski oferece-se para ajudar Pietuszewski"}]},{"@type":"WebSite","@id":"https:\/\/portaltela.pt\/#website","url":"https:\/\/portaltela.pt\/","name":"Portal Tela Portugal","description":"","potentialAction":[{"@type":"SearchAction","target":{"@type":"EntryPoint","urlTemplate":"https:\/\/portaltela.pt\/?s={search_term_string}"},"query-input":{"@type":"PropertyValueSpecification","valueRequired":true,"valueName":"search_term_string"}}],"inLanguage":"pt-PT"},{"@type":"Person","@id":"https:\/\/portaltela.pt\/#\/schema\/person\/c4278d4a6028830caff9ee44b42d32ed","name":"Telinha","image":{"@type":"ImageObject","inLanguage":"pt-PT","@id":"https:\/\/portaltela.pt\/s.01k8rhncp4jt1\/2025\/11\/talking-bot-125x125.png","url":"https:\/\/portaltela.pt\/s.01k8rhncp4jt1\/2025\/11\/talking-bot-125x125.png","contentUrl":"https:\/\/portaltela.pt\/s.01k8rhncp4jt1\/2025\/11\/talking-bot-125x125.png","caption":"Telinha"},"sameAs":["https:\/\/portaltela.pt\/"],"url":"https:\/\/portaltela.pt\/por\/367410592786\/"}]}},"_links":{"self":[{"href":"https:\/\/portaltela.pt\/api\/wp\/v2\/posts\/418871","targetHints":{"allow":["GET"]}}],"collection":[{"href":"https:\/\/portaltela.pt\/api\/wp\/v2\/posts"}],"about":[{"href":"https:\/\/portaltela.pt\/api\/wp\/v2\/types\/post"}],"author":[{"embeddable":true,"href":"https:\/\/portaltela.pt\/api\/wp\/v2\/users\/2"}],"replies":[{"embeddable":true,"href":"https:\/\/portaltela.pt\/api\/wp\/v2\/comments?post=418871"}],"version-history":[{"count":0,"href":"https:\/\/portaltela.pt\/api\/wp\/v2\/posts\/418871\/revisions"}],"wp:featuredmedia":[{"embeddable":true,"href":"https:\/\/portaltela.pt\/api\/wp\/v2\/media\/418872"}],"wp:attachment":[{"href":"https:\/\/portaltela.pt\/api\/wp\/v2\/media?parent=418871"}],"wp:term":[{"taxonomy":"category","embeddable":true,"href":"https:\/\/portaltela.pt\/api\/wp\/v2\/categories?post=418871"},{"taxonomy":"post_tag","embeddable":true,"href":"https:\/\/portaltela.pt\/api\/wp\/v2\/tags?post=418871"}],"curies":[{"name":"wp","href":"https:\/\/api.w.org\/{rel}","templated":true}]}}