{"id":418863,"date":"2026-03-23T16:40:00","date_gmt":"2026-03-23T19:40:00","guid":{"rendered":"https:\/\/portaltela.pt\/noticias\/2026\/03\/23\/enfermeira-reformada-encontrada-morta-em-machico-filho-e-suspeito-de-homicidio\/"},"modified":"2026-03-23T16:40:00","modified_gmt":"2026-03-23T19:40:00","slug":"enfermeira-reformada-encontrada-morta-em-machico-filho-e-suspeito-de-homicidio","status":"publish","type":"post","link":"https:\/\/portaltela.pt\/policia\/2026\/03\/23\/enfermeira-reformada-encontrada-morta-em-machico-filho-e-suspeito-de-homicidio\/","title":{"rendered":"Enfermeira reformada encontrada morta em Machico; filho \u00e9 suspeito de homic\u00eddio"},"content":{"rendered":"<p>Uma enfermeira reformada foi encontrada morta na tarde desta segunda-feira, dentro de uma resid\u00eancia na freguesia de \u00c1gua de Pena, Machico, Madeira. A Pol\u00edcia Judici\u00e1ria (PJ) apura a hip\u00f3tese de homic\u00eddio, sendo o filho da v\u00edtima o principal suspeito, ainda a ser localizado.<\/p>\n<p>Elementos da PSP e dos Bombeiros Municipais de Machico ouviram a equipa de emerg\u00eancia ao chegarem ao local. A v\u00edtima apresentava ferimentos graves no pesco\u00e7o, possivelmente provocados por arma branca, segundo as primeiras avalia\u00e7\u00f5es no terreno.<\/p>\n<p>O alegado autor do crime ter\u00e1 antecedentes de perturba\u00e7\u00f5es mentais e j\u00e1 ter\u00e1 estado internado na Casa S\u00e3o Jo\u00e3o de Deus, indicaram as mesmas fontes. A PJ foi acionada e gere a investiga\u00e7\u00e3o, mantendo a serenidade nas informa\u00e7\u00f5es oficiais.<\/p>\n<h3>Desenvolvimento<\/h3>\n<p>As autoridades trabalham para confirmar a identidade do suspeito e para localiz\u00e1-lo com urg\u00eancia, dada a gravidade das suspeitas. N\u00e3o foram divulgados mais detalhes sobre eventuais motiva\u00e7\u00f5es ou circunst\u00e2ncias do crime.<\/p>\n<p>A investiga\u00e7\u00e3o est\u00e1 a decorrer com a colabora\u00e7\u00e3o de v\u00e1rias autoridades e servi\u00e7os de emerg\u00eancia, que garantem o encaminhamento adequado do caso a partir das evid\u00eancias recolhidas no local.<\/p>\n","protected":false},"excerpt":{"rendered":"<ul>\n<li>Uma enfermeira reformada foi encontrada morta numa casa na freguesia de \u00c1gua de Pena, Machico, Madeira, na tarde desta segunda-feira.<\/li>\n<li>A Pol\u00edcia Judici\u00e1ria (PJ) investiga a ocorr\u00eancia e privilegia a hip\u00f3tese de homic\u00eddio; o filho da v\u00edtima \u00e9 apontado como suspeito e est\u00e1 a ser procurado.<\/li>\n<li>Elementos da Pol\u00edcia de Seguran\u00e7a P\u00fablica (PSP) e os Bombeiros Municipais de Machico deslocaram-se ao local e encontraram a v\u00edtima com golpes profundos no pesco\u00e7o, possivelmente com arma branca.<\/li>\n<li>O suspeito tem antecedentes de perturba\u00e7\u00f5es mentais e j\u00e1 esteve internado na Casa S\u00e3o Jo\u00e3o de Deus, segundo fonte das autoridades.<\/li>\n<li>A PJ continua a apurar o caso.<\/li>\n<\/ul>\n","protected":false},"author":2,"featured_media":418870,"comment_status":"closed","ping_status":"closed","sticky":false,"template":"","format":"standard","meta":{"footnotes":""},"categories":[6907,6781],"tags":[147,2662,1345,1283,859,1802],"class_list":["post-418863","post","type-post","status-publish","format-standard","has-post-thumbnail","hentry","category-crime","category-policia","tag-crime","tag-enfermagem","tag-homicidio","tag-machico","tag-madeira","tag-policia-judiciaria"],"yoast_head":"<!-- This site is optimized with the Yoast SEO plugin v27.2 - https:\/\/yoast.com\/product\/yoast-seo-wordpress\/ -->\n<title>Enfermeira reformada encontrada morta em Machico; filho \u00e9 suspeito de homic\u00eddio - Portal Tela Portugal<\/title>\n<meta name=\"robots\" content=\"index, follow, max-snippet:-1, max-image-preview:large, max-video-preview:-1\" \/>\n<meta property=\"og:locale\" content=\"pt_PT\" \/>\n<meta property=\"og:type\" content=\"article\" \/>\n<meta property=\"og:title\" content=\"Enfermeira reformada encontrada morta em Machico; filho \u00e9 suspeito de homic\u00eddio - Portal Tela Portugal\" \/>\n<meta property=\"og:description\" content=\"Uma enfermeira reformada foi encontrada morta numa casa na freguesia de \u00c1gua de Pena, Machico, Madeira, na tarde desta segunda-feira. A Pol\u00edcia Judici\u00e1ria (PJ) investiga a ocorr\u00eancia e privilegia a hip\u00f3tese de homic\u00eddio; o filho da v\u00edtima \u00e9 apontado como suspeito e est\u00e1 a ser procurado. Elementos da Pol\u00edcia de Seguran\u00e7a P\u00fablica (PSP) e os Bombeiros Municipais de Machico deslocaram-se ao local e encontraram a v\u00edtima com golpes profundos no pesco\u00e7o, possivelmente com arma branca. O suspeito tem antecedentes de perturba\u00e7\u00f5es mentais e j\u00e1 esteve internado na Casa S\u00e3o Jo\u00e3o de Deus, segundo fonte das autoridades. A PJ continua a apurar o caso.\" \/>\n<meta property=\"og:url\" content=\"https:\/\/portaltela.pt\/noticias\/2026\/03\/23\/enfermeira-reformada-encontrada-morta-em-machico-filho-e-suspeito-de-homicidio\/\" \/>\n<meta property=\"og:site_name\" content=\"Portal Tela Portugal\" \/>\n<meta property=\"article:published_time\" content=\"2026-03-23T19:40:00+00:00\" \/>\n<meta name=\"author\" content=\"Telinha\" \/>\n<meta name=\"twitter:card\" content=\"summary_large_image\" \/>\n<meta name=\"twitter:label1\" content=\"Escrito por\" \/>\n\t<meta name=\"twitter:data1\" content=\"Telinha\" \/>\n\t<meta name=\"twitter:label2\" content=\"Tempo estimado de leitura\" \/>\n\t<meta name=\"twitter:data2\" content=\"1 minuto\" \/>\n<script type=\"application\/ld+json\" class=\"yoast-schema-graph\">{\"@context\":\"https:\/\/schema.org\",\"@graph\":[{\"@type\":\"Article\",\"@id\":\"https:\/\/portaltela.pt\/noticias\/2026\/03\/23\/enfermeira-reformada-encontrada-morta-em-machico-filho-e-suspeito-de-homicidio\/#article\",\"isPartOf\":{\"@id\":\"https:\/\/portaltela.pt\/noticias\/2026\/03\/23\/enfermeira-reformada-encontrada-morta-em-machico-filho-e-suspeito-de-homicidio\/\"},\"author\":{\"name\":\"Telinha\",\"@id\":\"https:\/\/portaltela.pt\/#\/schema\/person\/c4278d4a6028830caff9ee44b42d32ed\"},\"headline\":\"Enfermeira reformada encontrada morta em Machico; filho \u00e9 suspeito de homic\u00eddio\",\"datePublished\":\"2026-03-23T19:40:00+00:00\",\"mainEntityOfPage\":{\"@id\":\"https:\/\/portaltela.pt\/noticias\/2026\/03\/23\/enfermeira-reformada-encontrada-morta-em-machico-filho-e-suspeito-de-homicidio\/\"},\"wordCount\":216,\"image\":{\"@id\":\"https:\/\/portaltela.pt\/noticias\/2026\/03\/23\/enfermeira-reformada-encontrada-morta-em-machico-filho-e-suspeito-de-homicidio\/#primaryimage\"},\"thumbnailUrl\":\"https:\/\/portaltela.pt\/s.01k8rhncp4jt1\/2026\/03\/image-1414.jpg\",\"keywords\":[\"crime\",\"Enfermagem\",\"homic\u00eddio\",\"Machico\",\"Madeira\",\"Pol\u00edcia Judici\u00e1ria\"],\"articleSection\":[\"Crime\",\"Pol\u00edcia\"],\"inLanguage\":\"pt-PT\"},{\"@type\":\"WebPage\",\"@id\":\"https:\/\/portaltela.pt\/noticias\/2026\/03\/23\/enfermeira-reformada-encontrada-morta-em-machico-filho-e-suspeito-de-homicidio\/\",\"url\":\"https:\/\/portaltela.pt\/noticias\/2026\/03\/23\/enfermeira-reformada-encontrada-morta-em-machico-filho-e-suspeito-de-homicidio\/\",\"name\":\"Enfermeira reformada encontrada morta em Machico; filho \u00e9 suspeito de homic\u00eddio - Portal Tela Portugal\",\"isPartOf\":{\"@id\":\"https:\/\/portaltela.pt\/#website\"},\"primaryImageOfPage\":{\"@id\":\"https:\/\/portaltela.pt\/noticias\/2026\/03\/23\/enfermeira-reformada-encontrada-morta-em-machico-filho-e-suspeito-de-homicidio\/#primaryimage\"},\"image\":{\"@id\":\"https:\/\/portaltela.pt\/noticias\/2026\/03\/23\/enfermeira-reformada-encontrada-morta-em-machico-filho-e-suspeito-de-homicidio\/#primaryimage\"},\"thumbnailUrl\":\"https:\/\/portaltela.pt\/s.01k8rhncp4jt1\/2026\/03\/image-1414.jpg\",\"datePublished\":\"2026-03-23T19:40:00+00:00\",\"author\":{\"@id\":\"https:\/\/portaltela.pt\/#\/schema\/person\/c4278d4a6028830caff9ee44b42d32ed\"},\"breadcrumb\":{\"@id\":\"https:\/\/portaltela.pt\/noticias\/2026\/03\/23\/enfermeira-reformada-encontrada-morta-em-machico-filho-e-suspeito-de-homicidio\/#breadcrumb\"},\"inLanguage\":\"pt-PT\",\"potentialAction\":[{\"@type\":\"ReadAction\",\"target\":[\"https:\/\/portaltela.pt\/noticias\/2026\/03\/23\/enfermeira-reformada-encontrada-morta-em-machico-filho-e-suspeito-de-homicidio\/\"]}]},{\"@type\":\"ImageObject\",\"inLanguage\":\"pt-PT\",\"@id\":\"https:\/\/portaltela.pt\/noticias\/2026\/03\/23\/enfermeira-reformada-encontrada-morta-em-machico-filho-e-suspeito-de-homicidio\/#primaryimage\",\"url\":\"https:\/\/portaltela.pt\/s.01k8rhncp4jt1\/2026\/03\/image-1414.jpg\",\"contentUrl\":\"https:\/\/portaltela.pt\/s.01k8rhncp4jt1\/2026\/03\/image-1414.jpg\",\"width\":796,\"height\":448,\"caption\":\"A PJ est\u00e1 a investigar\"},{\"@type\":\"BreadcrumbList\",\"@id\":\"https:\/\/portaltela.pt\/noticias\/2026\/03\/23\/enfermeira-reformada-encontrada-morta-em-machico-filho-e-suspeito-de-homicidio\/#breadcrumb\",\"itemListElement\":[{\"@type\":\"ListItem\",\"position\":1,\"name\":\"In\u00edcio\",\"item\":\"https:\/\/portaltela.pt\/\"},{\"@type\":\"ListItem\",\"position\":2,\"name\":\"Enfermeira reformada encontrada morta em Machico; filho \u00e9 suspeito de homic\u00eddio\"}]},{\"@type\":\"WebSite\",\"@id\":\"https:\/\/portaltela.pt\/#website\",\"url\":\"https:\/\/portaltela.pt\/\",\"name\":\"Portal Tela Portugal\",\"description\":\"\",\"potentialAction\":[{\"@type\":\"SearchAction\",\"target\":{\"@type\":\"EntryPoint\",\"urlTemplate\":\"https:\/\/portaltela.pt\/?s={search_term_string}\"},\"query-input\":{\"@type\":\"PropertyValueSpecification\",\"valueRequired\":true,\"valueName\":\"search_term_string\"}}],\"inLanguage\":\"pt-PT\"},{\"@type\":\"Person\",\"@id\":\"https:\/\/portaltela.pt\/#\/schema\/person\/c4278d4a6028830caff9ee44b42d32ed\",\"name\":\"Telinha\",\"image\":{\"@type\":\"ImageObject\",\"inLanguage\":\"pt-PT\",\"@id\":\"https:\/\/portaltela.pt\/s.01k8rhncp4jt1\/2025\/11\/talking-bot-125x125.png\",\"url\":\"https:\/\/portaltela.pt\/s.01k8rhncp4jt1\/2025\/11\/talking-bot-125x125.png\",\"contentUrl\":\"https:\/\/portaltela.pt\/s.01k8rhncp4jt1\/2025\/11\/talking-bot-125x125.png\",\"caption\":\"Telinha\"},\"sameAs\":[\"https:\/\/portaltela.pt\/\"],\"url\":\"https:\/\/portaltela.pt\/por\/367410592786\/\"}]}<\/script>\n<!-- \/ Yoast SEO plugin. -->","yoast_head_json":{"title":"Enfermeira reformada encontrada morta em Machico; filho \u00e9 suspeito de homic\u00eddio - Portal Tela Portugal","robots":{"index":"index","follow":"follow","max-snippet":"max-snippet:-1","max-image-preview":"max-image-preview:large","max-video-preview":"max-video-preview:-1"},"og_locale":"pt_PT","og_type":"article","og_title":"Enfermeira reformada encontrada morta em Machico; filho \u00e9 suspeito de homic\u00eddio - Portal Tela Portugal","og_description":"Uma enfermeira reformada foi encontrada morta numa casa na freguesia de \u00c1gua de Pena, Machico, Madeira, na tarde desta segunda-feira. A Pol\u00edcia Judici\u00e1ria (PJ) investiga a ocorr\u00eancia e privilegia a hip\u00f3tese de homic\u00eddio; o filho da v\u00edtima \u00e9 apontado como suspeito e est\u00e1 a ser procurado. Elementos da Pol\u00edcia de Seguran\u00e7a P\u00fablica (PSP) e os Bombeiros Municipais de Machico deslocaram-se ao local e encontraram a v\u00edtima com golpes profundos no pesco\u00e7o, possivelmente com arma branca. O suspeito tem antecedentes de perturba\u00e7\u00f5es mentais e j\u00e1 esteve internado na Casa S\u00e3o Jo\u00e3o de Deus, segundo fonte das autoridades. A PJ continua a apurar o caso.","og_url":"https:\/\/portaltela.pt\/noticias\/2026\/03\/23\/enfermeira-reformada-encontrada-morta-em-machico-filho-e-suspeito-de-homicidio\/","og_site_name":"Portal Tela Portugal","article_published_time":"2026-03-23T19:40:00+00:00","author":"Telinha","twitter_card":"summary_large_image","twitter_misc":{"Escrito por":"Telinha","Tempo estimado de leitura":"1 minuto"},"schema":{"@context":"https:\/\/schema.org","@graph":[{"@type":"Article","@id":"https:\/\/portaltela.pt\/noticias\/2026\/03\/23\/enfermeira-reformada-encontrada-morta-em-machico-filho-e-suspeito-de-homicidio\/#article","isPartOf":{"@id":"https:\/\/portaltela.pt\/noticias\/2026\/03\/23\/enfermeira-reformada-encontrada-morta-em-machico-filho-e-suspeito-de-homicidio\/"},"author":{"name":"Telinha","@id":"https:\/\/portaltela.pt\/#\/schema\/person\/c4278d4a6028830caff9ee44b42d32ed"},"headline":"Enfermeira reformada encontrada morta em Machico; filho \u00e9 suspeito de homic\u00eddio","datePublished":"2026-03-23T19:40:00+00:00","mainEntityOfPage":{"@id":"https:\/\/portaltela.pt\/noticias\/2026\/03\/23\/enfermeira-reformada-encontrada-morta-em-machico-filho-e-suspeito-de-homicidio\/"},"wordCount":216,"image":{"@id":"https:\/\/portaltela.pt\/noticias\/2026\/03\/23\/enfermeira-reformada-encontrada-morta-em-machico-filho-e-suspeito-de-homicidio\/#primaryimage"},"thumbnailUrl":"https:\/\/portaltela.pt\/s.01k8rhncp4jt1\/2026\/03\/image-1414.jpg","keywords":["crime","Enfermagem","homic\u00eddio","Machico","Madeira","Pol\u00edcia Judici\u00e1ria"],"articleSection":["Crime","Pol\u00edcia"],"inLanguage":"pt-PT"},{"@type":"WebPage","@id":"https:\/\/portaltela.pt\/noticias\/2026\/03\/23\/enfermeira-reformada-encontrada-morta-em-machico-filho-e-suspeito-de-homicidio\/","url":"https:\/\/portaltela.pt\/noticias\/2026\/03\/23\/enfermeira-reformada-encontrada-morta-em-machico-filho-e-suspeito-de-homicidio\/","name":"Enfermeira reformada encontrada morta em Machico; filho \u00e9 suspeito de homic\u00eddio - Portal Tela Portugal","isPartOf":{"@id":"https:\/\/portaltela.pt\/#website"},"primaryImageOfPage":{"@id":"https:\/\/portaltela.pt\/noticias\/2026\/03\/23\/enfermeira-reformada-encontrada-morta-em-machico-filho-e-suspeito-de-homicidio\/#primaryimage"},"image":{"@id":"https:\/\/portaltela.pt\/noticias\/2026\/03\/23\/enfermeira-reformada-encontrada-morta-em-machico-filho-e-suspeito-de-homicidio\/#primaryimage"},"thumbnailUrl":"https:\/\/portaltela.pt\/s.01k8rhncp4jt1\/2026\/03\/image-1414.jpg","datePublished":"2026-03-23T19:40:00+00:00","author":{"@id":"https:\/\/portaltela.pt\/#\/schema\/person\/c4278d4a6028830caff9ee44b42d32ed"},"breadcrumb":{"@id":"https:\/\/portaltela.pt\/noticias\/2026\/03\/23\/enfermeira-reformada-encontrada-morta-em-machico-filho-e-suspeito-de-homicidio\/#breadcrumb"},"inLanguage":"pt-PT","potentialAction":[{"@type":"ReadAction","target":["https:\/\/portaltela.pt\/noticias\/2026\/03\/23\/enfermeira-reformada-encontrada-morta-em-machico-filho-e-suspeito-de-homicidio\/"]}]},{"@type":"ImageObject","inLanguage":"pt-PT","@id":"https:\/\/portaltela.pt\/noticias\/2026\/03\/23\/enfermeira-reformada-encontrada-morta-em-machico-filho-e-suspeito-de-homicidio\/#primaryimage","url":"https:\/\/portaltela.pt\/s.01k8rhncp4jt1\/2026\/03\/image-1414.jpg","contentUrl":"https:\/\/portaltela.pt\/s.01k8rhncp4jt1\/2026\/03\/image-1414.jpg","width":796,"height":448,"caption":"A PJ est\u00e1 a investigar"},{"@type":"BreadcrumbList","@id":"https:\/\/portaltela.pt\/noticias\/2026\/03\/23\/enfermeira-reformada-encontrada-morta-em-machico-filho-e-suspeito-de-homicidio\/#breadcrumb","itemListElement":[{"@type":"ListItem","position":1,"name":"In\u00edcio","item":"https:\/\/portaltela.pt\/"},{"@type":"ListItem","position":2,"name":"Enfermeira reformada encontrada morta em Machico; filho \u00e9 suspeito de homic\u00eddio"}]},{"@type":"WebSite","@id":"https:\/\/portaltela.pt\/#website","url":"https:\/\/portaltela.pt\/","name":"Portal Tela Portugal","description":"","potentialAction":[{"@type":"SearchAction","target":{"@type":"EntryPoint","urlTemplate":"https:\/\/portaltela.pt\/?s={search_term_string}"},"query-input":{"@type":"PropertyValueSpecification","valueRequired":true,"valueName":"search_term_string"}}],"inLanguage":"pt-PT"},{"@type":"Person","@id":"https:\/\/portaltela.pt\/#\/schema\/person\/c4278d4a6028830caff9ee44b42d32ed","name":"Telinha","image":{"@type":"ImageObject","inLanguage":"pt-PT","@id":"https:\/\/portaltela.pt\/s.01k8rhncp4jt1\/2025\/11\/talking-bot-125x125.png","url":"https:\/\/portaltela.pt\/s.01k8rhncp4jt1\/2025\/11\/talking-bot-125x125.png","contentUrl":"https:\/\/portaltela.pt\/s.01k8rhncp4jt1\/2025\/11\/talking-bot-125x125.png","caption":"Telinha"},"sameAs":["https:\/\/portaltela.pt\/"],"url":"https:\/\/portaltela.pt\/por\/367410592786\/"}]}},"_links":{"self":[{"href":"https:\/\/portaltela.pt\/api\/wp\/v2\/posts\/418863","targetHints":{"allow":["GET"]}}],"collection":[{"href":"https:\/\/portaltela.pt\/api\/wp\/v2\/posts"}],"about":[{"href":"https:\/\/portaltela.pt\/api\/wp\/v2\/types\/post"}],"author":[{"embeddable":true,"href":"https:\/\/portaltela.pt\/api\/wp\/v2\/users\/2"}],"replies":[{"embeddable":true,"href":"https:\/\/portaltela.pt\/api\/wp\/v2\/comments?post=418863"}],"version-history":[{"count":0,"href":"https:\/\/portaltela.pt\/api\/wp\/v2\/posts\/418863\/revisions"}],"wp:featuredmedia":[{"embeddable":true,"href":"https:\/\/portaltela.pt\/api\/wp\/v2\/media\/418870"}],"wp:attachment":[{"href":"https:\/\/portaltela.pt\/api\/wp\/v2\/media?parent=418863"}],"wp:term":[{"taxonomy":"category","embeddable":true,"href":"https:\/\/portaltela.pt\/api\/wp\/v2\/categories?post=418863"},{"taxonomy":"post_tag","embeddable":true,"href":"https:\/\/portaltela.pt\/api\/wp\/v2\/tags?post=418863"}],"curies":[{"name":"wp","href":"https:\/\/api.w.org\/{rel}","templated":true}]}}