{"id":418849,"date":"2026-03-23T16:23:46","date_gmt":"2026-03-23T19:23:46","guid":{"rendered":"https:\/\/portaltela.pt\/noticias\/2026\/03\/23\/setubal-quer-abrir-acessos-as-praias-ate-ao-verao-situacao-continua-preocupante\/"},"modified":"2026-03-23T16:23:46","modified_gmt":"2026-03-23T19:23:46","slug":"setubal-quer-abrir-acessos-as-praias-ate-ao-verao-situacao-continua-preocupante","status":"publish","type":"post","link":"https:\/\/portaltela.pt\/tempo\/2026\/03\/23\/setubal-quer-abrir-acessos-as-praias-ate-ao-verao-situacao-continua-preocupante\/","title":{"rendered":"Set\u00fabal quer abrir acessos \u00e0s praias at\u00e9 ao ver\u00e3o, situa\u00e7\u00e3o continua preocupante"},"content":{"rendered":"<p>A C\u00e2mara Municipal de Set\u00fabal visa reabrir os acessos \u00e0s praias at\u00e9 ao ver\u00e3o, mantendo, no entanto, a avalia\u00e7\u00e3o de que a situa\u00e7\u00e3o das estradas destru\u00eddas pelas tempestades continua preocupante. As obras de emerg\u00eancia concentram-se nas vias principais, em parceria com a Infraestruturas de Portugal.<\/p>\n<p>A Presidente da C\u00e2mara, Maria das Dores Meira, indicou que o acesso \u00e0s praias de Albarquel e da Figueirinha dever\u00e1 ficar normalizado antes do ver\u00e3o. O trajeto at\u00e9 Albarquel est\u00e1 previsto como conclu\u00eddo, enquanto o acesso \u00e0 Figueirinha dever\u00e1 ocorrer pela estrada do alto da serra.<\/p>\n<p>Entretanto, persiste o risco de derrocada de uma rocha de mais de mil toneladas num tro\u00e7o da estrada do C\u00edrio (Estrada Nacional 379-1), entre a Figueirinha e o portinho da Arr\u00e1bida. Est\u00e3o em curso estudos sobre a instabilidade provocada por desmoronamentos e desloca\u00e7\u00e3o de detritos.<\/p>\n<h3>Situa\u00e7\u00e3o das vias e interven\u00e7\u00f5es emergentes<\/h3>\n<p>Segundo a autarca, a solu\u00e7\u00e3o depende de um estudo encomendado pela cimenteira Secil, que determinar\u00e1 o tipo de interven\u00e7\u00e3o necess\u00e1ria para reabrir o tro\u00e7o da Estrada do C\u00edrio. Enquanto isso, prosseguem trabalhos de emerg\u00eancia nas vias cortadas, em articula\u00e7\u00e3o com a IP, com foco no acesso ao Hospital do Out\u00e3o, junto \u00e0 Figueirinha.<\/p>\n<p>A respons\u00e1vel municipal destacou que ainda n\u00e3o est\u00e1 definida a fonte de financiamento para as obras, pois a legisla\u00e7\u00e3o anunciada pelo Governo para apoiar os munic\u00edpios ainda n\u00e3o foi publicada. O investimento p\u00fablico anunciado pelo Minist\u00e9rio das Infraestruturas \u00e9 referido como crucial, com a possibilidade de apoio atrav\u00e9s do PTRR para reduzir impactos das tempestades.<\/p>\n<h3>Perspectivas e financiamento<\/h3>\n<p>Meira afirmou que Set\u00fabal n\u00e3o tem, por si s\u00f3, capacidade financeira para as interven\u00e7\u00f5es necess\u00e1rias, sublinhando a necessidade de apoio external. A autarca mencionou a possibilidade de recursos atrav\u00e9s de fundos nacionais para obras de resili\u00eancia at\u00e9 que o quadro legislativo se torne efetivo.<\/p>\n","protected":false},"excerpt":{"rendered":"<ul>\n<li>A C\u00e2mara de Set\u00fabal quer ter os acessos \u00e0s praias de Albarquel e da Figueirinha normalizados at\u00e9 ao ver\u00e3o, apesar de a situa\u00e7\u00e3o ainda ser preocupante.<\/li>\n<li>Est\u00e3o a decorrer trabalhos de emerg\u00eancia nas vias cortadas, em articula\u00e7\u00e3o com a Infraestruturas de Portugal, incluindo os acessos ao Hospital do Out\u00e3o.<\/li>\n<li>Permanece o risco de derrocada de uma rocha com mais de mil toneladas num tro\u00e7o da estrada do C\u00edrio, entre a praia da Figueirinha e o portinho da Arr\u00e1bida.<\/li>\n<li>A solu\u00e7\u00e3o depende de um estudo encomendado pela cimenteira Secil; apenas depois desse estudo ser\u00e1 poss\u00edvel determinar o tipo de interven\u00e7\u00e3o necess\u00e1ria.<\/li>\n<li>O Governo ainda n\u00e3o publicou legisla\u00e7\u00e3o de financiamento; a autarca indica que o munic\u00edpio n\u00e3o tem capacidade financeira para as obras e espera apoio do PTRR.<\/li>\n<\/ul>\n","protected":false},"author":2,"featured_media":418853,"comment_status":"closed","ping_status":"closed","sticky":false,"template":"","format":"standard","meta":{"footnotes":""},"categories":[7380,7365],"tags":[5928,1083,7456,34,2698,994],"class_list":["post-418849","post","type-post","status-publish","format-standard","has-post-thumbnail","hentry","category-clima","category-tempo","tag-emergencia","tag-estradas","tag-fundos","tag-governo","tag-infraestruturas-de-portugal","tag-setubal"],"yoast_head":"<!-- This site is optimized with the Yoast SEO plugin v27.2 - https:\/\/yoast.com\/product\/yoast-seo-wordpress\/ -->\n<title>Set\u00fabal quer abrir acessos \u00e0s praias at\u00e9 ao ver\u00e3o, situa\u00e7\u00e3o continua preocupante - Portal Tela Portugal<\/title>\n<meta name=\"robots\" content=\"index, follow, max-snippet:-1, max-image-preview:large, max-video-preview:-1\" \/>\n<meta property=\"og:locale\" content=\"pt_PT\" \/>\n<meta property=\"og:type\" content=\"article\" \/>\n<meta property=\"og:title\" content=\"Set\u00fabal quer abrir acessos \u00e0s praias at\u00e9 ao ver\u00e3o, situa\u00e7\u00e3o continua preocupante - Portal Tela Portugal\" \/>\n<meta property=\"og:description\" content=\"A C\u00e2mara de Set\u00fabal quer ter os acessos \u00e0s praias de Albarquel e da Figueirinha normalizados at\u00e9 ao ver\u00e3o, apesar de a situa\u00e7\u00e3o ainda ser preocupante. Est\u00e3o a decorrer trabalhos de emerg\u00eancia nas vias cortadas, em articula\u00e7\u00e3o com a Infraestruturas de Portugal, incluindo os acessos ao Hospital do Out\u00e3o. Permanece o risco de derrocada de uma rocha com mais de mil toneladas num tro\u00e7o da estrada do C\u00edrio, entre a praia da Figueirinha e o portinho da Arr\u00e1bida. A solu\u00e7\u00e3o depende de um estudo encomendado pela cimenteira Secil; apenas depois desse estudo ser\u00e1 poss\u00edvel determinar o tipo de interven\u00e7\u00e3o necess\u00e1ria. O Governo ainda n\u00e3o publicou legisla\u00e7\u00e3o de financiamento; a autarca indica que o munic\u00edpio n\u00e3o tem capacidade financeira para as obras e espera apoio do PTRR.\" \/>\n<meta property=\"og:url\" content=\"https:\/\/portaltela.pt\/noticias\/2026\/03\/23\/setubal-quer-abrir-acessos-as-praias-ate-ao-verao-situacao-continua-preocupante\/\" \/>\n<meta property=\"og:site_name\" content=\"Portal Tela Portugal\" \/>\n<meta property=\"article:published_time\" content=\"2026-03-23T19:23:46+00:00\" \/>\n<meta name=\"author\" content=\"Telinha\" \/>\n<meta name=\"twitter:card\" content=\"summary_large_image\" \/>\n<meta name=\"twitter:label1\" content=\"Escrito por\" \/>\n\t<meta name=\"twitter:data1\" content=\"Telinha\" \/>\n\t<meta name=\"twitter:label2\" content=\"Tempo estimado de leitura\" \/>\n\t<meta name=\"twitter:data2\" content=\"2 minutos\" \/>\n<script type=\"application\/ld+json\" class=\"yoast-schema-graph\">{\"@context\":\"https:\/\/schema.org\",\"@graph\":[{\"@type\":\"Article\",\"@id\":\"https:\/\/portaltela.pt\/noticias\/2026\/03\/23\/setubal-quer-abrir-acessos-as-praias-ate-ao-verao-situacao-continua-preocupante\/#article\",\"isPartOf\":{\"@id\":\"https:\/\/portaltela.pt\/noticias\/2026\/03\/23\/setubal-quer-abrir-acessos-as-praias-ate-ao-verao-situacao-continua-preocupante\/\"},\"author\":{\"name\":\"Telinha\",\"@id\":\"https:\/\/portaltela.pt\/#\/schema\/person\/c4278d4a6028830caff9ee44b42d32ed\"},\"headline\":\"Set\u00fabal quer abrir acessos \u00e0s praias at\u00e9 ao ver\u00e3o, situa\u00e7\u00e3o continua preocupante\",\"datePublished\":\"2026-03-23T19:23:46+00:00\",\"mainEntityOfPage\":{\"@id\":\"https:\/\/portaltela.pt\/noticias\/2026\/03\/23\/setubal-quer-abrir-acessos-as-praias-ate-ao-verao-situacao-continua-preocupante\/\"},\"wordCount\":348,\"image\":{\"@id\":\"https:\/\/portaltela.pt\/noticias\/2026\/03\/23\/setubal-quer-abrir-acessos-as-praias-ate-ao-verao-situacao-continua-preocupante\/#primaryimage\"},\"thumbnailUrl\":\"https:\/\/portaltela.pt\/s.01k8rhncp4jt1\/2026\/03\/img_1500x1000uu2022-05-10-13-32-55-1148195.jpg\",\"keywords\":[\"emerg\u00eancia\",\"estradas\",\"fundos\",\"governo\",\"Infraestruturas de Portugal\",\"Set\u00fabal\"],\"articleSection\":[\"Clima\",\"Tempo\"],\"inLanguage\":\"pt-PT\"},{\"@type\":\"WebPage\",\"@id\":\"https:\/\/portaltela.pt\/noticias\/2026\/03\/23\/setubal-quer-abrir-acessos-as-praias-ate-ao-verao-situacao-continua-preocupante\/\",\"url\":\"https:\/\/portaltela.pt\/noticias\/2026\/03\/23\/setubal-quer-abrir-acessos-as-praias-ate-ao-verao-situacao-continua-preocupante\/\",\"name\":\"Set\u00fabal quer abrir acessos \u00e0s praias at\u00e9 ao ver\u00e3o, situa\u00e7\u00e3o continua preocupante - Portal Tela Portugal\",\"isPartOf\":{\"@id\":\"https:\/\/portaltela.pt\/#website\"},\"primaryImageOfPage\":{\"@id\":\"https:\/\/portaltela.pt\/noticias\/2026\/03\/23\/setubal-quer-abrir-acessos-as-praias-ate-ao-verao-situacao-continua-preocupante\/#primaryimage\"},\"image\":{\"@id\":\"https:\/\/portaltela.pt\/noticias\/2026\/03\/23\/setubal-quer-abrir-acessos-as-praias-ate-ao-verao-situacao-continua-preocupante\/#primaryimage\"},\"thumbnailUrl\":\"https:\/\/portaltela.pt\/s.01k8rhncp4jt1\/2026\/03\/img_1500x1000uu2022-05-10-13-32-55-1148195.jpg\",\"datePublished\":\"2026-03-23T19:23:46+00:00\",\"author\":{\"@id\":\"https:\/\/portaltela.pt\/#\/schema\/person\/c4278d4a6028830caff9ee44b42d32ed\"},\"breadcrumb\":{\"@id\":\"https:\/\/portaltela.pt\/noticias\/2026\/03\/23\/setubal-quer-abrir-acessos-as-praias-ate-ao-verao-situacao-continua-preocupante\/#breadcrumb\"},\"inLanguage\":\"pt-PT\",\"potentialAction\":[{\"@type\":\"ReadAction\",\"target\":[\"https:\/\/portaltela.pt\/noticias\/2026\/03\/23\/setubal-quer-abrir-acessos-as-praias-ate-ao-verao-situacao-continua-preocupante\/\"]}]},{\"@type\":\"ImageObject\",\"inLanguage\":\"pt-PT\",\"@id\":\"https:\/\/portaltela.pt\/noticias\/2026\/03\/23\/setubal-quer-abrir-acessos-as-praias-ate-ao-verao-situacao-continua-preocupante\/#primaryimage\",\"url\":\"https:\/\/portaltela.pt\/s.01k8rhncp4jt1\/2026\/03\/img_1500x1000uu2022-05-10-13-32-55-1148195.jpg\",\"contentUrl\":\"https:\/\/portaltela.pt\/s.01k8rhncp4jt1\/2026\/03\/img_1500x1000uu2022-05-10-13-32-55-1148195.jpg\",\"width\":796,\"height\":448,\"caption\":\"C\u00e2mara Municipal de Set\u00fabal\"},{\"@type\":\"BreadcrumbList\",\"@id\":\"https:\/\/portaltela.pt\/noticias\/2026\/03\/23\/setubal-quer-abrir-acessos-as-praias-ate-ao-verao-situacao-continua-preocupante\/#breadcrumb\",\"itemListElement\":[{\"@type\":\"ListItem\",\"position\":1,\"name\":\"In\u00edcio\",\"item\":\"https:\/\/portaltela.pt\/\"},{\"@type\":\"ListItem\",\"position\":2,\"name\":\"Set\u00fabal quer abrir acessos \u00e0s praias at\u00e9 ao ver\u00e3o, situa\u00e7\u00e3o continua preocupante\"}]},{\"@type\":\"WebSite\",\"@id\":\"https:\/\/portaltela.pt\/#website\",\"url\":\"https:\/\/portaltela.pt\/\",\"name\":\"Portal Tela Portugal\",\"description\":\"\",\"potentialAction\":[{\"@type\":\"SearchAction\",\"target\":{\"@type\":\"EntryPoint\",\"urlTemplate\":\"https:\/\/portaltela.pt\/?s={search_term_string}\"},\"query-input\":{\"@type\":\"PropertyValueSpecification\",\"valueRequired\":true,\"valueName\":\"search_term_string\"}}],\"inLanguage\":\"pt-PT\"},{\"@type\":\"Person\",\"@id\":\"https:\/\/portaltela.pt\/#\/schema\/person\/c4278d4a6028830caff9ee44b42d32ed\",\"name\":\"Telinha\",\"image\":{\"@type\":\"ImageObject\",\"inLanguage\":\"pt-PT\",\"@id\":\"https:\/\/portaltela.pt\/s.01k8rhncp4jt1\/2025\/11\/talking-bot-125x125.png\",\"url\":\"https:\/\/portaltela.pt\/s.01k8rhncp4jt1\/2025\/11\/talking-bot-125x125.png\",\"contentUrl\":\"https:\/\/portaltela.pt\/s.01k8rhncp4jt1\/2025\/11\/talking-bot-125x125.png\",\"caption\":\"Telinha\"},\"sameAs\":[\"https:\/\/portaltela.pt\/\"],\"url\":\"https:\/\/portaltela.pt\/por\/367410592786\/\"}]}<\/script>\n<!-- \/ Yoast SEO plugin. -->","yoast_head_json":{"title":"Set\u00fabal quer abrir acessos \u00e0s praias at\u00e9 ao ver\u00e3o, situa\u00e7\u00e3o continua preocupante - Portal Tela Portugal","robots":{"index":"index","follow":"follow","max-snippet":"max-snippet:-1","max-image-preview":"max-image-preview:large","max-video-preview":"max-video-preview:-1"},"og_locale":"pt_PT","og_type":"article","og_title":"Set\u00fabal quer abrir acessos \u00e0s praias at\u00e9 ao ver\u00e3o, situa\u00e7\u00e3o continua preocupante - Portal Tela Portugal","og_description":"A C\u00e2mara de Set\u00fabal quer ter os acessos \u00e0s praias de Albarquel e da Figueirinha normalizados at\u00e9 ao ver\u00e3o, apesar de a situa\u00e7\u00e3o ainda ser preocupante. Est\u00e3o a decorrer trabalhos de emerg\u00eancia nas vias cortadas, em articula\u00e7\u00e3o com a Infraestruturas de Portugal, incluindo os acessos ao Hospital do Out\u00e3o. Permanece o risco de derrocada de uma rocha com mais de mil toneladas num tro\u00e7o da estrada do C\u00edrio, entre a praia da Figueirinha e o portinho da Arr\u00e1bida. A solu\u00e7\u00e3o depende de um estudo encomendado pela cimenteira Secil; apenas depois desse estudo ser\u00e1 poss\u00edvel determinar o tipo de interven\u00e7\u00e3o necess\u00e1ria. O Governo ainda n\u00e3o publicou legisla\u00e7\u00e3o de financiamento; a autarca indica que o munic\u00edpio n\u00e3o tem capacidade financeira para as obras e espera apoio do PTRR.","og_url":"https:\/\/portaltela.pt\/noticias\/2026\/03\/23\/setubal-quer-abrir-acessos-as-praias-ate-ao-verao-situacao-continua-preocupante\/","og_site_name":"Portal Tela Portugal","article_published_time":"2026-03-23T19:23:46+00:00","author":"Telinha","twitter_card":"summary_large_image","twitter_misc":{"Escrito por":"Telinha","Tempo estimado de leitura":"2 minutos"},"schema":{"@context":"https:\/\/schema.org","@graph":[{"@type":"Article","@id":"https:\/\/portaltela.pt\/noticias\/2026\/03\/23\/setubal-quer-abrir-acessos-as-praias-ate-ao-verao-situacao-continua-preocupante\/#article","isPartOf":{"@id":"https:\/\/portaltela.pt\/noticias\/2026\/03\/23\/setubal-quer-abrir-acessos-as-praias-ate-ao-verao-situacao-continua-preocupante\/"},"author":{"name":"Telinha","@id":"https:\/\/portaltela.pt\/#\/schema\/person\/c4278d4a6028830caff9ee44b42d32ed"},"headline":"Set\u00fabal quer abrir acessos \u00e0s praias at\u00e9 ao ver\u00e3o, situa\u00e7\u00e3o continua preocupante","datePublished":"2026-03-23T19:23:46+00:00","mainEntityOfPage":{"@id":"https:\/\/portaltela.pt\/noticias\/2026\/03\/23\/setubal-quer-abrir-acessos-as-praias-ate-ao-verao-situacao-continua-preocupante\/"},"wordCount":348,"image":{"@id":"https:\/\/portaltela.pt\/noticias\/2026\/03\/23\/setubal-quer-abrir-acessos-as-praias-ate-ao-verao-situacao-continua-preocupante\/#primaryimage"},"thumbnailUrl":"https:\/\/portaltela.pt\/s.01k8rhncp4jt1\/2026\/03\/img_1500x1000uu2022-05-10-13-32-55-1148195.jpg","keywords":["emerg\u00eancia","estradas","fundos","governo","Infraestruturas de Portugal","Set\u00fabal"],"articleSection":["Clima","Tempo"],"inLanguage":"pt-PT"},{"@type":"WebPage","@id":"https:\/\/portaltela.pt\/noticias\/2026\/03\/23\/setubal-quer-abrir-acessos-as-praias-ate-ao-verao-situacao-continua-preocupante\/","url":"https:\/\/portaltela.pt\/noticias\/2026\/03\/23\/setubal-quer-abrir-acessos-as-praias-ate-ao-verao-situacao-continua-preocupante\/","name":"Set\u00fabal quer abrir acessos \u00e0s praias at\u00e9 ao ver\u00e3o, situa\u00e7\u00e3o continua preocupante - Portal Tela Portugal","isPartOf":{"@id":"https:\/\/portaltela.pt\/#website"},"primaryImageOfPage":{"@id":"https:\/\/portaltela.pt\/noticias\/2026\/03\/23\/setubal-quer-abrir-acessos-as-praias-ate-ao-verao-situacao-continua-preocupante\/#primaryimage"},"image":{"@id":"https:\/\/portaltela.pt\/noticias\/2026\/03\/23\/setubal-quer-abrir-acessos-as-praias-ate-ao-verao-situacao-continua-preocupante\/#primaryimage"},"thumbnailUrl":"https:\/\/portaltela.pt\/s.01k8rhncp4jt1\/2026\/03\/img_1500x1000uu2022-05-10-13-32-55-1148195.jpg","datePublished":"2026-03-23T19:23:46+00:00","author":{"@id":"https:\/\/portaltela.pt\/#\/schema\/person\/c4278d4a6028830caff9ee44b42d32ed"},"breadcrumb":{"@id":"https:\/\/portaltela.pt\/noticias\/2026\/03\/23\/setubal-quer-abrir-acessos-as-praias-ate-ao-verao-situacao-continua-preocupante\/#breadcrumb"},"inLanguage":"pt-PT","potentialAction":[{"@type":"ReadAction","target":["https:\/\/portaltela.pt\/noticias\/2026\/03\/23\/setubal-quer-abrir-acessos-as-praias-ate-ao-verao-situacao-continua-preocupante\/"]}]},{"@type":"ImageObject","inLanguage":"pt-PT","@id":"https:\/\/portaltela.pt\/noticias\/2026\/03\/23\/setubal-quer-abrir-acessos-as-praias-ate-ao-verao-situacao-continua-preocupante\/#primaryimage","url":"https:\/\/portaltela.pt\/s.01k8rhncp4jt1\/2026\/03\/img_1500x1000uu2022-05-10-13-32-55-1148195.jpg","contentUrl":"https:\/\/portaltela.pt\/s.01k8rhncp4jt1\/2026\/03\/img_1500x1000uu2022-05-10-13-32-55-1148195.jpg","width":796,"height":448,"caption":"C\u00e2mara Municipal de Set\u00fabal"},{"@type":"BreadcrumbList","@id":"https:\/\/portaltela.pt\/noticias\/2026\/03\/23\/setubal-quer-abrir-acessos-as-praias-ate-ao-verao-situacao-continua-preocupante\/#breadcrumb","itemListElement":[{"@type":"ListItem","position":1,"name":"In\u00edcio","item":"https:\/\/portaltela.pt\/"},{"@type":"ListItem","position":2,"name":"Set\u00fabal quer abrir acessos \u00e0s praias at\u00e9 ao ver\u00e3o, situa\u00e7\u00e3o continua preocupante"}]},{"@type":"WebSite","@id":"https:\/\/portaltela.pt\/#website","url":"https:\/\/portaltela.pt\/","name":"Portal Tela Portugal","description":"","potentialAction":[{"@type":"SearchAction","target":{"@type":"EntryPoint","urlTemplate":"https:\/\/portaltela.pt\/?s={search_term_string}"},"query-input":{"@type":"PropertyValueSpecification","valueRequired":true,"valueName":"search_term_string"}}],"inLanguage":"pt-PT"},{"@type":"Person","@id":"https:\/\/portaltela.pt\/#\/schema\/person\/c4278d4a6028830caff9ee44b42d32ed","name":"Telinha","image":{"@type":"ImageObject","inLanguage":"pt-PT","@id":"https:\/\/portaltela.pt\/s.01k8rhncp4jt1\/2025\/11\/talking-bot-125x125.png","url":"https:\/\/portaltela.pt\/s.01k8rhncp4jt1\/2025\/11\/talking-bot-125x125.png","contentUrl":"https:\/\/portaltela.pt\/s.01k8rhncp4jt1\/2025\/11\/talking-bot-125x125.png","caption":"Telinha"},"sameAs":["https:\/\/portaltela.pt\/"],"url":"https:\/\/portaltela.pt\/por\/367410592786\/"}]}},"_links":{"self":[{"href":"https:\/\/portaltela.pt\/api\/wp\/v2\/posts\/418849","targetHints":{"allow":["GET"]}}],"collection":[{"href":"https:\/\/portaltela.pt\/api\/wp\/v2\/posts"}],"about":[{"href":"https:\/\/portaltela.pt\/api\/wp\/v2\/types\/post"}],"author":[{"embeddable":true,"href":"https:\/\/portaltela.pt\/api\/wp\/v2\/users\/2"}],"replies":[{"embeddable":true,"href":"https:\/\/portaltela.pt\/api\/wp\/v2\/comments?post=418849"}],"version-history":[{"count":0,"href":"https:\/\/portaltela.pt\/api\/wp\/v2\/posts\/418849\/revisions"}],"wp:featuredmedia":[{"embeddable":true,"href":"https:\/\/portaltela.pt\/api\/wp\/v2\/media\/418853"}],"wp:attachment":[{"href":"https:\/\/portaltela.pt\/api\/wp\/v2\/media?parent=418849"}],"wp:term":[{"taxonomy":"category","embeddable":true,"href":"https:\/\/portaltela.pt\/api\/wp\/v2\/categories?post=418849"},{"taxonomy":"post_tag","embeddable":true,"href":"https:\/\/portaltela.pt\/api\/wp\/v2\/tags?post=418849"}],"curies":[{"name":"wp","href":"https:\/\/api.w.org\/{rel}","templated":true}]}}