{"id":418842,"date":"2026-03-23T16:14:00","date_gmt":"2026-03-23T19:14:00","guid":{"rendered":"https:\/\/portaltela.pt\/noticias\/2026\/03\/23\/juiz-do-chega-no-constitucional-levanta-questoes-sobre-a-atuacao\/"},"modified":"2026-03-23T16:14:00","modified_gmt":"2026-03-23T19:14:00","slug":"juiz-do-chega-no-constitucional-levanta-questoes-sobre-a-atuacao","status":"publish","type":"post","link":"https:\/\/portaltela.pt\/noticias\/2026\/03\/23\/juiz-do-chega-no-constitucional-levanta-questoes-sobre-a-atuacao\/","title":{"rendered":"Juiz do Chega no Constitucional levanta quest\u00f5es sobre a atua\u00e7\u00e3o"},"content":{"rendered":"<p>O presidente do Supremo Tribunal de Justi\u00e7a, Jo\u00e3o Cura Mariano, defende que o m\u00e9todo de indica\u00e7\u00e3o dos ju\u00edzes para o Tribunal Constitucional pela Assembleia da Rep\u00fablica deve mudar. O objetivo \u00e9 evitar leituras de alinhamento partid\u00e1rio.<\/p>\n<p>Mariano reconhece que ningu\u00e9m deve ser visto como o juiz do Chega ou do PS, e afirma que as liga\u00e7\u00f5es partid\u00e1rias entre ju\u00edzes nomeados n\u00e3o devem orientar o processo. O debate \u00e9 apresentado como necess\u00e1rio para fortalecer a perce\u00e7\u00e3o de neutralidade.<\/p>\n<p>O tema gerou novo impasse no processo de nomea\u00e7\u00e3o. Segundo o magistrado, a atual forma de escolha reserva espa\u00e7o a cr\u00edticas e d\u00favidas sobre independ\u00eancia, sobretudo numa institui\u00e7\u00e3o de refer\u00eancia constitucional.<\/p>\n<h3>Contexto<\/h3>\n<p>A posi\u00e7\u00e3o de Mariano surge numa conjuntura em que o equil\u00edbrio entre independ\u00eancia judicial e participa\u00e7\u00e3o pol\u00edtica permanece central no sistema de nomea\u00e7\u00f5es para o Constitucional. A discuss\u00e3o envolve diferentes for\u00e7as pol\u00edticas e interpreta\u00e7\u00f5es legais.<\/p>\n<p>Fonte: declara\u00e7\u00f5es do pr\u00f3prio presidente do Supremo Tribunal de Justi\u00e7a.<\/p>\n","protected":false},"excerpt":{"rendered":"<ul>\n<li>O presidente do Supremo Tribunal de Justi\u00e7a, Jo\u00e3o Cura Mariano, defende que o m\u00e9todo de indica\u00e7\u00e3o dos ju\u00edzes para o Tribunal Constitucional pela Assembleia da Rep\u00fablica tem de ser alterado.<\/li>\n<li>Alega que n\u00e3o deve haver liga\u00e7\u00f5es partid\u00e1rias entre ju\u00edzes nomeados pelos partidos e critica a express\u00e3o \u201co juiz do Chega\u201d ou \u201co juiz do PS\u201d.<\/li>\n<li>Diz que o sistema atual favorece a percep\u00e7\u00e3o de parcialidade e compromete a imparcialidade do Constitucional.<\/li>\n<li>A posi\u00e7\u00e3o sugere mudan\u00e7as que j\u00e1 n\u00e3o agradam a todos e o impasse entre for\u00e7as pol\u00edticas continua.<\/li>\n<li>O debate mant\u00e9m-se sem resolu\u00e7\u00e3o quanto ao modelo de nomea\u00e7\u00e3o dos ju\u00edzes constitucionais.<\/li>\n<\/ul>\n","protected":false},"author":2,"featured_media":418844,"comment_status":"closed","ping_status":"closed","sticky":false,"template":"","format":"standard","meta":{"footnotes":""},"categories":[6815,1],"tags":[3254,4057,6337,6414,2832,6208],"class_list":["post-418842","post","type-post","status-publish","format-standard","has-post-thumbnail","hentry","category-justica","category-noticias","tag-constitucionalistas","tag-constituicao","tag-direito","tag-independencia-institucional","tag-politica","tag-tribunais"],"yoast_head":"<!-- This site is optimized with the Yoast SEO plugin v27.2 - https:\/\/yoast.com\/product\/yoast-seo-wordpress\/ -->\n<title>Juiz do Chega no Constitucional levanta quest\u00f5es sobre a atua\u00e7\u00e3o - Portal Tela Portugal<\/title>\n<meta name=\"robots\" content=\"index, follow, max-snippet:-1, max-image-preview:large, max-video-preview:-1\" \/>\n<meta property=\"og:locale\" content=\"pt_PT\" \/>\n<meta property=\"og:type\" content=\"article\" \/>\n<meta property=\"og:title\" content=\"Juiz do Chega no Constitucional levanta quest\u00f5es sobre a atua\u00e7\u00e3o - Portal Tela Portugal\" \/>\n<meta property=\"og:description\" content=\"O presidente do Supremo Tribunal de Justi\u00e7a, Jo\u00e3o Cura Mariano, defende que o m\u00e9todo de indica\u00e7\u00e3o dos ju\u00edzes para o Tribunal Constitucional pela Assembleia da Rep\u00fablica tem de ser alterado. Alega que n\u00e3o deve haver liga\u00e7\u00f5es partid\u00e1rias entre ju\u00edzes nomeados pelos partidos e critica a express\u00e3o \u201co juiz do Chega\u201d ou \u201co juiz do PS\u201d. Diz que o sistema atual favorece a percep\u00e7\u00e3o de parcialidade e compromete a imparcialidade do Constitucional. A posi\u00e7\u00e3o sugere mudan\u00e7as que j\u00e1 n\u00e3o agradam a todos e o impasse entre for\u00e7as pol\u00edticas continua. O debate mant\u00e9m-se sem resolu\u00e7\u00e3o quanto ao modelo de nomea\u00e7\u00e3o dos ju\u00edzes constitucionais.\" \/>\n<meta property=\"og:url\" content=\"https:\/\/portaltela.pt\/noticias\/2026\/03\/23\/juiz-do-chega-no-constitucional-levanta-questoes-sobre-a-atuacao\/\" \/>\n<meta property=\"og:site_name\" content=\"Portal Tela Portugal\" \/>\n<meta property=\"article:published_time\" content=\"2026-03-23T19:14:00+00:00\" \/>\n<meta name=\"author\" content=\"Telinha\" \/>\n<meta name=\"twitter:card\" content=\"summary_large_image\" \/>\n<meta name=\"twitter:label1\" content=\"Escrito por\" \/>\n\t<meta name=\"twitter:data1\" content=\"Telinha\" \/>\n\t<meta name=\"twitter:label2\" content=\"Tempo estimado de leitura\" \/>\n\t<meta name=\"twitter:data2\" content=\"1 minuto\" \/>\n<script type=\"application\/ld+json\" class=\"yoast-schema-graph\">{\"@context\":\"https:\/\/schema.org\",\"@graph\":[{\"@type\":\"Article\",\"@id\":\"https:\/\/portaltela.pt\/noticias\/2026\/03\/23\/juiz-do-chega-no-constitucional-levanta-questoes-sobre-a-atuacao\/#article\",\"isPartOf\":{\"@id\":\"https:\/\/portaltela.pt\/noticias\/2026\/03\/23\/juiz-do-chega-no-constitucional-levanta-questoes-sobre-a-atuacao\/\"},\"author\":{\"name\":\"Telinha\",\"@id\":\"https:\/\/portaltela.pt\/#\/schema\/person\/c4278d4a6028830caff9ee44b42d32ed\"},\"headline\":\"Juiz do Chega no Constitucional levanta quest\u00f5es sobre a atua\u00e7\u00e3o\",\"datePublished\":\"2026-03-23T19:14:00+00:00\",\"mainEntityOfPage\":{\"@id\":\"https:\/\/portaltela.pt\/noticias\/2026\/03\/23\/juiz-do-chega-no-constitucional-levanta-questoes-sobre-a-atuacao\/\"},\"wordCount\":198,\"image\":{\"@id\":\"https:\/\/portaltela.pt\/noticias\/2026\/03\/23\/juiz-do-chega-no-constitucional-levanta-questoes-sobre-a-atuacao\/#primaryimage\"},\"thumbnailUrl\":\"https:\/\/portaltela.pt\/s.01k8rhncp4jt1\/2026\/03\/2076432.jpg\",\"keywords\":[\"Constitucionalistas\",\"constitui\u00e7\u00e3o\",\"direito\",\"independ\u00eancia institucional\",\"pol\u00edtica\",\"Tribunais\"],\"articleSection\":[\"Justi\u00e7a\",\"Not\u00edcias\"],\"inLanguage\":\"pt-PT\"},{\"@type\":\"WebPage\",\"@id\":\"https:\/\/portaltela.pt\/noticias\/2026\/03\/23\/juiz-do-chega-no-constitucional-levanta-questoes-sobre-a-atuacao\/\",\"url\":\"https:\/\/portaltela.pt\/noticias\/2026\/03\/23\/juiz-do-chega-no-constitucional-levanta-questoes-sobre-a-atuacao\/\",\"name\":\"Juiz do Chega no Constitucional levanta quest\u00f5es sobre a atua\u00e7\u00e3o - Portal Tela Portugal\",\"isPartOf\":{\"@id\":\"https:\/\/portaltela.pt\/#website\"},\"primaryImageOfPage\":{\"@id\":\"https:\/\/portaltela.pt\/noticias\/2026\/03\/23\/juiz-do-chega-no-constitucional-levanta-questoes-sobre-a-atuacao\/#primaryimage\"},\"image\":{\"@id\":\"https:\/\/portaltela.pt\/noticias\/2026\/03\/23\/juiz-do-chega-no-constitucional-levanta-questoes-sobre-a-atuacao\/#primaryimage\"},\"thumbnailUrl\":\"https:\/\/portaltela.pt\/s.01k8rhncp4jt1\/2026\/03\/2076432.jpg\",\"datePublished\":\"2026-03-23T19:14:00+00:00\",\"author\":{\"@id\":\"https:\/\/portaltela.pt\/#\/schema\/person\/c4278d4a6028830caff9ee44b42d32ed\"},\"breadcrumb\":{\"@id\":\"https:\/\/portaltela.pt\/noticias\/2026\/03\/23\/juiz-do-chega-no-constitucional-levanta-questoes-sobre-a-atuacao\/#breadcrumb\"},\"inLanguage\":\"pt-PT\",\"potentialAction\":[{\"@type\":\"ReadAction\",\"target\":[\"https:\/\/portaltela.pt\/noticias\/2026\/03\/23\/juiz-do-chega-no-constitucional-levanta-questoes-sobre-a-atuacao\/\"]}]},{\"@type\":\"ImageObject\",\"inLanguage\":\"pt-PT\",\"@id\":\"https:\/\/portaltela.pt\/noticias\/2026\/03\/23\/juiz-do-chega-no-constitucional-levanta-questoes-sobre-a-atuacao\/#primaryimage\",\"url\":\"https:\/\/portaltela.pt\/s.01k8rhncp4jt1\/2026\/03\/2076432.jpg\",\"contentUrl\":\"https:\/\/portaltela.pt\/s.01k8rhncp4jt1\/2026\/03\/2076432.jpg\",\"width\":796,\"height\":448,\"caption\":\"Photo\"},{\"@type\":\"BreadcrumbList\",\"@id\":\"https:\/\/portaltela.pt\/noticias\/2026\/03\/23\/juiz-do-chega-no-constitucional-levanta-questoes-sobre-a-atuacao\/#breadcrumb\",\"itemListElement\":[{\"@type\":\"ListItem\",\"position\":1,\"name\":\"In\u00edcio\",\"item\":\"https:\/\/portaltela.pt\/\"},{\"@type\":\"ListItem\",\"position\":2,\"name\":\"Juiz do Chega no Constitucional levanta quest\u00f5es sobre a atua\u00e7\u00e3o\"}]},{\"@type\":\"WebSite\",\"@id\":\"https:\/\/portaltela.pt\/#website\",\"url\":\"https:\/\/portaltela.pt\/\",\"name\":\"Portal Tela Portugal\",\"description\":\"\",\"potentialAction\":[{\"@type\":\"SearchAction\",\"target\":{\"@type\":\"EntryPoint\",\"urlTemplate\":\"https:\/\/portaltela.pt\/?s={search_term_string}\"},\"query-input\":{\"@type\":\"PropertyValueSpecification\",\"valueRequired\":true,\"valueName\":\"search_term_string\"}}],\"inLanguage\":\"pt-PT\"},{\"@type\":\"Person\",\"@id\":\"https:\/\/portaltela.pt\/#\/schema\/person\/c4278d4a6028830caff9ee44b42d32ed\",\"name\":\"Telinha\",\"image\":{\"@type\":\"ImageObject\",\"inLanguage\":\"pt-PT\",\"@id\":\"https:\/\/portaltela.pt\/s.01k8rhncp4jt1\/2025\/11\/talking-bot-125x125.png\",\"url\":\"https:\/\/portaltela.pt\/s.01k8rhncp4jt1\/2025\/11\/talking-bot-125x125.png\",\"contentUrl\":\"https:\/\/portaltela.pt\/s.01k8rhncp4jt1\/2025\/11\/talking-bot-125x125.png\",\"caption\":\"Telinha\"},\"sameAs\":[\"https:\/\/portaltela.pt\/\"],\"url\":\"https:\/\/portaltela.pt\/por\/367410592786\/\"}]}<\/script>\n<!-- \/ Yoast SEO plugin. -->","yoast_head_json":{"title":"Juiz do Chega no Constitucional levanta quest\u00f5es sobre a atua\u00e7\u00e3o - Portal Tela Portugal","robots":{"index":"index","follow":"follow","max-snippet":"max-snippet:-1","max-image-preview":"max-image-preview:large","max-video-preview":"max-video-preview:-1"},"og_locale":"pt_PT","og_type":"article","og_title":"Juiz do Chega no Constitucional levanta quest\u00f5es sobre a atua\u00e7\u00e3o - Portal Tela Portugal","og_description":"O presidente do Supremo Tribunal de Justi\u00e7a, Jo\u00e3o Cura Mariano, defende que o m\u00e9todo de indica\u00e7\u00e3o dos ju\u00edzes para o Tribunal Constitucional pela Assembleia da Rep\u00fablica tem de ser alterado. Alega que n\u00e3o deve haver liga\u00e7\u00f5es partid\u00e1rias entre ju\u00edzes nomeados pelos partidos e critica a express\u00e3o \u201co juiz do Chega\u201d ou \u201co juiz do PS\u201d. Diz que o sistema atual favorece a percep\u00e7\u00e3o de parcialidade e compromete a imparcialidade do Constitucional. A posi\u00e7\u00e3o sugere mudan\u00e7as que j\u00e1 n\u00e3o agradam a todos e o impasse entre for\u00e7as pol\u00edticas continua. O debate mant\u00e9m-se sem resolu\u00e7\u00e3o quanto ao modelo de nomea\u00e7\u00e3o dos ju\u00edzes constitucionais.","og_url":"https:\/\/portaltela.pt\/noticias\/2026\/03\/23\/juiz-do-chega-no-constitucional-levanta-questoes-sobre-a-atuacao\/","og_site_name":"Portal Tela Portugal","article_published_time":"2026-03-23T19:14:00+00:00","author":"Telinha","twitter_card":"summary_large_image","twitter_misc":{"Escrito por":"Telinha","Tempo estimado de leitura":"1 minuto"},"schema":{"@context":"https:\/\/schema.org","@graph":[{"@type":"Article","@id":"https:\/\/portaltela.pt\/noticias\/2026\/03\/23\/juiz-do-chega-no-constitucional-levanta-questoes-sobre-a-atuacao\/#article","isPartOf":{"@id":"https:\/\/portaltela.pt\/noticias\/2026\/03\/23\/juiz-do-chega-no-constitucional-levanta-questoes-sobre-a-atuacao\/"},"author":{"name":"Telinha","@id":"https:\/\/portaltela.pt\/#\/schema\/person\/c4278d4a6028830caff9ee44b42d32ed"},"headline":"Juiz do Chega no Constitucional levanta quest\u00f5es sobre a atua\u00e7\u00e3o","datePublished":"2026-03-23T19:14:00+00:00","mainEntityOfPage":{"@id":"https:\/\/portaltela.pt\/noticias\/2026\/03\/23\/juiz-do-chega-no-constitucional-levanta-questoes-sobre-a-atuacao\/"},"wordCount":198,"image":{"@id":"https:\/\/portaltela.pt\/noticias\/2026\/03\/23\/juiz-do-chega-no-constitucional-levanta-questoes-sobre-a-atuacao\/#primaryimage"},"thumbnailUrl":"https:\/\/portaltela.pt\/s.01k8rhncp4jt1\/2026\/03\/2076432.jpg","keywords":["Constitucionalistas","constitui\u00e7\u00e3o","direito","independ\u00eancia institucional","pol\u00edtica","Tribunais"],"articleSection":["Justi\u00e7a","Not\u00edcias"],"inLanguage":"pt-PT"},{"@type":"WebPage","@id":"https:\/\/portaltela.pt\/noticias\/2026\/03\/23\/juiz-do-chega-no-constitucional-levanta-questoes-sobre-a-atuacao\/","url":"https:\/\/portaltela.pt\/noticias\/2026\/03\/23\/juiz-do-chega-no-constitucional-levanta-questoes-sobre-a-atuacao\/","name":"Juiz do Chega no Constitucional levanta quest\u00f5es sobre a atua\u00e7\u00e3o - Portal Tela Portugal","isPartOf":{"@id":"https:\/\/portaltela.pt\/#website"},"primaryImageOfPage":{"@id":"https:\/\/portaltela.pt\/noticias\/2026\/03\/23\/juiz-do-chega-no-constitucional-levanta-questoes-sobre-a-atuacao\/#primaryimage"},"image":{"@id":"https:\/\/portaltela.pt\/noticias\/2026\/03\/23\/juiz-do-chega-no-constitucional-levanta-questoes-sobre-a-atuacao\/#primaryimage"},"thumbnailUrl":"https:\/\/portaltela.pt\/s.01k8rhncp4jt1\/2026\/03\/2076432.jpg","datePublished":"2026-03-23T19:14:00+00:00","author":{"@id":"https:\/\/portaltela.pt\/#\/schema\/person\/c4278d4a6028830caff9ee44b42d32ed"},"breadcrumb":{"@id":"https:\/\/portaltela.pt\/noticias\/2026\/03\/23\/juiz-do-chega-no-constitucional-levanta-questoes-sobre-a-atuacao\/#breadcrumb"},"inLanguage":"pt-PT","potentialAction":[{"@type":"ReadAction","target":["https:\/\/portaltela.pt\/noticias\/2026\/03\/23\/juiz-do-chega-no-constitucional-levanta-questoes-sobre-a-atuacao\/"]}]},{"@type":"ImageObject","inLanguage":"pt-PT","@id":"https:\/\/portaltela.pt\/noticias\/2026\/03\/23\/juiz-do-chega-no-constitucional-levanta-questoes-sobre-a-atuacao\/#primaryimage","url":"https:\/\/portaltela.pt\/s.01k8rhncp4jt1\/2026\/03\/2076432.jpg","contentUrl":"https:\/\/portaltela.pt\/s.01k8rhncp4jt1\/2026\/03\/2076432.jpg","width":796,"height":448,"caption":"Photo"},{"@type":"BreadcrumbList","@id":"https:\/\/portaltela.pt\/noticias\/2026\/03\/23\/juiz-do-chega-no-constitucional-levanta-questoes-sobre-a-atuacao\/#breadcrumb","itemListElement":[{"@type":"ListItem","position":1,"name":"In\u00edcio","item":"https:\/\/portaltela.pt\/"},{"@type":"ListItem","position":2,"name":"Juiz do Chega no Constitucional levanta quest\u00f5es sobre a atua\u00e7\u00e3o"}]},{"@type":"WebSite","@id":"https:\/\/portaltela.pt\/#website","url":"https:\/\/portaltela.pt\/","name":"Portal Tela Portugal","description":"","potentialAction":[{"@type":"SearchAction","target":{"@type":"EntryPoint","urlTemplate":"https:\/\/portaltela.pt\/?s={search_term_string}"},"query-input":{"@type":"PropertyValueSpecification","valueRequired":true,"valueName":"search_term_string"}}],"inLanguage":"pt-PT"},{"@type":"Person","@id":"https:\/\/portaltela.pt\/#\/schema\/person\/c4278d4a6028830caff9ee44b42d32ed","name":"Telinha","image":{"@type":"ImageObject","inLanguage":"pt-PT","@id":"https:\/\/portaltela.pt\/s.01k8rhncp4jt1\/2025\/11\/talking-bot-125x125.png","url":"https:\/\/portaltela.pt\/s.01k8rhncp4jt1\/2025\/11\/talking-bot-125x125.png","contentUrl":"https:\/\/portaltela.pt\/s.01k8rhncp4jt1\/2025\/11\/talking-bot-125x125.png","caption":"Telinha"},"sameAs":["https:\/\/portaltela.pt\/"],"url":"https:\/\/portaltela.pt\/por\/367410592786\/"}]}},"_links":{"self":[{"href":"https:\/\/portaltela.pt\/api\/wp\/v2\/posts\/418842","targetHints":{"allow":["GET"]}}],"collection":[{"href":"https:\/\/portaltela.pt\/api\/wp\/v2\/posts"}],"about":[{"href":"https:\/\/portaltela.pt\/api\/wp\/v2\/types\/post"}],"author":[{"embeddable":true,"href":"https:\/\/portaltela.pt\/api\/wp\/v2\/users\/2"}],"replies":[{"embeddable":true,"href":"https:\/\/portaltela.pt\/api\/wp\/v2\/comments?post=418842"}],"version-history":[{"count":0,"href":"https:\/\/portaltela.pt\/api\/wp\/v2\/posts\/418842\/revisions"}],"wp:featuredmedia":[{"embeddable":true,"href":"https:\/\/portaltela.pt\/api\/wp\/v2\/media\/418844"}],"wp:attachment":[{"href":"https:\/\/portaltela.pt\/api\/wp\/v2\/media?parent=418842"}],"wp:term":[{"taxonomy":"category","embeddable":true,"href":"https:\/\/portaltela.pt\/api\/wp\/v2\/categories?post=418842"},{"taxonomy":"post_tag","embeddable":true,"href":"https:\/\/portaltela.pt\/api\/wp\/v2\/tags?post=418842"}],"curies":[{"name":"wp","href":"https:\/\/api.w.org\/{rel}","templated":true}]}}