{"id":418833,"date":"2026-03-23T16:06:00","date_gmt":"2026-03-23T19:06:00","guid":{"rendered":"https:\/\/portaltela.pt\/noticias\/2026\/03\/23\/seguro-homenageia-medalhados-dos-mundiais-de-pista-coberta\/"},"modified":"2026-03-23T16:06:00","modified_gmt":"2026-03-23T19:06:00","slug":"seguro-homenageia-medalhados-dos-mundiais-de-pista-coberta","status":"publish","type":"post","link":"https:\/\/portaltela.pt\/desporto\/futebol\/2026\/03\/23\/seguro-homenageia-medalhados-dos-mundiais-de-pista-coberta\/","title":{"rendered":"Seguro homenageia medalhados dos Mundiais de pista coberta"},"content":{"rendered":"<p>Ant\u00f3nio Jos\u00e9 Seguro condecorou, no Pal\u00e1cio de Bel\u00e9m, tr\u00eas atletas pela participa\u00e7\u00e3o e medalha no Campeonato do Mundo de pista coberta, realizado em Torun, Pol\u00f3nia. Agate de Sousa, Gerson Bald\u00e9 e Isaac Nader receberam a Ordem do M\u00e9rito, na categoria de Grande Oficial, numa cerim\u00f3nia ocorrida esta segunda-feira.<\/p>\n<p>A comitiva portuguesa foi recebida pelo Presidente da Rep\u00fablica, que destacou a melhor campanha de sempre de Portugal nestes Mundiais e afirmou que os atletas fizeram hist\u00f3ria para o pa\u00eds. Referiu ainda a origem dos atletas e o esfor\u00e7o necess\u00e1rio para chegar ao topo mundial.<\/p>\n<p>Cada um dos medalhados recebeu elogios individuais. Agate de Sousa conquistou ouro no salto em comprimento, com 6,92 metros, destacando-se pela determina\u00e7\u00e3o e pela continuidade entre desporto universit\u00e1rio e competi\u00e7\u00e3o de alto n\u00edvel. Gerson Bald\u00e9 somou ouro no salto em comprimento com 8,46 metros. Isaac Nader ficou com a prata nos 1500 metros, apontando a exig\u00eancia como motor da evolu\u00e7\u00e3o.<\/p>\n<p>Do encontro participou o presidente do Comit\u00e9 Ol\u00edmpico de Portugal, Fernando Gomes. Seguro deixou um repto ao COP, manifestando esperan\u00e7a de receber os atletas nacionais nos Jogos Ol\u00edmpicos de 2028 com igual emo\u00e7\u00e3o. A cerim\u00f3nia refor\u00e7ou a ambi\u00e7\u00e3o ol\u00edmpista para o futuro.<\/p>\n<p>Domingos Castro, presidente da Federa\u00e7\u00e3o Portuguesa de Atletismo, elogiou a presen\u00e7a no Pal\u00e1cio de Bel\u00e9m e destacou a qualidade dos atletas nacionais. Lamentou, no entanto, a recente situa\u00e7\u00e3o de infraestrutura ap\u00f3s a tempestade Kristin, que afetou Pombal e limitou campos de treino. Pediu apoio governamental para manter o ciclo de forma\u00e7\u00e3o dos jovens talentos.<\/p>\n<p>A Federa\u00e7\u00e3o refor\u00e7ou que Portugal possui alguns dos melhores atletas a n\u00edvel mundial, com candidaturas consistentes a medalhas. A defesa de melhores condi\u00e7\u00f5es de treino e investimento foi reiterada como essencial para manter o progresso do atletismo nacional.<\/p>\n","protected":false},"excerpt":{"rendered":"<ul>\n<li>O presidente da Rep\u00fablica, Ant\u00f3nio Jos\u00e9 Seguro, condecorou com a Ordem do M\u00e9rito os atletas Agate de Sousa, Gerson Bald\u00e9 e Isaac Nader, pelas medalhas conquistadas nos Mundiais de pista coberta realizados em Torun, Pol\u00f3nia.<\/li>\n<li>A cerim\u00f3nia ocorreu no Pal\u00e1cio de Bel\u00e9m, em Lisboa, onde Seguro destacou a melhor campanha de sempre de Portugal no atletismo em pista coberta.<\/li>\n<li>Agate de Sousa recebeu o ouro no salto em comprimento com 6,92 metros; Gerson Bald\u00e9 tamb\u00e9m conquistou ouro no salto em comprimento com 8,46 metros; Isaac Nader levou a prata nos 1.500 metros.<\/li>\n<li>Seguro elogiou a determina\u00e7\u00e3o dos atletas, mencionou a origem e o sacrif\u00edcio deles e lan\u00e7ou o repto para os Jogos Ol\u00edmpicos de 2028, agradecendo a presen\u00e7a do presidente do Comit\u00e9 Ol\u00edmpico de Portugal.<\/li>\n<li>Domingos Castro, presidente da Federa\u00e7\u00e3o Portuguesa de Atletismo, pediu ao primeiro-ministro Lu\u00eds Montenegro mais condi\u00e7\u00f5es para o atletismo, lembrando que as infraestruturas ficaram danificadas pela tempestade Kristin.<\/li>\n<\/ul>\n","protected":false},"author":2,"featured_media":418836,"comment_status":"closed","ping_status":"closed","sticky":false,"template":"","format":"standard","meta":{"footnotes":""},"categories":[21,24],"tags":[137,7455,152,120,84,1014],"class_list":["post-418833","post","type-post","status-publish","format-standard","has-post-thumbnail","hentry","category-desporto","category-futebol","tag-atletismo","tag-comite-olimpico-de-portugal","tag-desporto","tag-medalhas","tag-olimpiadas","tag-portugal"],"yoast_head":"<!-- This site is optimized with the Yoast SEO plugin v27.2 - https:\/\/yoast.com\/product\/yoast-seo-wordpress\/ -->\n<title>Seguro homenageia medalhados dos Mundiais de pista coberta - Portal Tela Portugal<\/title>\n<meta name=\"robots\" content=\"index, follow, max-snippet:-1, max-image-preview:large, max-video-preview:-1\" \/>\n<meta property=\"og:locale\" content=\"pt_PT\" \/>\n<meta property=\"og:type\" content=\"article\" \/>\n<meta property=\"og:title\" content=\"Seguro homenageia medalhados dos Mundiais de pista coberta - Portal Tela Portugal\" \/>\n<meta property=\"og:description\" content=\"O presidente da Rep\u00fablica, Ant\u00f3nio Jos\u00e9 Seguro, condecorou com a Ordem do M\u00e9rito os atletas Agate de Sousa, Gerson Bald\u00e9 e Isaac Nader, pelas medalhas conquistadas nos Mundiais de pista coberta realizados em Torun, Pol\u00f3nia. A cerim\u00f3nia ocorreu no Pal\u00e1cio de Bel\u00e9m, em Lisboa, onde Seguro destacou a melhor campanha de sempre de Portugal no atletismo em pista coberta. Agate de Sousa recebeu o ouro no salto em comprimento com 6,92 metros; Gerson Bald\u00e9 tamb\u00e9m conquistou ouro no salto em comprimento com 8,46 metros; Isaac Nader levou a prata nos 1.500 metros. Seguro elogiou a determina\u00e7\u00e3o dos atletas, mencionou a origem e o sacrif\u00edcio deles e lan\u00e7ou o repto para os Jogos Ol\u00edmpicos de 2028, agradecendo a presen\u00e7a do presidente do Comit\u00e9 Ol\u00edmpico de Portugal. Domingos Castro, presidente da Federa\u00e7\u00e3o Portuguesa de Atletismo, pediu ao primeiro-ministro Lu\u00eds Montenegro mais condi\u00e7\u00f5es para o atletismo, lembrando que as infraestruturas ficaram danificadas pela tempestade Kristin.\" \/>\n<meta property=\"og:url\" content=\"https:\/\/portaltela.pt\/noticias\/2026\/03\/23\/seguro-homenageia-medalhados-dos-mundiais-de-pista-coberta\/\" \/>\n<meta property=\"og:site_name\" content=\"Portal Tela Portugal\" \/>\n<meta property=\"article:published_time\" content=\"2026-03-23T19:06:00+00:00\" \/>\n<meta name=\"author\" content=\"Telinha\" \/>\n<meta name=\"twitter:card\" content=\"summary_large_image\" \/>\n<meta name=\"twitter:label1\" content=\"Escrito por\" \/>\n\t<meta name=\"twitter:data1\" content=\"Telinha\" \/>\n\t<meta name=\"twitter:label2\" content=\"Tempo estimado de leitura\" \/>\n\t<meta name=\"twitter:data2\" content=\"2 minutos\" \/>\n<script type=\"application\/ld+json\" class=\"yoast-schema-graph\">{\"@context\":\"https:\/\/schema.org\",\"@graph\":[{\"@type\":\"Article\",\"@id\":\"https:\/\/portaltela.pt\/noticias\/2026\/03\/23\/seguro-homenageia-medalhados-dos-mundiais-de-pista-coberta\/#article\",\"isPartOf\":{\"@id\":\"https:\/\/portaltela.pt\/noticias\/2026\/03\/23\/seguro-homenageia-medalhados-dos-mundiais-de-pista-coberta\/\"},\"author\":{\"name\":\"Telinha\",\"@id\":\"https:\/\/portaltela.pt\/#\/schema\/person\/c4278d4a6028830caff9ee44b42d32ed\"},\"headline\":\"Seguro homenageia medalhados dos Mundiais de pista coberta\",\"datePublished\":\"2026-03-23T19:06:00+00:00\",\"mainEntityOfPage\":{\"@id\":\"https:\/\/portaltela.pt\/noticias\/2026\/03\/23\/seguro-homenageia-medalhados-dos-mundiais-de-pista-coberta\/\"},\"wordCount\":329,\"image\":{\"@id\":\"https:\/\/portaltela.pt\/noticias\/2026\/03\/23\/seguro-homenageia-medalhados-dos-mundiais-de-pista-coberta\/#primaryimage\"},\"thumbnailUrl\":\"https:\/\/portaltela.pt\/s.01k8rhncp4jt1\/2026\/03\/image-88.webp\",\"keywords\":[\"atletismo\",\"Comit\u00e9 Ol\u00edmpico de Portugal\",\"desporto\",\"medalhas\",\"olimp\u00edadas\",\"Portugal\"],\"articleSection\":[\"Desporto\",\"Futebol\"],\"inLanguage\":\"pt-PT\"},{\"@type\":\"WebPage\",\"@id\":\"https:\/\/portaltela.pt\/noticias\/2026\/03\/23\/seguro-homenageia-medalhados-dos-mundiais-de-pista-coberta\/\",\"url\":\"https:\/\/portaltela.pt\/noticias\/2026\/03\/23\/seguro-homenageia-medalhados-dos-mundiais-de-pista-coberta\/\",\"name\":\"Seguro homenageia medalhados dos Mundiais de pista coberta - Portal Tela Portugal\",\"isPartOf\":{\"@id\":\"https:\/\/portaltela.pt\/#website\"},\"primaryImageOfPage\":{\"@id\":\"https:\/\/portaltela.pt\/noticias\/2026\/03\/23\/seguro-homenageia-medalhados-dos-mundiais-de-pista-coberta\/#primaryimage\"},\"image\":{\"@id\":\"https:\/\/portaltela.pt\/noticias\/2026\/03\/23\/seguro-homenageia-medalhados-dos-mundiais-de-pista-coberta\/#primaryimage\"},\"thumbnailUrl\":\"https:\/\/portaltela.pt\/s.01k8rhncp4jt1\/2026\/03\/image-88.webp\",\"datePublished\":\"2026-03-23T19:06:00+00:00\",\"author\":{\"@id\":\"https:\/\/portaltela.pt\/#\/schema\/person\/c4278d4a6028830caff9ee44b42d32ed\"},\"breadcrumb\":{\"@id\":\"https:\/\/portaltela.pt\/noticias\/2026\/03\/23\/seguro-homenageia-medalhados-dos-mundiais-de-pista-coberta\/#breadcrumb\"},\"inLanguage\":\"pt-PT\",\"potentialAction\":[{\"@type\":\"ReadAction\",\"target\":[\"https:\/\/portaltela.pt\/noticias\/2026\/03\/23\/seguro-homenageia-medalhados-dos-mundiais-de-pista-coberta\/\"]}]},{\"@type\":\"ImageObject\",\"inLanguage\":\"pt-PT\",\"@id\":\"https:\/\/portaltela.pt\/noticias\/2026\/03\/23\/seguro-homenageia-medalhados-dos-mundiais-de-pista-coberta\/#primaryimage\",\"url\":\"https:\/\/portaltela.pt\/s.01k8rhncp4jt1\/2026\/03\/image-88.webp\",\"contentUrl\":\"https:\/\/portaltela.pt\/s.01k8rhncp4jt1\/2026\/03\/image-88.webp\",\"width\":1200,\"height\":800,\"caption\":\"Comitiva portuguesa recebida em Bel\u00e9m\"},{\"@type\":\"BreadcrumbList\",\"@id\":\"https:\/\/portaltela.pt\/noticias\/2026\/03\/23\/seguro-homenageia-medalhados-dos-mundiais-de-pista-coberta\/#breadcrumb\",\"itemListElement\":[{\"@type\":\"ListItem\",\"position\":1,\"name\":\"In\u00edcio\",\"item\":\"https:\/\/portaltela.pt\/\"},{\"@type\":\"ListItem\",\"position\":2,\"name\":\"Seguro homenageia medalhados dos Mundiais de pista coberta\"}]},{\"@type\":\"WebSite\",\"@id\":\"https:\/\/portaltela.pt\/#website\",\"url\":\"https:\/\/portaltela.pt\/\",\"name\":\"Portal Tela Portugal\",\"description\":\"\",\"potentialAction\":[{\"@type\":\"SearchAction\",\"target\":{\"@type\":\"EntryPoint\",\"urlTemplate\":\"https:\/\/portaltela.pt\/?s={search_term_string}\"},\"query-input\":{\"@type\":\"PropertyValueSpecification\",\"valueRequired\":true,\"valueName\":\"search_term_string\"}}],\"inLanguage\":\"pt-PT\"},{\"@type\":\"Person\",\"@id\":\"https:\/\/portaltela.pt\/#\/schema\/person\/c4278d4a6028830caff9ee44b42d32ed\",\"name\":\"Telinha\",\"image\":{\"@type\":\"ImageObject\",\"inLanguage\":\"pt-PT\",\"@id\":\"https:\/\/portaltela.pt\/s.01k8rhncp4jt1\/2025\/11\/talking-bot-125x125.png\",\"url\":\"https:\/\/portaltela.pt\/s.01k8rhncp4jt1\/2025\/11\/talking-bot-125x125.png\",\"contentUrl\":\"https:\/\/portaltela.pt\/s.01k8rhncp4jt1\/2025\/11\/talking-bot-125x125.png\",\"caption\":\"Telinha\"},\"sameAs\":[\"https:\/\/portaltela.pt\/\"],\"url\":\"https:\/\/portaltela.pt\/por\/367410592786\/\"}]}<\/script>\n<!-- \/ Yoast SEO plugin. -->","yoast_head_json":{"title":"Seguro homenageia medalhados dos Mundiais de pista coberta - Portal Tela Portugal","robots":{"index":"index","follow":"follow","max-snippet":"max-snippet:-1","max-image-preview":"max-image-preview:large","max-video-preview":"max-video-preview:-1"},"og_locale":"pt_PT","og_type":"article","og_title":"Seguro homenageia medalhados dos Mundiais de pista coberta - Portal Tela Portugal","og_description":"O presidente da Rep\u00fablica, Ant\u00f3nio Jos\u00e9 Seguro, condecorou com a Ordem do M\u00e9rito os atletas Agate de Sousa, Gerson Bald\u00e9 e Isaac Nader, pelas medalhas conquistadas nos Mundiais de pista coberta realizados em Torun, Pol\u00f3nia. A cerim\u00f3nia ocorreu no Pal\u00e1cio de Bel\u00e9m, em Lisboa, onde Seguro destacou a melhor campanha de sempre de Portugal no atletismo em pista coberta. Agate de Sousa recebeu o ouro no salto em comprimento com 6,92 metros; Gerson Bald\u00e9 tamb\u00e9m conquistou ouro no salto em comprimento com 8,46 metros; Isaac Nader levou a prata nos 1.500 metros. Seguro elogiou a determina\u00e7\u00e3o dos atletas, mencionou a origem e o sacrif\u00edcio deles e lan\u00e7ou o repto para os Jogos Ol\u00edmpicos de 2028, agradecendo a presen\u00e7a do presidente do Comit\u00e9 Ol\u00edmpico de Portugal. Domingos Castro, presidente da Federa\u00e7\u00e3o Portuguesa de Atletismo, pediu ao primeiro-ministro Lu\u00eds Montenegro mais condi\u00e7\u00f5es para o atletismo, lembrando que as infraestruturas ficaram danificadas pela tempestade Kristin.","og_url":"https:\/\/portaltela.pt\/noticias\/2026\/03\/23\/seguro-homenageia-medalhados-dos-mundiais-de-pista-coberta\/","og_site_name":"Portal Tela Portugal","article_published_time":"2026-03-23T19:06:00+00:00","author":"Telinha","twitter_card":"summary_large_image","twitter_misc":{"Escrito por":"Telinha","Tempo estimado de leitura":"2 minutos"},"schema":{"@context":"https:\/\/schema.org","@graph":[{"@type":"Article","@id":"https:\/\/portaltela.pt\/noticias\/2026\/03\/23\/seguro-homenageia-medalhados-dos-mundiais-de-pista-coberta\/#article","isPartOf":{"@id":"https:\/\/portaltela.pt\/noticias\/2026\/03\/23\/seguro-homenageia-medalhados-dos-mundiais-de-pista-coberta\/"},"author":{"name":"Telinha","@id":"https:\/\/portaltela.pt\/#\/schema\/person\/c4278d4a6028830caff9ee44b42d32ed"},"headline":"Seguro homenageia medalhados dos Mundiais de pista coberta","datePublished":"2026-03-23T19:06:00+00:00","mainEntityOfPage":{"@id":"https:\/\/portaltela.pt\/noticias\/2026\/03\/23\/seguro-homenageia-medalhados-dos-mundiais-de-pista-coberta\/"},"wordCount":329,"image":{"@id":"https:\/\/portaltela.pt\/noticias\/2026\/03\/23\/seguro-homenageia-medalhados-dos-mundiais-de-pista-coberta\/#primaryimage"},"thumbnailUrl":"https:\/\/portaltela.pt\/s.01k8rhncp4jt1\/2026\/03\/image-88.webp","keywords":["atletismo","Comit\u00e9 Ol\u00edmpico de Portugal","desporto","medalhas","olimp\u00edadas","Portugal"],"articleSection":["Desporto","Futebol"],"inLanguage":"pt-PT"},{"@type":"WebPage","@id":"https:\/\/portaltela.pt\/noticias\/2026\/03\/23\/seguro-homenageia-medalhados-dos-mundiais-de-pista-coberta\/","url":"https:\/\/portaltela.pt\/noticias\/2026\/03\/23\/seguro-homenageia-medalhados-dos-mundiais-de-pista-coberta\/","name":"Seguro homenageia medalhados dos Mundiais de pista coberta - Portal Tela Portugal","isPartOf":{"@id":"https:\/\/portaltela.pt\/#website"},"primaryImageOfPage":{"@id":"https:\/\/portaltela.pt\/noticias\/2026\/03\/23\/seguro-homenageia-medalhados-dos-mundiais-de-pista-coberta\/#primaryimage"},"image":{"@id":"https:\/\/portaltela.pt\/noticias\/2026\/03\/23\/seguro-homenageia-medalhados-dos-mundiais-de-pista-coberta\/#primaryimage"},"thumbnailUrl":"https:\/\/portaltela.pt\/s.01k8rhncp4jt1\/2026\/03\/image-88.webp","datePublished":"2026-03-23T19:06:00+00:00","author":{"@id":"https:\/\/portaltela.pt\/#\/schema\/person\/c4278d4a6028830caff9ee44b42d32ed"},"breadcrumb":{"@id":"https:\/\/portaltela.pt\/noticias\/2026\/03\/23\/seguro-homenageia-medalhados-dos-mundiais-de-pista-coberta\/#breadcrumb"},"inLanguage":"pt-PT","potentialAction":[{"@type":"ReadAction","target":["https:\/\/portaltela.pt\/noticias\/2026\/03\/23\/seguro-homenageia-medalhados-dos-mundiais-de-pista-coberta\/"]}]},{"@type":"ImageObject","inLanguage":"pt-PT","@id":"https:\/\/portaltela.pt\/noticias\/2026\/03\/23\/seguro-homenageia-medalhados-dos-mundiais-de-pista-coberta\/#primaryimage","url":"https:\/\/portaltela.pt\/s.01k8rhncp4jt1\/2026\/03\/image-88.webp","contentUrl":"https:\/\/portaltela.pt\/s.01k8rhncp4jt1\/2026\/03\/image-88.webp","width":1200,"height":800,"caption":"Comitiva portuguesa recebida em Bel\u00e9m"},{"@type":"BreadcrumbList","@id":"https:\/\/portaltela.pt\/noticias\/2026\/03\/23\/seguro-homenageia-medalhados-dos-mundiais-de-pista-coberta\/#breadcrumb","itemListElement":[{"@type":"ListItem","position":1,"name":"In\u00edcio","item":"https:\/\/portaltela.pt\/"},{"@type":"ListItem","position":2,"name":"Seguro homenageia medalhados dos Mundiais de pista coberta"}]},{"@type":"WebSite","@id":"https:\/\/portaltela.pt\/#website","url":"https:\/\/portaltela.pt\/","name":"Portal Tela Portugal","description":"","potentialAction":[{"@type":"SearchAction","target":{"@type":"EntryPoint","urlTemplate":"https:\/\/portaltela.pt\/?s={search_term_string}"},"query-input":{"@type":"PropertyValueSpecification","valueRequired":true,"valueName":"search_term_string"}}],"inLanguage":"pt-PT"},{"@type":"Person","@id":"https:\/\/portaltela.pt\/#\/schema\/person\/c4278d4a6028830caff9ee44b42d32ed","name":"Telinha","image":{"@type":"ImageObject","inLanguage":"pt-PT","@id":"https:\/\/portaltela.pt\/s.01k8rhncp4jt1\/2025\/11\/talking-bot-125x125.png","url":"https:\/\/portaltela.pt\/s.01k8rhncp4jt1\/2025\/11\/talking-bot-125x125.png","contentUrl":"https:\/\/portaltela.pt\/s.01k8rhncp4jt1\/2025\/11\/talking-bot-125x125.png","caption":"Telinha"},"sameAs":["https:\/\/portaltela.pt\/"],"url":"https:\/\/portaltela.pt\/por\/367410592786\/"}]}},"_links":{"self":[{"href":"https:\/\/portaltela.pt\/api\/wp\/v2\/posts\/418833","targetHints":{"allow":["GET"]}}],"collection":[{"href":"https:\/\/portaltela.pt\/api\/wp\/v2\/posts"}],"about":[{"href":"https:\/\/portaltela.pt\/api\/wp\/v2\/types\/post"}],"author":[{"embeddable":true,"href":"https:\/\/portaltela.pt\/api\/wp\/v2\/users\/2"}],"replies":[{"embeddable":true,"href":"https:\/\/portaltela.pt\/api\/wp\/v2\/comments?post=418833"}],"version-history":[{"count":0,"href":"https:\/\/portaltela.pt\/api\/wp\/v2\/posts\/418833\/revisions"}],"wp:featuredmedia":[{"embeddable":true,"href":"https:\/\/portaltela.pt\/api\/wp\/v2\/media\/418836"}],"wp:attachment":[{"href":"https:\/\/portaltela.pt\/api\/wp\/v2\/media?parent=418833"}],"wp:term":[{"taxonomy":"category","embeddable":true,"href":"https:\/\/portaltela.pt\/api\/wp\/v2\/categories?post=418833"},{"taxonomy":"post_tag","embeddable":true,"href":"https:\/\/portaltela.pt\/api\/wp\/v2\/tags?post=418833"}],"curies":[{"name":"wp","href":"https:\/\/api.w.org\/{rel}","templated":true}]}}