{"id":418830,"date":"2026-03-23T16:12:41","date_gmt":"2026-03-23T19:12:41","guid":{"rendered":"https:\/\/portaltela.pt\/noticias\/2026\/03\/23\/antonio-jose-seguro-destaca-feito-historico-no-atletismo\/"},"modified":"2026-03-23T16:12:41","modified_gmt":"2026-03-23T19:12:41","slug":"antonio-jose-seguro-destaca-feito-historico-no-atletismo","status":"publish","type":"post","link":"https:\/\/portaltela.pt\/desporto\/futebol\/2026\/03\/23\/antonio-jose-seguro-destaca-feito-historico-no-atletismo\/","title":{"rendered":"Ant\u00f3nio Jos\u00e9 Seguro destaca feito hist\u00f3rico no atletismo"},"content":{"rendered":"<p>Ant\u00f3nio Jos\u00e9 Seguro elogiou o feito hist\u00f3rico da comitiva portuguesa de atletismo, recebida no Pal\u00e1cio de Bel\u00e9m ap\u00f3s a participa\u00e7\u00e3o nos Mundiais de atletismo de pista curta em Torun, Pol\u00f3nia. O Presidente da Rep\u00fablica condecorou os tr\u00eas medalhados e real\u00e7ou a presen\u00e7a de Portugal no evento.<\/p>\n<p>O discurso situou a conquista como um marco, destacando que foi a melhor presen\u00e7a de sempre nos Mundiais de pista curta. Seguro lembrou ainda que Portugal terminou em quarto lugar no medalheiro final, atr\u00e1s de Estados Unidos, Gr\u00e3-Bretanha e It\u00e1lia.<\/p>\n<p>A comitiva, acompanhada pelo Primeiro-Ministro Lu\u00eds Montenegro, recebeu o reconhecimento no Pal\u00e1cio de Bel\u00e9m. O Presidente sublinhou o orgulho de ver atletas e staff elevar o nome de Portugal no contexto internacional.<\/p>\n<h3>Comitiva nacional de atletismo homenageada em Bel\u00e9m pela lideran\u00e7a<\/h3>\n<p>Domingos Castro, presidente da Federa\u00e7\u00e3o Portuguesa de Atletismo, descreveu a ocasi\u00e3o com satisfa\u00e7\u00e3o e mem\u00f3ria afetiva. Real\u00e7ou a import\u00e2ncia de reconhecer o trabalho de uma equipa alicer\u00e7ada por contributos invis\u00edveis.<\/p>\n<p>O dirigente apelou ainda \u00e0 constru\u00e7\u00e3o de uma arena dedicada, destacando a falta de condi\u00e7\u00f5es para treino e competi\u00e7\u00e3o, mesmo com o sucesso alcan\u00e7ado pelos atletas. Enfatizou o papel da cobertura medi\u00e1tica no apoio \u00e0 equipa.<\/p>\n<p>A cerim\u00f3nia contou com um momento log\u00edstico marcado por uma demora de cerca de 10 minutos para aceder ao Pal\u00e1cio de Bel\u00e9m, explicada pela organiza\u00e7\u00e3o mediante o uso de um autocarro da Federa\u00e7\u00e3o Portuguesa de Futebol.<\/p>\n<p>O autocarro, utilizado para transportar a comitiva desde o aeroporto, foi reconhecido como gesto de apoio entre entidades desportivas. A rela\u00e7\u00e3o entre lideran\u00e7as e o staff foi descrita como cordial e de coopera\u00e7\u00e3o.<\/p>\n","protected":false},"excerpt":{"rendered":"<ul>\n<li>Ant\u00f3nio Jos\u00e9 Seguro destacou o feito hist\u00f3rico da comitiva portuguesa nos Mundiais de atletismo de pista curta em Torun, Pol\u00f3nia, como a melhor presen\u00e7a de sempre.<\/li>\n<li>Portugal ficou em quarto no medalheiro final, atr\u00e1s apenas dos Estados Unidos da Am\u00e9rica, Gr\u00e3-Bretanha e It\u00e1lia.<\/li>\n<li>Seguro condecorou os tr\u00eas medalhados e dirigiu-se aos atletas e ao staff no Pal\u00e1cio de Bel\u00e9m, acompanhado pelo Primeiro-Ministro Lu\u00eds Montenegro.<\/li>\n<li>Domingos Castro, presidente da Federa\u00e7\u00e3o Portuguesa de Atletismo, pediu a constru\u00e7\u00e3o de uma arena e elogiou a cobertura medi\u00e1tica, dizendo que o sucesso \u00e9 de todos.<\/li>\n<li>A comitiva chegou a Bel\u00e9m num autocarro da Federa\u00e7\u00e3o de Futebol, ap\u00f3s cerca de dez minutos para conseguir o meio de transporte.<\/li>\n<\/ul>\n","protected":false},"author":2,"featured_media":418835,"comment_status":"closed","ping_status":"closed","sticky":false,"template":"","format":"standard","meta":{"footnotes":""},"categories":[21,24],"tags":[137,6773,152,1488,1014,2057],"class_list":["post-418830","post","type-post","status-publish","format-standard","has-post-thumbnail","hentry","category-desporto","category-futebol","tag-atletismo","tag-condecoracoes","tag-desporto","tag-polonia","tag-portugal","tag-selecao-nacional"],"yoast_head":"<!-- This site is optimized with the Yoast SEO plugin v27.2 - https:\/\/yoast.com\/product\/yoast-seo-wordpress\/ -->\n<title>Ant\u00f3nio Jos\u00e9 Seguro destaca feito hist\u00f3rico no atletismo - Portal Tela Portugal<\/title>\n<meta name=\"robots\" content=\"index, follow, max-snippet:-1, max-image-preview:large, max-video-preview:-1\" \/>\n<meta property=\"og:locale\" content=\"pt_PT\" \/>\n<meta property=\"og:type\" content=\"article\" \/>\n<meta property=\"og:title\" content=\"Ant\u00f3nio Jos\u00e9 Seguro destaca feito hist\u00f3rico no atletismo - Portal Tela Portugal\" \/>\n<meta property=\"og:description\" content=\"Ant\u00f3nio Jos\u00e9 Seguro destacou o feito hist\u00f3rico da comitiva portuguesa nos Mundiais de atletismo de pista curta em Torun, Pol\u00f3nia, como a melhor presen\u00e7a de sempre. Portugal ficou em quarto no medalheiro final, atr\u00e1s apenas dos Estados Unidos da Am\u00e9rica, Gr\u00e3-Bretanha e It\u00e1lia. Seguro condecorou os tr\u00eas medalhados e dirigiu-se aos atletas e ao staff no Pal\u00e1cio de Bel\u00e9m, acompanhado pelo Primeiro-Ministro Lu\u00eds Montenegro. Domingos Castro, presidente da Federa\u00e7\u00e3o Portuguesa de Atletismo, pediu a constru\u00e7\u00e3o de uma arena e elogiou a cobertura medi\u00e1tica, dizendo que o sucesso \u00e9 de todos. A comitiva chegou a Bel\u00e9m num autocarro da Federa\u00e7\u00e3o de Futebol, ap\u00f3s cerca de dez minutos para conseguir o meio de transporte.\" \/>\n<meta property=\"og:url\" content=\"https:\/\/portaltela.pt\/noticias\/2026\/03\/23\/antonio-jose-seguro-destaca-feito-historico-no-atletismo\/\" \/>\n<meta property=\"og:site_name\" content=\"Portal Tela Portugal\" \/>\n<meta property=\"article:published_time\" content=\"2026-03-23T19:12:41+00:00\" \/>\n<meta name=\"author\" content=\"Telinha\" \/>\n<meta name=\"twitter:card\" content=\"summary_large_image\" \/>\n<meta name=\"twitter:label1\" content=\"Escrito por\" \/>\n\t<meta name=\"twitter:data1\" content=\"Telinha\" \/>\n\t<meta name=\"twitter:label2\" content=\"Tempo estimado de leitura\" \/>\n\t<meta name=\"twitter:data2\" content=\"2 minutos\" \/>\n<script type=\"application\/ld+json\" class=\"yoast-schema-graph\">{\"@context\":\"https:\/\/schema.org\",\"@graph\":[{\"@type\":\"Article\",\"@id\":\"https:\/\/portaltela.pt\/noticias\/2026\/03\/23\/antonio-jose-seguro-destaca-feito-historico-no-atletismo\/#article\",\"isPartOf\":{\"@id\":\"https:\/\/portaltela.pt\/noticias\/2026\/03\/23\/antonio-jose-seguro-destaca-feito-historico-no-atletismo\/\"},\"author\":{\"name\":\"Telinha\",\"@id\":\"https:\/\/portaltela.pt\/#\/schema\/person\/c4278d4a6028830caff9ee44b42d32ed\"},\"headline\":\"Ant\u00f3nio Jos\u00e9 Seguro destaca feito hist\u00f3rico no atletismo\",\"datePublished\":\"2026-03-23T19:12:41+00:00\",\"mainEntityOfPage\":{\"@id\":\"https:\/\/portaltela.pt\/noticias\/2026\/03\/23\/antonio-jose-seguro-destaca-feito-historico-no-atletismo\/\"},\"wordCount\":311,\"image\":{\"@id\":\"https:\/\/portaltela.pt\/noticias\/2026\/03\/23\/antonio-jose-seguro-destaca-feito-historico-no-atletismo\/#primaryimage\"},\"thumbnailUrl\":\"https:\/\/portaltela.pt\/s.01k8rhncp4jt1\/2026\/03\/img_920x518uu2026-02-09-00-05-23-2420450.jpg\",\"keywords\":[\"atletismo\",\"Condecora\u00e7\u00f5es\",\"desporto\",\"Pol\u00f3nia\",\"Portugal\",\"Sele\u00e7\u00e3o Nacional\"],\"articleSection\":[\"Desporto\",\"Futebol\"],\"inLanguage\":\"pt-PT\"},{\"@type\":\"WebPage\",\"@id\":\"https:\/\/portaltela.pt\/noticias\/2026\/03\/23\/antonio-jose-seguro-destaca-feito-historico-no-atletismo\/\",\"url\":\"https:\/\/portaltela.pt\/noticias\/2026\/03\/23\/antonio-jose-seguro-destaca-feito-historico-no-atletismo\/\",\"name\":\"Ant\u00f3nio Jos\u00e9 Seguro destaca feito hist\u00f3rico no atletismo - Portal Tela Portugal\",\"isPartOf\":{\"@id\":\"https:\/\/portaltela.pt\/#website\"},\"primaryImageOfPage\":{\"@id\":\"https:\/\/portaltela.pt\/noticias\/2026\/03\/23\/antonio-jose-seguro-destaca-feito-historico-no-atletismo\/#primaryimage\"},\"image\":{\"@id\":\"https:\/\/portaltela.pt\/noticias\/2026\/03\/23\/antonio-jose-seguro-destaca-feito-historico-no-atletismo\/#primaryimage\"},\"thumbnailUrl\":\"https:\/\/portaltela.pt\/s.01k8rhncp4jt1\/2026\/03\/img_920x518uu2026-02-09-00-05-23-2420450.jpg\",\"datePublished\":\"2026-03-23T19:12:41+00:00\",\"author\":{\"@id\":\"https:\/\/portaltela.pt\/#\/schema\/person\/c4278d4a6028830caff9ee44b42d32ed\"},\"breadcrumb\":{\"@id\":\"https:\/\/portaltela.pt\/noticias\/2026\/03\/23\/antonio-jose-seguro-destaca-feito-historico-no-atletismo\/#breadcrumb\"},\"inLanguage\":\"pt-PT\",\"potentialAction\":[{\"@type\":\"ReadAction\",\"target\":[\"https:\/\/portaltela.pt\/noticias\/2026\/03\/23\/antonio-jose-seguro-destaca-feito-historico-no-atletismo\/\"]}]},{\"@type\":\"ImageObject\",\"inLanguage\":\"pt-PT\",\"@id\":\"https:\/\/portaltela.pt\/noticias\/2026\/03\/23\/antonio-jose-seguro-destaca-feito-historico-no-atletismo\/#primaryimage\",\"url\":\"https:\/\/portaltela.pt\/s.01k8rhncp4jt1\/2026\/03\/img_920x518uu2026-02-09-00-05-23-2420450.jpg\",\"contentUrl\":\"https:\/\/portaltela.pt\/s.01k8rhncp4jt1\/2026\/03\/img_920x518uu2026-02-09-00-05-23-2420450.jpg\",\"width\":796,\"height\":448,\"caption\":\"Ant\u00f3nio Jos\u00e9 Seguro\"},{\"@type\":\"BreadcrumbList\",\"@id\":\"https:\/\/portaltela.pt\/noticias\/2026\/03\/23\/antonio-jose-seguro-destaca-feito-historico-no-atletismo\/#breadcrumb\",\"itemListElement\":[{\"@type\":\"ListItem\",\"position\":1,\"name\":\"In\u00edcio\",\"item\":\"https:\/\/portaltela.pt\/\"},{\"@type\":\"ListItem\",\"position\":2,\"name\":\"Ant\u00f3nio Jos\u00e9 Seguro destaca feito hist\u00f3rico no atletismo\"}]},{\"@type\":\"WebSite\",\"@id\":\"https:\/\/portaltela.pt\/#website\",\"url\":\"https:\/\/portaltela.pt\/\",\"name\":\"Portal Tela Portugal\",\"description\":\"\",\"potentialAction\":[{\"@type\":\"SearchAction\",\"target\":{\"@type\":\"EntryPoint\",\"urlTemplate\":\"https:\/\/portaltela.pt\/?s={search_term_string}\"},\"query-input\":{\"@type\":\"PropertyValueSpecification\",\"valueRequired\":true,\"valueName\":\"search_term_string\"}}],\"inLanguage\":\"pt-PT\"},{\"@type\":\"Person\",\"@id\":\"https:\/\/portaltela.pt\/#\/schema\/person\/c4278d4a6028830caff9ee44b42d32ed\",\"name\":\"Telinha\",\"image\":{\"@type\":\"ImageObject\",\"inLanguage\":\"pt-PT\",\"@id\":\"https:\/\/portaltela.pt\/s.01k8rhncp4jt1\/2025\/11\/talking-bot-125x125.png\",\"url\":\"https:\/\/portaltela.pt\/s.01k8rhncp4jt1\/2025\/11\/talking-bot-125x125.png\",\"contentUrl\":\"https:\/\/portaltela.pt\/s.01k8rhncp4jt1\/2025\/11\/talking-bot-125x125.png\",\"caption\":\"Telinha\"},\"sameAs\":[\"https:\/\/portaltela.pt\/\"],\"url\":\"https:\/\/portaltela.pt\/por\/367410592786\/\"}]}<\/script>\n<!-- \/ Yoast SEO plugin. -->","yoast_head_json":{"title":"Ant\u00f3nio Jos\u00e9 Seguro destaca feito hist\u00f3rico no atletismo - Portal Tela Portugal","robots":{"index":"index","follow":"follow","max-snippet":"max-snippet:-1","max-image-preview":"max-image-preview:large","max-video-preview":"max-video-preview:-1"},"og_locale":"pt_PT","og_type":"article","og_title":"Ant\u00f3nio Jos\u00e9 Seguro destaca feito hist\u00f3rico no atletismo - Portal Tela Portugal","og_description":"Ant\u00f3nio Jos\u00e9 Seguro destacou o feito hist\u00f3rico da comitiva portuguesa nos Mundiais de atletismo de pista curta em Torun, Pol\u00f3nia, como a melhor presen\u00e7a de sempre. Portugal ficou em quarto no medalheiro final, atr\u00e1s apenas dos Estados Unidos da Am\u00e9rica, Gr\u00e3-Bretanha e It\u00e1lia. Seguro condecorou os tr\u00eas medalhados e dirigiu-se aos atletas e ao staff no Pal\u00e1cio de Bel\u00e9m, acompanhado pelo Primeiro-Ministro Lu\u00eds Montenegro. Domingos Castro, presidente da Federa\u00e7\u00e3o Portuguesa de Atletismo, pediu a constru\u00e7\u00e3o de uma arena e elogiou a cobertura medi\u00e1tica, dizendo que o sucesso \u00e9 de todos. A comitiva chegou a Bel\u00e9m num autocarro da Federa\u00e7\u00e3o de Futebol, ap\u00f3s cerca de dez minutos para conseguir o meio de transporte.","og_url":"https:\/\/portaltela.pt\/noticias\/2026\/03\/23\/antonio-jose-seguro-destaca-feito-historico-no-atletismo\/","og_site_name":"Portal Tela Portugal","article_published_time":"2026-03-23T19:12:41+00:00","author":"Telinha","twitter_card":"summary_large_image","twitter_misc":{"Escrito por":"Telinha","Tempo estimado de leitura":"2 minutos"},"schema":{"@context":"https:\/\/schema.org","@graph":[{"@type":"Article","@id":"https:\/\/portaltela.pt\/noticias\/2026\/03\/23\/antonio-jose-seguro-destaca-feito-historico-no-atletismo\/#article","isPartOf":{"@id":"https:\/\/portaltela.pt\/noticias\/2026\/03\/23\/antonio-jose-seguro-destaca-feito-historico-no-atletismo\/"},"author":{"name":"Telinha","@id":"https:\/\/portaltela.pt\/#\/schema\/person\/c4278d4a6028830caff9ee44b42d32ed"},"headline":"Ant\u00f3nio Jos\u00e9 Seguro destaca feito hist\u00f3rico no atletismo","datePublished":"2026-03-23T19:12:41+00:00","mainEntityOfPage":{"@id":"https:\/\/portaltela.pt\/noticias\/2026\/03\/23\/antonio-jose-seguro-destaca-feito-historico-no-atletismo\/"},"wordCount":311,"image":{"@id":"https:\/\/portaltela.pt\/noticias\/2026\/03\/23\/antonio-jose-seguro-destaca-feito-historico-no-atletismo\/#primaryimage"},"thumbnailUrl":"https:\/\/portaltela.pt\/s.01k8rhncp4jt1\/2026\/03\/img_920x518uu2026-02-09-00-05-23-2420450.jpg","keywords":["atletismo","Condecora\u00e7\u00f5es","desporto","Pol\u00f3nia","Portugal","Sele\u00e7\u00e3o Nacional"],"articleSection":["Desporto","Futebol"],"inLanguage":"pt-PT"},{"@type":"WebPage","@id":"https:\/\/portaltela.pt\/noticias\/2026\/03\/23\/antonio-jose-seguro-destaca-feito-historico-no-atletismo\/","url":"https:\/\/portaltela.pt\/noticias\/2026\/03\/23\/antonio-jose-seguro-destaca-feito-historico-no-atletismo\/","name":"Ant\u00f3nio Jos\u00e9 Seguro destaca feito hist\u00f3rico no atletismo - Portal Tela Portugal","isPartOf":{"@id":"https:\/\/portaltela.pt\/#website"},"primaryImageOfPage":{"@id":"https:\/\/portaltela.pt\/noticias\/2026\/03\/23\/antonio-jose-seguro-destaca-feito-historico-no-atletismo\/#primaryimage"},"image":{"@id":"https:\/\/portaltela.pt\/noticias\/2026\/03\/23\/antonio-jose-seguro-destaca-feito-historico-no-atletismo\/#primaryimage"},"thumbnailUrl":"https:\/\/portaltela.pt\/s.01k8rhncp4jt1\/2026\/03\/img_920x518uu2026-02-09-00-05-23-2420450.jpg","datePublished":"2026-03-23T19:12:41+00:00","author":{"@id":"https:\/\/portaltela.pt\/#\/schema\/person\/c4278d4a6028830caff9ee44b42d32ed"},"breadcrumb":{"@id":"https:\/\/portaltela.pt\/noticias\/2026\/03\/23\/antonio-jose-seguro-destaca-feito-historico-no-atletismo\/#breadcrumb"},"inLanguage":"pt-PT","potentialAction":[{"@type":"ReadAction","target":["https:\/\/portaltela.pt\/noticias\/2026\/03\/23\/antonio-jose-seguro-destaca-feito-historico-no-atletismo\/"]}]},{"@type":"ImageObject","inLanguage":"pt-PT","@id":"https:\/\/portaltela.pt\/noticias\/2026\/03\/23\/antonio-jose-seguro-destaca-feito-historico-no-atletismo\/#primaryimage","url":"https:\/\/portaltela.pt\/s.01k8rhncp4jt1\/2026\/03\/img_920x518uu2026-02-09-00-05-23-2420450.jpg","contentUrl":"https:\/\/portaltela.pt\/s.01k8rhncp4jt1\/2026\/03\/img_920x518uu2026-02-09-00-05-23-2420450.jpg","width":796,"height":448,"caption":"Ant\u00f3nio Jos\u00e9 Seguro"},{"@type":"BreadcrumbList","@id":"https:\/\/portaltela.pt\/noticias\/2026\/03\/23\/antonio-jose-seguro-destaca-feito-historico-no-atletismo\/#breadcrumb","itemListElement":[{"@type":"ListItem","position":1,"name":"In\u00edcio","item":"https:\/\/portaltela.pt\/"},{"@type":"ListItem","position":2,"name":"Ant\u00f3nio Jos\u00e9 Seguro destaca feito hist\u00f3rico no atletismo"}]},{"@type":"WebSite","@id":"https:\/\/portaltela.pt\/#website","url":"https:\/\/portaltela.pt\/","name":"Portal Tela Portugal","description":"","potentialAction":[{"@type":"SearchAction","target":{"@type":"EntryPoint","urlTemplate":"https:\/\/portaltela.pt\/?s={search_term_string}"},"query-input":{"@type":"PropertyValueSpecification","valueRequired":true,"valueName":"search_term_string"}}],"inLanguage":"pt-PT"},{"@type":"Person","@id":"https:\/\/portaltela.pt\/#\/schema\/person\/c4278d4a6028830caff9ee44b42d32ed","name":"Telinha","image":{"@type":"ImageObject","inLanguage":"pt-PT","@id":"https:\/\/portaltela.pt\/s.01k8rhncp4jt1\/2025\/11\/talking-bot-125x125.png","url":"https:\/\/portaltela.pt\/s.01k8rhncp4jt1\/2025\/11\/talking-bot-125x125.png","contentUrl":"https:\/\/portaltela.pt\/s.01k8rhncp4jt1\/2025\/11\/talking-bot-125x125.png","caption":"Telinha"},"sameAs":["https:\/\/portaltela.pt\/"],"url":"https:\/\/portaltela.pt\/por\/367410592786\/"}]}},"_links":{"self":[{"href":"https:\/\/portaltela.pt\/api\/wp\/v2\/posts\/418830","targetHints":{"allow":["GET"]}}],"collection":[{"href":"https:\/\/portaltela.pt\/api\/wp\/v2\/posts"}],"about":[{"href":"https:\/\/portaltela.pt\/api\/wp\/v2\/types\/post"}],"author":[{"embeddable":true,"href":"https:\/\/portaltela.pt\/api\/wp\/v2\/users\/2"}],"replies":[{"embeddable":true,"href":"https:\/\/portaltela.pt\/api\/wp\/v2\/comments?post=418830"}],"version-history":[{"count":0,"href":"https:\/\/portaltela.pt\/api\/wp\/v2\/posts\/418830\/revisions"}],"wp:featuredmedia":[{"embeddable":true,"href":"https:\/\/portaltela.pt\/api\/wp\/v2\/media\/418835"}],"wp:attachment":[{"href":"https:\/\/portaltela.pt\/api\/wp\/v2\/media?parent=418830"}],"wp:term":[{"taxonomy":"category","embeddable":true,"href":"https:\/\/portaltela.pt\/api\/wp\/v2\/categories?post=418830"},{"taxonomy":"post_tag","embeddable":true,"href":"https:\/\/portaltela.pt\/api\/wp\/v2\/tags?post=418830"}],"curies":[{"name":"wp","href":"https:\/\/api.w.org\/{rel}","templated":true}]}}