{"id":418822,"date":"2026-03-23T16:08:00","date_gmt":"2026-03-23T19:08:00","guid":{"rendered":"https:\/\/portaltela.pt\/noticias\/2026\/03\/23\/portugueses-em-cuba-denunciam-condicoes-de-vida-precarias-por-embargo-dos-eua\/"},"modified":"2026-03-23T16:08:00","modified_gmt":"2026-03-23T19:08:00","slug":"portugueses-em-cuba-denunciam-condicoes-de-vida-precarias-por-embargo-dos-eua","status":"publish","type":"post","link":"https:\/\/portaltela.pt\/noticias\/politica\/2026\/03\/23\/portugueses-em-cuba-denunciam-condicoes-de-vida-precarias-por-embargo-dos-eua\/","title":{"rendered":"Portugueses em Cuba denunciam condi\u00e7\u00f5es de vida prec\u00e1rias por embargo dos EUA"},"content":{"rendered":"<p>Volunt\u00e1rios portugueses que trouxeram ajuda humanit\u00e1ria a Cuba descrevem condi\u00e7\u00f5es dif\u00edceis no terreno, com escassez de combust\u00edvel e impactos das medidas americanas. A desloca\u00e7\u00e3o, feita no \u00e2mbito do Comboio Nuestra Am\u00e9rica, ocorreu entre Mil\u00e3o e Havana.<\/p>\n<p>Entre os relatos, destaca-se a vis\u00e3o de um vide\u00f3grafo de Santiago de Cuba, que n\u00e3o sabe quando poder\u00e1 regressar a casa, devido \u00e0 procura di\u00e1ria de transportes pelas prov\u00edncias e \u00e0 elevada procura por lugares nesses servi\u00e7os. As condi\u00e7\u00f5es de trabalho para os portugueses parecem dif\u00edceis.<\/p>\n<p>A falta de energia el\u00e9trica tamb\u00e9m \u00e9 uma realidade, afetando hot\u00e9is onde est\u00e3o alojados os volunt\u00e1rios. O desgaste da popula\u00e7\u00e3o cubana \u00e9 referido por Raquel Ribeiro, que integra a Associa\u00e7\u00e3o Amizade Portugal-Cuba e o Comboio Nuestra Am\u00e9rica.<\/p>\n<h3>Prepara\u00e7\u00e3o militar e declara\u00e7\u00f5es oficiais<\/h3>\n<p>Segundo os volunt\u00e1rios, delega\u00e7\u00f5es de 19 pa\u00edses europeus reuniram-se com autoridades cubanas, incluindo o presidente Miguel D\u00edaz-Canel. D\u00edaz-Canel afirmou que o pa\u00eds se prepara para uma poss\u00edvel interven\u00e7\u00e3o militar dos EUA, mantendo um certo otimismo entre os cubanos.<\/p>\n<p>Raquel Ribeiro aponta que o pa\u00eds est\u00e1 preocupado com a evolu\u00e7\u00e3o da tens\u00e3o regional, mencionando interven\u00e7\u00f5es hist\u00f3ricas e epis\u00f3dios recentes na regi\u00e3o. A volunt\u00e1ria refor\u00e7a que Cuba tem experi\u00eancia em resistir a press\u00f5es externas.<\/p>\n<p>Donald Trump admitiu, em declara\u00e7\u00f5es p\u00fablicas, o interesse em controlar Cuba e suspendeu a venda de petr\u00f3leo cubano para a ilha, ampliando tens\u00f5es com v\u00e1rios pa\u00edses. A press\u00e3o internacional tem outras na\u00e7\u00f5es a redefinir rela\u00e7\u00f5es diplom\u00e1ticas com Havana.<\/p>\n<p>Apesar das dificuldades, alguns pa\u00edses continuam a apoiar Cuba, incluindo M\u00e9xico, que enviou ajuda, e R\u00fassia, que anunciou o envio de um petroleiro com cerca de 700 mil barris de petr\u00f3leo. A expectativa \u00e9 de que esses apoios possam mitigar a crise energ\u00e9tica.<\/p>\n<p>Os volunt\u00e1rios v\u00e3o permanecer em Cuba at\u00e9 ao final da semana, para depois regressar a Mil\u00e3o. O carregamento total, superior a cinco toneladas, incluiu medicamentos e material m\u00e9dico destinados a Havana, conforme reportado pelos organizadores.<\/p>\n","protected":false},"excerpt":{"rendered":"<ul>\n<li>Volunt\u00e1rios portugueses que levaram ajuda a Cuba relatam falta de combust\u00edvel e o receio de ver fam\u00edlias separadas, com transportes di\u00e1rios a partir de Havana a dificultar o acesso \u00e0s prov\u00edncias.<\/li>\n<li>O desgaste entre os cubanos aumenta: h\u00e1 registo de \u201cpanela\u00e7os\u201d \u00e0 noite durante apag\u00f5es e as condi\u00e7\u00f5es de vida s\u00e3o descritas como impens\u00e1veis pelos membros do grupo.<\/li>\n<li>A crise energ\u00e9tica j\u00e1 afeta tamb\u00e9m o alojamento dos volunt\u00e1rios, com falhas de energia a provocar desalento entre os cubanos.<\/li>\n<li>O presidente cubano, Miguel D\u00edaz-Canel, disse que o pa\u00eds se prepara para uma poss\u00edvel interven\u00e7\u00e3o militar dos EUA, com exerc\u00edcios em todas as prov\u00edncias.<\/li>\n<li>Os EUA, sob Donald Trump, amea\u00e7am tomar Cuba e cortaram o petr\u00f3leo cubano, enquanto outros pa\u00edses, como R\u00fassia, manifestaram apoio humanit\u00e1rio, com promessas de envio de crude.<\/li>\n<\/ul>\n","protected":false},"author":2,"featured_media":418825,"comment_status":"closed","ping_status":"closed","sticky":false,"template":"","format":"standard","meta":{"footnotes":""},"categories":[6814,5],"tags":[5747,6636,4893,174,5698,27],"class_list":["post-418822","post","type-post","status-publish","format-standard","has-post-thumbnail","hentry","category-geopolitica","category-politica","tag-ajuda-humanitaria","tag-cuba","tag-embargos","tag-energia","tag-politica-internacional","tag-relacoes-internacionais"],"yoast_head":"<!-- This site is optimized with the Yoast SEO plugin v27.2 - https:\/\/yoast.com\/product\/yoast-seo-wordpress\/ -->\n<title>Portugueses em Cuba denunciam condi\u00e7\u00f5es de vida prec\u00e1rias por embargo dos EUA - Portal Tela Portugal<\/title>\n<meta name=\"robots\" content=\"index, follow, max-snippet:-1, max-image-preview:large, max-video-preview:-1\" \/>\n<meta property=\"og:locale\" content=\"pt_PT\" \/>\n<meta property=\"og:type\" content=\"article\" \/>\n<meta property=\"og:title\" content=\"Portugueses em Cuba denunciam condi\u00e7\u00f5es de vida prec\u00e1rias por embargo dos EUA - Portal Tela Portugal\" \/>\n<meta property=\"og:description\" content=\"Volunt\u00e1rios portugueses que levaram ajuda a Cuba relatam falta de combust\u00edvel e o receio de ver fam\u00edlias separadas, com transportes di\u00e1rios a partir de Havana a dificultar o acesso \u00e0s prov\u00edncias. O desgaste entre os cubanos aumenta: h\u00e1 registo de \u201cpanela\u00e7os\u201d \u00e0 noite durante apag\u00f5es e as condi\u00e7\u00f5es de vida s\u00e3o descritas como impens\u00e1veis pelos membros do grupo. A crise energ\u00e9tica j\u00e1 afeta tamb\u00e9m o alojamento dos volunt\u00e1rios, com falhas de energia a provocar desalento entre os cubanos. O presidente cubano, Miguel D\u00edaz-Canel, disse que o pa\u00eds se prepara para uma poss\u00edvel interven\u00e7\u00e3o militar dos EUA, com exerc\u00edcios em todas as prov\u00edncias. Os EUA, sob Donald Trump, amea\u00e7am tomar Cuba e cortaram o petr\u00f3leo cubano, enquanto outros pa\u00edses, como R\u00fassia, manifestaram apoio humanit\u00e1rio, com promessas de envio de crude.\" \/>\n<meta property=\"og:url\" content=\"https:\/\/portaltela.pt\/noticias\/2026\/03\/23\/portugueses-em-cuba-denunciam-condicoes-de-vida-precarias-por-embargo-dos-eua\/\" \/>\n<meta property=\"og:site_name\" content=\"Portal Tela Portugal\" \/>\n<meta property=\"article:published_time\" content=\"2026-03-23T19:08:00+00:00\" \/>\n<meta name=\"author\" content=\"Telinha\" \/>\n<meta name=\"twitter:card\" content=\"summary_large_image\" \/>\n<meta name=\"twitter:label1\" content=\"Escrito por\" \/>\n\t<meta name=\"twitter:data1\" content=\"Telinha\" \/>\n\t<meta name=\"twitter:label2\" content=\"Tempo estimado de leitura\" \/>\n\t<meta name=\"twitter:data2\" content=\"2 minutos\" \/>\n<script type=\"application\/ld+json\" class=\"yoast-schema-graph\">{\"@context\":\"https:\/\/schema.org\",\"@graph\":[{\"@type\":\"Article\",\"@id\":\"https:\/\/portaltela.pt\/noticias\/2026\/03\/23\/portugueses-em-cuba-denunciam-condicoes-de-vida-precarias-por-embargo-dos-eua\/#article\",\"isPartOf\":{\"@id\":\"https:\/\/portaltela.pt\/noticias\/2026\/03\/23\/portugueses-em-cuba-denunciam-condicoes-de-vida-precarias-por-embargo-dos-eua\/\"},\"author\":{\"name\":\"Telinha\",\"@id\":\"https:\/\/portaltela.pt\/#\/schema\/person\/c4278d4a6028830caff9ee44b42d32ed\"},\"headline\":\"Portugueses em Cuba denunciam condi\u00e7\u00f5es de vida prec\u00e1rias por embargo dos EUA\",\"datePublished\":\"2026-03-23T19:08:00+00:00\",\"mainEntityOfPage\":{\"@id\":\"https:\/\/portaltela.pt\/noticias\/2026\/03\/23\/portugueses-em-cuba-denunciam-condicoes-de-vida-precarias-por-embargo-dos-eua\/\"},\"wordCount\":383,\"image\":{\"@id\":\"https:\/\/portaltela.pt\/noticias\/2026\/03\/23\/portugueses-em-cuba-denunciam-condicoes-de-vida-precarias-por-embargo-dos-eua\/#primaryimage\"},\"thumbnailUrl\":\"https:\/\/portaltela.pt\/s.01k8rhncp4jt1\/2026\/03\/image-87.webp\",\"keywords\":[\"ajuda humanit\u00e1ria\",\"Cuba\",\"embargos\",\"energia\",\"pol\u00edtica internacional\",\"rela\u00e7\u00f5es internacionais\"],\"articleSection\":[\"Geopol\u00edtica\",\"Pol\u00edtica\"],\"inLanguage\":\"pt-PT\"},{\"@type\":\"WebPage\",\"@id\":\"https:\/\/portaltela.pt\/noticias\/2026\/03\/23\/portugueses-em-cuba-denunciam-condicoes-de-vida-precarias-por-embargo-dos-eua\/\",\"url\":\"https:\/\/portaltela.pt\/noticias\/2026\/03\/23\/portugueses-em-cuba-denunciam-condicoes-de-vida-precarias-por-embargo-dos-eua\/\",\"name\":\"Portugueses em Cuba denunciam condi\u00e7\u00f5es de vida prec\u00e1rias por embargo dos EUA - Portal Tela Portugal\",\"isPartOf\":{\"@id\":\"https:\/\/portaltela.pt\/#website\"},\"primaryImageOfPage\":{\"@id\":\"https:\/\/portaltela.pt\/noticias\/2026\/03\/23\/portugueses-em-cuba-denunciam-condicoes-de-vida-precarias-por-embargo-dos-eua\/#primaryimage\"},\"image\":{\"@id\":\"https:\/\/portaltela.pt\/noticias\/2026\/03\/23\/portugueses-em-cuba-denunciam-condicoes-de-vida-precarias-por-embargo-dos-eua\/#primaryimage\"},\"thumbnailUrl\":\"https:\/\/portaltela.pt\/s.01k8rhncp4jt1\/2026\/03\/image-87.webp\",\"datePublished\":\"2026-03-23T19:08:00+00:00\",\"author\":{\"@id\":\"https:\/\/portaltela.pt\/#\/schema\/person\/c4278d4a6028830caff9ee44b42d32ed\"},\"breadcrumb\":{\"@id\":\"https:\/\/portaltela.pt\/noticias\/2026\/03\/23\/portugueses-em-cuba-denunciam-condicoes-de-vida-precarias-por-embargo-dos-eua\/#breadcrumb\"},\"inLanguage\":\"pt-PT\",\"potentialAction\":[{\"@type\":\"ReadAction\",\"target\":[\"https:\/\/portaltela.pt\/noticias\/2026\/03\/23\/portugueses-em-cuba-denunciam-condicoes-de-vida-precarias-por-embargo-dos-eua\/\"]}]},{\"@type\":\"ImageObject\",\"inLanguage\":\"pt-PT\",\"@id\":\"https:\/\/portaltela.pt\/noticias\/2026\/03\/23\/portugueses-em-cuba-denunciam-condicoes-de-vida-precarias-por-embargo-dos-eua\/#primaryimage\",\"url\":\"https:\/\/portaltela.pt\/s.01k8rhncp4jt1\/2026\/03\/image-87.webp\",\"contentUrl\":\"https:\/\/portaltela.pt\/s.01k8rhncp4jt1\/2026\/03\/image-87.webp\",\"width\":1200,\"height\":800,\"caption\":\"\u00c1gua pot\u00e1vel \u00e9 escassa no pa\u00eds\"},{\"@type\":\"BreadcrumbList\",\"@id\":\"https:\/\/portaltela.pt\/noticias\/2026\/03\/23\/portugueses-em-cuba-denunciam-condicoes-de-vida-precarias-por-embargo-dos-eua\/#breadcrumb\",\"itemListElement\":[{\"@type\":\"ListItem\",\"position\":1,\"name\":\"In\u00edcio\",\"item\":\"https:\/\/portaltela.pt\/\"},{\"@type\":\"ListItem\",\"position\":2,\"name\":\"Portugueses em Cuba denunciam condi\u00e7\u00f5es de vida prec\u00e1rias por embargo dos EUA\"}]},{\"@type\":\"WebSite\",\"@id\":\"https:\/\/portaltela.pt\/#website\",\"url\":\"https:\/\/portaltela.pt\/\",\"name\":\"Portal Tela Portugal\",\"description\":\"\",\"potentialAction\":[{\"@type\":\"SearchAction\",\"target\":{\"@type\":\"EntryPoint\",\"urlTemplate\":\"https:\/\/portaltela.pt\/?s={search_term_string}\"},\"query-input\":{\"@type\":\"PropertyValueSpecification\",\"valueRequired\":true,\"valueName\":\"search_term_string\"}}],\"inLanguage\":\"pt-PT\"},{\"@type\":\"Person\",\"@id\":\"https:\/\/portaltela.pt\/#\/schema\/person\/c4278d4a6028830caff9ee44b42d32ed\",\"name\":\"Telinha\",\"image\":{\"@type\":\"ImageObject\",\"inLanguage\":\"pt-PT\",\"@id\":\"https:\/\/portaltela.pt\/s.01k8rhncp4jt1\/2025\/11\/talking-bot-125x125.png\",\"url\":\"https:\/\/portaltela.pt\/s.01k8rhncp4jt1\/2025\/11\/talking-bot-125x125.png\",\"contentUrl\":\"https:\/\/portaltela.pt\/s.01k8rhncp4jt1\/2025\/11\/talking-bot-125x125.png\",\"caption\":\"Telinha\"},\"sameAs\":[\"https:\/\/portaltela.pt\/\"],\"url\":\"https:\/\/portaltela.pt\/por\/367410592786\/\"}]}<\/script>\n<!-- \/ Yoast SEO plugin. -->","yoast_head_json":{"title":"Portugueses em Cuba denunciam condi\u00e7\u00f5es de vida prec\u00e1rias por embargo dos EUA - Portal Tela Portugal","robots":{"index":"index","follow":"follow","max-snippet":"max-snippet:-1","max-image-preview":"max-image-preview:large","max-video-preview":"max-video-preview:-1"},"og_locale":"pt_PT","og_type":"article","og_title":"Portugueses em Cuba denunciam condi\u00e7\u00f5es de vida prec\u00e1rias por embargo dos EUA - Portal Tela Portugal","og_description":"Volunt\u00e1rios portugueses que levaram ajuda a Cuba relatam falta de combust\u00edvel e o receio de ver fam\u00edlias separadas, com transportes di\u00e1rios a partir de Havana a dificultar o acesso \u00e0s prov\u00edncias. O desgaste entre os cubanos aumenta: h\u00e1 registo de \u201cpanela\u00e7os\u201d \u00e0 noite durante apag\u00f5es e as condi\u00e7\u00f5es de vida s\u00e3o descritas como impens\u00e1veis pelos membros do grupo. A crise energ\u00e9tica j\u00e1 afeta tamb\u00e9m o alojamento dos volunt\u00e1rios, com falhas de energia a provocar desalento entre os cubanos. O presidente cubano, Miguel D\u00edaz-Canel, disse que o pa\u00eds se prepara para uma poss\u00edvel interven\u00e7\u00e3o militar dos EUA, com exerc\u00edcios em todas as prov\u00edncias. Os EUA, sob Donald Trump, amea\u00e7am tomar Cuba e cortaram o petr\u00f3leo cubano, enquanto outros pa\u00edses, como R\u00fassia, manifestaram apoio humanit\u00e1rio, com promessas de envio de crude.","og_url":"https:\/\/portaltela.pt\/noticias\/2026\/03\/23\/portugueses-em-cuba-denunciam-condicoes-de-vida-precarias-por-embargo-dos-eua\/","og_site_name":"Portal Tela Portugal","article_published_time":"2026-03-23T19:08:00+00:00","author":"Telinha","twitter_card":"summary_large_image","twitter_misc":{"Escrito por":"Telinha","Tempo estimado de leitura":"2 minutos"},"schema":{"@context":"https:\/\/schema.org","@graph":[{"@type":"Article","@id":"https:\/\/portaltela.pt\/noticias\/2026\/03\/23\/portugueses-em-cuba-denunciam-condicoes-de-vida-precarias-por-embargo-dos-eua\/#article","isPartOf":{"@id":"https:\/\/portaltela.pt\/noticias\/2026\/03\/23\/portugueses-em-cuba-denunciam-condicoes-de-vida-precarias-por-embargo-dos-eua\/"},"author":{"name":"Telinha","@id":"https:\/\/portaltela.pt\/#\/schema\/person\/c4278d4a6028830caff9ee44b42d32ed"},"headline":"Portugueses em Cuba denunciam condi\u00e7\u00f5es de vida prec\u00e1rias por embargo dos EUA","datePublished":"2026-03-23T19:08:00+00:00","mainEntityOfPage":{"@id":"https:\/\/portaltela.pt\/noticias\/2026\/03\/23\/portugueses-em-cuba-denunciam-condicoes-de-vida-precarias-por-embargo-dos-eua\/"},"wordCount":383,"image":{"@id":"https:\/\/portaltela.pt\/noticias\/2026\/03\/23\/portugueses-em-cuba-denunciam-condicoes-de-vida-precarias-por-embargo-dos-eua\/#primaryimage"},"thumbnailUrl":"https:\/\/portaltela.pt\/s.01k8rhncp4jt1\/2026\/03\/image-87.webp","keywords":["ajuda humanit\u00e1ria","Cuba","embargos","energia","pol\u00edtica internacional","rela\u00e7\u00f5es internacionais"],"articleSection":["Geopol\u00edtica","Pol\u00edtica"],"inLanguage":"pt-PT"},{"@type":"WebPage","@id":"https:\/\/portaltela.pt\/noticias\/2026\/03\/23\/portugueses-em-cuba-denunciam-condicoes-de-vida-precarias-por-embargo-dos-eua\/","url":"https:\/\/portaltela.pt\/noticias\/2026\/03\/23\/portugueses-em-cuba-denunciam-condicoes-de-vida-precarias-por-embargo-dos-eua\/","name":"Portugueses em Cuba denunciam condi\u00e7\u00f5es de vida prec\u00e1rias por embargo dos EUA - Portal Tela Portugal","isPartOf":{"@id":"https:\/\/portaltela.pt\/#website"},"primaryImageOfPage":{"@id":"https:\/\/portaltela.pt\/noticias\/2026\/03\/23\/portugueses-em-cuba-denunciam-condicoes-de-vida-precarias-por-embargo-dos-eua\/#primaryimage"},"image":{"@id":"https:\/\/portaltela.pt\/noticias\/2026\/03\/23\/portugueses-em-cuba-denunciam-condicoes-de-vida-precarias-por-embargo-dos-eua\/#primaryimage"},"thumbnailUrl":"https:\/\/portaltela.pt\/s.01k8rhncp4jt1\/2026\/03\/image-87.webp","datePublished":"2026-03-23T19:08:00+00:00","author":{"@id":"https:\/\/portaltela.pt\/#\/schema\/person\/c4278d4a6028830caff9ee44b42d32ed"},"breadcrumb":{"@id":"https:\/\/portaltela.pt\/noticias\/2026\/03\/23\/portugueses-em-cuba-denunciam-condicoes-de-vida-precarias-por-embargo-dos-eua\/#breadcrumb"},"inLanguage":"pt-PT","potentialAction":[{"@type":"ReadAction","target":["https:\/\/portaltela.pt\/noticias\/2026\/03\/23\/portugueses-em-cuba-denunciam-condicoes-de-vida-precarias-por-embargo-dos-eua\/"]}]},{"@type":"ImageObject","inLanguage":"pt-PT","@id":"https:\/\/portaltela.pt\/noticias\/2026\/03\/23\/portugueses-em-cuba-denunciam-condicoes-de-vida-precarias-por-embargo-dos-eua\/#primaryimage","url":"https:\/\/portaltela.pt\/s.01k8rhncp4jt1\/2026\/03\/image-87.webp","contentUrl":"https:\/\/portaltela.pt\/s.01k8rhncp4jt1\/2026\/03\/image-87.webp","width":1200,"height":800,"caption":"\u00c1gua pot\u00e1vel \u00e9 escassa no pa\u00eds"},{"@type":"BreadcrumbList","@id":"https:\/\/portaltela.pt\/noticias\/2026\/03\/23\/portugueses-em-cuba-denunciam-condicoes-de-vida-precarias-por-embargo-dos-eua\/#breadcrumb","itemListElement":[{"@type":"ListItem","position":1,"name":"In\u00edcio","item":"https:\/\/portaltela.pt\/"},{"@type":"ListItem","position":2,"name":"Portugueses em Cuba denunciam condi\u00e7\u00f5es de vida prec\u00e1rias por embargo dos EUA"}]},{"@type":"WebSite","@id":"https:\/\/portaltela.pt\/#website","url":"https:\/\/portaltela.pt\/","name":"Portal Tela Portugal","description":"","potentialAction":[{"@type":"SearchAction","target":{"@type":"EntryPoint","urlTemplate":"https:\/\/portaltela.pt\/?s={search_term_string}"},"query-input":{"@type":"PropertyValueSpecification","valueRequired":true,"valueName":"search_term_string"}}],"inLanguage":"pt-PT"},{"@type":"Person","@id":"https:\/\/portaltela.pt\/#\/schema\/person\/c4278d4a6028830caff9ee44b42d32ed","name":"Telinha","image":{"@type":"ImageObject","inLanguage":"pt-PT","@id":"https:\/\/portaltela.pt\/s.01k8rhncp4jt1\/2025\/11\/talking-bot-125x125.png","url":"https:\/\/portaltela.pt\/s.01k8rhncp4jt1\/2025\/11\/talking-bot-125x125.png","contentUrl":"https:\/\/portaltela.pt\/s.01k8rhncp4jt1\/2025\/11\/talking-bot-125x125.png","caption":"Telinha"},"sameAs":["https:\/\/portaltela.pt\/"],"url":"https:\/\/portaltela.pt\/por\/367410592786\/"}]}},"_links":{"self":[{"href":"https:\/\/portaltela.pt\/api\/wp\/v2\/posts\/418822","targetHints":{"allow":["GET"]}}],"collection":[{"href":"https:\/\/portaltela.pt\/api\/wp\/v2\/posts"}],"about":[{"href":"https:\/\/portaltela.pt\/api\/wp\/v2\/types\/post"}],"author":[{"embeddable":true,"href":"https:\/\/portaltela.pt\/api\/wp\/v2\/users\/2"}],"replies":[{"embeddable":true,"href":"https:\/\/portaltela.pt\/api\/wp\/v2\/comments?post=418822"}],"version-history":[{"count":0,"href":"https:\/\/portaltela.pt\/api\/wp\/v2\/posts\/418822\/revisions"}],"wp:featuredmedia":[{"embeddable":true,"href":"https:\/\/portaltela.pt\/api\/wp\/v2\/media\/418825"}],"wp:attachment":[{"href":"https:\/\/portaltela.pt\/api\/wp\/v2\/media?parent=418822"}],"wp:term":[{"taxonomy":"category","embeddable":true,"href":"https:\/\/portaltela.pt\/api\/wp\/v2\/categories?post=418822"},{"taxonomy":"post_tag","embeddable":true,"href":"https:\/\/portaltela.pt\/api\/wp\/v2\/tags?post=418822"}],"curies":[{"name":"wp","href":"https:\/\/api.w.org\/{rel}","templated":true}]}}