{"id":418807,"date":"2026-03-23T15:31:00","date_gmt":"2026-03-23T18:31:00","guid":{"rendered":"https:\/\/portaltela.pt\/noticias\/2026\/03\/23\/baixar-o-cortisol-moda-ou-mito-especialistas-debatem-evidencias\/"},"modified":"2026-03-23T15:31:00","modified_gmt":"2026-03-23T18:31:00","slug":"baixar-o-cortisol-moda-ou-mito-especialistas-debatem-evidencias","status":"publish","type":"post","link":"https:\/\/portaltela.pt\/saude\/2026\/03\/23\/baixar-o-cortisol-moda-ou-mito-especialistas-debatem-evidencias\/","title":{"rendered":"Baixar o cortisol: moda ou mito? especialistas debatem evid\u00eancias"},"content":{"rendered":"<p>Durante anos, o cortisol ganhou protagonismo nas redes como respons\u00e1vel por ganho de peso, ins\u00f3nias e ansiedade. O artigo analisa o papel desta hormona glicocorticoide produzida pelas gl\u00e2ndulas suprarrenais e as mensagens que circulam online. A ideia de que baixar o cortisol \u00e9 um truque r\u00e1pido \u00e9 contestada pela evid\u00eancia cient\u00edfica.<\/p>\n<p>O cortisol \u00e9 essencial para a sobreviv\u00eancia. Garante que o corpo tem recursos para enfrentar amea\u00e7as ou stress. Entre as fun\u00e7\u00f5es est\u00e1 a disponibiliza\u00e7\u00e3o de energia, a regula\u00e7\u00e3o imunit\u00e1ria, da tens\u00e3o arterial e do metabolismo. Desse modo, n\u00e3o \u00e9 apenas um problema, mas parte do funcionamento normal.<\/p>\n<p>O cortisol apresenta tamb\u00e9m um ritmo di\u00e1rio: atinge o pico ao acordar e diminui ao longo do dia, preparando o corpo para o descanso. O problema surge quando o cortisol permanece desregulado, mantendo o organismo em alerta quase o tempo todo.<\/p>\n<h3>O papel do stress e o equil\u00edbrio<\/h3>\n<p>Do ponto de vista psicol\u00f3gico, o cortisol est\u00e1 ligado ao estado de ativa\u00e7\u00e3o. A hormona associa-se ao sistema nervoso simp\u00e1tico, que gera energia e vigil\u00e2ncia. O equil\u00edbrio. O corpo opera dentro de limites de homeostasia; quando ultrapassados, surgem mecanismos de compensa\u00e7\u00e3o.<\/p>\n<p>O problema aparece quando o desligar \u00e9 dif\u00edcil. O corpo continua a produzir energia mesmo em repouso, o que pode prolongar o estado de alerta. Dormir mal ou estar acordado mentalmente mant\u00e9m a produ\u00e7\u00e3o de cortisol.<\/p>\n<h3>Alimenta\u00e7\u00e3o, mitos e limites<\/h3>\n<p>Nas redes sociais circulam afirmativas sobre alimentos que baixam o cortisol. A evid\u00eancia n\u00e3o sustenta uma rela\u00e7\u00e3o direta entre dining espec\u00edfico e redu\u00e7\u00e3o do cortisol. Contudo, a alimenta\u00e7\u00e3o pode influenciar como o organismo reage ao stress.<\/p>\n<p>Picos de a\u00e7\u00facar, dietas restritivas e ultraprocessados elevam o stress metab\u00f3lico, aumentando a inflama\u00e7\u00e3o e a produ\u00e7\u00e3o de cortisol. A cafe\u00edna tamb\u00e9m pode agravar sentimentos de ansiedade em pessoas sens\u00edveis.<\/p>\n<p>Uma alimenta\u00e7\u00e3o equilibrada, semelhante ao padr\u00e3o mediterr\u00e2nico, ajuda o corpo a funcionar melhor, mas n\u00e3o resolve tudo. Comer devagar, dormir bem, praticar atividade f\u00edsica e promover per\u00edodos reais de descanso s\u00e3o fundamentais para ligar e desligar o organismo conforme necess\u00e1rio.<\/p>\n","protected":false},"excerpt":{"rendered":"<ul>\n<li>O cortisol \u00e9 uma hormona glicocorticoide produzida pelas gl\u00e2ndulas suprarrenais, essencial para lidar com situa\u00e7\u00f5es de stress e para regular energia, sistema imunit\u00e1rio, press\u00e3o arterial e metabolismo.<\/li>\n<li>O cortisol tem um ritmo di\u00e1rio: atinge o pico ao acordar e diminui ao longo do dia; o problema ocorre quando permanece desregulado.<\/li>\n<li>Psicologicamente, o cortisol est\u00e1 ligado ao estado de alerta; o equil\u00edbrio (homeostasia) \u00e9 quebrado quando o corpo n\u00e3o consegue desligar o mecanismo de ativa\u00e7\u00e3o.<\/li>\n<li>N\u00e3o existem alimentos que \u201cbaixem\u201d diretamente o cortisol; ultraprocessados, picos de a\u00e7\u00facar e cafe\u00edna podem aumentar o stress metab\u00f3lico e a resposta hormonal, enquanto uma alimenta\u00e7\u00e3o equilibrada ajuda o funcionamento geral do organismo.<\/li>\n<li>Estilo de vida equilibrado, com alimenta\u00e7\u00e3o adequada, sono de qualidade, atividade f\u00edsica e momentos de descanso, \u00e9 que contribui para gerir o cortisol, n\u00e3o solu\u00e7\u00f5es r\u00e1pidas.<\/li>\n<\/ul>\n","protected":false},"author":2,"featured_media":418812,"comment_status":"closed","ping_status":"closed","sticky":false,"template":"","format":"standard","meta":{"footnotes":""},"categories":[6745],"tags":[1992,4995,915,7075,2249,172],"class_list":["post-418807","post","type-post","status-publish","format-standard","has-post-thumbnail","hentry","category-saude","tag-ciencia","tag-educacao-alimentar","tag-nutricao","tag-nutricao-alimentar","tag-psicologia","tag-saude"],"yoast_head":"<!-- This site is optimized with the Yoast SEO plugin v27.2 - https:\/\/yoast.com\/product\/yoast-seo-wordpress\/ -->\n<title>Baixar o cortisol: moda ou mito? especialistas debatem evid\u00eancias - Portal Tela Portugal<\/title>\n<meta name=\"robots\" content=\"index, follow, max-snippet:-1, max-image-preview:large, max-video-preview:-1\" \/>\n<meta property=\"og:locale\" content=\"pt_PT\" \/>\n<meta property=\"og:type\" content=\"article\" \/>\n<meta property=\"og:title\" content=\"Baixar o cortisol: moda ou mito? especialistas debatem evid\u00eancias - Portal Tela Portugal\" \/>\n<meta property=\"og:description\" content=\"O cortisol \u00e9 uma hormona glicocorticoide produzida pelas gl\u00e2ndulas suprarrenais, essencial para lidar com situa\u00e7\u00f5es de stress e para regular energia, sistema imunit\u00e1rio, press\u00e3o arterial e metabolismo. O cortisol tem um ritmo di\u00e1rio: atinge o pico ao acordar e diminui ao longo do dia; o problema ocorre quando permanece desregulado. Psicologicamente, o cortisol est\u00e1 ligado ao estado de alerta; o equil\u00edbrio (homeostasia) \u00e9 quebrado quando o corpo n\u00e3o consegue desligar o mecanismo de ativa\u00e7\u00e3o. N\u00e3o existem alimentos que \u201cbaixem\u201d diretamente o cortisol; ultraprocessados, picos de a\u00e7\u00facar e cafe\u00edna podem aumentar o stress metab\u00f3lico e a resposta hormonal, enquanto uma alimenta\u00e7\u00e3o equilibrada ajuda o funcionamento geral do organismo. Estilo de vida equilibrado, com alimenta\u00e7\u00e3o adequada, sono de qualidade, atividade f\u00edsica e momentos de descanso, \u00e9 que contribui para gerir o cortisol, n\u00e3o solu\u00e7\u00f5es r\u00e1pidas.\" \/>\n<meta property=\"og:url\" content=\"https:\/\/portaltela.pt\/noticias\/2026\/03\/23\/baixar-o-cortisol-moda-ou-mito-especialistas-debatem-evidencias\/\" \/>\n<meta property=\"og:site_name\" content=\"Portal Tela Portugal\" \/>\n<meta property=\"article:published_time\" content=\"2026-03-23T18:31:00+00:00\" \/>\n<meta name=\"author\" content=\"Telinha\" \/>\n<meta name=\"twitter:card\" content=\"summary_large_image\" \/>\n<meta name=\"twitter:label1\" content=\"Escrito por\" \/>\n\t<meta name=\"twitter:data1\" content=\"Telinha\" \/>\n\t<meta name=\"twitter:label2\" content=\"Tempo estimado de leitura\" \/>\n\t<meta name=\"twitter:data2\" content=\"2 minutos\" \/>\n<script type=\"application\/ld+json\" class=\"yoast-schema-graph\">{\"@context\":\"https:\/\/schema.org\",\"@graph\":[{\"@type\":\"Article\",\"@id\":\"https:\/\/portaltela.pt\/noticias\/2026\/03\/23\/baixar-o-cortisol-moda-ou-mito-especialistas-debatem-evidencias\/#article\",\"isPartOf\":{\"@id\":\"https:\/\/portaltela.pt\/noticias\/2026\/03\/23\/baixar-o-cortisol-moda-ou-mito-especialistas-debatem-evidencias\/\"},\"author\":{\"name\":\"Telinha\",\"@id\":\"https:\/\/portaltela.pt\/#\/schema\/person\/c4278d4a6028830caff9ee44b42d32ed\"},\"headline\":\"Baixar o cortisol: moda ou mito? especialistas debatem evid\u00eancias\",\"datePublished\":\"2026-03-23T18:31:00+00:00\",\"mainEntityOfPage\":{\"@id\":\"https:\/\/portaltela.pt\/noticias\/2026\/03\/23\/baixar-o-cortisol-moda-ou-mito-especialistas-debatem-evidencias\/\"},\"wordCount\":386,\"image\":{\"@id\":\"https:\/\/portaltela.pt\/noticias\/2026\/03\/23\/baixar-o-cortisol-moda-ou-mito-especialistas-debatem-evidencias\/#primaryimage\"},\"thumbnailUrl\":\"https:\/\/portaltela.pt\/s.01k8rhncp4jt1\/2026\/03\/image-1412.jpg\",\"keywords\":[\"ci\u00eancia\",\"educa\u00e7\u00e3o alimentar\",\"nutri\u00e7\u00e3o\",\"nutri\u00e7\u00e3o alimentar\",\"psicologia\",\"sa\u00fade\"],\"articleSection\":[\"Sa\u00fade\"],\"inLanguage\":\"pt-PT\"},{\"@type\":\"WebPage\",\"@id\":\"https:\/\/portaltela.pt\/noticias\/2026\/03\/23\/baixar-o-cortisol-moda-ou-mito-especialistas-debatem-evidencias\/\",\"url\":\"https:\/\/portaltela.pt\/noticias\/2026\/03\/23\/baixar-o-cortisol-moda-ou-mito-especialistas-debatem-evidencias\/\",\"name\":\"Baixar o cortisol: moda ou mito? especialistas debatem evid\u00eancias - Portal Tela Portugal\",\"isPartOf\":{\"@id\":\"https:\/\/portaltela.pt\/#website\"},\"primaryImageOfPage\":{\"@id\":\"https:\/\/portaltela.pt\/noticias\/2026\/03\/23\/baixar-o-cortisol-moda-ou-mito-especialistas-debatem-evidencias\/#primaryimage\"},\"image\":{\"@id\":\"https:\/\/portaltela.pt\/noticias\/2026\/03\/23\/baixar-o-cortisol-moda-ou-mito-especialistas-debatem-evidencias\/#primaryimage\"},\"thumbnailUrl\":\"https:\/\/portaltela.pt\/s.01k8rhncp4jt1\/2026\/03\/image-1412.jpg\",\"datePublished\":\"2026-03-23T18:31:00+00:00\",\"author\":{\"@id\":\"https:\/\/portaltela.pt\/#\/schema\/person\/c4278d4a6028830caff9ee44b42d32ed\"},\"breadcrumb\":{\"@id\":\"https:\/\/portaltela.pt\/noticias\/2026\/03\/23\/baixar-o-cortisol-moda-ou-mito-especialistas-debatem-evidencias\/#breadcrumb\"},\"inLanguage\":\"pt-PT\",\"potentialAction\":[{\"@type\":\"ReadAction\",\"target\":[\"https:\/\/portaltela.pt\/noticias\/2026\/03\/23\/baixar-o-cortisol-moda-ou-mito-especialistas-debatem-evidencias\/\"]}]},{\"@type\":\"ImageObject\",\"inLanguage\":\"pt-PT\",\"@id\":\"https:\/\/portaltela.pt\/noticias\/2026\/03\/23\/baixar-o-cortisol-moda-ou-mito-especialistas-debatem-evidencias\/#primaryimage\",\"url\":\"https:\/\/portaltela.pt\/s.01k8rhncp4jt1\/2026\/03\/image-1412.jpg\",\"contentUrl\":\"https:\/\/portaltela.pt\/s.01k8rhncp4jt1\/2026\/03\/image-1412.jpg\",\"width\":796,\"height\":448,\"caption\":\"Imagem de contexto do artigo \\\"Baixar o cortisol\\\": moda ou mito?\"},{\"@type\":\"BreadcrumbList\",\"@id\":\"https:\/\/portaltela.pt\/noticias\/2026\/03\/23\/baixar-o-cortisol-moda-ou-mito-especialistas-debatem-evidencias\/#breadcrumb\",\"itemListElement\":[{\"@type\":\"ListItem\",\"position\":1,\"name\":\"In\u00edcio\",\"item\":\"https:\/\/portaltela.pt\/\"},{\"@type\":\"ListItem\",\"position\":2,\"name\":\"Baixar o cortisol: moda ou mito? especialistas debatem evid\u00eancias\"}]},{\"@type\":\"WebSite\",\"@id\":\"https:\/\/portaltela.pt\/#website\",\"url\":\"https:\/\/portaltela.pt\/\",\"name\":\"Portal Tela Portugal\",\"description\":\"\",\"potentialAction\":[{\"@type\":\"SearchAction\",\"target\":{\"@type\":\"EntryPoint\",\"urlTemplate\":\"https:\/\/portaltela.pt\/?s={search_term_string}\"},\"query-input\":{\"@type\":\"PropertyValueSpecification\",\"valueRequired\":true,\"valueName\":\"search_term_string\"}}],\"inLanguage\":\"pt-PT\"},{\"@type\":\"Person\",\"@id\":\"https:\/\/portaltela.pt\/#\/schema\/person\/c4278d4a6028830caff9ee44b42d32ed\",\"name\":\"Telinha\",\"image\":{\"@type\":\"ImageObject\",\"inLanguage\":\"pt-PT\",\"@id\":\"https:\/\/portaltela.pt\/s.01k8rhncp4jt1\/2025\/11\/talking-bot-125x125.png\",\"url\":\"https:\/\/portaltela.pt\/s.01k8rhncp4jt1\/2025\/11\/talking-bot-125x125.png\",\"contentUrl\":\"https:\/\/portaltela.pt\/s.01k8rhncp4jt1\/2025\/11\/talking-bot-125x125.png\",\"caption\":\"Telinha\"},\"sameAs\":[\"https:\/\/portaltela.pt\/\"],\"url\":\"https:\/\/portaltela.pt\/por\/367410592786\/\"}]}<\/script>\n<!-- \/ Yoast SEO plugin. -->","yoast_head_json":{"title":"Baixar o cortisol: moda ou mito? especialistas debatem evid\u00eancias - Portal Tela Portugal","robots":{"index":"index","follow":"follow","max-snippet":"max-snippet:-1","max-image-preview":"max-image-preview:large","max-video-preview":"max-video-preview:-1"},"og_locale":"pt_PT","og_type":"article","og_title":"Baixar o cortisol: moda ou mito? especialistas debatem evid\u00eancias - Portal Tela Portugal","og_description":"O cortisol \u00e9 uma hormona glicocorticoide produzida pelas gl\u00e2ndulas suprarrenais, essencial para lidar com situa\u00e7\u00f5es de stress e para regular energia, sistema imunit\u00e1rio, press\u00e3o arterial e metabolismo. O cortisol tem um ritmo di\u00e1rio: atinge o pico ao acordar e diminui ao longo do dia; o problema ocorre quando permanece desregulado. Psicologicamente, o cortisol est\u00e1 ligado ao estado de alerta; o equil\u00edbrio (homeostasia) \u00e9 quebrado quando o corpo n\u00e3o consegue desligar o mecanismo de ativa\u00e7\u00e3o. N\u00e3o existem alimentos que \u201cbaixem\u201d diretamente o cortisol; ultraprocessados, picos de a\u00e7\u00facar e cafe\u00edna podem aumentar o stress metab\u00f3lico e a resposta hormonal, enquanto uma alimenta\u00e7\u00e3o equilibrada ajuda o funcionamento geral do organismo. Estilo de vida equilibrado, com alimenta\u00e7\u00e3o adequada, sono de qualidade, atividade f\u00edsica e momentos de descanso, \u00e9 que contribui para gerir o cortisol, n\u00e3o solu\u00e7\u00f5es r\u00e1pidas.","og_url":"https:\/\/portaltela.pt\/noticias\/2026\/03\/23\/baixar-o-cortisol-moda-ou-mito-especialistas-debatem-evidencias\/","og_site_name":"Portal Tela Portugal","article_published_time":"2026-03-23T18:31:00+00:00","author":"Telinha","twitter_card":"summary_large_image","twitter_misc":{"Escrito por":"Telinha","Tempo estimado de leitura":"2 minutos"},"schema":{"@context":"https:\/\/schema.org","@graph":[{"@type":"Article","@id":"https:\/\/portaltela.pt\/noticias\/2026\/03\/23\/baixar-o-cortisol-moda-ou-mito-especialistas-debatem-evidencias\/#article","isPartOf":{"@id":"https:\/\/portaltela.pt\/noticias\/2026\/03\/23\/baixar-o-cortisol-moda-ou-mito-especialistas-debatem-evidencias\/"},"author":{"name":"Telinha","@id":"https:\/\/portaltela.pt\/#\/schema\/person\/c4278d4a6028830caff9ee44b42d32ed"},"headline":"Baixar o cortisol: moda ou mito? especialistas debatem evid\u00eancias","datePublished":"2026-03-23T18:31:00+00:00","mainEntityOfPage":{"@id":"https:\/\/portaltela.pt\/noticias\/2026\/03\/23\/baixar-o-cortisol-moda-ou-mito-especialistas-debatem-evidencias\/"},"wordCount":386,"image":{"@id":"https:\/\/portaltela.pt\/noticias\/2026\/03\/23\/baixar-o-cortisol-moda-ou-mito-especialistas-debatem-evidencias\/#primaryimage"},"thumbnailUrl":"https:\/\/portaltela.pt\/s.01k8rhncp4jt1\/2026\/03\/image-1412.jpg","keywords":["ci\u00eancia","educa\u00e7\u00e3o alimentar","nutri\u00e7\u00e3o","nutri\u00e7\u00e3o alimentar","psicologia","sa\u00fade"],"articleSection":["Sa\u00fade"],"inLanguage":"pt-PT"},{"@type":"WebPage","@id":"https:\/\/portaltela.pt\/noticias\/2026\/03\/23\/baixar-o-cortisol-moda-ou-mito-especialistas-debatem-evidencias\/","url":"https:\/\/portaltela.pt\/noticias\/2026\/03\/23\/baixar-o-cortisol-moda-ou-mito-especialistas-debatem-evidencias\/","name":"Baixar o cortisol: moda ou mito? especialistas debatem evid\u00eancias - Portal Tela Portugal","isPartOf":{"@id":"https:\/\/portaltela.pt\/#website"},"primaryImageOfPage":{"@id":"https:\/\/portaltela.pt\/noticias\/2026\/03\/23\/baixar-o-cortisol-moda-ou-mito-especialistas-debatem-evidencias\/#primaryimage"},"image":{"@id":"https:\/\/portaltela.pt\/noticias\/2026\/03\/23\/baixar-o-cortisol-moda-ou-mito-especialistas-debatem-evidencias\/#primaryimage"},"thumbnailUrl":"https:\/\/portaltela.pt\/s.01k8rhncp4jt1\/2026\/03\/image-1412.jpg","datePublished":"2026-03-23T18:31:00+00:00","author":{"@id":"https:\/\/portaltela.pt\/#\/schema\/person\/c4278d4a6028830caff9ee44b42d32ed"},"breadcrumb":{"@id":"https:\/\/portaltela.pt\/noticias\/2026\/03\/23\/baixar-o-cortisol-moda-ou-mito-especialistas-debatem-evidencias\/#breadcrumb"},"inLanguage":"pt-PT","potentialAction":[{"@type":"ReadAction","target":["https:\/\/portaltela.pt\/noticias\/2026\/03\/23\/baixar-o-cortisol-moda-ou-mito-especialistas-debatem-evidencias\/"]}]},{"@type":"ImageObject","inLanguage":"pt-PT","@id":"https:\/\/portaltela.pt\/noticias\/2026\/03\/23\/baixar-o-cortisol-moda-ou-mito-especialistas-debatem-evidencias\/#primaryimage","url":"https:\/\/portaltela.pt\/s.01k8rhncp4jt1\/2026\/03\/image-1412.jpg","contentUrl":"https:\/\/portaltela.pt\/s.01k8rhncp4jt1\/2026\/03\/image-1412.jpg","width":796,"height":448,"caption":"Imagem de contexto do artigo \"Baixar o cortisol\": moda ou mito?"},{"@type":"BreadcrumbList","@id":"https:\/\/portaltela.pt\/noticias\/2026\/03\/23\/baixar-o-cortisol-moda-ou-mito-especialistas-debatem-evidencias\/#breadcrumb","itemListElement":[{"@type":"ListItem","position":1,"name":"In\u00edcio","item":"https:\/\/portaltela.pt\/"},{"@type":"ListItem","position":2,"name":"Baixar o cortisol: moda ou mito? especialistas debatem evid\u00eancias"}]},{"@type":"WebSite","@id":"https:\/\/portaltela.pt\/#website","url":"https:\/\/portaltela.pt\/","name":"Portal Tela Portugal","description":"","potentialAction":[{"@type":"SearchAction","target":{"@type":"EntryPoint","urlTemplate":"https:\/\/portaltela.pt\/?s={search_term_string}"},"query-input":{"@type":"PropertyValueSpecification","valueRequired":true,"valueName":"search_term_string"}}],"inLanguage":"pt-PT"},{"@type":"Person","@id":"https:\/\/portaltela.pt\/#\/schema\/person\/c4278d4a6028830caff9ee44b42d32ed","name":"Telinha","image":{"@type":"ImageObject","inLanguage":"pt-PT","@id":"https:\/\/portaltela.pt\/s.01k8rhncp4jt1\/2025\/11\/talking-bot-125x125.png","url":"https:\/\/portaltela.pt\/s.01k8rhncp4jt1\/2025\/11\/talking-bot-125x125.png","contentUrl":"https:\/\/portaltela.pt\/s.01k8rhncp4jt1\/2025\/11\/talking-bot-125x125.png","caption":"Telinha"},"sameAs":["https:\/\/portaltela.pt\/"],"url":"https:\/\/portaltela.pt\/por\/367410592786\/"}]}},"_links":{"self":[{"href":"https:\/\/portaltela.pt\/api\/wp\/v2\/posts\/418807","targetHints":{"allow":["GET"]}}],"collection":[{"href":"https:\/\/portaltela.pt\/api\/wp\/v2\/posts"}],"about":[{"href":"https:\/\/portaltela.pt\/api\/wp\/v2\/types\/post"}],"author":[{"embeddable":true,"href":"https:\/\/portaltela.pt\/api\/wp\/v2\/users\/2"}],"replies":[{"embeddable":true,"href":"https:\/\/portaltela.pt\/api\/wp\/v2\/comments?post=418807"}],"version-history":[{"count":0,"href":"https:\/\/portaltela.pt\/api\/wp\/v2\/posts\/418807\/revisions"}],"wp:featuredmedia":[{"embeddable":true,"href":"https:\/\/portaltela.pt\/api\/wp\/v2\/media\/418812"}],"wp:attachment":[{"href":"https:\/\/portaltela.pt\/api\/wp\/v2\/media?parent=418807"}],"wp:term":[{"taxonomy":"category","embeddable":true,"href":"https:\/\/portaltela.pt\/api\/wp\/v2\/categories?post=418807"},{"taxonomy":"post_tag","embeddable":true,"href":"https:\/\/portaltela.pt\/api\/wp\/v2\/tags?post=418807"}],"curies":[{"name":"wp","href":"https:\/\/api.w.org\/{rel}","templated":true}]}}