{"id":418797,"date":"2026-03-23T15:27:00","date_gmt":"2026-03-23T18:27:00","guid":{"rendered":"https:\/\/portaltela.pt\/noticias\/2026\/03\/23\/francisco-cabral-motivado-apos-convite-para-jogar-com-ex-numero-um-mundial\/"},"modified":"2026-03-23T15:27:00","modified_gmt":"2026-03-23T18:27:00","slug":"francisco-cabral-motivado-apos-convite-para-jogar-com-ex-numero-um-mundial","status":"publish","type":"post","link":"https:\/\/portaltela.pt\/desporto\/futebol\/2026\/03\/23\/francisco-cabral-motivado-apos-convite-para-jogar-com-ex-numero-um-mundial\/","title":{"rendered":"Francisco Cabral motivado ap\u00f3s convite para jogar com ex-n\u00famero um mundial"},"content":{"rendered":"<p>Francisco Cabral afirmou estar muito motivado ap\u00f3s receber um convite para jogar com o ex-n\u00famero um mundial. A not\u00edcia, publicada pela Lusa, n\u00e3o detalha a identidade do jogador convidado nem a data do encontro.<\/p>\n<p>A informa\u00e7\u00e3o central aponta para o interesse de Cabral em abra\u00e7ar o desafio, ainda sem confirma\u00e7\u00e3o de oficiais ou de organiza\u00e7\u00e3o do evento. O momento em que o convite foi apresentado n\u00e3o foi divulgado.<\/p>\n<p>O texto completo encontra-se por enquanto atr\u00e1s de paywall, sendo poss\u00edvel apenas confirmar o interesse expressado pelo atleta. Detalhes adicionais devem surgir mediante divulga\u00e7\u00e3o pelos canais oficiais ou pela pr\u00f3pria publica\u00e7\u00e3o.<\/p>\n","protected":false},"excerpt":{"rendered":"<ul>\n<li>Francisco Cabral afirma estar muito motivado com o convite para jogar com o ex-n\u00famero um mundial.<\/li>\n<li>O conte\u00fado completo da not\u00edcia est\u00e1 reservado a subscritores.<\/li>\n<li>Esta s\u00edntese utiliza apenas o trecho dispon\u00edvel publicamente, sem detalhes adicionais.<\/li>\n<\/ul>\n","protected":false},"author":2,"featured_media":418798,"comment_status":"closed","ping_status":"closed","sticky":false,"template":"","format":"standard","meta":{"footnotes":""},"categories":[21,24],"tags":[252,2681,5433,94],"class_list":["post-418797","post","type-post","status-publish","format-standard","has-post-thumbnail","hentry","category-desporto","category-futebol","tag-atletas","tag-desporto-internacional","tag-esportes-internacionais","tag-tenis"],"yoast_head":"<!-- This site is optimized with the Yoast SEO plugin v27.2 - https:\/\/yoast.com\/product\/yoast-seo-wordpress\/ -->\n<title>Francisco Cabral motivado ap\u00f3s convite para jogar com ex-n\u00famero um mundial - Portal Tela Portugal<\/title>\n<meta name=\"robots\" content=\"index, follow, max-snippet:-1, max-image-preview:large, max-video-preview:-1\" \/>\n<meta property=\"og:locale\" content=\"pt_PT\" \/>\n<meta property=\"og:type\" content=\"article\" \/>\n<meta property=\"og:title\" content=\"Francisco Cabral motivado ap\u00f3s convite para jogar com ex-n\u00famero um mundial - Portal Tela Portugal\" \/>\n<meta property=\"og:description\" content=\"Francisco Cabral afirma estar muito motivado com o convite para jogar com o ex-n\u00famero um mundial. O conte\u00fado completo da not\u00edcia est\u00e1 reservado a subscritores. Esta s\u00edntese utiliza apenas o trecho dispon\u00edvel publicamente, sem detalhes adicionais.\" \/>\n<meta property=\"og:url\" content=\"https:\/\/portaltela.pt\/noticias\/2026\/03\/23\/francisco-cabral-motivado-apos-convite-para-jogar-com-ex-numero-um-mundial\/\" \/>\n<meta property=\"og:site_name\" content=\"Portal Tela Portugal\" \/>\n<meta property=\"article:published_time\" content=\"2026-03-23T18:27:00+00:00\" \/>\n<meta name=\"author\" content=\"Telinha\" \/>\n<meta name=\"twitter:card\" content=\"summary_large_image\" \/>\n<meta name=\"twitter:label1\" content=\"Escrito por\" \/>\n\t<meta name=\"twitter:data1\" content=\"Telinha\" \/>\n\t<meta name=\"twitter:label2\" content=\"Tempo estimado de leitura\" \/>\n\t<meta name=\"twitter:data2\" content=\"1 minuto\" \/>\n<script type=\"application\/ld+json\" class=\"yoast-schema-graph\">{\"@context\":\"https:\/\/schema.org\",\"@graph\":[{\"@type\":\"Article\",\"@id\":\"https:\/\/portaltela.pt\/noticias\/2026\/03\/23\/francisco-cabral-motivado-apos-convite-para-jogar-com-ex-numero-um-mundial\/#article\",\"isPartOf\":{\"@id\":\"https:\/\/portaltela.pt\/noticias\/2026\/03\/23\/francisco-cabral-motivado-apos-convite-para-jogar-com-ex-numero-um-mundial\/\"},\"author\":{\"name\":\"Telinha\",\"@id\":\"https:\/\/portaltela.pt\/#\/schema\/person\/c4278d4a6028830caff9ee44b42d32ed\"},\"headline\":\"Francisco Cabral motivado ap\u00f3s convite para jogar com ex-n\u00famero um mundial\",\"datePublished\":\"2026-03-23T18:27:00+00:00\",\"mainEntityOfPage\":{\"@id\":\"https:\/\/portaltela.pt\/noticias\/2026\/03\/23\/francisco-cabral-motivado-apos-convite-para-jogar-com-ex-numero-um-mundial\/\"},\"wordCount\":126,\"image\":{\"@id\":\"https:\/\/portaltela.pt\/noticias\/2026\/03\/23\/francisco-cabral-motivado-apos-convite-para-jogar-com-ex-numero-um-mundial\/#primaryimage\"},\"thumbnailUrl\":\"https:\/\/portaltela.pt\/s.01k8rhncp4jt1\/2026\/03\/CACHE_780X1200_ANALOG_WATERMARKED_43305435_4065056_30072024052035-1.jpg\",\"keywords\":[\"atletas\",\"desporto internacional\",\"esportes internacionais\",\"t\u00eanis\"],\"articleSection\":[\"Desporto\",\"Futebol\"],\"inLanguage\":\"pt-PT\"},{\"@type\":\"WebPage\",\"@id\":\"https:\/\/portaltela.pt\/noticias\/2026\/03\/23\/francisco-cabral-motivado-apos-convite-para-jogar-com-ex-numero-um-mundial\/\",\"url\":\"https:\/\/portaltela.pt\/noticias\/2026\/03\/23\/francisco-cabral-motivado-apos-convite-para-jogar-com-ex-numero-um-mundial\/\",\"name\":\"Francisco Cabral motivado ap\u00f3s convite para jogar com ex-n\u00famero um mundial - Portal Tela Portugal\",\"isPartOf\":{\"@id\":\"https:\/\/portaltela.pt\/#website\"},\"primaryImageOfPage\":{\"@id\":\"https:\/\/portaltela.pt\/noticias\/2026\/03\/23\/francisco-cabral-motivado-apos-convite-para-jogar-com-ex-numero-um-mundial\/#primaryimage\"},\"image\":{\"@id\":\"https:\/\/portaltela.pt\/noticias\/2026\/03\/23\/francisco-cabral-motivado-apos-convite-para-jogar-com-ex-numero-um-mundial\/#primaryimage\"},\"thumbnailUrl\":\"https:\/\/portaltela.pt\/s.01k8rhncp4jt1\/2026\/03\/CACHE_780X1200_ANALOG_WATERMARKED_43305435_4065056_30072024052035-1.jpg\",\"datePublished\":\"2026-03-23T18:27:00+00:00\",\"author\":{\"@id\":\"https:\/\/portaltela.pt\/#\/schema\/person\/c4278d4a6028830caff9ee44b42d32ed\"},\"breadcrumb\":{\"@id\":\"https:\/\/portaltela.pt\/noticias\/2026\/03\/23\/francisco-cabral-motivado-apos-convite-para-jogar-com-ex-numero-um-mundial\/#breadcrumb\"},\"inLanguage\":\"pt-PT\",\"potentialAction\":[{\"@type\":\"ReadAction\",\"target\":[\"https:\/\/portaltela.pt\/noticias\/2026\/03\/23\/francisco-cabral-motivado-apos-convite-para-jogar-com-ex-numero-um-mundial\/\"]}]},{\"@type\":\"ImageObject\",\"inLanguage\":\"pt-PT\",\"@id\":\"https:\/\/portaltela.pt\/noticias\/2026\/03\/23\/francisco-cabral-motivado-apos-convite-para-jogar-com-ex-numero-um-mundial\/#primaryimage\",\"url\":\"https:\/\/portaltela.pt\/s.01k8rhncp4jt1\/2026\/03\/CACHE_780X1200_ANALOG_WATERMARKED_43305435_4065056_30072024052035-1.jpg\",\"contentUrl\":\"https:\/\/portaltela.pt\/s.01k8rhncp4jt1\/2026\/03\/CACHE_780X1200_ANALOG_WATERMARKED_43305435_4065056_30072024052035-1.jpg\",\"width\":796,\"height\":448,\"caption\":\"Francisco Cabral \u201cmuito motivado\u201d com convite para jogar com ex-n\u00famero um mundial\"},{\"@type\":\"BreadcrumbList\",\"@id\":\"https:\/\/portaltela.pt\/noticias\/2026\/03\/23\/francisco-cabral-motivado-apos-convite-para-jogar-com-ex-numero-um-mundial\/#breadcrumb\",\"itemListElement\":[{\"@type\":\"ListItem\",\"position\":1,\"name\":\"In\u00edcio\",\"item\":\"https:\/\/portaltela.pt\/\"},{\"@type\":\"ListItem\",\"position\":2,\"name\":\"Francisco Cabral motivado ap\u00f3s convite para jogar com ex-n\u00famero um mundial\"}]},{\"@type\":\"WebSite\",\"@id\":\"https:\/\/portaltela.pt\/#website\",\"url\":\"https:\/\/portaltela.pt\/\",\"name\":\"Portal Tela Portugal\",\"description\":\"\",\"potentialAction\":[{\"@type\":\"SearchAction\",\"target\":{\"@type\":\"EntryPoint\",\"urlTemplate\":\"https:\/\/portaltela.pt\/?s={search_term_string}\"},\"query-input\":{\"@type\":\"PropertyValueSpecification\",\"valueRequired\":true,\"valueName\":\"search_term_string\"}}],\"inLanguage\":\"pt-PT\"},{\"@type\":\"Person\",\"@id\":\"https:\/\/portaltela.pt\/#\/schema\/person\/c4278d4a6028830caff9ee44b42d32ed\",\"name\":\"Telinha\",\"image\":{\"@type\":\"ImageObject\",\"inLanguage\":\"pt-PT\",\"@id\":\"https:\/\/portaltela.pt\/s.01k8rhncp4jt1\/2025\/11\/talking-bot-125x125.png\",\"url\":\"https:\/\/portaltela.pt\/s.01k8rhncp4jt1\/2025\/11\/talking-bot-125x125.png\",\"contentUrl\":\"https:\/\/portaltela.pt\/s.01k8rhncp4jt1\/2025\/11\/talking-bot-125x125.png\",\"caption\":\"Telinha\"},\"sameAs\":[\"https:\/\/portaltela.pt\/\"],\"url\":\"https:\/\/portaltela.pt\/por\/367410592786\/\"}]}<\/script>\n<!-- \/ Yoast SEO plugin. -->","yoast_head_json":{"title":"Francisco Cabral motivado ap\u00f3s convite para jogar com ex-n\u00famero um mundial - Portal Tela Portugal","robots":{"index":"index","follow":"follow","max-snippet":"max-snippet:-1","max-image-preview":"max-image-preview:large","max-video-preview":"max-video-preview:-1"},"og_locale":"pt_PT","og_type":"article","og_title":"Francisco Cabral motivado ap\u00f3s convite para jogar com ex-n\u00famero um mundial - Portal Tela Portugal","og_description":"Francisco Cabral afirma estar muito motivado com o convite para jogar com o ex-n\u00famero um mundial. O conte\u00fado completo da not\u00edcia est\u00e1 reservado a subscritores. Esta s\u00edntese utiliza apenas o trecho dispon\u00edvel publicamente, sem detalhes adicionais.","og_url":"https:\/\/portaltela.pt\/noticias\/2026\/03\/23\/francisco-cabral-motivado-apos-convite-para-jogar-com-ex-numero-um-mundial\/","og_site_name":"Portal Tela Portugal","article_published_time":"2026-03-23T18:27:00+00:00","author":"Telinha","twitter_card":"summary_large_image","twitter_misc":{"Escrito por":"Telinha","Tempo estimado de leitura":"1 minuto"},"schema":{"@context":"https:\/\/schema.org","@graph":[{"@type":"Article","@id":"https:\/\/portaltela.pt\/noticias\/2026\/03\/23\/francisco-cabral-motivado-apos-convite-para-jogar-com-ex-numero-um-mundial\/#article","isPartOf":{"@id":"https:\/\/portaltela.pt\/noticias\/2026\/03\/23\/francisco-cabral-motivado-apos-convite-para-jogar-com-ex-numero-um-mundial\/"},"author":{"name":"Telinha","@id":"https:\/\/portaltela.pt\/#\/schema\/person\/c4278d4a6028830caff9ee44b42d32ed"},"headline":"Francisco Cabral motivado ap\u00f3s convite para jogar com ex-n\u00famero um mundial","datePublished":"2026-03-23T18:27:00+00:00","mainEntityOfPage":{"@id":"https:\/\/portaltela.pt\/noticias\/2026\/03\/23\/francisco-cabral-motivado-apos-convite-para-jogar-com-ex-numero-um-mundial\/"},"wordCount":126,"image":{"@id":"https:\/\/portaltela.pt\/noticias\/2026\/03\/23\/francisco-cabral-motivado-apos-convite-para-jogar-com-ex-numero-um-mundial\/#primaryimage"},"thumbnailUrl":"https:\/\/portaltela.pt\/s.01k8rhncp4jt1\/2026\/03\/CACHE_780X1200_ANALOG_WATERMARKED_43305435_4065056_30072024052035-1.jpg","keywords":["atletas","desporto internacional","esportes internacionais","t\u00eanis"],"articleSection":["Desporto","Futebol"],"inLanguage":"pt-PT"},{"@type":"WebPage","@id":"https:\/\/portaltela.pt\/noticias\/2026\/03\/23\/francisco-cabral-motivado-apos-convite-para-jogar-com-ex-numero-um-mundial\/","url":"https:\/\/portaltela.pt\/noticias\/2026\/03\/23\/francisco-cabral-motivado-apos-convite-para-jogar-com-ex-numero-um-mundial\/","name":"Francisco Cabral motivado ap\u00f3s convite para jogar com ex-n\u00famero um mundial - Portal Tela Portugal","isPartOf":{"@id":"https:\/\/portaltela.pt\/#website"},"primaryImageOfPage":{"@id":"https:\/\/portaltela.pt\/noticias\/2026\/03\/23\/francisco-cabral-motivado-apos-convite-para-jogar-com-ex-numero-um-mundial\/#primaryimage"},"image":{"@id":"https:\/\/portaltela.pt\/noticias\/2026\/03\/23\/francisco-cabral-motivado-apos-convite-para-jogar-com-ex-numero-um-mundial\/#primaryimage"},"thumbnailUrl":"https:\/\/portaltela.pt\/s.01k8rhncp4jt1\/2026\/03\/CACHE_780X1200_ANALOG_WATERMARKED_43305435_4065056_30072024052035-1.jpg","datePublished":"2026-03-23T18:27:00+00:00","author":{"@id":"https:\/\/portaltela.pt\/#\/schema\/person\/c4278d4a6028830caff9ee44b42d32ed"},"breadcrumb":{"@id":"https:\/\/portaltela.pt\/noticias\/2026\/03\/23\/francisco-cabral-motivado-apos-convite-para-jogar-com-ex-numero-um-mundial\/#breadcrumb"},"inLanguage":"pt-PT","potentialAction":[{"@type":"ReadAction","target":["https:\/\/portaltela.pt\/noticias\/2026\/03\/23\/francisco-cabral-motivado-apos-convite-para-jogar-com-ex-numero-um-mundial\/"]}]},{"@type":"ImageObject","inLanguage":"pt-PT","@id":"https:\/\/portaltela.pt\/noticias\/2026\/03\/23\/francisco-cabral-motivado-apos-convite-para-jogar-com-ex-numero-um-mundial\/#primaryimage","url":"https:\/\/portaltela.pt\/s.01k8rhncp4jt1\/2026\/03\/CACHE_780X1200_ANALOG_WATERMARKED_43305435_4065056_30072024052035-1.jpg","contentUrl":"https:\/\/portaltela.pt\/s.01k8rhncp4jt1\/2026\/03\/CACHE_780X1200_ANALOG_WATERMARKED_43305435_4065056_30072024052035-1.jpg","width":796,"height":448,"caption":"Francisco Cabral \u201cmuito motivado\u201d com convite para jogar com ex-n\u00famero um mundial"},{"@type":"BreadcrumbList","@id":"https:\/\/portaltela.pt\/noticias\/2026\/03\/23\/francisco-cabral-motivado-apos-convite-para-jogar-com-ex-numero-um-mundial\/#breadcrumb","itemListElement":[{"@type":"ListItem","position":1,"name":"In\u00edcio","item":"https:\/\/portaltela.pt\/"},{"@type":"ListItem","position":2,"name":"Francisco Cabral motivado ap\u00f3s convite para jogar com ex-n\u00famero um mundial"}]},{"@type":"WebSite","@id":"https:\/\/portaltela.pt\/#website","url":"https:\/\/portaltela.pt\/","name":"Portal Tela Portugal","description":"","potentialAction":[{"@type":"SearchAction","target":{"@type":"EntryPoint","urlTemplate":"https:\/\/portaltela.pt\/?s={search_term_string}"},"query-input":{"@type":"PropertyValueSpecification","valueRequired":true,"valueName":"search_term_string"}}],"inLanguage":"pt-PT"},{"@type":"Person","@id":"https:\/\/portaltela.pt\/#\/schema\/person\/c4278d4a6028830caff9ee44b42d32ed","name":"Telinha","image":{"@type":"ImageObject","inLanguage":"pt-PT","@id":"https:\/\/portaltela.pt\/s.01k8rhncp4jt1\/2025\/11\/talking-bot-125x125.png","url":"https:\/\/portaltela.pt\/s.01k8rhncp4jt1\/2025\/11\/talking-bot-125x125.png","contentUrl":"https:\/\/portaltela.pt\/s.01k8rhncp4jt1\/2025\/11\/talking-bot-125x125.png","caption":"Telinha"},"sameAs":["https:\/\/portaltela.pt\/"],"url":"https:\/\/portaltela.pt\/por\/367410592786\/"}]}},"_links":{"self":[{"href":"https:\/\/portaltela.pt\/api\/wp\/v2\/posts\/418797","targetHints":{"allow":["GET"]}}],"collection":[{"href":"https:\/\/portaltela.pt\/api\/wp\/v2\/posts"}],"about":[{"href":"https:\/\/portaltela.pt\/api\/wp\/v2\/types\/post"}],"author":[{"embeddable":true,"href":"https:\/\/portaltela.pt\/api\/wp\/v2\/users\/2"}],"replies":[{"embeddable":true,"href":"https:\/\/portaltela.pt\/api\/wp\/v2\/comments?post=418797"}],"version-history":[{"count":0,"href":"https:\/\/portaltela.pt\/api\/wp\/v2\/posts\/418797\/revisions"}],"wp:featuredmedia":[{"embeddable":true,"href":"https:\/\/portaltela.pt\/api\/wp\/v2\/media\/418798"}],"wp:attachment":[{"href":"https:\/\/portaltela.pt\/api\/wp\/v2\/media?parent=418797"}],"wp:term":[{"taxonomy":"category","embeddable":true,"href":"https:\/\/portaltela.pt\/api\/wp\/v2\/categories?post=418797"},{"taxonomy":"post_tag","embeddable":true,"href":"https:\/\/portaltela.pt\/api\/wp\/v2\/tags?post=418797"}],"curies":[{"name":"wp","href":"https:\/\/api.w.org\/{rel}","templated":true}]}}