{"id":418784,"date":"2026-03-23T15:25:00","date_gmt":"2026-03-23T18:25:00","guid":{"rendered":"https:\/\/portaltela.pt\/noticias\/2026\/03\/23\/pescador-ludico-encontrado-morto-no-rio-ancora\/"},"modified":"2026-03-23T15:25:00","modified_gmt":"2026-03-23T18:25:00","slug":"pescador-ludico-encontrado-morto-no-rio-ancora","status":"publish","type":"post","link":"https:\/\/portaltela.pt\/acidentes\/2026\/03\/23\/pescador-ludico-encontrado-morto-no-rio-ancora\/","title":{"rendered":"Pescador l\u00fadico encontrado morto no rio \u00c2ncora"},"content":{"rendered":"<p>Um pescador l\u00fadico, de 68 anos, foi encontrado morto esta segunda-feira \u00e0 tarde no rio \u00c2ncora, no concelho de Caminha.<\/p>\n<p>Segundo o capit\u00e3o do Porto e comandante local da Pol\u00edcia Mar\u00edtima de Caminha, os meios de socorro foram acionados por volta das 14:30 por um popular. A v\u00edtima encontrava-se inconsciente.<\/p>\n<p>Os bombeiros retiraram o corpo da \u00e1gua e iniciaram manobras de reanima\u00e7\u00e3o, sem resultado. O homem praticava pesca l\u00fadica apeado no local.<\/p>\n<p>O socorro envolveu a Pol\u00edcia Mar\u00edtima de Caminha, os Bombeiros Volunt\u00e1rios de Vila Praia de \u00c2ncora, a GNR e o INEM. O auto de verifica\u00e7\u00e3o do \u00f3bito foi assinado pelo m\u00e9dico do INEM.<\/p>\n<p>Ap\u00f3s o contacto com o Minist\u00e9rio P\u00fablico, o corpo foi transportado para o Instituto Nacional de Medicina Legal e Ci\u00eancias Forenses de Viana do Castelo, pelos Bombeiros Volunt\u00e1rios.<\/p>\n<p>O gabinete de psicologia da Pol\u00edcia Mar\u00edtima foi ativado para apoiar os familiares da v\u00edtima. O comando local da Pol\u00edcia Mar\u00edtima de Caminha coordenou a opera\u00e7\u00e3o.<\/p>\n","protected":false},"excerpt":{"rendered":"<ul>\n<li>Um pescador l\u00fadico de 68 anos foi encontrado morto no rio \u00c2ncora, no concelho de Caminha, numa segunda-feira \u00e0 tarde.<\/li>\n<li>O alerta chegou por volta das 14h30, ap\u00f3s ser acionado por um popular.<\/li>\n<li>Segundo o capit\u00e3o do Porto de Caminha, a v\u00edtima estava inconsciente quando chegaram os meios de socorro; bombeiros j\u00e1 o tinham retirado da \u00e1gua e realizaram manobras de reanima\u00e7\u00e3o sem sucesso.<\/li>\n<li>O socorro contou com a participa\u00e7\u00e3o da Pol\u00edcia Mar\u00edtima de Caminha, Bombeiros Volunt\u00e1rios de Vila Praia de \u00c2ncora, Guarda Nacional Republicana e INEM.<\/li>\n<li>O corpo foi transportado para o Instituto Nacional de Medicina Legal e Ci\u00eancias Forenses de Viana do Castelo, com o gabinete de psicologia da Pol\u00edcia Mar\u00edtima a apoiar os familiares.<\/li>\n<\/ul>\n","protected":false},"author":2,"featured_media":418790,"comment_status":"closed","ping_status":"closed","sticky":false,"template":"","format":"standard","meta":{"footnotes":""},"categories":[6849],"tags":[5487,4351,1525,6421,2804,4185],"class_list":["post-418784","post","type-post","status-publish","format-standard","has-post-thumbnail","hentry","category-acidentes","tag-acidente","tag-bombeiros-voluntarios","tag-caminha","tag-mortos","tag-pescadores","tag-pescas"],"yoast_head":"<!-- This site is optimized with the Yoast SEO plugin v27.2 - https:\/\/yoast.com\/product\/yoast-seo-wordpress\/ -->\n<title>Pescador l\u00fadico encontrado morto no rio \u00c2ncora - Portal Tela Portugal<\/title>\n<meta name=\"robots\" content=\"index, follow, max-snippet:-1, max-image-preview:large, max-video-preview:-1\" \/>\n<meta property=\"og:locale\" content=\"pt_PT\" \/>\n<meta property=\"og:type\" content=\"article\" \/>\n<meta property=\"og:title\" content=\"Pescador l\u00fadico encontrado morto no rio \u00c2ncora - Portal Tela Portugal\" \/>\n<meta property=\"og:description\" content=\"Um pescador l\u00fadico de 68 anos foi encontrado morto no rio \u00c2ncora, no concelho de Caminha, numa segunda-feira \u00e0 tarde. O alerta chegou por volta das 14h30, ap\u00f3s ser acionado por um popular. Segundo o capit\u00e3o do Porto de Caminha, a v\u00edtima estava inconsciente quando chegaram os meios de socorro; bombeiros j\u00e1 o tinham retirado da \u00e1gua e realizaram manobras de reanima\u00e7\u00e3o sem sucesso. O socorro contou com a participa\u00e7\u00e3o da Pol\u00edcia Mar\u00edtima de Caminha, Bombeiros Volunt\u00e1rios de Vila Praia de \u00c2ncora, Guarda Nacional Republicana e INEM. O corpo foi transportado para o Instituto Nacional de Medicina Legal e Ci\u00eancias Forenses de Viana do Castelo, com o gabinete de psicologia da Pol\u00edcia Mar\u00edtima a apoiar os familiares.\" \/>\n<meta property=\"og:url\" content=\"https:\/\/portaltela.pt\/noticias\/2026\/03\/23\/pescador-ludico-encontrado-morto-no-rio-ancora\/\" \/>\n<meta property=\"og:site_name\" content=\"Portal Tela Portugal\" \/>\n<meta property=\"article:published_time\" content=\"2026-03-23T18:25:00+00:00\" \/>\n<meta name=\"author\" content=\"Telinha\" \/>\n<meta name=\"twitter:card\" content=\"summary_large_image\" \/>\n<meta name=\"twitter:label1\" content=\"Escrito por\" \/>\n\t<meta name=\"twitter:data1\" content=\"Telinha\" \/>\n\t<meta name=\"twitter:label2\" content=\"Tempo estimado de leitura\" \/>\n\t<meta name=\"twitter:data2\" content=\"1 minuto\" \/>\n<script type=\"application\/ld+json\" class=\"yoast-schema-graph\">{\"@context\":\"https:\/\/schema.org\",\"@graph\":[{\"@type\":\"Article\",\"@id\":\"https:\/\/portaltela.pt\/noticias\/2026\/03\/23\/pescador-ludico-encontrado-morto-no-rio-ancora\/#article\",\"isPartOf\":{\"@id\":\"https:\/\/portaltela.pt\/noticias\/2026\/03\/23\/pescador-ludico-encontrado-morto-no-rio-ancora\/\"},\"author\":{\"name\":\"Telinha\",\"@id\":\"https:\/\/portaltela.pt\/#\/schema\/person\/c4278d4a6028830caff9ee44b42d32ed\"},\"headline\":\"Pescador l\u00fadico encontrado morto no rio \u00c2ncora\",\"datePublished\":\"2026-03-23T18:25:00+00:00\",\"mainEntityOfPage\":{\"@id\":\"https:\/\/portaltela.pt\/noticias\/2026\/03\/23\/pescador-ludico-encontrado-morto-no-rio-ancora\/\"},\"wordCount\":187,\"image\":{\"@id\":\"https:\/\/portaltela.pt\/noticias\/2026\/03\/23\/pescador-ludico-encontrado-morto-no-rio-ancora\/#primaryimage\"},\"thumbnailUrl\":\"https:\/\/portaltela.pt\/s.01k8rhncp4jt1\/2026\/03\/image-1410.jpg\",\"keywords\":[\"acidente\",\"Bombeiros Volunt\u00e1rios\",\"Caminha\",\"mortos\",\"Pescadores\",\"pescas\"],\"articleSection\":[\"Acidentes\"],\"inLanguage\":\"pt-PT\"},{\"@type\":\"WebPage\",\"@id\":\"https:\/\/portaltela.pt\/noticias\/2026\/03\/23\/pescador-ludico-encontrado-morto-no-rio-ancora\/\",\"url\":\"https:\/\/portaltela.pt\/noticias\/2026\/03\/23\/pescador-ludico-encontrado-morto-no-rio-ancora\/\",\"name\":\"Pescador l\u00fadico encontrado morto no rio \u00c2ncora - Portal Tela Portugal\",\"isPartOf\":{\"@id\":\"https:\/\/portaltela.pt\/#website\"},\"primaryImageOfPage\":{\"@id\":\"https:\/\/portaltela.pt\/noticias\/2026\/03\/23\/pescador-ludico-encontrado-morto-no-rio-ancora\/#primaryimage\"},\"image\":{\"@id\":\"https:\/\/portaltela.pt\/noticias\/2026\/03\/23\/pescador-ludico-encontrado-morto-no-rio-ancora\/#primaryimage\"},\"thumbnailUrl\":\"https:\/\/portaltela.pt\/s.01k8rhncp4jt1\/2026\/03\/image-1410.jpg\",\"datePublished\":\"2026-03-23T18:25:00+00:00\",\"author\":{\"@id\":\"https:\/\/portaltela.pt\/#\/schema\/person\/c4278d4a6028830caff9ee44b42d32ed\"},\"breadcrumb\":{\"@id\":\"https:\/\/portaltela.pt\/noticias\/2026\/03\/23\/pescador-ludico-encontrado-morto-no-rio-ancora\/#breadcrumb\"},\"inLanguage\":\"pt-PT\",\"potentialAction\":[{\"@type\":\"ReadAction\",\"target\":[\"https:\/\/portaltela.pt\/noticias\/2026\/03\/23\/pescador-ludico-encontrado-morto-no-rio-ancora\/\"]}]},{\"@type\":\"ImageObject\",\"inLanguage\":\"pt-PT\",\"@id\":\"https:\/\/portaltela.pt\/noticias\/2026\/03\/23\/pescador-ludico-encontrado-morto-no-rio-ancora\/#primaryimage\",\"url\":\"https:\/\/portaltela.pt\/s.01k8rhncp4jt1\/2026\/03\/image-1410.jpg\",\"contentUrl\":\"https:\/\/portaltela.pt\/s.01k8rhncp4jt1\/2026\/03\/image-1410.jpg\",\"width\":796,\"height\":448,\"caption\":\"O comando local da Pol\u00edcia Mar\u00edtima de Caminha tomou conta da ocorr\u00eancia\"},{\"@type\":\"BreadcrumbList\",\"@id\":\"https:\/\/portaltela.pt\/noticias\/2026\/03\/23\/pescador-ludico-encontrado-morto-no-rio-ancora\/#breadcrumb\",\"itemListElement\":[{\"@type\":\"ListItem\",\"position\":1,\"name\":\"In\u00edcio\",\"item\":\"https:\/\/portaltela.pt\/\"},{\"@type\":\"ListItem\",\"position\":2,\"name\":\"Pescador l\u00fadico encontrado morto no rio \u00c2ncora\"}]},{\"@type\":\"WebSite\",\"@id\":\"https:\/\/portaltela.pt\/#website\",\"url\":\"https:\/\/portaltela.pt\/\",\"name\":\"Portal Tela Portugal\",\"description\":\"\",\"potentialAction\":[{\"@type\":\"SearchAction\",\"target\":{\"@type\":\"EntryPoint\",\"urlTemplate\":\"https:\/\/portaltela.pt\/?s={search_term_string}\"},\"query-input\":{\"@type\":\"PropertyValueSpecification\",\"valueRequired\":true,\"valueName\":\"search_term_string\"}}],\"inLanguage\":\"pt-PT\"},{\"@type\":\"Person\",\"@id\":\"https:\/\/portaltela.pt\/#\/schema\/person\/c4278d4a6028830caff9ee44b42d32ed\",\"name\":\"Telinha\",\"image\":{\"@type\":\"ImageObject\",\"inLanguage\":\"pt-PT\",\"@id\":\"https:\/\/portaltela.pt\/s.01k8rhncp4jt1\/2025\/11\/talking-bot-125x125.png\",\"url\":\"https:\/\/portaltela.pt\/s.01k8rhncp4jt1\/2025\/11\/talking-bot-125x125.png\",\"contentUrl\":\"https:\/\/portaltela.pt\/s.01k8rhncp4jt1\/2025\/11\/talking-bot-125x125.png\",\"caption\":\"Telinha\"},\"sameAs\":[\"https:\/\/portaltela.pt\/\"],\"url\":\"https:\/\/portaltela.pt\/por\/367410592786\/\"}]}<\/script>\n<!-- \/ Yoast SEO plugin. -->","yoast_head_json":{"title":"Pescador l\u00fadico encontrado morto no rio \u00c2ncora - Portal Tela Portugal","robots":{"index":"index","follow":"follow","max-snippet":"max-snippet:-1","max-image-preview":"max-image-preview:large","max-video-preview":"max-video-preview:-1"},"og_locale":"pt_PT","og_type":"article","og_title":"Pescador l\u00fadico encontrado morto no rio \u00c2ncora - Portal Tela Portugal","og_description":"Um pescador l\u00fadico de 68 anos foi encontrado morto no rio \u00c2ncora, no concelho de Caminha, numa segunda-feira \u00e0 tarde. O alerta chegou por volta das 14h30, ap\u00f3s ser acionado por um popular. Segundo o capit\u00e3o do Porto de Caminha, a v\u00edtima estava inconsciente quando chegaram os meios de socorro; bombeiros j\u00e1 o tinham retirado da \u00e1gua e realizaram manobras de reanima\u00e7\u00e3o sem sucesso. O socorro contou com a participa\u00e7\u00e3o da Pol\u00edcia Mar\u00edtima de Caminha, Bombeiros Volunt\u00e1rios de Vila Praia de \u00c2ncora, Guarda Nacional Republicana e INEM. O corpo foi transportado para o Instituto Nacional de Medicina Legal e Ci\u00eancias Forenses de Viana do Castelo, com o gabinete de psicologia da Pol\u00edcia Mar\u00edtima a apoiar os familiares.","og_url":"https:\/\/portaltela.pt\/noticias\/2026\/03\/23\/pescador-ludico-encontrado-morto-no-rio-ancora\/","og_site_name":"Portal Tela Portugal","article_published_time":"2026-03-23T18:25:00+00:00","author":"Telinha","twitter_card":"summary_large_image","twitter_misc":{"Escrito por":"Telinha","Tempo estimado de leitura":"1 minuto"},"schema":{"@context":"https:\/\/schema.org","@graph":[{"@type":"Article","@id":"https:\/\/portaltela.pt\/noticias\/2026\/03\/23\/pescador-ludico-encontrado-morto-no-rio-ancora\/#article","isPartOf":{"@id":"https:\/\/portaltela.pt\/noticias\/2026\/03\/23\/pescador-ludico-encontrado-morto-no-rio-ancora\/"},"author":{"name":"Telinha","@id":"https:\/\/portaltela.pt\/#\/schema\/person\/c4278d4a6028830caff9ee44b42d32ed"},"headline":"Pescador l\u00fadico encontrado morto no rio \u00c2ncora","datePublished":"2026-03-23T18:25:00+00:00","mainEntityOfPage":{"@id":"https:\/\/portaltela.pt\/noticias\/2026\/03\/23\/pescador-ludico-encontrado-morto-no-rio-ancora\/"},"wordCount":187,"image":{"@id":"https:\/\/portaltela.pt\/noticias\/2026\/03\/23\/pescador-ludico-encontrado-morto-no-rio-ancora\/#primaryimage"},"thumbnailUrl":"https:\/\/portaltela.pt\/s.01k8rhncp4jt1\/2026\/03\/image-1410.jpg","keywords":["acidente","Bombeiros Volunt\u00e1rios","Caminha","mortos","Pescadores","pescas"],"articleSection":["Acidentes"],"inLanguage":"pt-PT"},{"@type":"WebPage","@id":"https:\/\/portaltela.pt\/noticias\/2026\/03\/23\/pescador-ludico-encontrado-morto-no-rio-ancora\/","url":"https:\/\/portaltela.pt\/noticias\/2026\/03\/23\/pescador-ludico-encontrado-morto-no-rio-ancora\/","name":"Pescador l\u00fadico encontrado morto no rio \u00c2ncora - Portal Tela Portugal","isPartOf":{"@id":"https:\/\/portaltela.pt\/#website"},"primaryImageOfPage":{"@id":"https:\/\/portaltela.pt\/noticias\/2026\/03\/23\/pescador-ludico-encontrado-morto-no-rio-ancora\/#primaryimage"},"image":{"@id":"https:\/\/portaltela.pt\/noticias\/2026\/03\/23\/pescador-ludico-encontrado-morto-no-rio-ancora\/#primaryimage"},"thumbnailUrl":"https:\/\/portaltela.pt\/s.01k8rhncp4jt1\/2026\/03\/image-1410.jpg","datePublished":"2026-03-23T18:25:00+00:00","author":{"@id":"https:\/\/portaltela.pt\/#\/schema\/person\/c4278d4a6028830caff9ee44b42d32ed"},"breadcrumb":{"@id":"https:\/\/portaltela.pt\/noticias\/2026\/03\/23\/pescador-ludico-encontrado-morto-no-rio-ancora\/#breadcrumb"},"inLanguage":"pt-PT","potentialAction":[{"@type":"ReadAction","target":["https:\/\/portaltela.pt\/noticias\/2026\/03\/23\/pescador-ludico-encontrado-morto-no-rio-ancora\/"]}]},{"@type":"ImageObject","inLanguage":"pt-PT","@id":"https:\/\/portaltela.pt\/noticias\/2026\/03\/23\/pescador-ludico-encontrado-morto-no-rio-ancora\/#primaryimage","url":"https:\/\/portaltela.pt\/s.01k8rhncp4jt1\/2026\/03\/image-1410.jpg","contentUrl":"https:\/\/portaltela.pt\/s.01k8rhncp4jt1\/2026\/03\/image-1410.jpg","width":796,"height":448,"caption":"O comando local da Pol\u00edcia Mar\u00edtima de Caminha tomou conta da ocorr\u00eancia"},{"@type":"BreadcrumbList","@id":"https:\/\/portaltela.pt\/noticias\/2026\/03\/23\/pescador-ludico-encontrado-morto-no-rio-ancora\/#breadcrumb","itemListElement":[{"@type":"ListItem","position":1,"name":"In\u00edcio","item":"https:\/\/portaltela.pt\/"},{"@type":"ListItem","position":2,"name":"Pescador l\u00fadico encontrado morto no rio \u00c2ncora"}]},{"@type":"WebSite","@id":"https:\/\/portaltela.pt\/#website","url":"https:\/\/portaltela.pt\/","name":"Portal Tela Portugal","description":"","potentialAction":[{"@type":"SearchAction","target":{"@type":"EntryPoint","urlTemplate":"https:\/\/portaltela.pt\/?s={search_term_string}"},"query-input":{"@type":"PropertyValueSpecification","valueRequired":true,"valueName":"search_term_string"}}],"inLanguage":"pt-PT"},{"@type":"Person","@id":"https:\/\/portaltela.pt\/#\/schema\/person\/c4278d4a6028830caff9ee44b42d32ed","name":"Telinha","image":{"@type":"ImageObject","inLanguage":"pt-PT","@id":"https:\/\/portaltela.pt\/s.01k8rhncp4jt1\/2025\/11\/talking-bot-125x125.png","url":"https:\/\/portaltela.pt\/s.01k8rhncp4jt1\/2025\/11\/talking-bot-125x125.png","contentUrl":"https:\/\/portaltela.pt\/s.01k8rhncp4jt1\/2025\/11\/talking-bot-125x125.png","caption":"Telinha"},"sameAs":["https:\/\/portaltela.pt\/"],"url":"https:\/\/portaltela.pt\/por\/367410592786\/"}]}},"_links":{"self":[{"href":"https:\/\/portaltela.pt\/api\/wp\/v2\/posts\/418784","targetHints":{"allow":["GET"]}}],"collection":[{"href":"https:\/\/portaltela.pt\/api\/wp\/v2\/posts"}],"about":[{"href":"https:\/\/portaltela.pt\/api\/wp\/v2\/types\/post"}],"author":[{"embeddable":true,"href":"https:\/\/portaltela.pt\/api\/wp\/v2\/users\/2"}],"replies":[{"embeddable":true,"href":"https:\/\/portaltela.pt\/api\/wp\/v2\/comments?post=418784"}],"version-history":[{"count":0,"href":"https:\/\/portaltela.pt\/api\/wp\/v2\/posts\/418784\/revisions"}],"wp:featuredmedia":[{"embeddable":true,"href":"https:\/\/portaltela.pt\/api\/wp\/v2\/media\/418790"}],"wp:attachment":[{"href":"https:\/\/portaltela.pt\/api\/wp\/v2\/media?parent=418784"}],"wp:term":[{"taxonomy":"category","embeddable":true,"href":"https:\/\/portaltela.pt\/api\/wp\/v2\/categories?post=418784"},{"taxonomy":"post_tag","embeddable":true,"href":"https:\/\/portaltela.pt\/api\/wp\/v2\/tags?post=418784"}],"curies":[{"name":"wp","href":"https:\/\/api.w.org\/{rel}","templated":true}]}}