{"id":418781,"date":"2026-03-23T15:21:40","date_gmt":"2026-03-23T18:21:40","guid":{"rendered":"https:\/\/portaltela.pt\/noticias\/2026\/03\/23\/estudantes-reivindicam-maior-participacao-nos-orgaos-de-governo-universitario\/"},"modified":"2026-03-23T15:21:40","modified_gmt":"2026-03-23T18:21:40","slug":"estudantes-reivindicam-maior-participacao-nos-orgaos-de-governo-universitario","status":"publish","type":"post","link":"https:\/\/portaltela.pt\/sociedade\/2026\/03\/23\/estudantes-reivindicam-maior-participacao-nos-orgaos-de-governo-universitario\/","title":{"rendered":"Estudantes reivindicam maior participa\u00e7\u00e3o nos \u00f3rg\u00e3os de governo universit\u00e1rio"},"content":{"rendered":"<p>As associa\u00e7\u00f5es acad\u00e9micas defenderam nesta segunda-feira uma maior representa\u00e7\u00e3o estudantil nos \u00f3rg\u00e3os de governo das universidades, no \u00e2mbito da revis\u00e3o do regime jur\u00eddico das institui\u00e7\u00f5es. O peso de cada um dos quatro corpos eleitorais \u00e9 de pelo menos 10%, cabendo \u00e0s institui\u00e7\u00f5es definir o grau de representa\u00e7\u00e3o. A proposta do Governo prev\u00ea elei\u00e7\u00f5es diretas para o reitor, com participa\u00e7\u00e3o de estudantes, docentes, investigadores, pessoal t\u00e9cnico e administrativo e antigos alunos. O objetivo \u00e9 que os alunos estejam no centro das decis\u00f5es.<\/p>\n<p>As associa\u00e7\u00f5es destacam que a reforma deve responder a problemas dos estudantes e coloc\u00e1-los nos centros de decis\u00e3o. A contesta\u00e7\u00e3o recai sobre a ideia de manter a flexibilidade de peso entre corpos eleitorais, o que, afirmam, pode reduzir a voz estudantil. Criticam tamb\u00e9m a inten\u00e7\u00e3o de descongelar propinas, a falta de alojamento e a resposta do sistema de a\u00e7\u00e3o social.<\/p>\n<h3>Manifesta\u00e7\u00e3o Nacional<\/h3>\n<p>No Dia Nacional do Estudante, as organiza\u00e7\u00f5es v\u00e3o a Lisboa, em marcha marcada para as 14h30, do Rossio at\u00e9 \u00e0 Assembleia da Rep\u00fablica. O movimento exige gratuitidade do ensino superior, mais alojamento e melhores condi\u00e7\u00f5es de estudo. As entidades organizadoras associam-se ao protesto que ocorre na v\u00e9spera da data comemorada.<\/p>\n","protected":false},"excerpt":{"rendered":"<ul>\n<li>Estudantes pedem maior representa\u00e7\u00e3o nos \u00f3rg\u00e3os de governo das universidades, no \u00e2mbito da revis\u00e3o do regime jur\u00eddico das institui\u00e7\u00f5es.<\/li>\n<li>A proposta governamental para a elei\u00e7\u00e3o do reitor mant\u00e9m quatro corpos eleitorais com peso m\u00ednimo de 10% cada, cabendo \u00e0s institui\u00e7\u00f5es definir o grau de representa\u00e7\u00e3o.<\/li>\n<li>As associa\u00e7\u00f5es acad\u00e9micas defendem que a reforma s\u00f3 faz sentido se colocar os estudantes no centro da decis\u00e3o e nos problemas do ensino superior.<\/li>\n<li>Criticam tamb\u00e9m a possibilidade de descongelar as propinas, a falta de alojamento estudantil e a resposta considerada insuficiente do sistema de a\u00e7\u00e3o social.<\/li>\n<li>Em in\u00edcio do Dia Nacional do Estudante, est\u00e1 marcada uma manifesta\u00e7\u00e3o nacional em Lisboa, \u00e0s 14h30, do Rossio at\u00e9 \u00e0 Assembleia da Rep\u00fablica, pela gratuitidade do ensino, mais alojamento e melhores condi\u00e7\u00f5es de estudo.<\/li>\n<\/ul>\n","protected":false},"author":2,"featured_media":418786,"comment_status":"closed","ping_status":"closed","sticky":false,"template":"","format":"standard","meta":{"footnotes":""},"categories":[1,6871],"tags":[163,6623,5139,150,3391,2857],"class_list":["post-418781","post","type-post","status-publish","format-standard","has-post-thumbnail","hentry","category-noticias","category-sociedade","tag-educacao","tag-ensino-superior","tag-estudantes","tag-habitacao","tag-propinas","tag-protestos"],"yoast_head":"<!-- This site is optimized with the Yoast SEO plugin v27.2 - https:\/\/yoast.com\/product\/yoast-seo-wordpress\/ -->\n<title>Estudantes reivindicam maior participa\u00e7\u00e3o nos \u00f3rg\u00e3os de governo universit\u00e1rio - Portal Tela Portugal<\/title>\n<meta name=\"robots\" content=\"index, follow, max-snippet:-1, max-image-preview:large, max-video-preview:-1\" \/>\n<meta property=\"og:locale\" content=\"pt_PT\" \/>\n<meta property=\"og:type\" content=\"article\" \/>\n<meta property=\"og:title\" content=\"Estudantes reivindicam maior participa\u00e7\u00e3o nos \u00f3rg\u00e3os de governo universit\u00e1rio - Portal Tela Portugal\" \/>\n<meta property=\"og:description\" content=\"Estudantes pedem maior representa\u00e7\u00e3o nos \u00f3rg\u00e3os de governo das universidades, no \u00e2mbito da revis\u00e3o do regime jur\u00eddico das institui\u00e7\u00f5es. A proposta governamental para a elei\u00e7\u00e3o do reitor mant\u00e9m quatro corpos eleitorais com peso m\u00ednimo de 10% cada, cabendo \u00e0s institui\u00e7\u00f5es definir o grau de representa\u00e7\u00e3o. As associa\u00e7\u00f5es acad\u00e9micas defendem que a reforma s\u00f3 faz sentido se colocar os estudantes no centro da decis\u00e3o e nos problemas do ensino superior. Criticam tamb\u00e9m a possibilidade de descongelar as propinas, a falta de alojamento estudantil e a resposta considerada insuficiente do sistema de a\u00e7\u00e3o social. Em in\u00edcio do Dia Nacional do Estudante, est\u00e1 marcada uma manifesta\u00e7\u00e3o nacional em Lisboa, \u00e0s 14h30, do Rossio at\u00e9 \u00e0 Assembleia da Rep\u00fablica, pela gratuitidade do ensino, mais alojamento e melhores condi\u00e7\u00f5es de estudo.\" \/>\n<meta property=\"og:url\" content=\"https:\/\/portaltela.pt\/noticias\/2026\/03\/23\/estudantes-reivindicam-maior-participacao-nos-orgaos-de-governo-universitario\/\" \/>\n<meta property=\"og:site_name\" content=\"Portal Tela Portugal\" \/>\n<meta property=\"article:published_time\" content=\"2026-03-23T18:21:40+00:00\" \/>\n<meta name=\"author\" content=\"Telinha\" \/>\n<meta name=\"twitter:card\" content=\"summary_large_image\" \/>\n<meta name=\"twitter:label1\" content=\"Escrito por\" \/>\n\t<meta name=\"twitter:data1\" content=\"Telinha\" \/>\n\t<meta name=\"twitter:label2\" content=\"Tempo estimado de leitura\" \/>\n\t<meta name=\"twitter:data2\" content=\"1 minuto\" \/>\n<script type=\"application\/ld+json\" class=\"yoast-schema-graph\">{\"@context\":\"https:\/\/schema.org\",\"@graph\":[{\"@type\":\"Article\",\"@id\":\"https:\/\/portaltela.pt\/noticias\/2026\/03\/23\/estudantes-reivindicam-maior-participacao-nos-orgaos-de-governo-universitario\/#article\",\"isPartOf\":{\"@id\":\"https:\/\/portaltela.pt\/noticias\/2026\/03\/23\/estudantes-reivindicam-maior-participacao-nos-orgaos-de-governo-universitario\/\"},\"author\":{\"name\":\"Telinha\",\"@id\":\"https:\/\/portaltela.pt\/#\/schema\/person\/c4278d4a6028830caff9ee44b42d32ed\"},\"headline\":\"Estudantes reivindicam maior participa\u00e7\u00e3o nos \u00f3rg\u00e3os de governo universit\u00e1rio\",\"datePublished\":\"2026-03-23T18:21:40+00:00\",\"mainEntityOfPage\":{\"@id\":\"https:\/\/portaltela.pt\/noticias\/2026\/03\/23\/estudantes-reivindicam-maior-participacao-nos-orgaos-de-governo-universitario\/\"},\"wordCount\":227,\"image\":{\"@id\":\"https:\/\/portaltela.pt\/noticias\/2026\/03\/23\/estudantes-reivindicam-maior-participacao-nos-orgaos-de-governo-universitario\/#primaryimage\"},\"thumbnailUrl\":\"https:\/\/portaltela.pt\/s.01k8rhncp4jt1\/2026\/03\/img_1500x1000uu2022-12-19-20-35-14-1235419-im-639098868864513619.jpg\",\"keywords\":[\"educa\u00e7\u00e3o\",\"Ensino Superior\",\"estudantes\",\"habita\u00e7\u00e3o\",\"propinas\",\"protestos\"],\"articleSection\":[\"Not\u00edcias\",\"Sociedade\"],\"inLanguage\":\"pt-PT\"},{\"@type\":\"WebPage\",\"@id\":\"https:\/\/portaltela.pt\/noticias\/2026\/03\/23\/estudantes-reivindicam-maior-participacao-nos-orgaos-de-governo-universitario\/\",\"url\":\"https:\/\/portaltela.pt\/noticias\/2026\/03\/23\/estudantes-reivindicam-maior-participacao-nos-orgaos-de-governo-universitario\/\",\"name\":\"Estudantes reivindicam maior participa\u00e7\u00e3o nos \u00f3rg\u00e3os de governo universit\u00e1rio - Portal Tela Portugal\",\"isPartOf\":{\"@id\":\"https:\/\/portaltela.pt\/#website\"},\"primaryImageOfPage\":{\"@id\":\"https:\/\/portaltela.pt\/noticias\/2026\/03\/23\/estudantes-reivindicam-maior-participacao-nos-orgaos-de-governo-universitario\/#primaryimage\"},\"image\":{\"@id\":\"https:\/\/portaltela.pt\/noticias\/2026\/03\/23\/estudantes-reivindicam-maior-participacao-nos-orgaos-de-governo-universitario\/#primaryimage\"},\"thumbnailUrl\":\"https:\/\/portaltela.pt\/s.01k8rhncp4jt1\/2026\/03\/img_1500x1000uu2022-12-19-20-35-14-1235419-im-639098868864513619.jpg\",\"datePublished\":\"2026-03-23T18:21:40+00:00\",\"author\":{\"@id\":\"https:\/\/portaltela.pt\/#\/schema\/person\/c4278d4a6028830caff9ee44b42d32ed\"},\"breadcrumb\":{\"@id\":\"https:\/\/portaltela.pt\/noticias\/2026\/03\/23\/estudantes-reivindicam-maior-participacao-nos-orgaos-de-governo-universitario\/#breadcrumb\"},\"inLanguage\":\"pt-PT\",\"potentialAction\":[{\"@type\":\"ReadAction\",\"target\":[\"https:\/\/portaltela.pt\/noticias\/2026\/03\/23\/estudantes-reivindicam-maior-participacao-nos-orgaos-de-governo-universitario\/\"]}]},{\"@type\":\"ImageObject\",\"inLanguage\":\"pt-PT\",\"@id\":\"https:\/\/portaltela.pt\/noticias\/2026\/03\/23\/estudantes-reivindicam-maior-participacao-nos-orgaos-de-governo-universitario\/#primaryimage\",\"url\":\"https:\/\/portaltela.pt\/s.01k8rhncp4jt1\/2026\/03\/img_1500x1000uu2022-12-19-20-35-14-1235419-im-639098868864513619.jpg\",\"contentUrl\":\"https:\/\/portaltela.pt\/s.01k8rhncp4jt1\/2026\/03\/img_1500x1000uu2022-12-19-20-35-14-1235419-im-639098868864513619.jpg\",\"width\":796,\"height\":448,\"caption\":\"Universidades\"},{\"@type\":\"BreadcrumbList\",\"@id\":\"https:\/\/portaltela.pt\/noticias\/2026\/03\/23\/estudantes-reivindicam-maior-participacao-nos-orgaos-de-governo-universitario\/#breadcrumb\",\"itemListElement\":[{\"@type\":\"ListItem\",\"position\":1,\"name\":\"In\u00edcio\",\"item\":\"https:\/\/portaltela.pt\/\"},{\"@type\":\"ListItem\",\"position\":2,\"name\":\"Estudantes reivindicam maior participa\u00e7\u00e3o nos \u00f3rg\u00e3os de governo universit\u00e1rio\"}]},{\"@type\":\"WebSite\",\"@id\":\"https:\/\/portaltela.pt\/#website\",\"url\":\"https:\/\/portaltela.pt\/\",\"name\":\"Portal Tela Portugal\",\"description\":\"\",\"potentialAction\":[{\"@type\":\"SearchAction\",\"target\":{\"@type\":\"EntryPoint\",\"urlTemplate\":\"https:\/\/portaltela.pt\/?s={search_term_string}\"},\"query-input\":{\"@type\":\"PropertyValueSpecification\",\"valueRequired\":true,\"valueName\":\"search_term_string\"}}],\"inLanguage\":\"pt-PT\"},{\"@type\":\"Person\",\"@id\":\"https:\/\/portaltela.pt\/#\/schema\/person\/c4278d4a6028830caff9ee44b42d32ed\",\"name\":\"Telinha\",\"image\":{\"@type\":\"ImageObject\",\"inLanguage\":\"pt-PT\",\"@id\":\"https:\/\/portaltela.pt\/s.01k8rhncp4jt1\/2025\/11\/talking-bot-125x125.png\",\"url\":\"https:\/\/portaltela.pt\/s.01k8rhncp4jt1\/2025\/11\/talking-bot-125x125.png\",\"contentUrl\":\"https:\/\/portaltela.pt\/s.01k8rhncp4jt1\/2025\/11\/talking-bot-125x125.png\",\"caption\":\"Telinha\"},\"sameAs\":[\"https:\/\/portaltela.pt\/\"],\"url\":\"https:\/\/portaltela.pt\/por\/367410592786\/\"}]}<\/script>\n<!-- \/ Yoast SEO plugin. -->","yoast_head_json":{"title":"Estudantes reivindicam maior participa\u00e7\u00e3o nos \u00f3rg\u00e3os de governo universit\u00e1rio - Portal Tela Portugal","robots":{"index":"index","follow":"follow","max-snippet":"max-snippet:-1","max-image-preview":"max-image-preview:large","max-video-preview":"max-video-preview:-1"},"og_locale":"pt_PT","og_type":"article","og_title":"Estudantes reivindicam maior participa\u00e7\u00e3o nos \u00f3rg\u00e3os de governo universit\u00e1rio - Portal Tela Portugal","og_description":"Estudantes pedem maior representa\u00e7\u00e3o nos \u00f3rg\u00e3os de governo das universidades, no \u00e2mbito da revis\u00e3o do regime jur\u00eddico das institui\u00e7\u00f5es. A proposta governamental para a elei\u00e7\u00e3o do reitor mant\u00e9m quatro corpos eleitorais com peso m\u00ednimo de 10% cada, cabendo \u00e0s institui\u00e7\u00f5es definir o grau de representa\u00e7\u00e3o. As associa\u00e7\u00f5es acad\u00e9micas defendem que a reforma s\u00f3 faz sentido se colocar os estudantes no centro da decis\u00e3o e nos problemas do ensino superior. Criticam tamb\u00e9m a possibilidade de descongelar as propinas, a falta de alojamento estudantil e a resposta considerada insuficiente do sistema de a\u00e7\u00e3o social. Em in\u00edcio do Dia Nacional do Estudante, est\u00e1 marcada uma manifesta\u00e7\u00e3o nacional em Lisboa, \u00e0s 14h30, do Rossio at\u00e9 \u00e0 Assembleia da Rep\u00fablica, pela gratuitidade do ensino, mais alojamento e melhores condi\u00e7\u00f5es de estudo.","og_url":"https:\/\/portaltela.pt\/noticias\/2026\/03\/23\/estudantes-reivindicam-maior-participacao-nos-orgaos-de-governo-universitario\/","og_site_name":"Portal Tela Portugal","article_published_time":"2026-03-23T18:21:40+00:00","author":"Telinha","twitter_card":"summary_large_image","twitter_misc":{"Escrito por":"Telinha","Tempo estimado de leitura":"1 minuto"},"schema":{"@context":"https:\/\/schema.org","@graph":[{"@type":"Article","@id":"https:\/\/portaltela.pt\/noticias\/2026\/03\/23\/estudantes-reivindicam-maior-participacao-nos-orgaos-de-governo-universitario\/#article","isPartOf":{"@id":"https:\/\/portaltela.pt\/noticias\/2026\/03\/23\/estudantes-reivindicam-maior-participacao-nos-orgaos-de-governo-universitario\/"},"author":{"name":"Telinha","@id":"https:\/\/portaltela.pt\/#\/schema\/person\/c4278d4a6028830caff9ee44b42d32ed"},"headline":"Estudantes reivindicam maior participa\u00e7\u00e3o nos \u00f3rg\u00e3os de governo universit\u00e1rio","datePublished":"2026-03-23T18:21:40+00:00","mainEntityOfPage":{"@id":"https:\/\/portaltela.pt\/noticias\/2026\/03\/23\/estudantes-reivindicam-maior-participacao-nos-orgaos-de-governo-universitario\/"},"wordCount":227,"image":{"@id":"https:\/\/portaltela.pt\/noticias\/2026\/03\/23\/estudantes-reivindicam-maior-participacao-nos-orgaos-de-governo-universitario\/#primaryimage"},"thumbnailUrl":"https:\/\/portaltela.pt\/s.01k8rhncp4jt1\/2026\/03\/img_1500x1000uu2022-12-19-20-35-14-1235419-im-639098868864513619.jpg","keywords":["educa\u00e7\u00e3o","Ensino Superior","estudantes","habita\u00e7\u00e3o","propinas","protestos"],"articleSection":["Not\u00edcias","Sociedade"],"inLanguage":"pt-PT"},{"@type":"WebPage","@id":"https:\/\/portaltela.pt\/noticias\/2026\/03\/23\/estudantes-reivindicam-maior-participacao-nos-orgaos-de-governo-universitario\/","url":"https:\/\/portaltela.pt\/noticias\/2026\/03\/23\/estudantes-reivindicam-maior-participacao-nos-orgaos-de-governo-universitario\/","name":"Estudantes reivindicam maior participa\u00e7\u00e3o nos \u00f3rg\u00e3os de governo universit\u00e1rio - Portal Tela Portugal","isPartOf":{"@id":"https:\/\/portaltela.pt\/#website"},"primaryImageOfPage":{"@id":"https:\/\/portaltela.pt\/noticias\/2026\/03\/23\/estudantes-reivindicam-maior-participacao-nos-orgaos-de-governo-universitario\/#primaryimage"},"image":{"@id":"https:\/\/portaltela.pt\/noticias\/2026\/03\/23\/estudantes-reivindicam-maior-participacao-nos-orgaos-de-governo-universitario\/#primaryimage"},"thumbnailUrl":"https:\/\/portaltela.pt\/s.01k8rhncp4jt1\/2026\/03\/img_1500x1000uu2022-12-19-20-35-14-1235419-im-639098868864513619.jpg","datePublished":"2026-03-23T18:21:40+00:00","author":{"@id":"https:\/\/portaltela.pt\/#\/schema\/person\/c4278d4a6028830caff9ee44b42d32ed"},"breadcrumb":{"@id":"https:\/\/portaltela.pt\/noticias\/2026\/03\/23\/estudantes-reivindicam-maior-participacao-nos-orgaos-de-governo-universitario\/#breadcrumb"},"inLanguage":"pt-PT","potentialAction":[{"@type":"ReadAction","target":["https:\/\/portaltela.pt\/noticias\/2026\/03\/23\/estudantes-reivindicam-maior-participacao-nos-orgaos-de-governo-universitario\/"]}]},{"@type":"ImageObject","inLanguage":"pt-PT","@id":"https:\/\/portaltela.pt\/noticias\/2026\/03\/23\/estudantes-reivindicam-maior-participacao-nos-orgaos-de-governo-universitario\/#primaryimage","url":"https:\/\/portaltela.pt\/s.01k8rhncp4jt1\/2026\/03\/img_1500x1000uu2022-12-19-20-35-14-1235419-im-639098868864513619.jpg","contentUrl":"https:\/\/portaltela.pt\/s.01k8rhncp4jt1\/2026\/03\/img_1500x1000uu2022-12-19-20-35-14-1235419-im-639098868864513619.jpg","width":796,"height":448,"caption":"Universidades"},{"@type":"BreadcrumbList","@id":"https:\/\/portaltela.pt\/noticias\/2026\/03\/23\/estudantes-reivindicam-maior-participacao-nos-orgaos-de-governo-universitario\/#breadcrumb","itemListElement":[{"@type":"ListItem","position":1,"name":"In\u00edcio","item":"https:\/\/portaltela.pt\/"},{"@type":"ListItem","position":2,"name":"Estudantes reivindicam maior participa\u00e7\u00e3o nos \u00f3rg\u00e3os de governo universit\u00e1rio"}]},{"@type":"WebSite","@id":"https:\/\/portaltela.pt\/#website","url":"https:\/\/portaltela.pt\/","name":"Portal Tela Portugal","description":"","potentialAction":[{"@type":"SearchAction","target":{"@type":"EntryPoint","urlTemplate":"https:\/\/portaltela.pt\/?s={search_term_string}"},"query-input":{"@type":"PropertyValueSpecification","valueRequired":true,"valueName":"search_term_string"}}],"inLanguage":"pt-PT"},{"@type":"Person","@id":"https:\/\/portaltela.pt\/#\/schema\/person\/c4278d4a6028830caff9ee44b42d32ed","name":"Telinha","image":{"@type":"ImageObject","inLanguage":"pt-PT","@id":"https:\/\/portaltela.pt\/s.01k8rhncp4jt1\/2025\/11\/talking-bot-125x125.png","url":"https:\/\/portaltela.pt\/s.01k8rhncp4jt1\/2025\/11\/talking-bot-125x125.png","contentUrl":"https:\/\/portaltela.pt\/s.01k8rhncp4jt1\/2025\/11\/talking-bot-125x125.png","caption":"Telinha"},"sameAs":["https:\/\/portaltela.pt\/"],"url":"https:\/\/portaltela.pt\/por\/367410592786\/"}]}},"_links":{"self":[{"href":"https:\/\/portaltela.pt\/api\/wp\/v2\/posts\/418781","targetHints":{"allow":["GET"]}}],"collection":[{"href":"https:\/\/portaltela.pt\/api\/wp\/v2\/posts"}],"about":[{"href":"https:\/\/portaltela.pt\/api\/wp\/v2\/types\/post"}],"author":[{"embeddable":true,"href":"https:\/\/portaltela.pt\/api\/wp\/v2\/users\/2"}],"replies":[{"embeddable":true,"href":"https:\/\/portaltela.pt\/api\/wp\/v2\/comments?post=418781"}],"version-history":[{"count":0,"href":"https:\/\/portaltela.pt\/api\/wp\/v2\/posts\/418781\/revisions"}],"wp:featuredmedia":[{"embeddable":true,"href":"https:\/\/portaltela.pt\/api\/wp\/v2\/media\/418786"}],"wp:attachment":[{"href":"https:\/\/portaltela.pt\/api\/wp\/v2\/media?parent=418781"}],"wp:term":[{"taxonomy":"category","embeddable":true,"href":"https:\/\/portaltela.pt\/api\/wp\/v2\/categories?post=418781"},{"taxonomy":"post_tag","embeddable":true,"href":"https:\/\/portaltela.pt\/api\/wp\/v2\/tags?post=418781"}],"curies":[{"name":"wp","href":"https:\/\/api.w.org\/{rel}","templated":true}]}}