{"id":418769,"date":"2026-03-23T15:07:00","date_gmt":"2026-03-23T18:07:00","guid":{"rendered":"https:\/\/portaltela.pt\/noticias\/2026\/03\/23\/luisinha-oliveira-mantem-paixao-pelos-automoveis-veja-as-imagens\/"},"modified":"2026-03-23T15:07:00","modified_gmt":"2026-03-23T18:07:00","slug":"luisinha-oliveira-mantem-paixao-pelos-automoveis-veja-as-imagens","status":"publish","type":"post","link":"https:\/\/portaltela.pt\/celebridades\/2026\/03\/23\/luisinha-oliveira-mantem-paixao-pelos-automoveis-veja-as-imagens\/","title":{"rendered":"Luisinha Oliveira mant\u00e9m paix\u00e3o pelos autom\u00f3veis; veja as imagens"},"content":{"rendered":"<p>Luisinha Oliveira voltou a chamar a aten\u00e7\u00e3o pela sua liga\u00e7\u00e3o aos autom\u00f3veis, mantendo-se fiel \u00e0 sua paix\u00e3o que ficou conhecida na participa\u00e7\u00e3o na F\u00f3rmula 1 atrav\u00e9s do antigo relacionamento com Lando Norris. Recentemente, a modelo foi fotografada a entrar num stand de autom\u00f3veis, na companhia de algumas amigas. N\u00e3o foram divulgados detalhes sobre uma poss\u00edvel aquisi\u00e7\u00e3o ou meras visitas \u00e0s novidades.<\/p>\n<p>A presen\u00e7a de Luisinha no stand ocorre num momento em que a sua imagem tem ganho proje\u00e7\u00e3o internacional, paralelamente \u00e0 carreira na moda. N\u00e3o havia confirma\u00e7\u00e3o oficial sobre entrevistas ou declara\u00e7\u00f5es, apenas as imagens que captaram a visita, sem indica\u00e7\u00e3o de outros contatos com o espa\u00e7o.<\/p>\n<h3>Desfile em Mil\u00e3o envolve Luisinha e as Irm\u00e3s Aguiar<\/h3>\n<p>Pouco depois, Luisinha Oliveira integrou o lote de convidados na Semana de Moda de Mil\u00e3o, onde acompanhou as irm\u00e3s In\u00eas e Joana Aguiar. O trio participou no desfile da cole\u00e7\u00e3o outono\/inverno 2026 da marca Elisabetta Franchi, num evento realizado nos sal\u00f5es hist\u00f3ricos do Palazzo Acerbi, que reuniu figuras internacionais do setor.<\/p>\n<p>As presen\u00e7as destacaram o estatuto das portuguesas no mundo da moda, com olhares voltados para a edi\u00e7\u00e3o de Mil\u00e3o e a repercuss\u00e3o internacional das escolhas de estilo. O regresso de Oliveira \u00e0s passarelas consolidou a exposi\u00e7\u00e3o medi\u00e1tica que j\u00e1 se verifica h\u00e1 anos.<\/p>\n","protected":false},"excerpt":{"rendered":"<ul>\n<li>Luisinha Oliveira foi fotografada a entrar num stand de autom\u00f3veis, acompanhada de amigas; ainda n\u00e3o se sabe se fez compra ou apenas visitou as novidades.<\/li>\n<li>A modelo ganhou notoriedade no universo autom\u00f3vel ao ter namorado o piloto Lando Norris, da McLaren.<\/li>\n<li>Recentemente regressou da semana de moda de Mil\u00e3o, onde participou com as irm\u00e3s In\u00eas e Joana Aguiar.<\/li>\n<li>As tr\u00eas portuguesas estiveram no desfile da cole\u00e7\u00e3o outono\/inverno 2026 da Elisabetta Franchi, em Mil\u00e3o, no Palazzo Acerbi.<\/li>\n<li>Luisinha \u00e9 atualmente namorada do ator Jos\u00e9 Condessa.<\/li>\n<\/ul>\n","protected":false},"author":2,"featured_media":418772,"comment_status":"closed","ping_status":"closed","sticky":false,"template":"","format":"standard","meta":{"footnotes":""},"categories":[6675],"tags":[2371,3259,3500,81,135,1014],"class_list":["post-418769","post","type-post","status-publish","format-standard","has-post-thumbnail","hentry","category-celebridades","tag-automoveis","tag-celebidades","tag-desfiles-internacionais","tag-internacionais","tag-moda","tag-portugal"],"yoast_head":"<!-- This site is optimized with the Yoast SEO plugin v27.2 - https:\/\/yoast.com\/product\/yoast-seo-wordpress\/ -->\n<title>Luisinha Oliveira mant\u00e9m paix\u00e3o pelos autom\u00f3veis; veja as imagens - Portal Tela Portugal<\/title>\n<meta name=\"robots\" content=\"index, follow, max-snippet:-1, max-image-preview:large, max-video-preview:-1\" \/>\n<meta property=\"og:locale\" content=\"pt_PT\" \/>\n<meta property=\"og:type\" content=\"article\" \/>\n<meta property=\"og:title\" content=\"Luisinha Oliveira mant\u00e9m paix\u00e3o pelos autom\u00f3veis; veja as imagens - Portal Tela Portugal\" \/>\n<meta property=\"og:description\" content=\"Luisinha Oliveira foi fotografada a entrar num stand de autom\u00f3veis, acompanhada de amigas; ainda n\u00e3o se sabe se fez compra ou apenas visitou as novidades. A modelo ganhou notoriedade no universo autom\u00f3vel ao ter namorado o piloto Lando Norris, da McLaren. Recentemente regressou da semana de moda de Mil\u00e3o, onde participou com as irm\u00e3s In\u00eas e Joana Aguiar. As tr\u00eas portuguesas estiveram no desfile da cole\u00e7\u00e3o outono\/inverno 2026 da Elisabetta Franchi, em Mil\u00e3o, no Palazzo Acerbi. Luisinha \u00e9 atualmente namorada do ator Jos\u00e9 Condessa.\" \/>\n<meta property=\"og:url\" content=\"https:\/\/portaltela.pt\/noticias\/2026\/03\/23\/luisinha-oliveira-mantem-paixao-pelos-automoveis-veja-as-imagens\/\" \/>\n<meta property=\"og:site_name\" content=\"Portal Tela Portugal\" \/>\n<meta property=\"article:published_time\" content=\"2026-03-23T18:07:00+00:00\" \/>\n<meta name=\"author\" content=\"Telinha\" \/>\n<meta name=\"twitter:card\" content=\"summary_large_image\" \/>\n<meta name=\"twitter:label1\" content=\"Escrito por\" \/>\n\t<meta name=\"twitter:data1\" content=\"Telinha\" \/>\n\t<meta name=\"twitter:label2\" content=\"Tempo estimado de leitura\" \/>\n\t<meta name=\"twitter:data2\" content=\"1 minuto\" \/>\n<script type=\"application\/ld+json\" class=\"yoast-schema-graph\">{\"@context\":\"https:\/\/schema.org\",\"@graph\":[{\"@type\":\"Article\",\"@id\":\"https:\/\/portaltela.pt\/noticias\/2026\/03\/23\/luisinha-oliveira-mantem-paixao-pelos-automoveis-veja-as-imagens\/#article\",\"isPartOf\":{\"@id\":\"https:\/\/portaltela.pt\/noticias\/2026\/03\/23\/luisinha-oliveira-mantem-paixao-pelos-automoveis-veja-as-imagens\/\"},\"author\":{\"name\":\"Telinha\",\"@id\":\"https:\/\/portaltela.pt\/#\/schema\/person\/c4278d4a6028830caff9ee44b42d32ed\"},\"headline\":\"Luisinha Oliveira mant\u00e9m paix\u00e3o pelos autom\u00f3veis; veja as imagens\",\"datePublished\":\"2026-03-23T18:07:00+00:00\",\"mainEntityOfPage\":{\"@id\":\"https:\/\/portaltela.pt\/noticias\/2026\/03\/23\/luisinha-oliveira-mantem-paixao-pelos-automoveis-veja-as-imagens\/\"},\"wordCount\":251,\"image\":{\"@id\":\"https:\/\/portaltela.pt\/noticias\/2026\/03\/23\/luisinha-oliveira-mantem-paixao-pelos-automoveis-veja-as-imagens\/#primaryimage\"},\"thumbnailUrl\":\"https:\/\/portaltela.pt\/s.01k8rhncp4jt1\/2026\/03\/img_1280x718uu2026-03-18-15-49-24-2273177-im-639094457918103786.jpg\",\"keywords\":[\"Autom\u00f3veis\",\"celebidades\",\"desfiles internacionais\",\"internacionais\",\"moda\",\"Portugal\"],\"articleSection\":[\"Celebridades\"],\"inLanguage\":\"pt-PT\"},{\"@type\":\"WebPage\",\"@id\":\"https:\/\/portaltela.pt\/noticias\/2026\/03\/23\/luisinha-oliveira-mantem-paixao-pelos-automoveis-veja-as-imagens\/\",\"url\":\"https:\/\/portaltela.pt\/noticias\/2026\/03\/23\/luisinha-oliveira-mantem-paixao-pelos-automoveis-veja-as-imagens\/\",\"name\":\"Luisinha Oliveira mant\u00e9m paix\u00e3o pelos autom\u00f3veis; veja as imagens - Portal Tela Portugal\",\"isPartOf\":{\"@id\":\"https:\/\/portaltela.pt\/#website\"},\"primaryImageOfPage\":{\"@id\":\"https:\/\/portaltela.pt\/noticias\/2026\/03\/23\/luisinha-oliveira-mantem-paixao-pelos-automoveis-veja-as-imagens\/#primaryimage\"},\"image\":{\"@id\":\"https:\/\/portaltela.pt\/noticias\/2026\/03\/23\/luisinha-oliveira-mantem-paixao-pelos-automoveis-veja-as-imagens\/#primaryimage\"},\"thumbnailUrl\":\"https:\/\/portaltela.pt\/s.01k8rhncp4jt1\/2026\/03\/img_1280x718uu2026-03-18-15-49-24-2273177-im-639094457918103786.jpg\",\"datePublished\":\"2026-03-23T18:07:00+00:00\",\"author\":{\"@id\":\"https:\/\/portaltela.pt\/#\/schema\/person\/c4278d4a6028830caff9ee44b42d32ed\"},\"breadcrumb\":{\"@id\":\"https:\/\/portaltela.pt\/noticias\/2026\/03\/23\/luisinha-oliveira-mantem-paixao-pelos-automoveis-veja-as-imagens\/#breadcrumb\"},\"inLanguage\":\"pt-PT\",\"potentialAction\":[{\"@type\":\"ReadAction\",\"target\":[\"https:\/\/portaltela.pt\/noticias\/2026\/03\/23\/luisinha-oliveira-mantem-paixao-pelos-automoveis-veja-as-imagens\/\"]}]},{\"@type\":\"ImageObject\",\"inLanguage\":\"pt-PT\",\"@id\":\"https:\/\/portaltela.pt\/noticias\/2026\/03\/23\/luisinha-oliveira-mantem-paixao-pelos-automoveis-veja-as-imagens\/#primaryimage\",\"url\":\"https:\/\/portaltela.pt\/s.01k8rhncp4jt1\/2026\/03\/img_1280x718uu2026-03-18-15-49-24-2273177-im-639094457918103786.jpg\",\"contentUrl\":\"https:\/\/portaltela.pt\/s.01k8rhncp4jt1\/2026\/03\/img_1280x718uu2026-03-18-15-49-24-2273177-im-639094457918103786.jpg\",\"width\":796,\"height\":448,\"caption\":\"Luisinha Oliveira\"},{\"@type\":\"BreadcrumbList\",\"@id\":\"https:\/\/portaltela.pt\/noticias\/2026\/03\/23\/luisinha-oliveira-mantem-paixao-pelos-automoveis-veja-as-imagens\/#breadcrumb\",\"itemListElement\":[{\"@type\":\"ListItem\",\"position\":1,\"name\":\"In\u00edcio\",\"item\":\"https:\/\/portaltela.pt\/\"},{\"@type\":\"ListItem\",\"position\":2,\"name\":\"Luisinha Oliveira mant\u00e9m paix\u00e3o pelos autom\u00f3veis; veja as imagens\"}]},{\"@type\":\"WebSite\",\"@id\":\"https:\/\/portaltela.pt\/#website\",\"url\":\"https:\/\/portaltela.pt\/\",\"name\":\"Portal Tela Portugal\",\"description\":\"\",\"potentialAction\":[{\"@type\":\"SearchAction\",\"target\":{\"@type\":\"EntryPoint\",\"urlTemplate\":\"https:\/\/portaltela.pt\/?s={search_term_string}\"},\"query-input\":{\"@type\":\"PropertyValueSpecification\",\"valueRequired\":true,\"valueName\":\"search_term_string\"}}],\"inLanguage\":\"pt-PT\"},{\"@type\":\"Person\",\"@id\":\"https:\/\/portaltela.pt\/#\/schema\/person\/c4278d4a6028830caff9ee44b42d32ed\",\"name\":\"Telinha\",\"image\":{\"@type\":\"ImageObject\",\"inLanguage\":\"pt-PT\",\"@id\":\"https:\/\/portaltela.pt\/s.01k8rhncp4jt1\/2025\/11\/talking-bot-125x125.png\",\"url\":\"https:\/\/portaltela.pt\/s.01k8rhncp4jt1\/2025\/11\/talking-bot-125x125.png\",\"contentUrl\":\"https:\/\/portaltela.pt\/s.01k8rhncp4jt1\/2025\/11\/talking-bot-125x125.png\",\"caption\":\"Telinha\"},\"sameAs\":[\"https:\/\/portaltela.pt\/\"],\"url\":\"https:\/\/portaltela.pt\/por\/367410592786\/\"}]}<\/script>\n<!-- \/ Yoast SEO plugin. -->","yoast_head_json":{"title":"Luisinha Oliveira mant\u00e9m paix\u00e3o pelos autom\u00f3veis; veja as imagens - Portal Tela Portugal","robots":{"index":"index","follow":"follow","max-snippet":"max-snippet:-1","max-image-preview":"max-image-preview:large","max-video-preview":"max-video-preview:-1"},"og_locale":"pt_PT","og_type":"article","og_title":"Luisinha Oliveira mant\u00e9m paix\u00e3o pelos autom\u00f3veis; veja as imagens - Portal Tela Portugal","og_description":"Luisinha Oliveira foi fotografada a entrar num stand de autom\u00f3veis, acompanhada de amigas; ainda n\u00e3o se sabe se fez compra ou apenas visitou as novidades. A modelo ganhou notoriedade no universo autom\u00f3vel ao ter namorado o piloto Lando Norris, da McLaren. Recentemente regressou da semana de moda de Mil\u00e3o, onde participou com as irm\u00e3s In\u00eas e Joana Aguiar. As tr\u00eas portuguesas estiveram no desfile da cole\u00e7\u00e3o outono\/inverno 2026 da Elisabetta Franchi, em Mil\u00e3o, no Palazzo Acerbi. Luisinha \u00e9 atualmente namorada do ator Jos\u00e9 Condessa.","og_url":"https:\/\/portaltela.pt\/noticias\/2026\/03\/23\/luisinha-oliveira-mantem-paixao-pelos-automoveis-veja-as-imagens\/","og_site_name":"Portal Tela Portugal","article_published_time":"2026-03-23T18:07:00+00:00","author":"Telinha","twitter_card":"summary_large_image","twitter_misc":{"Escrito por":"Telinha","Tempo estimado de leitura":"1 minuto"},"schema":{"@context":"https:\/\/schema.org","@graph":[{"@type":"Article","@id":"https:\/\/portaltela.pt\/noticias\/2026\/03\/23\/luisinha-oliveira-mantem-paixao-pelos-automoveis-veja-as-imagens\/#article","isPartOf":{"@id":"https:\/\/portaltela.pt\/noticias\/2026\/03\/23\/luisinha-oliveira-mantem-paixao-pelos-automoveis-veja-as-imagens\/"},"author":{"name":"Telinha","@id":"https:\/\/portaltela.pt\/#\/schema\/person\/c4278d4a6028830caff9ee44b42d32ed"},"headline":"Luisinha Oliveira mant\u00e9m paix\u00e3o pelos autom\u00f3veis; veja as imagens","datePublished":"2026-03-23T18:07:00+00:00","mainEntityOfPage":{"@id":"https:\/\/portaltela.pt\/noticias\/2026\/03\/23\/luisinha-oliveira-mantem-paixao-pelos-automoveis-veja-as-imagens\/"},"wordCount":251,"image":{"@id":"https:\/\/portaltela.pt\/noticias\/2026\/03\/23\/luisinha-oliveira-mantem-paixao-pelos-automoveis-veja-as-imagens\/#primaryimage"},"thumbnailUrl":"https:\/\/portaltela.pt\/s.01k8rhncp4jt1\/2026\/03\/img_1280x718uu2026-03-18-15-49-24-2273177-im-639094457918103786.jpg","keywords":["Autom\u00f3veis","celebidades","desfiles internacionais","internacionais","moda","Portugal"],"articleSection":["Celebridades"],"inLanguage":"pt-PT"},{"@type":"WebPage","@id":"https:\/\/portaltela.pt\/noticias\/2026\/03\/23\/luisinha-oliveira-mantem-paixao-pelos-automoveis-veja-as-imagens\/","url":"https:\/\/portaltela.pt\/noticias\/2026\/03\/23\/luisinha-oliveira-mantem-paixao-pelos-automoveis-veja-as-imagens\/","name":"Luisinha Oliveira mant\u00e9m paix\u00e3o pelos autom\u00f3veis; veja as imagens - Portal Tela Portugal","isPartOf":{"@id":"https:\/\/portaltela.pt\/#website"},"primaryImageOfPage":{"@id":"https:\/\/portaltela.pt\/noticias\/2026\/03\/23\/luisinha-oliveira-mantem-paixao-pelos-automoveis-veja-as-imagens\/#primaryimage"},"image":{"@id":"https:\/\/portaltela.pt\/noticias\/2026\/03\/23\/luisinha-oliveira-mantem-paixao-pelos-automoveis-veja-as-imagens\/#primaryimage"},"thumbnailUrl":"https:\/\/portaltela.pt\/s.01k8rhncp4jt1\/2026\/03\/img_1280x718uu2026-03-18-15-49-24-2273177-im-639094457918103786.jpg","datePublished":"2026-03-23T18:07:00+00:00","author":{"@id":"https:\/\/portaltela.pt\/#\/schema\/person\/c4278d4a6028830caff9ee44b42d32ed"},"breadcrumb":{"@id":"https:\/\/portaltela.pt\/noticias\/2026\/03\/23\/luisinha-oliveira-mantem-paixao-pelos-automoveis-veja-as-imagens\/#breadcrumb"},"inLanguage":"pt-PT","potentialAction":[{"@type":"ReadAction","target":["https:\/\/portaltela.pt\/noticias\/2026\/03\/23\/luisinha-oliveira-mantem-paixao-pelos-automoveis-veja-as-imagens\/"]}]},{"@type":"ImageObject","inLanguage":"pt-PT","@id":"https:\/\/portaltela.pt\/noticias\/2026\/03\/23\/luisinha-oliveira-mantem-paixao-pelos-automoveis-veja-as-imagens\/#primaryimage","url":"https:\/\/portaltela.pt\/s.01k8rhncp4jt1\/2026\/03\/img_1280x718uu2026-03-18-15-49-24-2273177-im-639094457918103786.jpg","contentUrl":"https:\/\/portaltela.pt\/s.01k8rhncp4jt1\/2026\/03\/img_1280x718uu2026-03-18-15-49-24-2273177-im-639094457918103786.jpg","width":796,"height":448,"caption":"Luisinha Oliveira"},{"@type":"BreadcrumbList","@id":"https:\/\/portaltela.pt\/noticias\/2026\/03\/23\/luisinha-oliveira-mantem-paixao-pelos-automoveis-veja-as-imagens\/#breadcrumb","itemListElement":[{"@type":"ListItem","position":1,"name":"In\u00edcio","item":"https:\/\/portaltela.pt\/"},{"@type":"ListItem","position":2,"name":"Luisinha Oliveira mant\u00e9m paix\u00e3o pelos autom\u00f3veis; veja as imagens"}]},{"@type":"WebSite","@id":"https:\/\/portaltela.pt\/#website","url":"https:\/\/portaltela.pt\/","name":"Portal Tela Portugal","description":"","potentialAction":[{"@type":"SearchAction","target":{"@type":"EntryPoint","urlTemplate":"https:\/\/portaltela.pt\/?s={search_term_string}"},"query-input":{"@type":"PropertyValueSpecification","valueRequired":true,"valueName":"search_term_string"}}],"inLanguage":"pt-PT"},{"@type":"Person","@id":"https:\/\/portaltela.pt\/#\/schema\/person\/c4278d4a6028830caff9ee44b42d32ed","name":"Telinha","image":{"@type":"ImageObject","inLanguage":"pt-PT","@id":"https:\/\/portaltela.pt\/s.01k8rhncp4jt1\/2025\/11\/talking-bot-125x125.png","url":"https:\/\/portaltela.pt\/s.01k8rhncp4jt1\/2025\/11\/talking-bot-125x125.png","contentUrl":"https:\/\/portaltela.pt\/s.01k8rhncp4jt1\/2025\/11\/talking-bot-125x125.png","caption":"Telinha"},"sameAs":["https:\/\/portaltela.pt\/"],"url":"https:\/\/portaltela.pt\/por\/367410592786\/"}]}},"_links":{"self":[{"href":"https:\/\/portaltela.pt\/api\/wp\/v2\/posts\/418769","targetHints":{"allow":["GET"]}}],"collection":[{"href":"https:\/\/portaltela.pt\/api\/wp\/v2\/posts"}],"about":[{"href":"https:\/\/portaltela.pt\/api\/wp\/v2\/types\/post"}],"author":[{"embeddable":true,"href":"https:\/\/portaltela.pt\/api\/wp\/v2\/users\/2"}],"replies":[{"embeddable":true,"href":"https:\/\/portaltela.pt\/api\/wp\/v2\/comments?post=418769"}],"version-history":[{"count":0,"href":"https:\/\/portaltela.pt\/api\/wp\/v2\/posts\/418769\/revisions"}],"wp:featuredmedia":[{"embeddable":true,"href":"https:\/\/portaltela.pt\/api\/wp\/v2\/media\/418772"}],"wp:attachment":[{"href":"https:\/\/portaltela.pt\/api\/wp\/v2\/media?parent=418769"}],"wp:term":[{"taxonomy":"category","embeddable":true,"href":"https:\/\/portaltela.pt\/api\/wp\/v2\/categories?post=418769"},{"taxonomy":"post_tag","embeddable":true,"href":"https:\/\/portaltela.pt\/api\/wp\/v2\/tags?post=418769"}],"curies":[{"name":"wp","href":"https:\/\/api.w.org\/{rel}","templated":true}]}}