{"id":418762,"date":"2026-03-23T15:13:00","date_gmt":"2026-03-23T18:13:00","guid":{"rendered":"https:\/\/portaltela.pt\/noticias\/2026\/03\/23\/agate-de-sousa-isaac-nader-e-gerson-balde-condecorados-por-antonio-jose-seguro\/"},"modified":"2026-03-23T15:13:00","modified_gmt":"2026-03-23T18:13:00","slug":"agate-de-sousa-isaac-nader-e-gerson-balde-condecorados-por-antonio-jose-seguro","status":"publish","type":"post","link":"https:\/\/portaltela.pt\/desporto\/futebol\/2026\/03\/23\/agate-de-sousa-isaac-nader-e-gerson-balde-condecorados-por-antonio-jose-seguro\/","title":{"rendered":"Agate de Sousa, Isaac Nader e Gerson Bald\u00e9 condecorados por Ant\u00f3nio Jos\u00e9 Seguro"},"content":{"rendered":"<p>Ap\u00f3s a chegada ao Aeroporto Humberto Delgado, a comitiva nacional que se destacou nos Mundiais de Atletismo em pista curta seguiu para Bel\u00e9m. No local, foi recebida pelo Presidente da Rep\u00fablica, Ant\u00f3nio Jos\u00e9 Seguro. Agate de Sousa, Gerson Bald\u00e9 e Isaac Nader estiveram presentes.<\/p>\n<p>Gerson Bald\u00e9 e Agate de Sousa conquistaram medalha de ouro, enquanto Isaac Nader integrou o grupo condecorado. A cerim\u00f3nia refor\u00e7ou o reconhecimento oficial pelo desempenho da equipa em competi\u00e7\u00f5es internacionais.<\/p>\n<h3>Condecora\u00e7\u00f5es atribu\u00eddas<\/h3>\n<p>Acompanhada pela comitiva, a cerim\u00f3nia em Bel\u00e9m confirmou a entrega de condecora\u00e7\u00f5es pelo Chefe de Estado. Os atletas destacaram-se pela performance de alto n\u00edvel em pista curta, contribuindo para o reconhecimento desportivo nacional.<\/p>\n","protected":false},"excerpt":{"rendered":"<ul>\n<li>A comitiva nacional que brilhou nos Mundiais de Atletismo em pista curta chegou ao Aeroporto Humberto Delgado.<\/li>\n<li>Seguiu para Bel\u00e9m, onde foi recebida pelo Presidente da Rep\u00fablica, Ant\u00f3nio Jos\u00e9 Seguro.<\/li>\n<li>Agate de Sousa, Gerson Bald\u00e9 e Isaac Nader foram condecorados.<\/li>\n<li>Gerson Bald\u00e9 e Agate de Sousa seriam vencedores da medalha de ouro.<\/li>\n<\/ul>\n","protected":false},"author":2,"featured_media":418770,"comment_status":"closed","ping_status":"closed","sticky":false,"template":"","format":"standard","meta":{"footnotes":""},"categories":[21,24],"tags":[252,137,6773,81,981,30],"class_list":["post-418762","post","type-post","status-publish","format-standard","has-post-thumbnail","hentry","category-desporto","category-futebol","tag-atletas","tag-atletismo","tag-condecoracoes","tag-internacionais","tag-lisboa","tag-presidente"],"yoast_head":"<!-- This site is optimized with the Yoast SEO plugin v27.2 - https:\/\/yoast.com\/product\/yoast-seo-wordpress\/ -->\n<title>Agate de Sousa, Isaac Nader e Gerson Bald\u00e9 condecorados por Ant\u00f3nio Jos\u00e9 Seguro - Portal Tela Portugal<\/title>\n<meta name=\"robots\" content=\"index, follow, max-snippet:-1, max-image-preview:large, max-video-preview:-1\" \/>\n<meta property=\"og:locale\" content=\"pt_PT\" \/>\n<meta property=\"og:type\" content=\"article\" \/>\n<meta property=\"og:title\" content=\"Agate de Sousa, Isaac Nader e Gerson Bald\u00e9 condecorados por Ant\u00f3nio Jos\u00e9 Seguro - Portal Tela Portugal\" \/>\n<meta property=\"og:description\" content=\"A comitiva nacional que brilhou nos Mundiais de Atletismo em pista curta chegou ao Aeroporto Humberto Delgado. Seguiu para Bel\u00e9m, onde foi recebida pelo Presidente da Rep\u00fablica, Ant\u00f3nio Jos\u00e9 Seguro. Agate de Sousa, Gerson Bald\u00e9 e Isaac Nader foram condecorados. Gerson Bald\u00e9 e Agate de Sousa seriam vencedores da medalha de ouro.\" \/>\n<meta property=\"og:url\" content=\"https:\/\/portaltela.pt\/noticias\/2026\/03\/23\/agate-de-sousa-isaac-nader-e-gerson-balde-condecorados-por-antonio-jose-seguro\/\" \/>\n<meta property=\"og:site_name\" content=\"Portal Tela Portugal\" \/>\n<meta property=\"article:published_time\" content=\"2026-03-23T18:13:00+00:00\" \/>\n<meta name=\"author\" content=\"Telinha\" \/>\n<meta name=\"twitter:card\" content=\"summary_large_image\" \/>\n<meta name=\"twitter:label1\" content=\"Escrito por\" \/>\n\t<meta name=\"twitter:data1\" content=\"Telinha\" \/>\n\t<meta name=\"twitter:label2\" content=\"Tempo estimado de leitura\" \/>\n\t<meta name=\"twitter:data2\" content=\"1 minuto\" \/>\n<script type=\"application\/ld+json\" class=\"yoast-schema-graph\">{\"@context\":\"https:\/\/schema.org\",\"@graph\":[{\"@type\":\"Article\",\"@id\":\"https:\/\/portaltela.pt\/noticias\/2026\/03\/23\/agate-de-sousa-isaac-nader-e-gerson-balde-condecorados-por-antonio-jose-seguro\/#article\",\"isPartOf\":{\"@id\":\"https:\/\/portaltela.pt\/noticias\/2026\/03\/23\/agate-de-sousa-isaac-nader-e-gerson-balde-condecorados-por-antonio-jose-seguro\/\"},\"author\":{\"name\":\"Telinha\",\"@id\":\"https:\/\/portaltela.pt\/#\/schema\/person\/c4278d4a6028830caff9ee44b42d32ed\"},\"headline\":\"Agate de Sousa, Isaac Nader e Gerson Bald\u00e9 condecorados por Ant\u00f3nio Jos\u00e9 Seguro\",\"datePublished\":\"2026-03-23T18:13:00+00:00\",\"mainEntityOfPage\":{\"@id\":\"https:\/\/portaltela.pt\/noticias\/2026\/03\/23\/agate-de-sousa-isaac-nader-e-gerson-balde-condecorados-por-antonio-jose-seguro\/\"},\"wordCount\":136,\"image\":{\"@id\":\"https:\/\/portaltela.pt\/noticias\/2026\/03\/23\/agate-de-sousa-isaac-nader-e-gerson-balde-condecorados-por-antonio-jose-seguro\/#primaryimage\"},\"thumbnailUrl\":\"https:\/\/portaltela.pt\/s.01k8rhncp4jt1\/2026\/03\/img_1200x721uu2026-03-23-18-11-02-2428937.jpg\",\"keywords\":[\"atletas\",\"atletismo\",\"Condecora\u00e7\u00f5es\",\"internacionais\",\"Lisboa\",\"presidente\"],\"articleSection\":[\"Desporto\",\"Futebol\"],\"inLanguage\":\"pt-PT\"},{\"@type\":\"WebPage\",\"@id\":\"https:\/\/portaltela.pt\/noticias\/2026\/03\/23\/agate-de-sousa-isaac-nader-e-gerson-balde-condecorados-por-antonio-jose-seguro\/\",\"url\":\"https:\/\/portaltela.pt\/noticias\/2026\/03\/23\/agate-de-sousa-isaac-nader-e-gerson-balde-condecorados-por-antonio-jose-seguro\/\",\"name\":\"Agate de Sousa, Isaac Nader e Gerson Bald\u00e9 condecorados por Ant\u00f3nio Jos\u00e9 Seguro - Portal Tela Portugal\",\"isPartOf\":{\"@id\":\"https:\/\/portaltela.pt\/#website\"},\"primaryImageOfPage\":{\"@id\":\"https:\/\/portaltela.pt\/noticias\/2026\/03\/23\/agate-de-sousa-isaac-nader-e-gerson-balde-condecorados-por-antonio-jose-seguro\/#primaryimage\"},\"image\":{\"@id\":\"https:\/\/portaltela.pt\/noticias\/2026\/03\/23\/agate-de-sousa-isaac-nader-e-gerson-balde-condecorados-por-antonio-jose-seguro\/#primaryimage\"},\"thumbnailUrl\":\"https:\/\/portaltela.pt\/s.01k8rhncp4jt1\/2026\/03\/img_1200x721uu2026-03-23-18-11-02-2428937.jpg\",\"datePublished\":\"2026-03-23T18:13:00+00:00\",\"author\":{\"@id\":\"https:\/\/portaltela.pt\/#\/schema\/person\/c4278d4a6028830caff9ee44b42d32ed\"},\"breadcrumb\":{\"@id\":\"https:\/\/portaltela.pt\/noticias\/2026\/03\/23\/agate-de-sousa-isaac-nader-e-gerson-balde-condecorados-por-antonio-jose-seguro\/#breadcrumb\"},\"inLanguage\":\"pt-PT\",\"potentialAction\":[{\"@type\":\"ReadAction\",\"target\":[\"https:\/\/portaltela.pt\/noticias\/2026\/03\/23\/agate-de-sousa-isaac-nader-e-gerson-balde-condecorados-por-antonio-jose-seguro\/\"]}]},{\"@type\":\"ImageObject\",\"inLanguage\":\"pt-PT\",\"@id\":\"https:\/\/portaltela.pt\/noticias\/2026\/03\/23\/agate-de-sousa-isaac-nader-e-gerson-balde-condecorados-por-antonio-jose-seguro\/#primaryimage\",\"url\":\"https:\/\/portaltela.pt\/s.01k8rhncp4jt1\/2026\/03\/img_1200x721uu2026-03-23-18-11-02-2428937.jpg\",\"contentUrl\":\"https:\/\/portaltela.pt\/s.01k8rhncp4jt1\/2026\/03\/img_1200x721uu2026-03-23-18-11-02-2428937.jpg\",\"width\":1200,\"height\":721,\"caption\":\"Photo\"},{\"@type\":\"BreadcrumbList\",\"@id\":\"https:\/\/portaltela.pt\/noticias\/2026\/03\/23\/agate-de-sousa-isaac-nader-e-gerson-balde-condecorados-por-antonio-jose-seguro\/#breadcrumb\",\"itemListElement\":[{\"@type\":\"ListItem\",\"position\":1,\"name\":\"In\u00edcio\",\"item\":\"https:\/\/portaltela.pt\/\"},{\"@type\":\"ListItem\",\"position\":2,\"name\":\"Agate de Sousa, Isaac Nader e Gerson Bald\u00e9 condecorados por Ant\u00f3nio Jos\u00e9 Seguro\"}]},{\"@type\":\"WebSite\",\"@id\":\"https:\/\/portaltela.pt\/#website\",\"url\":\"https:\/\/portaltela.pt\/\",\"name\":\"Portal Tela Portugal\",\"description\":\"\",\"potentialAction\":[{\"@type\":\"SearchAction\",\"target\":{\"@type\":\"EntryPoint\",\"urlTemplate\":\"https:\/\/portaltela.pt\/?s={search_term_string}\"},\"query-input\":{\"@type\":\"PropertyValueSpecification\",\"valueRequired\":true,\"valueName\":\"search_term_string\"}}],\"inLanguage\":\"pt-PT\"},{\"@type\":\"Person\",\"@id\":\"https:\/\/portaltela.pt\/#\/schema\/person\/c4278d4a6028830caff9ee44b42d32ed\",\"name\":\"Telinha\",\"image\":{\"@type\":\"ImageObject\",\"inLanguage\":\"pt-PT\",\"@id\":\"https:\/\/portaltela.pt\/s.01k8rhncp4jt1\/2025\/11\/talking-bot-125x125.png\",\"url\":\"https:\/\/portaltela.pt\/s.01k8rhncp4jt1\/2025\/11\/talking-bot-125x125.png\",\"contentUrl\":\"https:\/\/portaltela.pt\/s.01k8rhncp4jt1\/2025\/11\/talking-bot-125x125.png\",\"caption\":\"Telinha\"},\"sameAs\":[\"https:\/\/portaltela.pt\/\"],\"url\":\"https:\/\/portaltela.pt\/por\/367410592786\/\"}]}<\/script>\n<!-- \/ Yoast SEO plugin. -->","yoast_head_json":{"title":"Agate de Sousa, Isaac Nader e Gerson Bald\u00e9 condecorados por Ant\u00f3nio Jos\u00e9 Seguro - Portal Tela Portugal","robots":{"index":"index","follow":"follow","max-snippet":"max-snippet:-1","max-image-preview":"max-image-preview:large","max-video-preview":"max-video-preview:-1"},"og_locale":"pt_PT","og_type":"article","og_title":"Agate de Sousa, Isaac Nader e Gerson Bald\u00e9 condecorados por Ant\u00f3nio Jos\u00e9 Seguro - Portal Tela Portugal","og_description":"A comitiva nacional que brilhou nos Mundiais de Atletismo em pista curta chegou ao Aeroporto Humberto Delgado. Seguiu para Bel\u00e9m, onde foi recebida pelo Presidente da Rep\u00fablica, Ant\u00f3nio Jos\u00e9 Seguro. Agate de Sousa, Gerson Bald\u00e9 e Isaac Nader foram condecorados. Gerson Bald\u00e9 e Agate de Sousa seriam vencedores da medalha de ouro.","og_url":"https:\/\/portaltela.pt\/noticias\/2026\/03\/23\/agate-de-sousa-isaac-nader-e-gerson-balde-condecorados-por-antonio-jose-seguro\/","og_site_name":"Portal Tela Portugal","article_published_time":"2026-03-23T18:13:00+00:00","author":"Telinha","twitter_card":"summary_large_image","twitter_misc":{"Escrito por":"Telinha","Tempo estimado de leitura":"1 minuto"},"schema":{"@context":"https:\/\/schema.org","@graph":[{"@type":"Article","@id":"https:\/\/portaltela.pt\/noticias\/2026\/03\/23\/agate-de-sousa-isaac-nader-e-gerson-balde-condecorados-por-antonio-jose-seguro\/#article","isPartOf":{"@id":"https:\/\/portaltela.pt\/noticias\/2026\/03\/23\/agate-de-sousa-isaac-nader-e-gerson-balde-condecorados-por-antonio-jose-seguro\/"},"author":{"name":"Telinha","@id":"https:\/\/portaltela.pt\/#\/schema\/person\/c4278d4a6028830caff9ee44b42d32ed"},"headline":"Agate de Sousa, Isaac Nader e Gerson Bald\u00e9 condecorados por Ant\u00f3nio Jos\u00e9 Seguro","datePublished":"2026-03-23T18:13:00+00:00","mainEntityOfPage":{"@id":"https:\/\/portaltela.pt\/noticias\/2026\/03\/23\/agate-de-sousa-isaac-nader-e-gerson-balde-condecorados-por-antonio-jose-seguro\/"},"wordCount":136,"image":{"@id":"https:\/\/portaltela.pt\/noticias\/2026\/03\/23\/agate-de-sousa-isaac-nader-e-gerson-balde-condecorados-por-antonio-jose-seguro\/#primaryimage"},"thumbnailUrl":"https:\/\/portaltela.pt\/s.01k8rhncp4jt1\/2026\/03\/img_1200x721uu2026-03-23-18-11-02-2428937.jpg","keywords":["atletas","atletismo","Condecora\u00e7\u00f5es","internacionais","Lisboa","presidente"],"articleSection":["Desporto","Futebol"],"inLanguage":"pt-PT"},{"@type":"WebPage","@id":"https:\/\/portaltela.pt\/noticias\/2026\/03\/23\/agate-de-sousa-isaac-nader-e-gerson-balde-condecorados-por-antonio-jose-seguro\/","url":"https:\/\/portaltela.pt\/noticias\/2026\/03\/23\/agate-de-sousa-isaac-nader-e-gerson-balde-condecorados-por-antonio-jose-seguro\/","name":"Agate de Sousa, Isaac Nader e Gerson Bald\u00e9 condecorados por Ant\u00f3nio Jos\u00e9 Seguro - Portal Tela Portugal","isPartOf":{"@id":"https:\/\/portaltela.pt\/#website"},"primaryImageOfPage":{"@id":"https:\/\/portaltela.pt\/noticias\/2026\/03\/23\/agate-de-sousa-isaac-nader-e-gerson-balde-condecorados-por-antonio-jose-seguro\/#primaryimage"},"image":{"@id":"https:\/\/portaltela.pt\/noticias\/2026\/03\/23\/agate-de-sousa-isaac-nader-e-gerson-balde-condecorados-por-antonio-jose-seguro\/#primaryimage"},"thumbnailUrl":"https:\/\/portaltela.pt\/s.01k8rhncp4jt1\/2026\/03\/img_1200x721uu2026-03-23-18-11-02-2428937.jpg","datePublished":"2026-03-23T18:13:00+00:00","author":{"@id":"https:\/\/portaltela.pt\/#\/schema\/person\/c4278d4a6028830caff9ee44b42d32ed"},"breadcrumb":{"@id":"https:\/\/portaltela.pt\/noticias\/2026\/03\/23\/agate-de-sousa-isaac-nader-e-gerson-balde-condecorados-por-antonio-jose-seguro\/#breadcrumb"},"inLanguage":"pt-PT","potentialAction":[{"@type":"ReadAction","target":["https:\/\/portaltela.pt\/noticias\/2026\/03\/23\/agate-de-sousa-isaac-nader-e-gerson-balde-condecorados-por-antonio-jose-seguro\/"]}]},{"@type":"ImageObject","inLanguage":"pt-PT","@id":"https:\/\/portaltela.pt\/noticias\/2026\/03\/23\/agate-de-sousa-isaac-nader-e-gerson-balde-condecorados-por-antonio-jose-seguro\/#primaryimage","url":"https:\/\/portaltela.pt\/s.01k8rhncp4jt1\/2026\/03\/img_1200x721uu2026-03-23-18-11-02-2428937.jpg","contentUrl":"https:\/\/portaltela.pt\/s.01k8rhncp4jt1\/2026\/03\/img_1200x721uu2026-03-23-18-11-02-2428937.jpg","width":1200,"height":721,"caption":"Photo"},{"@type":"BreadcrumbList","@id":"https:\/\/portaltela.pt\/noticias\/2026\/03\/23\/agate-de-sousa-isaac-nader-e-gerson-balde-condecorados-por-antonio-jose-seguro\/#breadcrumb","itemListElement":[{"@type":"ListItem","position":1,"name":"In\u00edcio","item":"https:\/\/portaltela.pt\/"},{"@type":"ListItem","position":2,"name":"Agate de Sousa, Isaac Nader e Gerson Bald\u00e9 condecorados por Ant\u00f3nio Jos\u00e9 Seguro"}]},{"@type":"WebSite","@id":"https:\/\/portaltela.pt\/#website","url":"https:\/\/portaltela.pt\/","name":"Portal Tela Portugal","description":"","potentialAction":[{"@type":"SearchAction","target":{"@type":"EntryPoint","urlTemplate":"https:\/\/portaltela.pt\/?s={search_term_string}"},"query-input":{"@type":"PropertyValueSpecification","valueRequired":true,"valueName":"search_term_string"}}],"inLanguage":"pt-PT"},{"@type":"Person","@id":"https:\/\/portaltela.pt\/#\/schema\/person\/c4278d4a6028830caff9ee44b42d32ed","name":"Telinha","image":{"@type":"ImageObject","inLanguage":"pt-PT","@id":"https:\/\/portaltela.pt\/s.01k8rhncp4jt1\/2025\/11\/talking-bot-125x125.png","url":"https:\/\/portaltela.pt\/s.01k8rhncp4jt1\/2025\/11\/talking-bot-125x125.png","contentUrl":"https:\/\/portaltela.pt\/s.01k8rhncp4jt1\/2025\/11\/talking-bot-125x125.png","caption":"Telinha"},"sameAs":["https:\/\/portaltela.pt\/"],"url":"https:\/\/portaltela.pt\/por\/367410592786\/"}]}},"_links":{"self":[{"href":"https:\/\/portaltela.pt\/api\/wp\/v2\/posts\/418762","targetHints":{"allow":["GET"]}}],"collection":[{"href":"https:\/\/portaltela.pt\/api\/wp\/v2\/posts"}],"about":[{"href":"https:\/\/portaltela.pt\/api\/wp\/v2\/types\/post"}],"author":[{"embeddable":true,"href":"https:\/\/portaltela.pt\/api\/wp\/v2\/users\/2"}],"replies":[{"embeddable":true,"href":"https:\/\/portaltela.pt\/api\/wp\/v2\/comments?post=418762"}],"version-history":[{"count":0,"href":"https:\/\/portaltela.pt\/api\/wp\/v2\/posts\/418762\/revisions"}],"wp:featuredmedia":[{"embeddable":true,"href":"https:\/\/portaltela.pt\/api\/wp\/v2\/media\/418770"}],"wp:attachment":[{"href":"https:\/\/portaltela.pt\/api\/wp\/v2\/media?parent=418762"}],"wp:term":[{"taxonomy":"category","embeddable":true,"href":"https:\/\/portaltela.pt\/api\/wp\/v2\/categories?post=418762"},{"taxonomy":"post_tag","embeddable":true,"href":"https:\/\/portaltela.pt\/api\/wp\/v2\/tags?post=418762"}],"curies":[{"name":"wp","href":"https:\/\/api.w.org\/{rel}","templated":true}]}}