{"id":418757,"date":"2026-03-23T14:56:00","date_gmt":"2026-03-23T17:56:00","guid":{"rendered":"https:\/\/portaltela.pt\/noticias\/2026\/03\/23\/albuquerque-discute-financas-regionais-e-defesa-com-presidente-da-republica\/"},"modified":"2026-03-23T14:56:00","modified_gmt":"2026-03-23T17:56:00","slug":"albuquerque-discute-financas-regionais-e-defesa-com-presidente-da-republica","status":"publish","type":"post","link":"https:\/\/portaltela.pt\/geopolitica\/2026\/03\/23\/albuquerque-discute-financas-regionais-e-defesa-com-presidente-da-republica\/","title":{"rendered":"Albuquerque discute finan\u00e7as regionais e defesa com Presidente da Rep\u00fablica"},"content":{"rendered":"<p>Miguel Albuquerque, chefe do Governo Regional da Madeira, reuniu-se nesta segunda-feira com o Presidente da Rep\u00fablica, Ant\u00f3nio Jos\u00e9 Seguro, no Pal\u00e1cio de Bel\u00e9m. O encontro, de cerca de uma hora, concentrou-se na realidade da Madeira e na perspetiva para o futuro da regi\u00e3o.<\/p>\n<p>O encontro permitiu discutir a revis\u00e3o da <strong>Lei das Finan\u00e7as Regionais<\/strong>, com o objetivo de estabelecer uma estrutura de financiamento est\u00e1vel e equilibrada. O foco \u00e9 garantir coes\u00e3o entre as ilhas e o continente.<\/p>\n<p>O l\u00edder madeirense confirmou ainda a presen\u00e7a do Presidente da Rep\u00fablica numa comemora\u00e7\u00e3o prevista para 12 de junho, na Madeira, dedicada aos 50 anos de autonomia regional e ao 41.\u00ba anivers\u00e1rio da ades\u00e3o de Portugal \u00e0 UE.<\/p>\n<h3>Rela\u00e7\u00e3o entre finan\u00e7as regionais e Atl\u00e2ntico<\/h3>\n<p>Foi sublinhada a import\u00e2ncia do papel de Portugal na proje\u00e7\u00e3o atl\u00e2ntica, numa conjuntura geopol\u00edtica atual. O Presidente da Rep\u00fablica dever\u00e1 apoiar iniciativas que reforcem essa proje\u00e7\u00e3o.<\/p>\n<h3>Investimentos em infraestruturas estrat\u00e9gicas<\/h3>\n<p>Foi discutida a necessidade de refor\u00e7ar investimentos em infraestruturas cr\u00edticas, como portos, aeroportos e sistemas de fiscaliza\u00e7\u00e3o da plataforma continental, incluindo cabos submarinos e rotas mar\u00edtimas.<\/p>\n<h3>Seguran\u00e7a e defesa no \u00e2mbito da NATO<\/h3>\n<p>Os temas abordados enquadram-se nas obriga\u00e7\u00f5es de Portugal na NATO e na defesa atl\u00e2ntica do pa\u00eds, com especial aten\u00e7\u00e3o aos recursos que assegurem vigil\u00e2ncia, regula\u00e7\u00e3o do espa\u00e7o a\u00e9reo e subaqu\u00e1tico.<\/p>\n","protected":false},"excerpt":{"rendered":"<ul>\n<li>O chefe do Governo Regional da Madeira, Miguel Albuquerque, reuniu-se com o Presidente da Rep\u00fablica, Ant\u00f3nio Jos\u00e9 Seguro, no Pal\u00e1cio de Bel\u00e9m, numa reuni\u00e3o de cerca de uma hora.<\/li>\n<li>Debateram a necessidade de rever a Lei das Finan\u00e7as Regionais para assegurar uma estrutura fixa e equilibrada de financiamento, visando a coes\u00e3o entre ilhas e continente.<\/li>\n<li>Seguro aceitou o convite para estar presente no dia 12 de junho na Madeira, para celebrarem os 50 anos de autonomia da regi\u00e3o e os 41 anos da ades\u00e3o de Portugal \u00e0 Uni\u00e3o Europeia.<\/li>\n<li>Abordaram a intensifica\u00e7\u00e3o de investimentos em infraestruturas estrat\u00e9gicas, nomeadamente portos, aeroportos e sistemas de fiscaliza\u00e7\u00e3o da plataforma continental, incluindo cabos submarinos, rotas mar\u00edtimas e espa\u00e7o a\u00e9reo e subaqu\u00e1tico.<\/li>\n<li>Os investimentos enquadram-se nas obriga\u00e7\u00f5es de Portugal na NATO e s\u00e3o vistos como fundamentais para a projec\u00e7\u00e3o e defesa atl\u00e2ntica do pa\u00eds.<\/li>\n<\/ul>\n","protected":false},"author":2,"featured_media":418765,"comment_status":"closed","ping_status":"closed","sticky":false,"template":"","format":"standard","meta":{"footnotes":""},"categories":[6814],"tags":[3302,4644,28,316,859,5013],"class_list":["post-418757","post","type-post","status-publish","format-standard","has-post-thumbnail","hentry","category-geopolitica","tag-aeroportos","tag-alianca-atlantica","tag-economia","tag-investimento","tag-madeira","tag-portos"],"yoast_head":"<!-- This site is optimized with the Yoast SEO plugin v27.2 - https:\/\/yoast.com\/product\/yoast-seo-wordpress\/ -->\n<title>Albuquerque discute finan\u00e7as regionais e defesa com Presidente da Rep\u00fablica - Portal Tela Portugal<\/title>\n<meta name=\"robots\" content=\"index, follow, max-snippet:-1, max-image-preview:large, max-video-preview:-1\" \/>\n<meta property=\"og:locale\" content=\"pt_PT\" \/>\n<meta property=\"og:type\" content=\"article\" \/>\n<meta property=\"og:title\" content=\"Albuquerque discute finan\u00e7as regionais e defesa com Presidente da Rep\u00fablica - Portal Tela Portugal\" \/>\n<meta property=\"og:description\" content=\"O chefe do Governo Regional da Madeira, Miguel Albuquerque, reuniu-se com o Presidente da Rep\u00fablica, Ant\u00f3nio Jos\u00e9 Seguro, no Pal\u00e1cio de Bel\u00e9m, numa reuni\u00e3o de cerca de uma hora. Debateram a necessidade de rever a Lei das Finan\u00e7as Regionais para assegurar uma estrutura fixa e equilibrada de financiamento, visando a coes\u00e3o entre ilhas e continente. Seguro aceitou o convite para estar presente no dia 12 de junho na Madeira, para celebrarem os 50 anos de autonomia da regi\u00e3o e os 41 anos da ades\u00e3o de Portugal \u00e0 Uni\u00e3o Europeia. Abordaram a intensifica\u00e7\u00e3o de investimentos em infraestruturas estrat\u00e9gicas, nomeadamente portos, aeroportos e sistemas de fiscaliza\u00e7\u00e3o da plataforma continental, incluindo cabos submarinos, rotas mar\u00edtimas e espa\u00e7o a\u00e9reo e subaqu\u00e1tico. Os investimentos enquadram-se nas obriga\u00e7\u00f5es de Portugal na NATO e s\u00e3o vistos como fundamentais para a projec\u00e7\u00e3o e defesa atl\u00e2ntica do pa\u00eds.\" \/>\n<meta property=\"og:url\" content=\"https:\/\/portaltela.pt\/noticias\/2026\/03\/23\/albuquerque-discute-financas-regionais-e-defesa-com-presidente-da-republica\/\" \/>\n<meta property=\"og:site_name\" content=\"Portal Tela Portugal\" \/>\n<meta property=\"article:published_time\" content=\"2026-03-23T17:56:00+00:00\" \/>\n<meta name=\"author\" content=\"Telinha\" \/>\n<meta name=\"twitter:card\" content=\"summary_large_image\" \/>\n<meta name=\"twitter:label1\" content=\"Escrito por\" \/>\n\t<meta name=\"twitter:data1\" content=\"Telinha\" \/>\n\t<meta name=\"twitter:label2\" content=\"Tempo estimado de leitura\" \/>\n\t<meta name=\"twitter:data2\" content=\"1 minuto\" \/>\n<script type=\"application\/ld+json\" class=\"yoast-schema-graph\">{\"@context\":\"https:\/\/schema.org\",\"@graph\":[{\"@type\":\"Article\",\"@id\":\"https:\/\/portaltela.pt\/noticias\/2026\/03\/23\/albuquerque-discute-financas-regionais-e-defesa-com-presidente-da-republica\/#article\",\"isPartOf\":{\"@id\":\"https:\/\/portaltela.pt\/noticias\/2026\/03\/23\/albuquerque-discute-financas-regionais-e-defesa-com-presidente-da-republica\/\"},\"author\":{\"name\":\"Telinha\",\"@id\":\"https:\/\/portaltela.pt\/#\/schema\/person\/c4278d4a6028830caff9ee44b42d32ed\"},\"headline\":\"Albuquerque discute finan\u00e7as regionais e defesa com Presidente da Rep\u00fablica\",\"datePublished\":\"2026-03-23T17:56:00+00:00\",\"mainEntityOfPage\":{\"@id\":\"https:\/\/portaltela.pt\/noticias\/2026\/03\/23\/albuquerque-discute-financas-regionais-e-defesa-com-presidente-da-republica\/\"},\"wordCount\":259,\"image\":{\"@id\":\"https:\/\/portaltela.pt\/noticias\/2026\/03\/23\/albuquerque-discute-financas-regionais-e-defesa-com-presidente-da-republica\/#primaryimage\"},\"thumbnailUrl\":\"https:\/\/portaltela.pt\/s.01k8rhncp4jt1\/2026\/03\/2076394.jpg\",\"keywords\":[\"aeroportos\",\"Alian\u00e7a Atl\u00e2ntica\",\"economia\",\"investimento\",\"Madeira\",\"Portos\"],\"articleSection\":[\"Geopol\u00edtica\"],\"inLanguage\":\"pt-PT\"},{\"@type\":\"WebPage\",\"@id\":\"https:\/\/portaltela.pt\/noticias\/2026\/03\/23\/albuquerque-discute-financas-regionais-e-defesa-com-presidente-da-republica\/\",\"url\":\"https:\/\/portaltela.pt\/noticias\/2026\/03\/23\/albuquerque-discute-financas-regionais-e-defesa-com-presidente-da-republica\/\",\"name\":\"Albuquerque discute finan\u00e7as regionais e defesa com Presidente da Rep\u00fablica - Portal Tela Portugal\",\"isPartOf\":{\"@id\":\"https:\/\/portaltela.pt\/#website\"},\"primaryImageOfPage\":{\"@id\":\"https:\/\/portaltela.pt\/noticias\/2026\/03\/23\/albuquerque-discute-financas-regionais-e-defesa-com-presidente-da-republica\/#primaryimage\"},\"image\":{\"@id\":\"https:\/\/portaltela.pt\/noticias\/2026\/03\/23\/albuquerque-discute-financas-regionais-e-defesa-com-presidente-da-republica\/#primaryimage\"},\"thumbnailUrl\":\"https:\/\/portaltela.pt\/s.01k8rhncp4jt1\/2026\/03\/2076394.jpg\",\"datePublished\":\"2026-03-23T17:56:00+00:00\",\"author\":{\"@id\":\"https:\/\/portaltela.pt\/#\/schema\/person\/c4278d4a6028830caff9ee44b42d32ed\"},\"breadcrumb\":{\"@id\":\"https:\/\/portaltela.pt\/noticias\/2026\/03\/23\/albuquerque-discute-financas-regionais-e-defesa-com-presidente-da-republica\/#breadcrumb\"},\"inLanguage\":\"pt-PT\",\"potentialAction\":[{\"@type\":\"ReadAction\",\"target\":[\"https:\/\/portaltela.pt\/noticias\/2026\/03\/23\/albuquerque-discute-financas-regionais-e-defesa-com-presidente-da-republica\/\"]}]},{\"@type\":\"ImageObject\",\"inLanguage\":\"pt-PT\",\"@id\":\"https:\/\/portaltela.pt\/noticias\/2026\/03\/23\/albuquerque-discute-financas-regionais-e-defesa-com-presidente-da-republica\/#primaryimage\",\"url\":\"https:\/\/portaltela.pt\/s.01k8rhncp4jt1\/2026\/03\/2076394.jpg\",\"contentUrl\":\"https:\/\/portaltela.pt\/s.01k8rhncp4jt1\/2026\/03\/2076394.jpg\",\"width\":796,\"height\":448,\"caption\":\"Miguel Albuquerque convidou Seguro para estar na Madeira a 12 de Junho para celebrar os 50 anos de autonomia da regi\u00e3o e o 41.\u00ba anivers\u00e1rio da ades\u00e3o de Portugal \u00e0 Uni\u00e3o Europeia\"},{\"@type\":\"BreadcrumbList\",\"@id\":\"https:\/\/portaltela.pt\/noticias\/2026\/03\/23\/albuquerque-discute-financas-regionais-e-defesa-com-presidente-da-republica\/#breadcrumb\",\"itemListElement\":[{\"@type\":\"ListItem\",\"position\":1,\"name\":\"In\u00edcio\",\"item\":\"https:\/\/portaltela.pt\/\"},{\"@type\":\"ListItem\",\"position\":2,\"name\":\"Albuquerque discute finan\u00e7as regionais e defesa com Presidente da Rep\u00fablica\"}]},{\"@type\":\"WebSite\",\"@id\":\"https:\/\/portaltela.pt\/#website\",\"url\":\"https:\/\/portaltela.pt\/\",\"name\":\"Portal Tela Portugal\",\"description\":\"\",\"potentialAction\":[{\"@type\":\"SearchAction\",\"target\":{\"@type\":\"EntryPoint\",\"urlTemplate\":\"https:\/\/portaltela.pt\/?s={search_term_string}\"},\"query-input\":{\"@type\":\"PropertyValueSpecification\",\"valueRequired\":true,\"valueName\":\"search_term_string\"}}],\"inLanguage\":\"pt-PT\"},{\"@type\":\"Person\",\"@id\":\"https:\/\/portaltela.pt\/#\/schema\/person\/c4278d4a6028830caff9ee44b42d32ed\",\"name\":\"Telinha\",\"image\":{\"@type\":\"ImageObject\",\"inLanguage\":\"pt-PT\",\"@id\":\"https:\/\/portaltela.pt\/s.01k8rhncp4jt1\/2025\/11\/talking-bot-125x125.png\",\"url\":\"https:\/\/portaltela.pt\/s.01k8rhncp4jt1\/2025\/11\/talking-bot-125x125.png\",\"contentUrl\":\"https:\/\/portaltela.pt\/s.01k8rhncp4jt1\/2025\/11\/talking-bot-125x125.png\",\"caption\":\"Telinha\"},\"sameAs\":[\"https:\/\/portaltela.pt\/\"],\"url\":\"https:\/\/portaltela.pt\/por\/367410592786\/\"}]}<\/script>\n<!-- \/ Yoast SEO plugin. -->","yoast_head_json":{"title":"Albuquerque discute finan\u00e7as regionais e defesa com Presidente da Rep\u00fablica - Portal Tela Portugal","robots":{"index":"index","follow":"follow","max-snippet":"max-snippet:-1","max-image-preview":"max-image-preview:large","max-video-preview":"max-video-preview:-1"},"og_locale":"pt_PT","og_type":"article","og_title":"Albuquerque discute finan\u00e7as regionais e defesa com Presidente da Rep\u00fablica - Portal Tela Portugal","og_description":"O chefe do Governo Regional da Madeira, Miguel Albuquerque, reuniu-se com o Presidente da Rep\u00fablica, Ant\u00f3nio Jos\u00e9 Seguro, no Pal\u00e1cio de Bel\u00e9m, numa reuni\u00e3o de cerca de uma hora. Debateram a necessidade de rever a Lei das Finan\u00e7as Regionais para assegurar uma estrutura fixa e equilibrada de financiamento, visando a coes\u00e3o entre ilhas e continente. Seguro aceitou o convite para estar presente no dia 12 de junho na Madeira, para celebrarem os 50 anos de autonomia da regi\u00e3o e os 41 anos da ades\u00e3o de Portugal \u00e0 Uni\u00e3o Europeia. Abordaram a intensifica\u00e7\u00e3o de investimentos em infraestruturas estrat\u00e9gicas, nomeadamente portos, aeroportos e sistemas de fiscaliza\u00e7\u00e3o da plataforma continental, incluindo cabos submarinos, rotas mar\u00edtimas e espa\u00e7o a\u00e9reo e subaqu\u00e1tico. Os investimentos enquadram-se nas obriga\u00e7\u00f5es de Portugal na NATO e s\u00e3o vistos como fundamentais para a projec\u00e7\u00e3o e defesa atl\u00e2ntica do pa\u00eds.","og_url":"https:\/\/portaltela.pt\/noticias\/2026\/03\/23\/albuquerque-discute-financas-regionais-e-defesa-com-presidente-da-republica\/","og_site_name":"Portal Tela Portugal","article_published_time":"2026-03-23T17:56:00+00:00","author":"Telinha","twitter_card":"summary_large_image","twitter_misc":{"Escrito por":"Telinha","Tempo estimado de leitura":"1 minuto"},"schema":{"@context":"https:\/\/schema.org","@graph":[{"@type":"Article","@id":"https:\/\/portaltela.pt\/noticias\/2026\/03\/23\/albuquerque-discute-financas-regionais-e-defesa-com-presidente-da-republica\/#article","isPartOf":{"@id":"https:\/\/portaltela.pt\/noticias\/2026\/03\/23\/albuquerque-discute-financas-regionais-e-defesa-com-presidente-da-republica\/"},"author":{"name":"Telinha","@id":"https:\/\/portaltela.pt\/#\/schema\/person\/c4278d4a6028830caff9ee44b42d32ed"},"headline":"Albuquerque discute finan\u00e7as regionais e defesa com Presidente da Rep\u00fablica","datePublished":"2026-03-23T17:56:00+00:00","mainEntityOfPage":{"@id":"https:\/\/portaltela.pt\/noticias\/2026\/03\/23\/albuquerque-discute-financas-regionais-e-defesa-com-presidente-da-republica\/"},"wordCount":259,"image":{"@id":"https:\/\/portaltela.pt\/noticias\/2026\/03\/23\/albuquerque-discute-financas-regionais-e-defesa-com-presidente-da-republica\/#primaryimage"},"thumbnailUrl":"https:\/\/portaltela.pt\/s.01k8rhncp4jt1\/2026\/03\/2076394.jpg","keywords":["aeroportos","Alian\u00e7a Atl\u00e2ntica","economia","investimento","Madeira","Portos"],"articleSection":["Geopol\u00edtica"],"inLanguage":"pt-PT"},{"@type":"WebPage","@id":"https:\/\/portaltela.pt\/noticias\/2026\/03\/23\/albuquerque-discute-financas-regionais-e-defesa-com-presidente-da-republica\/","url":"https:\/\/portaltela.pt\/noticias\/2026\/03\/23\/albuquerque-discute-financas-regionais-e-defesa-com-presidente-da-republica\/","name":"Albuquerque discute finan\u00e7as regionais e defesa com Presidente da Rep\u00fablica - Portal Tela Portugal","isPartOf":{"@id":"https:\/\/portaltela.pt\/#website"},"primaryImageOfPage":{"@id":"https:\/\/portaltela.pt\/noticias\/2026\/03\/23\/albuquerque-discute-financas-regionais-e-defesa-com-presidente-da-republica\/#primaryimage"},"image":{"@id":"https:\/\/portaltela.pt\/noticias\/2026\/03\/23\/albuquerque-discute-financas-regionais-e-defesa-com-presidente-da-republica\/#primaryimage"},"thumbnailUrl":"https:\/\/portaltela.pt\/s.01k8rhncp4jt1\/2026\/03\/2076394.jpg","datePublished":"2026-03-23T17:56:00+00:00","author":{"@id":"https:\/\/portaltela.pt\/#\/schema\/person\/c4278d4a6028830caff9ee44b42d32ed"},"breadcrumb":{"@id":"https:\/\/portaltela.pt\/noticias\/2026\/03\/23\/albuquerque-discute-financas-regionais-e-defesa-com-presidente-da-republica\/#breadcrumb"},"inLanguage":"pt-PT","potentialAction":[{"@type":"ReadAction","target":["https:\/\/portaltela.pt\/noticias\/2026\/03\/23\/albuquerque-discute-financas-regionais-e-defesa-com-presidente-da-republica\/"]}]},{"@type":"ImageObject","inLanguage":"pt-PT","@id":"https:\/\/portaltela.pt\/noticias\/2026\/03\/23\/albuquerque-discute-financas-regionais-e-defesa-com-presidente-da-republica\/#primaryimage","url":"https:\/\/portaltela.pt\/s.01k8rhncp4jt1\/2026\/03\/2076394.jpg","contentUrl":"https:\/\/portaltela.pt\/s.01k8rhncp4jt1\/2026\/03\/2076394.jpg","width":796,"height":448,"caption":"Miguel Albuquerque convidou Seguro para estar na Madeira a 12 de Junho para celebrar os 50 anos de autonomia da regi\u00e3o e o 41.\u00ba anivers\u00e1rio da ades\u00e3o de Portugal \u00e0 Uni\u00e3o Europeia"},{"@type":"BreadcrumbList","@id":"https:\/\/portaltela.pt\/noticias\/2026\/03\/23\/albuquerque-discute-financas-regionais-e-defesa-com-presidente-da-republica\/#breadcrumb","itemListElement":[{"@type":"ListItem","position":1,"name":"In\u00edcio","item":"https:\/\/portaltela.pt\/"},{"@type":"ListItem","position":2,"name":"Albuquerque discute finan\u00e7as regionais e defesa com Presidente da Rep\u00fablica"}]},{"@type":"WebSite","@id":"https:\/\/portaltela.pt\/#website","url":"https:\/\/portaltela.pt\/","name":"Portal Tela Portugal","description":"","potentialAction":[{"@type":"SearchAction","target":{"@type":"EntryPoint","urlTemplate":"https:\/\/portaltela.pt\/?s={search_term_string}"},"query-input":{"@type":"PropertyValueSpecification","valueRequired":true,"valueName":"search_term_string"}}],"inLanguage":"pt-PT"},{"@type":"Person","@id":"https:\/\/portaltela.pt\/#\/schema\/person\/c4278d4a6028830caff9ee44b42d32ed","name":"Telinha","image":{"@type":"ImageObject","inLanguage":"pt-PT","@id":"https:\/\/portaltela.pt\/s.01k8rhncp4jt1\/2025\/11\/talking-bot-125x125.png","url":"https:\/\/portaltela.pt\/s.01k8rhncp4jt1\/2025\/11\/talking-bot-125x125.png","contentUrl":"https:\/\/portaltela.pt\/s.01k8rhncp4jt1\/2025\/11\/talking-bot-125x125.png","caption":"Telinha"},"sameAs":["https:\/\/portaltela.pt\/"],"url":"https:\/\/portaltela.pt\/por\/367410592786\/"}]}},"_links":{"self":[{"href":"https:\/\/portaltela.pt\/api\/wp\/v2\/posts\/418757","targetHints":{"allow":["GET"]}}],"collection":[{"href":"https:\/\/portaltela.pt\/api\/wp\/v2\/posts"}],"about":[{"href":"https:\/\/portaltela.pt\/api\/wp\/v2\/types\/post"}],"author":[{"embeddable":true,"href":"https:\/\/portaltela.pt\/api\/wp\/v2\/users\/2"}],"replies":[{"embeddable":true,"href":"https:\/\/portaltela.pt\/api\/wp\/v2\/comments?post=418757"}],"version-history":[{"count":0,"href":"https:\/\/portaltela.pt\/api\/wp\/v2\/posts\/418757\/revisions"}],"wp:featuredmedia":[{"embeddable":true,"href":"https:\/\/portaltela.pt\/api\/wp\/v2\/media\/418765"}],"wp:attachment":[{"href":"https:\/\/portaltela.pt\/api\/wp\/v2\/media?parent=418757"}],"wp:term":[{"taxonomy":"category","embeddable":true,"href":"https:\/\/portaltela.pt\/api\/wp\/v2\/categories?post=418757"},{"taxonomy":"post_tag","embeddable":true,"href":"https:\/\/portaltela.pt\/api\/wp\/v2\/tags?post=418757"}],"curies":[{"name":"wp","href":"https:\/\/api.w.org\/{rel}","templated":true}]}}