{"id":418748,"date":"2026-03-23T14:53:00","date_gmt":"2026-03-23T17:53:00","guid":{"rendered":"https:\/\/portaltela.pt\/noticias\/2026\/03\/23\/gestao-financeira-das-comarcas-agiliza-decisoes-sem-revolucao\/"},"modified":"2026-03-23T14:53:00","modified_gmt":"2026-03-23T17:53:00","slug":"gestao-financeira-das-comarcas-agiliza-decisoes-sem-revolucao","status":"publish","type":"post","link":"https:\/\/portaltela.pt\/noticias\/2026\/03\/23\/gestao-financeira-das-comarcas-agiliza-decisoes-sem-revolucao\/","title":{"rendered":"Gest\u00e3o financeira das comarcas agiliza decis\u00f5es, sem revolu\u00e7\u00e3o"},"content":{"rendered":"<p>A nova gest\u00e3o financeira das comarcas foi alargada a 23 unidades do pa\u00eds, num modelo descentralizado que permite decis\u00f5es mais r\u00e1pidas em despesas correntes. A medida foi apresentada pela ministra da Justi\u00e7a, Rita J\u00fadice, ap\u00f3s a assinatura do protocolo, em Coimbra, na sess\u00e3o de hoje.<\/p>\n<p>Segundo a governante, n\u00e3o se trata de uma revolu\u00e7\u00e3o, mas de uma forma de agilizar o funcionamento da justi\u00e7a. A ideia \u00e9 que decis\u00f5es de gest\u00e3o sejam tomadas de forma mais r\u00e1pida e eficaz, libertando ju\u00edzes e procuradores de tarefas administrativas, focando-se na aplica\u00e7\u00e3o da justi\u00e7a.<\/p>\n<p>O modelo j\u00e1 tinha sido testado em piloto desde 2024. Iniciou em Faro e Madeira em setembro de 2024, seguiu para Coimbra e Porto em dezembro desse ano e para Braga e Lisboa em mar\u00e7o de 2025, chegando agora \u00e0s restantes 17 comarcas.<\/p>\n<p>Durante a sess\u00e3o, Rita J\u00fadice explicou que o objetivo \u00e9 tornar os tribunais mais atractivos e profissionalizar a gest\u00e3o nas comarcas. A forma\u00e7\u00e3o, dirigida a ju\u00edzes presidentes, procuradores coordenadores e administradores judiciais, visa definir caminhos e procedimentos de gest\u00e3o.<\/p>\n<p>A ministra assinalou que o foco est\u00e1 na gest\u00e3o cotidiana, n\u00e3o na justi\u00e7a em si. Este protocolo permite que despesas correntes sejam decididas localmente, incluindo aquecimento, material de escrit\u00f3rio, armazenamento digital, conserva\u00e7\u00e3o de edif\u00edcios e manuten\u00e7\u00e3o de equipamentos.<\/p>\n<p>O presidente do Supremo Tribunal de Justi\u00e7a e do Conselho Superior da Magistratura, Jo\u00e3o Cura Mariano, destacou que a extens\u00e3o do modelo a todas as comarcas representa um passo para maior autonomia financeira, ainda que seja considerado t\u00edmido. Disse que n\u00e3o h\u00e1 autonomia total sem altera\u00e7\u00f5es legislativas.<\/p>\n<p>Mariano esclareceu que o acordo com o Minist\u00e9rio da Justi\u00e7a n\u00e3o representa autonomia or\u00e7amental plena, mas sim um caminho para agilizar a gest\u00e3o. O or\u00e7amento atual do minist\u00e9rio limita avan\u00e7os maiores nesse \u00e2mbito.<\/p>\n","protected":false},"excerpt":{"rendered":"<ul>\n<li>O protocolo alarga \u00e0s 23 comarcas o modelo descentralizado de gest\u00e3o financeira de despesas correntes, para acelerar decis\u00f5es sem revolu\u00e7\u00e3o estrutural.<\/li>\n<li>O projeto-piloto iniciou em setembro de 2024, em Faro e Madeira; expandiu-se para Coimbra e Porto em dezembro de 2024, depois para Braga e Lisboa em mar\u00e7o de 2025, chegando agora \u00e0s restantes 17 comarcas.<\/li>\n<li>A ideia \u00e9 profissionalizar a gest\u00e3o nos tribunais, permitindo que decis\u00f5es sobre gest\u00e3o sejam tomadas nas comarcas e n\u00e3o apenas pela Dire\u00e7\u00e3o-Geral de Administra\u00e7\u00e3o da Justi\u00e7a (DGAJ).<\/li>\n<li>Exemplos de despesas inclu\u00eddas: combust\u00edveis para aquecimento, material de escrit\u00f3rio e de armazenamento digital, e a manuten\u00e7\u00e3o de edif\u00edcios como ar condicionado ou extintores.<\/li>\n<li>O presidente do Supremo Tribunal de Justi\u00e7a e do Conselho Superior da Magistratura destacou que o modelo representa um passo para autonomia financeira dos tribunais, ainda sem altera\u00e7\u00f5es legislativas.<\/li>\n<\/ul>\n","protected":false},"author":2,"featured_media":418750,"comment_status":"closed","ping_status":"closed","sticky":false,"template":"","format":"standard","meta":{"footnotes":""},"categories":[6815,1],"tags":[168,5316,7279,1275,5334,6208],"class_list":["post-418748","post","type-post","status-publish","format-standard","has-post-thumbnail","hentry","category-justica","category-noticias","tag-administracao-publica","tag-autonomia-institucional","tag-conselho-superior-da-magistratura","tag-descentralizacao-territorial","tag-gestao-publica","tag-tribunais"],"yoast_head":"<!-- This site is optimized with the Yoast SEO plugin v27.2 - https:\/\/yoast.com\/product\/yoast-seo-wordpress\/ -->\n<title>Gest\u00e3o financeira das comarcas agiliza decis\u00f5es, sem revolu\u00e7\u00e3o - Portal Tela Portugal<\/title>\n<meta name=\"robots\" content=\"index, follow, max-snippet:-1, max-image-preview:large, max-video-preview:-1\" \/>\n<meta property=\"og:locale\" content=\"pt_PT\" \/>\n<meta property=\"og:type\" content=\"article\" \/>\n<meta property=\"og:title\" content=\"Gest\u00e3o financeira das comarcas agiliza decis\u00f5es, sem revolu\u00e7\u00e3o - Portal Tela Portugal\" \/>\n<meta property=\"og:description\" content=\"O protocolo alarga \u00e0s 23 comarcas o modelo descentralizado de gest\u00e3o financeira de despesas correntes, para acelerar decis\u00f5es sem revolu\u00e7\u00e3o estrutural. O projeto-piloto iniciou em setembro de 2024, em Faro e Madeira; expandiu-se para Coimbra e Porto em dezembro de 2024, depois para Braga e Lisboa em mar\u00e7o de 2025, chegando agora \u00e0s restantes 17 comarcas. A ideia \u00e9 profissionalizar a gest\u00e3o nos tribunais, permitindo que decis\u00f5es sobre gest\u00e3o sejam tomadas nas comarcas e n\u00e3o apenas pela Dire\u00e7\u00e3o-Geral de Administra\u00e7\u00e3o da Justi\u00e7a (DGAJ). Exemplos de despesas inclu\u00eddas: combust\u00edveis para aquecimento, material de escrit\u00f3rio e de armazenamento digital, e a manuten\u00e7\u00e3o de edif\u00edcios como ar condicionado ou extintores. O presidente do Supremo Tribunal de Justi\u00e7a e do Conselho Superior da Magistratura destacou que o modelo representa um passo para autonomia financeira dos tribunais, ainda sem altera\u00e7\u00f5es legislativas.\" \/>\n<meta property=\"og:url\" content=\"https:\/\/portaltela.pt\/noticias\/2026\/03\/23\/gestao-financeira-das-comarcas-agiliza-decisoes-sem-revolucao\/\" \/>\n<meta property=\"og:site_name\" content=\"Portal Tela Portugal\" \/>\n<meta property=\"article:published_time\" content=\"2026-03-23T17:53:00+00:00\" \/>\n<meta name=\"author\" content=\"Telinha\" \/>\n<meta name=\"twitter:card\" content=\"summary_large_image\" \/>\n<meta name=\"twitter:label1\" content=\"Escrito por\" \/>\n\t<meta name=\"twitter:data1\" content=\"Telinha\" \/>\n\t<meta name=\"twitter:label2\" content=\"Tempo estimado de leitura\" \/>\n\t<meta name=\"twitter:data2\" content=\"2 minutos\" \/>\n<script type=\"application\/ld+json\" class=\"yoast-schema-graph\">{\"@context\":\"https:\/\/schema.org\",\"@graph\":[{\"@type\":\"Article\",\"@id\":\"https:\/\/portaltela.pt\/noticias\/2026\/03\/23\/gestao-financeira-das-comarcas-agiliza-decisoes-sem-revolucao\/#article\",\"isPartOf\":{\"@id\":\"https:\/\/portaltela.pt\/noticias\/2026\/03\/23\/gestao-financeira-das-comarcas-agiliza-decisoes-sem-revolucao\/\"},\"author\":{\"name\":\"Telinha\",\"@id\":\"https:\/\/portaltela.pt\/#\/schema\/person\/c4278d4a6028830caff9ee44b42d32ed\"},\"headline\":\"Gest\u00e3o financeira das comarcas agiliza decis\u00f5es, sem revolu\u00e7\u00e3o\",\"datePublished\":\"2026-03-23T17:53:00+00:00\",\"mainEntityOfPage\":{\"@id\":\"https:\/\/portaltela.pt\/noticias\/2026\/03\/23\/gestao-financeira-das-comarcas-agiliza-decisoes-sem-revolucao\/\"},\"wordCount\":340,\"image\":{\"@id\":\"https:\/\/portaltela.pt\/noticias\/2026\/03\/23\/gestao-financeira-das-comarcas-agiliza-decisoes-sem-revolucao\/#primaryimage\"},\"thumbnailUrl\":\"https:\/\/portaltela.pt\/s.01k8rhncp4jt1\/2026\/03\/2076404.jpg\",\"keywords\":[\"administra\u00e7\u00e3o p\u00fablica\",\"autonomia institucional\",\"Conselho Superior da Magistratura\",\"descentraliza\u00e7\u00e3o territorial\",\"gest\u00e3o p\u00fablica\",\"Tribunais\"],\"articleSection\":[\"Justi\u00e7a\",\"Not\u00edcias\"],\"inLanguage\":\"pt-PT\"},{\"@type\":\"WebPage\",\"@id\":\"https:\/\/portaltela.pt\/noticias\/2026\/03\/23\/gestao-financeira-das-comarcas-agiliza-decisoes-sem-revolucao\/\",\"url\":\"https:\/\/portaltela.pt\/noticias\/2026\/03\/23\/gestao-financeira-das-comarcas-agiliza-decisoes-sem-revolucao\/\",\"name\":\"Gest\u00e3o financeira das comarcas agiliza decis\u00f5es, sem revolu\u00e7\u00e3o - Portal Tela Portugal\",\"isPartOf\":{\"@id\":\"https:\/\/portaltela.pt\/#website\"},\"primaryImageOfPage\":{\"@id\":\"https:\/\/portaltela.pt\/noticias\/2026\/03\/23\/gestao-financeira-das-comarcas-agiliza-decisoes-sem-revolucao\/#primaryimage\"},\"image\":{\"@id\":\"https:\/\/portaltela.pt\/noticias\/2026\/03\/23\/gestao-financeira-das-comarcas-agiliza-decisoes-sem-revolucao\/#primaryimage\"},\"thumbnailUrl\":\"https:\/\/portaltela.pt\/s.01k8rhncp4jt1\/2026\/03\/2076404.jpg\",\"datePublished\":\"2026-03-23T17:53:00+00:00\",\"author\":{\"@id\":\"https:\/\/portaltela.pt\/#\/schema\/person\/c4278d4a6028830caff9ee44b42d32ed\"},\"breadcrumb\":{\"@id\":\"https:\/\/portaltela.pt\/noticias\/2026\/03\/23\/gestao-financeira-das-comarcas-agiliza-decisoes-sem-revolucao\/#breadcrumb\"},\"inLanguage\":\"pt-PT\",\"potentialAction\":[{\"@type\":\"ReadAction\",\"target\":[\"https:\/\/portaltela.pt\/noticias\/2026\/03\/23\/gestao-financeira-das-comarcas-agiliza-decisoes-sem-revolucao\/\"]}]},{\"@type\":\"ImageObject\",\"inLanguage\":\"pt-PT\",\"@id\":\"https:\/\/portaltela.pt\/noticias\/2026\/03\/23\/gestao-financeira-das-comarcas-agiliza-decisoes-sem-revolucao\/#primaryimage\",\"url\":\"https:\/\/portaltela.pt\/s.01k8rhncp4jt1\/2026\/03\/2076404.jpg\",\"contentUrl\":\"https:\/\/portaltela.pt\/s.01k8rhncp4jt1\/2026\/03\/2076404.jpg\",\"width\":796,\"height\":448,\"caption\":\"Photo\"},{\"@type\":\"BreadcrumbList\",\"@id\":\"https:\/\/portaltela.pt\/noticias\/2026\/03\/23\/gestao-financeira-das-comarcas-agiliza-decisoes-sem-revolucao\/#breadcrumb\",\"itemListElement\":[{\"@type\":\"ListItem\",\"position\":1,\"name\":\"In\u00edcio\",\"item\":\"https:\/\/portaltela.pt\/\"},{\"@type\":\"ListItem\",\"position\":2,\"name\":\"Gest\u00e3o financeira das comarcas agiliza decis\u00f5es, sem revolu\u00e7\u00e3o\"}]},{\"@type\":\"WebSite\",\"@id\":\"https:\/\/portaltela.pt\/#website\",\"url\":\"https:\/\/portaltela.pt\/\",\"name\":\"Portal Tela Portugal\",\"description\":\"\",\"potentialAction\":[{\"@type\":\"SearchAction\",\"target\":{\"@type\":\"EntryPoint\",\"urlTemplate\":\"https:\/\/portaltela.pt\/?s={search_term_string}\"},\"query-input\":{\"@type\":\"PropertyValueSpecification\",\"valueRequired\":true,\"valueName\":\"search_term_string\"}}],\"inLanguage\":\"pt-PT\"},{\"@type\":\"Person\",\"@id\":\"https:\/\/portaltela.pt\/#\/schema\/person\/c4278d4a6028830caff9ee44b42d32ed\",\"name\":\"Telinha\",\"image\":{\"@type\":\"ImageObject\",\"inLanguage\":\"pt-PT\",\"@id\":\"https:\/\/portaltela.pt\/s.01k8rhncp4jt1\/2025\/11\/talking-bot-125x125.png\",\"url\":\"https:\/\/portaltela.pt\/s.01k8rhncp4jt1\/2025\/11\/talking-bot-125x125.png\",\"contentUrl\":\"https:\/\/portaltela.pt\/s.01k8rhncp4jt1\/2025\/11\/talking-bot-125x125.png\",\"caption\":\"Telinha\"},\"sameAs\":[\"https:\/\/portaltela.pt\/\"],\"url\":\"https:\/\/portaltela.pt\/por\/367410592786\/\"}]}<\/script>\n<!-- \/ Yoast SEO plugin. -->","yoast_head_json":{"title":"Gest\u00e3o financeira das comarcas agiliza decis\u00f5es, sem revolu\u00e7\u00e3o - Portal Tela Portugal","robots":{"index":"index","follow":"follow","max-snippet":"max-snippet:-1","max-image-preview":"max-image-preview:large","max-video-preview":"max-video-preview:-1"},"og_locale":"pt_PT","og_type":"article","og_title":"Gest\u00e3o financeira das comarcas agiliza decis\u00f5es, sem revolu\u00e7\u00e3o - Portal Tela Portugal","og_description":"O protocolo alarga \u00e0s 23 comarcas o modelo descentralizado de gest\u00e3o financeira de despesas correntes, para acelerar decis\u00f5es sem revolu\u00e7\u00e3o estrutural. O projeto-piloto iniciou em setembro de 2024, em Faro e Madeira; expandiu-se para Coimbra e Porto em dezembro de 2024, depois para Braga e Lisboa em mar\u00e7o de 2025, chegando agora \u00e0s restantes 17 comarcas. A ideia \u00e9 profissionalizar a gest\u00e3o nos tribunais, permitindo que decis\u00f5es sobre gest\u00e3o sejam tomadas nas comarcas e n\u00e3o apenas pela Dire\u00e7\u00e3o-Geral de Administra\u00e7\u00e3o da Justi\u00e7a (DGAJ). Exemplos de despesas inclu\u00eddas: combust\u00edveis para aquecimento, material de escrit\u00f3rio e de armazenamento digital, e a manuten\u00e7\u00e3o de edif\u00edcios como ar condicionado ou extintores. O presidente do Supremo Tribunal de Justi\u00e7a e do Conselho Superior da Magistratura destacou que o modelo representa um passo para autonomia financeira dos tribunais, ainda sem altera\u00e7\u00f5es legislativas.","og_url":"https:\/\/portaltela.pt\/noticias\/2026\/03\/23\/gestao-financeira-das-comarcas-agiliza-decisoes-sem-revolucao\/","og_site_name":"Portal Tela Portugal","article_published_time":"2026-03-23T17:53:00+00:00","author":"Telinha","twitter_card":"summary_large_image","twitter_misc":{"Escrito por":"Telinha","Tempo estimado de leitura":"2 minutos"},"schema":{"@context":"https:\/\/schema.org","@graph":[{"@type":"Article","@id":"https:\/\/portaltela.pt\/noticias\/2026\/03\/23\/gestao-financeira-das-comarcas-agiliza-decisoes-sem-revolucao\/#article","isPartOf":{"@id":"https:\/\/portaltela.pt\/noticias\/2026\/03\/23\/gestao-financeira-das-comarcas-agiliza-decisoes-sem-revolucao\/"},"author":{"name":"Telinha","@id":"https:\/\/portaltela.pt\/#\/schema\/person\/c4278d4a6028830caff9ee44b42d32ed"},"headline":"Gest\u00e3o financeira das comarcas agiliza decis\u00f5es, sem revolu\u00e7\u00e3o","datePublished":"2026-03-23T17:53:00+00:00","mainEntityOfPage":{"@id":"https:\/\/portaltela.pt\/noticias\/2026\/03\/23\/gestao-financeira-das-comarcas-agiliza-decisoes-sem-revolucao\/"},"wordCount":340,"image":{"@id":"https:\/\/portaltela.pt\/noticias\/2026\/03\/23\/gestao-financeira-das-comarcas-agiliza-decisoes-sem-revolucao\/#primaryimage"},"thumbnailUrl":"https:\/\/portaltela.pt\/s.01k8rhncp4jt1\/2026\/03\/2076404.jpg","keywords":["administra\u00e7\u00e3o p\u00fablica","autonomia institucional","Conselho Superior da Magistratura","descentraliza\u00e7\u00e3o territorial","gest\u00e3o p\u00fablica","Tribunais"],"articleSection":["Justi\u00e7a","Not\u00edcias"],"inLanguage":"pt-PT"},{"@type":"WebPage","@id":"https:\/\/portaltela.pt\/noticias\/2026\/03\/23\/gestao-financeira-das-comarcas-agiliza-decisoes-sem-revolucao\/","url":"https:\/\/portaltela.pt\/noticias\/2026\/03\/23\/gestao-financeira-das-comarcas-agiliza-decisoes-sem-revolucao\/","name":"Gest\u00e3o financeira das comarcas agiliza decis\u00f5es, sem revolu\u00e7\u00e3o - Portal Tela Portugal","isPartOf":{"@id":"https:\/\/portaltela.pt\/#website"},"primaryImageOfPage":{"@id":"https:\/\/portaltela.pt\/noticias\/2026\/03\/23\/gestao-financeira-das-comarcas-agiliza-decisoes-sem-revolucao\/#primaryimage"},"image":{"@id":"https:\/\/portaltela.pt\/noticias\/2026\/03\/23\/gestao-financeira-das-comarcas-agiliza-decisoes-sem-revolucao\/#primaryimage"},"thumbnailUrl":"https:\/\/portaltela.pt\/s.01k8rhncp4jt1\/2026\/03\/2076404.jpg","datePublished":"2026-03-23T17:53:00+00:00","author":{"@id":"https:\/\/portaltela.pt\/#\/schema\/person\/c4278d4a6028830caff9ee44b42d32ed"},"breadcrumb":{"@id":"https:\/\/portaltela.pt\/noticias\/2026\/03\/23\/gestao-financeira-das-comarcas-agiliza-decisoes-sem-revolucao\/#breadcrumb"},"inLanguage":"pt-PT","potentialAction":[{"@type":"ReadAction","target":["https:\/\/portaltela.pt\/noticias\/2026\/03\/23\/gestao-financeira-das-comarcas-agiliza-decisoes-sem-revolucao\/"]}]},{"@type":"ImageObject","inLanguage":"pt-PT","@id":"https:\/\/portaltela.pt\/noticias\/2026\/03\/23\/gestao-financeira-das-comarcas-agiliza-decisoes-sem-revolucao\/#primaryimage","url":"https:\/\/portaltela.pt\/s.01k8rhncp4jt1\/2026\/03\/2076404.jpg","contentUrl":"https:\/\/portaltela.pt\/s.01k8rhncp4jt1\/2026\/03\/2076404.jpg","width":796,"height":448,"caption":"Photo"},{"@type":"BreadcrumbList","@id":"https:\/\/portaltela.pt\/noticias\/2026\/03\/23\/gestao-financeira-das-comarcas-agiliza-decisoes-sem-revolucao\/#breadcrumb","itemListElement":[{"@type":"ListItem","position":1,"name":"In\u00edcio","item":"https:\/\/portaltela.pt\/"},{"@type":"ListItem","position":2,"name":"Gest\u00e3o financeira das comarcas agiliza decis\u00f5es, sem revolu\u00e7\u00e3o"}]},{"@type":"WebSite","@id":"https:\/\/portaltela.pt\/#website","url":"https:\/\/portaltela.pt\/","name":"Portal Tela Portugal","description":"","potentialAction":[{"@type":"SearchAction","target":{"@type":"EntryPoint","urlTemplate":"https:\/\/portaltela.pt\/?s={search_term_string}"},"query-input":{"@type":"PropertyValueSpecification","valueRequired":true,"valueName":"search_term_string"}}],"inLanguage":"pt-PT"},{"@type":"Person","@id":"https:\/\/portaltela.pt\/#\/schema\/person\/c4278d4a6028830caff9ee44b42d32ed","name":"Telinha","image":{"@type":"ImageObject","inLanguage":"pt-PT","@id":"https:\/\/portaltela.pt\/s.01k8rhncp4jt1\/2025\/11\/talking-bot-125x125.png","url":"https:\/\/portaltela.pt\/s.01k8rhncp4jt1\/2025\/11\/talking-bot-125x125.png","contentUrl":"https:\/\/portaltela.pt\/s.01k8rhncp4jt1\/2025\/11\/talking-bot-125x125.png","caption":"Telinha"},"sameAs":["https:\/\/portaltela.pt\/"],"url":"https:\/\/portaltela.pt\/por\/367410592786\/"}]}},"_links":{"self":[{"href":"https:\/\/portaltela.pt\/api\/wp\/v2\/posts\/418748","targetHints":{"allow":["GET"]}}],"collection":[{"href":"https:\/\/portaltela.pt\/api\/wp\/v2\/posts"}],"about":[{"href":"https:\/\/portaltela.pt\/api\/wp\/v2\/types\/post"}],"author":[{"embeddable":true,"href":"https:\/\/portaltela.pt\/api\/wp\/v2\/users\/2"}],"replies":[{"embeddable":true,"href":"https:\/\/portaltela.pt\/api\/wp\/v2\/comments?post=418748"}],"version-history":[{"count":0,"href":"https:\/\/portaltela.pt\/api\/wp\/v2\/posts\/418748\/revisions"}],"wp:featuredmedia":[{"embeddable":true,"href":"https:\/\/portaltela.pt\/api\/wp\/v2\/media\/418750"}],"wp:attachment":[{"href":"https:\/\/portaltela.pt\/api\/wp\/v2\/media?parent=418748"}],"wp:term":[{"taxonomy":"category","embeddable":true,"href":"https:\/\/portaltela.pt\/api\/wp\/v2\/categories?post=418748"},{"taxonomy":"post_tag","embeddable":true,"href":"https:\/\/portaltela.pt\/api\/wp\/v2\/tags?post=418748"}],"curies":[{"name":"wp","href":"https:\/\/api.w.org\/{rel}","templated":true}]}}