{"id":418723,"date":"2026-03-23T14:55:00","date_gmt":"2026-03-23T17:55:00","guid":{"rendered":"https:\/\/portaltela.pt\/noticias\/2026\/03\/23\/covilha-investe-mais-de-um-milhao-de-euros-em-instalacoes-de-saude\/"},"modified":"2026-03-23T14:55:00","modified_gmt":"2026-03-23T17:55:00","slug":"covilha-investe-mais-de-um-milhao-de-euros-em-instalacoes-de-saude","status":"publish","type":"post","link":"https:\/\/portaltela.pt\/saude\/2026\/03\/23\/covilha-investe-mais-de-um-milhao-de-euros-em-instalacoes-de-saude\/","title":{"rendered":"Covilh\u00e3 investe mais de um milh\u00e3o de euros em instala\u00e7\u00f5es de sa\u00fade"},"content":{"rendered":"<p>O Munic\u00edpio da Covilh\u00e3 vai investir mais de um milh\u00e3o de euros na requalifica\u00e7\u00e3o de unidades de sa\u00fade do concelho, anunciou o presidente da C\u00e2mara, H\u00e9lio Fazendeiro. As obras visam melhorar infraestruturas, acessos e conforto de utentes e profissionais.<\/p>\n<p>A primeira interven\u00e7\u00e3o adotada \u00e9 no Centro de Sa\u00fade da Covilh\u00e3, adjudicada por 453 mil euros. Os trabalhos incluem infraestruturas, caixilharias, ilumina\u00e7\u00e3o, climatiza\u00e7\u00e3o e acessos, entre outros. As obras devem arrancar em breve.<\/p>\n<p>Para n\u00e3o interromper os servi\u00e7os, est\u00e1 prevista a coloca\u00e7\u00e3o de contentores que acolham temporariamente as alas em obras. O objetivo \u00e9 manter o funcionamento normal do centro durante os trabalhos.<\/p>\n<h3>Interven\u00e7\u00f5es previstas e financiamento<\/h3>\n<p>Outras interven\u00e7\u00f5es previstas s\u00e3o: Extens\u00e3o de Sa\u00fade da Covilh\u00e3 (287 mil euros), Centro de Sa\u00fade do Teixoso (125 mil euros), Centro de Sa\u00fade da Vila do Carvalho (110 mil euros) e Centro de Sa\u00fade da Coutada (50 mil euros).<\/p>\n<p>As obras contam com apoio financeiro do Plano de Recupera\u00e7\u00e3o e Resili\u00eancia. O munic\u00edpio tamb\u00e9m prev\u00ea interven\u00e7\u00f5es pontuais nas restantes extens\u00f5es de sa\u00fade do concelho.<\/p>\n<p>H\u00e9lio Fazendeiro sublinhou que o objetivo \u00e9 melhorar as condi\u00e7\u00f5es, tanto para os profissionais como para os utentes, assegurando atendimento pr\u00f3ximo da popula\u00e7\u00e3o. A autarquia mant\u00e9m o compromisso de garantir servi\u00e7os de sa\u00fade est\u00e1veis durante as obras.<\/p>\n","protected":false},"excerpt":{"rendered":"<ul>\n<li>O Munic\u00edpio da Covilh\u00e3 vai investir mais de um milh\u00e3o de euros na requalifica\u00e7\u00e3o de unidades de sa\u00fade do concelho.<\/li>\n<li>A primeira empreitada \u00e9 no Centro de Sa\u00fade da Covilh\u00e3, adjudicada por 453 mil euros, com obras previstas a infraestruturas, caixilharias, ilumina\u00e7\u00e3o, climatiza\u00e7\u00e3o e acessos.<\/li>\n<li>As obras v\u00e3o decorrer por \u00e1reas para n\u00e3o interromper o funcionamento do centro e ser\u00e3o usados contentores para acolher temporariamente servi\u00e7os das alas em obras.<\/li>\n<li>Est\u00e3o tamb\u00e9m previstas interven\u00e7\u00f5es na Extens\u00e3o de Sa\u00fade da Covilh\u00e3 (287 mil euros), no Centro de Sa\u00fade do Teixoso (125 mil euros), no Centro de Sa\u00fade da Vila do Carvalho (110 mil euros) e no Centro de Sa\u00fade da Coutada (50 mil euros), com apoio do Plano de Recupera\u00e7\u00e3o e Resili\u00eancia.<\/li>\n<li>O munic\u00edpio continuar\u00e1 com interven\u00e7\u00f5es pontuais de menor monta nas restantes extens\u00f5es de sa\u00fade, para melhorar as condi\u00e7\u00f5es de profissionais e utentes.<\/li>\n<\/ul>\n","protected":false},"author":2,"featured_media":418726,"comment_status":"closed","ping_status":"closed","sticky":false,"template":"","format":"standard","meta":{"footnotes":""},"categories":[1,6745],"tags":[5160,144,1306,1615,316,172],"class_list":["post-418723","post","type-post","status-publish","format-standard","has-post-thumbnail","hentry","category-noticias","category-saude","tag-centros-de-saude","tag-concelho","tag-covilha","tag-infraestrutura","tag-investimento","tag-saude"],"yoast_head":"<!-- This site is optimized with the Yoast SEO plugin v27.2 - https:\/\/yoast.com\/product\/yoast-seo-wordpress\/ -->\n<title>Covilh\u00e3 investe mais de um milh\u00e3o de euros em instala\u00e7\u00f5es de sa\u00fade - Portal Tela Portugal<\/title>\n<meta name=\"robots\" content=\"index, follow, max-snippet:-1, max-image-preview:large, max-video-preview:-1\" \/>\n<meta property=\"og:locale\" content=\"pt_PT\" \/>\n<meta property=\"og:type\" content=\"article\" \/>\n<meta property=\"og:title\" content=\"Covilh\u00e3 investe mais de um milh\u00e3o de euros em instala\u00e7\u00f5es de sa\u00fade - Portal Tela Portugal\" \/>\n<meta property=\"og:description\" content=\"O Munic\u00edpio da Covilh\u00e3 vai investir mais de um milh\u00e3o de euros na requalifica\u00e7\u00e3o de unidades de sa\u00fade do concelho. A primeira empreitada \u00e9 no Centro de Sa\u00fade da Covilh\u00e3, adjudicada por 453 mil euros, com obras previstas a infraestruturas, caixilharias, ilumina\u00e7\u00e3o, climatiza\u00e7\u00e3o e acessos. As obras v\u00e3o decorrer por \u00e1reas para n\u00e3o interromper o funcionamento do centro e ser\u00e3o usados contentores para acolher temporariamente servi\u00e7os das alas em obras. Est\u00e3o tamb\u00e9m previstas interven\u00e7\u00f5es na Extens\u00e3o de Sa\u00fade da Covilh\u00e3 (287 mil euros), no Centro de Sa\u00fade do Teixoso (125 mil euros), no Centro de Sa\u00fade da Vila do Carvalho (110 mil euros) e no Centro de Sa\u00fade da Coutada (50 mil euros), com apoio do Plano de Recupera\u00e7\u00e3o e Resili\u00eancia. O munic\u00edpio continuar\u00e1 com interven\u00e7\u00f5es pontuais de menor monta nas restantes extens\u00f5es de sa\u00fade, para melhorar as condi\u00e7\u00f5es de profissionais e utentes.\" \/>\n<meta property=\"og:url\" content=\"https:\/\/portaltela.pt\/noticias\/2026\/03\/23\/covilha-investe-mais-de-um-milhao-de-euros-em-instalacoes-de-saude\/\" \/>\n<meta property=\"og:site_name\" content=\"Portal Tela Portugal\" \/>\n<meta property=\"article:published_time\" content=\"2026-03-23T17:55:00+00:00\" \/>\n<meta name=\"author\" content=\"Telinha\" \/>\n<meta name=\"twitter:card\" content=\"summary_large_image\" \/>\n<meta name=\"twitter:label1\" content=\"Escrito por\" \/>\n\t<meta name=\"twitter:data1\" content=\"Telinha\" \/>\n\t<meta name=\"twitter:label2\" content=\"Tempo estimado de leitura\" \/>\n\t<meta name=\"twitter:data2\" content=\"1 minuto\" \/>\n<script type=\"application\/ld+json\" class=\"yoast-schema-graph\">{\"@context\":\"https:\/\/schema.org\",\"@graph\":[{\"@type\":\"Article\",\"@id\":\"https:\/\/portaltela.pt\/noticias\/2026\/03\/23\/covilha-investe-mais-de-um-milhao-de-euros-em-instalacoes-de-saude\/#article\",\"isPartOf\":{\"@id\":\"https:\/\/portaltela.pt\/noticias\/2026\/03\/23\/covilha-investe-mais-de-um-milhao-de-euros-em-instalacoes-de-saude\/\"},\"author\":{\"name\":\"Telinha\",\"@id\":\"https:\/\/portaltela.pt\/#\/schema\/person\/c4278d4a6028830caff9ee44b42d32ed\"},\"headline\":\"Covilh\u00e3 investe mais de um milh\u00e3o de euros em instala\u00e7\u00f5es de sa\u00fade\",\"datePublished\":\"2026-03-23T17:55:00+00:00\",\"mainEntityOfPage\":{\"@id\":\"https:\/\/portaltela.pt\/noticias\/2026\/03\/23\/covilha-investe-mais-de-um-milhao-de-euros-em-instalacoes-de-saude\/\"},\"wordCount\":250,\"image\":{\"@id\":\"https:\/\/portaltela.pt\/noticias\/2026\/03\/23\/covilha-investe-mais-de-um-milhao-de-euros-em-instalacoes-de-saude\/#primaryimage\"},\"thumbnailUrl\":\"https:\/\/portaltela.pt\/s.01k8rhncp4jt1\/2026\/03\/img_1500x1000uu2023-07-07-13-41-22-1389267.jpg\",\"keywords\":[\"centros de sa\u00fade\",\"concelho\",\"Covilh\u00e3\",\"infraestrutura\",\"investimento\",\"sa\u00fade\"],\"articleSection\":[\"Not\u00edcias\",\"Sa\u00fade\"],\"inLanguage\":\"pt-PT\"},{\"@type\":\"WebPage\",\"@id\":\"https:\/\/portaltela.pt\/noticias\/2026\/03\/23\/covilha-investe-mais-de-um-milhao-de-euros-em-instalacoes-de-saude\/\",\"url\":\"https:\/\/portaltela.pt\/noticias\/2026\/03\/23\/covilha-investe-mais-de-um-milhao-de-euros-em-instalacoes-de-saude\/\",\"name\":\"Covilh\u00e3 investe mais de um milh\u00e3o de euros em instala\u00e7\u00f5es de sa\u00fade - Portal Tela Portugal\",\"isPartOf\":{\"@id\":\"https:\/\/portaltela.pt\/#website\"},\"primaryImageOfPage\":{\"@id\":\"https:\/\/portaltela.pt\/noticias\/2026\/03\/23\/covilha-investe-mais-de-um-milhao-de-euros-em-instalacoes-de-saude\/#primaryimage\"},\"image\":{\"@id\":\"https:\/\/portaltela.pt\/noticias\/2026\/03\/23\/covilha-investe-mais-de-um-milhao-de-euros-em-instalacoes-de-saude\/#primaryimage\"},\"thumbnailUrl\":\"https:\/\/portaltela.pt\/s.01k8rhncp4jt1\/2026\/03\/img_1500x1000uu2023-07-07-13-41-22-1389267.jpg\",\"datePublished\":\"2026-03-23T17:55:00+00:00\",\"author\":{\"@id\":\"https:\/\/portaltela.pt\/#\/schema\/person\/c4278d4a6028830caff9ee44b42d32ed\"},\"breadcrumb\":{\"@id\":\"https:\/\/portaltela.pt\/noticias\/2026\/03\/23\/covilha-investe-mais-de-um-milhao-de-euros-em-instalacoes-de-saude\/#breadcrumb\"},\"inLanguage\":\"pt-PT\",\"potentialAction\":[{\"@type\":\"ReadAction\",\"target\":[\"https:\/\/portaltela.pt\/noticias\/2026\/03\/23\/covilha-investe-mais-de-um-milhao-de-euros-em-instalacoes-de-saude\/\"]}]},{\"@type\":\"ImageObject\",\"inLanguage\":\"pt-PT\",\"@id\":\"https:\/\/portaltela.pt\/noticias\/2026\/03\/23\/covilha-investe-mais-de-um-milhao-de-euros-em-instalacoes-de-saude\/#primaryimage\",\"url\":\"https:\/\/portaltela.pt\/s.01k8rhncp4jt1\/2026\/03\/img_1500x1000uu2023-07-07-13-41-22-1389267.jpg\",\"contentUrl\":\"https:\/\/portaltela.pt\/s.01k8rhncp4jt1\/2026\/03\/img_1500x1000uu2023-07-07-13-41-22-1389267.jpg\",\"width\":796,\"height\":448,\"caption\":\"C\u00e2mara da Covilh\u00e3\"},{\"@type\":\"BreadcrumbList\",\"@id\":\"https:\/\/portaltela.pt\/noticias\/2026\/03\/23\/covilha-investe-mais-de-um-milhao-de-euros-em-instalacoes-de-saude\/#breadcrumb\",\"itemListElement\":[{\"@type\":\"ListItem\",\"position\":1,\"name\":\"In\u00edcio\",\"item\":\"https:\/\/portaltela.pt\/\"},{\"@type\":\"ListItem\",\"position\":2,\"name\":\"Covilh\u00e3 investe mais de um milh\u00e3o de euros em instala\u00e7\u00f5es de sa\u00fade\"}]},{\"@type\":\"WebSite\",\"@id\":\"https:\/\/portaltela.pt\/#website\",\"url\":\"https:\/\/portaltela.pt\/\",\"name\":\"Portal Tela Portugal\",\"description\":\"\",\"potentialAction\":[{\"@type\":\"SearchAction\",\"target\":{\"@type\":\"EntryPoint\",\"urlTemplate\":\"https:\/\/portaltela.pt\/?s={search_term_string}\"},\"query-input\":{\"@type\":\"PropertyValueSpecification\",\"valueRequired\":true,\"valueName\":\"search_term_string\"}}],\"inLanguage\":\"pt-PT\"},{\"@type\":\"Person\",\"@id\":\"https:\/\/portaltela.pt\/#\/schema\/person\/c4278d4a6028830caff9ee44b42d32ed\",\"name\":\"Telinha\",\"image\":{\"@type\":\"ImageObject\",\"inLanguage\":\"pt-PT\",\"@id\":\"https:\/\/portaltela.pt\/s.01k8rhncp4jt1\/2025\/11\/talking-bot-125x125.png\",\"url\":\"https:\/\/portaltela.pt\/s.01k8rhncp4jt1\/2025\/11\/talking-bot-125x125.png\",\"contentUrl\":\"https:\/\/portaltela.pt\/s.01k8rhncp4jt1\/2025\/11\/talking-bot-125x125.png\",\"caption\":\"Telinha\"},\"sameAs\":[\"https:\/\/portaltela.pt\/\"],\"url\":\"https:\/\/portaltela.pt\/por\/367410592786\/\"}]}<\/script>\n<!-- \/ Yoast SEO plugin. -->","yoast_head_json":{"title":"Covilh\u00e3 investe mais de um milh\u00e3o de euros em instala\u00e7\u00f5es de sa\u00fade - Portal Tela Portugal","robots":{"index":"index","follow":"follow","max-snippet":"max-snippet:-1","max-image-preview":"max-image-preview:large","max-video-preview":"max-video-preview:-1"},"og_locale":"pt_PT","og_type":"article","og_title":"Covilh\u00e3 investe mais de um milh\u00e3o de euros em instala\u00e7\u00f5es de sa\u00fade - Portal Tela Portugal","og_description":"O Munic\u00edpio da Covilh\u00e3 vai investir mais de um milh\u00e3o de euros na requalifica\u00e7\u00e3o de unidades de sa\u00fade do concelho. A primeira empreitada \u00e9 no Centro de Sa\u00fade da Covilh\u00e3, adjudicada por 453 mil euros, com obras previstas a infraestruturas, caixilharias, ilumina\u00e7\u00e3o, climatiza\u00e7\u00e3o e acessos. As obras v\u00e3o decorrer por \u00e1reas para n\u00e3o interromper o funcionamento do centro e ser\u00e3o usados contentores para acolher temporariamente servi\u00e7os das alas em obras. Est\u00e3o tamb\u00e9m previstas interven\u00e7\u00f5es na Extens\u00e3o de Sa\u00fade da Covilh\u00e3 (287 mil euros), no Centro de Sa\u00fade do Teixoso (125 mil euros), no Centro de Sa\u00fade da Vila do Carvalho (110 mil euros) e no Centro de Sa\u00fade da Coutada (50 mil euros), com apoio do Plano de Recupera\u00e7\u00e3o e Resili\u00eancia. O munic\u00edpio continuar\u00e1 com interven\u00e7\u00f5es pontuais de menor monta nas restantes extens\u00f5es de sa\u00fade, para melhorar as condi\u00e7\u00f5es de profissionais e utentes.","og_url":"https:\/\/portaltela.pt\/noticias\/2026\/03\/23\/covilha-investe-mais-de-um-milhao-de-euros-em-instalacoes-de-saude\/","og_site_name":"Portal Tela Portugal","article_published_time":"2026-03-23T17:55:00+00:00","author":"Telinha","twitter_card":"summary_large_image","twitter_misc":{"Escrito por":"Telinha","Tempo estimado de leitura":"1 minuto"},"schema":{"@context":"https:\/\/schema.org","@graph":[{"@type":"Article","@id":"https:\/\/portaltela.pt\/noticias\/2026\/03\/23\/covilha-investe-mais-de-um-milhao-de-euros-em-instalacoes-de-saude\/#article","isPartOf":{"@id":"https:\/\/portaltela.pt\/noticias\/2026\/03\/23\/covilha-investe-mais-de-um-milhao-de-euros-em-instalacoes-de-saude\/"},"author":{"name":"Telinha","@id":"https:\/\/portaltela.pt\/#\/schema\/person\/c4278d4a6028830caff9ee44b42d32ed"},"headline":"Covilh\u00e3 investe mais de um milh\u00e3o de euros em instala\u00e7\u00f5es de sa\u00fade","datePublished":"2026-03-23T17:55:00+00:00","mainEntityOfPage":{"@id":"https:\/\/portaltela.pt\/noticias\/2026\/03\/23\/covilha-investe-mais-de-um-milhao-de-euros-em-instalacoes-de-saude\/"},"wordCount":250,"image":{"@id":"https:\/\/portaltela.pt\/noticias\/2026\/03\/23\/covilha-investe-mais-de-um-milhao-de-euros-em-instalacoes-de-saude\/#primaryimage"},"thumbnailUrl":"https:\/\/portaltela.pt\/s.01k8rhncp4jt1\/2026\/03\/img_1500x1000uu2023-07-07-13-41-22-1389267.jpg","keywords":["centros de sa\u00fade","concelho","Covilh\u00e3","infraestrutura","investimento","sa\u00fade"],"articleSection":["Not\u00edcias","Sa\u00fade"],"inLanguage":"pt-PT"},{"@type":"WebPage","@id":"https:\/\/portaltela.pt\/noticias\/2026\/03\/23\/covilha-investe-mais-de-um-milhao-de-euros-em-instalacoes-de-saude\/","url":"https:\/\/portaltela.pt\/noticias\/2026\/03\/23\/covilha-investe-mais-de-um-milhao-de-euros-em-instalacoes-de-saude\/","name":"Covilh\u00e3 investe mais de um milh\u00e3o de euros em instala\u00e7\u00f5es de sa\u00fade - Portal Tela Portugal","isPartOf":{"@id":"https:\/\/portaltela.pt\/#website"},"primaryImageOfPage":{"@id":"https:\/\/portaltela.pt\/noticias\/2026\/03\/23\/covilha-investe-mais-de-um-milhao-de-euros-em-instalacoes-de-saude\/#primaryimage"},"image":{"@id":"https:\/\/portaltela.pt\/noticias\/2026\/03\/23\/covilha-investe-mais-de-um-milhao-de-euros-em-instalacoes-de-saude\/#primaryimage"},"thumbnailUrl":"https:\/\/portaltela.pt\/s.01k8rhncp4jt1\/2026\/03\/img_1500x1000uu2023-07-07-13-41-22-1389267.jpg","datePublished":"2026-03-23T17:55:00+00:00","author":{"@id":"https:\/\/portaltela.pt\/#\/schema\/person\/c4278d4a6028830caff9ee44b42d32ed"},"breadcrumb":{"@id":"https:\/\/portaltela.pt\/noticias\/2026\/03\/23\/covilha-investe-mais-de-um-milhao-de-euros-em-instalacoes-de-saude\/#breadcrumb"},"inLanguage":"pt-PT","potentialAction":[{"@type":"ReadAction","target":["https:\/\/portaltela.pt\/noticias\/2026\/03\/23\/covilha-investe-mais-de-um-milhao-de-euros-em-instalacoes-de-saude\/"]}]},{"@type":"ImageObject","inLanguage":"pt-PT","@id":"https:\/\/portaltela.pt\/noticias\/2026\/03\/23\/covilha-investe-mais-de-um-milhao-de-euros-em-instalacoes-de-saude\/#primaryimage","url":"https:\/\/portaltela.pt\/s.01k8rhncp4jt1\/2026\/03\/img_1500x1000uu2023-07-07-13-41-22-1389267.jpg","contentUrl":"https:\/\/portaltela.pt\/s.01k8rhncp4jt1\/2026\/03\/img_1500x1000uu2023-07-07-13-41-22-1389267.jpg","width":796,"height":448,"caption":"C\u00e2mara da Covilh\u00e3"},{"@type":"BreadcrumbList","@id":"https:\/\/portaltela.pt\/noticias\/2026\/03\/23\/covilha-investe-mais-de-um-milhao-de-euros-em-instalacoes-de-saude\/#breadcrumb","itemListElement":[{"@type":"ListItem","position":1,"name":"In\u00edcio","item":"https:\/\/portaltela.pt\/"},{"@type":"ListItem","position":2,"name":"Covilh\u00e3 investe mais de um milh\u00e3o de euros em instala\u00e7\u00f5es de sa\u00fade"}]},{"@type":"WebSite","@id":"https:\/\/portaltela.pt\/#website","url":"https:\/\/portaltela.pt\/","name":"Portal Tela Portugal","description":"","potentialAction":[{"@type":"SearchAction","target":{"@type":"EntryPoint","urlTemplate":"https:\/\/portaltela.pt\/?s={search_term_string}"},"query-input":{"@type":"PropertyValueSpecification","valueRequired":true,"valueName":"search_term_string"}}],"inLanguage":"pt-PT"},{"@type":"Person","@id":"https:\/\/portaltela.pt\/#\/schema\/person\/c4278d4a6028830caff9ee44b42d32ed","name":"Telinha","image":{"@type":"ImageObject","inLanguage":"pt-PT","@id":"https:\/\/portaltela.pt\/s.01k8rhncp4jt1\/2025\/11\/talking-bot-125x125.png","url":"https:\/\/portaltela.pt\/s.01k8rhncp4jt1\/2025\/11\/talking-bot-125x125.png","contentUrl":"https:\/\/portaltela.pt\/s.01k8rhncp4jt1\/2025\/11\/talking-bot-125x125.png","caption":"Telinha"},"sameAs":["https:\/\/portaltela.pt\/"],"url":"https:\/\/portaltela.pt\/por\/367410592786\/"}]}},"_links":{"self":[{"href":"https:\/\/portaltela.pt\/api\/wp\/v2\/posts\/418723","targetHints":{"allow":["GET"]}}],"collection":[{"href":"https:\/\/portaltela.pt\/api\/wp\/v2\/posts"}],"about":[{"href":"https:\/\/portaltela.pt\/api\/wp\/v2\/types\/post"}],"author":[{"embeddable":true,"href":"https:\/\/portaltela.pt\/api\/wp\/v2\/users\/2"}],"replies":[{"embeddable":true,"href":"https:\/\/portaltela.pt\/api\/wp\/v2\/comments?post=418723"}],"version-history":[{"count":0,"href":"https:\/\/portaltela.pt\/api\/wp\/v2\/posts\/418723\/revisions"}],"wp:featuredmedia":[{"embeddable":true,"href":"https:\/\/portaltela.pt\/api\/wp\/v2\/media\/418726"}],"wp:attachment":[{"href":"https:\/\/portaltela.pt\/api\/wp\/v2\/media?parent=418723"}],"wp:term":[{"taxonomy":"category","embeddable":true,"href":"https:\/\/portaltela.pt\/api\/wp\/v2\/categories?post=418723"},{"taxonomy":"post_tag","embeddable":true,"href":"https:\/\/portaltela.pt\/api\/wp\/v2\/tags?post=418723"}],"curies":[{"name":"wp","href":"https:\/\/api.w.org\/{rel}","templated":true}]}}