{"id":418714,"date":"2026-03-23T14:47:16","date_gmt":"2026-03-23T17:47:16","guid":{"rendered":"https:\/\/portaltela.pt\/noticias\/2026\/03\/23\/criancas-de-12-anos-ja-sao-radicalizadas-na-europa-diz-ue\/"},"modified":"2026-03-23T14:47:16","modified_gmt":"2026-03-23T17:47:16","slug":"criancas-de-12-anos-ja-sao-radicalizadas-na-europa-diz-ue","status":"publish","type":"post","link":"https:\/\/portaltela.pt\/seguranca\/2026\/03\/23\/criancas-de-12-anos-ja-sao-radicalizadas-na-europa-diz-ue\/","title":{"rendered":"Crian\u00e7as de 12 anos j\u00e1 s\u00e3o radicalizadas na Europa, diz UE"},"content":{"rendered":"<p>O coordenador de contraterrorismo da UE, Bartjan Wegter, alertou para um crescimento da radicaliza\u00e7\u00e3o entre jovens europeus. Em entrevista \u00e0 Euronews, referiu que menores a partir dos 12 anos j\u00e1 s\u00e3o alvo de processos de recrutamento online. A amea\u00e7a tem aumentado nos \u00faltimos anos.<\/p>\n<p>Wegter explicou que a radicaliza\u00e7\u00e3o ocorre principalmente online, entre adolescentes que passam v\u00e1rias horas nas redes sociais. O desafio para as autoridades \u00e9 identificar sinais precoces, j\u00e1 que muitos jovens n\u00e3o possuem registo criminal na vida real.<\/p>\n<p>Para al\u00e9m do jihadismo, a UE enfrenta uma equipa de novas ideologias violentas que se disseminam na Internet. O coordenador sublinhou a necessidade de partilhar dados e de manter di\u00e1logo com plataformas para impedir a exposi\u00e7\u00e3o de jovens a conte\u00fados radicalizantes.<\/p>\n<h3>A\u00e7\u00f5es e dados da Europol<\/h3>\n<p>A Europol publicou o Relat\u00f3rio de Tend\u00eancias do Terrorismo na UE 2025, que aponta um aumento do envolvimento de menores em atividades terroristas. Em 2024, 449 pessoas foram detidas por crimes relacionados com terrorismo na UE, 133 com idades entre 12 e 20 anos.<\/p>\n<p>O grupo de maior incid\u00eancia entre os suspeitos \u00e9 o jihadista, seguido pelo extremismo de direita e pelo extremismo violento. Wegter reiterou que o jihadismo continua a representar a maior amea\u00e7a \u00e0 seguran\u00e7a europeia.<\/p>\n<h3>Mudan\u00e7as na forma de atua\u00e7\u00e3o do EI<\/h3>\n<p>Segundo o coordenador, apesar da perda de territ\u00f3rio, o Estado Isl\u00e2mico ajustou as suas t\u00e1ticas. O grupo atua de forma descentralizada, com o recrutamento a ocorrer dentro da UE e em frentes dispersas, em vez de ataques coordenados transfronteiri\u00e7os.<\/p>\n<p>Wegter indicou ainda que o EI tem recrutado sobretudo adolescentes, explorando vulnerabilidades online. A entidade n\u00e3o funciona mais como estado territorial, mas como rede de afiliados que gere opera\u00e7\u00f5es globais.<\/p>\n<h3>Extremismo violento niilista<\/h3>\n<p>Al\u00e9m do jihadismo, surgem comunidades online que promovem viol\u00eancia ideol\u00f3gica. O respons\u00e1vel descreveu uma tend\u00eancia de extremismo violento niilista, em que diferentes correntes ideol\u00f3gicas se confundem para fomentar a\u00e7\u00f5es violentas.<\/p>\n<p>Estas comunidades, muitas vezes aceleracionistas, tentam perturbar a sociedade sem obedecer a um \u00fanico credo. O fen\u00f3meno \u00e9 considerado por Wegter como uma evolu\u00e7\u00e3o do terrorismo, com caracter\u00edsticas e vulnerabilidades comuns.<\/p>\n","protected":false},"excerpt":{"rendered":"<ul>\n<li>Bartjan Wegter, coordenador de contraterrorismo da Uni\u00e3o Europeia (UE), alerta que a radicaliza\u00e7\u00e3o online afeta jovens europeus, incluindo crian\u00e7as a partir de doze anos.<\/li>\n<li>A radicaliza\u00e7\u00e3o ocorre principalmente online, com jovens a passar entre cinco e oito horas por dia nas redes sociais, e sem necessidade de encontros presenciais.<\/li>\n<li>Em dois mil e vinte e quatro foram detidas na UE quarenta e quatrocentas e noventa pessoas por crimes relacionados com terrorismo; trezentos e trinta e tr\u00eas tinham entre doze e vinte anos, com o mais novo a doze anos.<\/li>\n<li>O jihadismo continua a ser a principal amea\u00e7a, com o Estado Isl\u00e2mico a adaptar t\u00e1ticas, descentralizando centros de comando e recrutando dentro da UE.<\/li>\n<li>Surge o extremismo violento niilista, onde comunidades online combinam ideologias diversas para incitar viol\u00eancia entre jovens sem uma bagagem ideol\u00f3gica r\u00edgida.<\/li>\n<\/ul>\n","protected":false},"author":2,"featured_media":418717,"comment_status":"closed","ping_status":"closed","sticky":false,"template":"","format":"standard","meta":{"footnotes":""},"categories":[6779],"tags":[3446,5547,7453,6056,250,4989],"class_list":["post-418714","post","type-post","status-publish","format-standard","has-post-thumbnail","hentry","category-seguranca","tag-extremismo","tag-informacao-internacional","tag-jihadismo","tag-menores","tag-seguranca-publica","tag-terrorismo"],"yoast_head":"<!-- This site is optimized with the Yoast SEO plugin v27.2 - https:\/\/yoast.com\/product\/yoast-seo-wordpress\/ -->\n<title>Crian\u00e7as de 12 anos j\u00e1 s\u00e3o radicalizadas na Europa, diz UE - Portal Tela Portugal<\/title>\n<meta name=\"robots\" content=\"index, follow, max-snippet:-1, max-image-preview:large, max-video-preview:-1\" \/>\n<meta property=\"og:locale\" content=\"pt_PT\" \/>\n<meta property=\"og:type\" content=\"article\" \/>\n<meta property=\"og:title\" content=\"Crian\u00e7as de 12 anos j\u00e1 s\u00e3o radicalizadas na Europa, diz UE - Portal Tela Portugal\" \/>\n<meta property=\"og:description\" content=\"Bartjan Wegter, coordenador de contraterrorismo da Uni\u00e3o Europeia (UE), alerta que a radicaliza\u00e7\u00e3o online afeta jovens europeus, incluindo crian\u00e7as a partir de doze anos. A radicaliza\u00e7\u00e3o ocorre principalmente online, com jovens a passar entre cinco e oito horas por dia nas redes sociais, e sem necessidade de encontros presenciais. Em dois mil e vinte e quatro foram detidas na UE quarenta e quatrocentas e noventa pessoas por crimes relacionados com terrorismo; trezentos e trinta e tr\u00eas tinham entre doze e vinte anos, com o mais novo a doze anos. O jihadismo continua a ser a principal amea\u00e7a, com o Estado Isl\u00e2mico a adaptar t\u00e1ticas, descentralizando centros de comando e recrutando dentro da UE. Surge o extremismo violento niilista, onde comunidades online combinam ideologias diversas para incitar viol\u00eancia entre jovens sem uma bagagem ideol\u00f3gica r\u00edgida.\" \/>\n<meta property=\"og:url\" content=\"https:\/\/portaltela.pt\/noticias\/2026\/03\/23\/criancas-de-12-anos-ja-sao-radicalizadas-na-europa-diz-ue\/\" \/>\n<meta property=\"og:site_name\" content=\"Portal Tela Portugal\" \/>\n<meta property=\"article:published_time\" content=\"2026-03-23T17:47:16+00:00\" \/>\n<meta name=\"author\" content=\"Telinha\" \/>\n<meta name=\"twitter:card\" content=\"summary_large_image\" \/>\n<meta name=\"twitter:label1\" content=\"Escrito por\" \/>\n\t<meta name=\"twitter:data1\" content=\"Telinha\" \/>\n\t<meta name=\"twitter:label2\" content=\"Tempo estimado de leitura\" \/>\n\t<meta name=\"twitter:data2\" content=\"2 minutos\" \/>\n<script type=\"application\/ld+json\" class=\"yoast-schema-graph\">{\"@context\":\"https:\/\/schema.org\",\"@graph\":[{\"@type\":\"Article\",\"@id\":\"https:\/\/portaltela.pt\/noticias\/2026\/03\/23\/criancas-de-12-anos-ja-sao-radicalizadas-na-europa-diz-ue\/#article\",\"isPartOf\":{\"@id\":\"https:\/\/portaltela.pt\/noticias\/2026\/03\/23\/criancas-de-12-anos-ja-sao-radicalizadas-na-europa-diz-ue\/\"},\"author\":{\"name\":\"Telinha\",\"@id\":\"https:\/\/portaltela.pt\/#\/schema\/person\/c4278d4a6028830caff9ee44b42d32ed\"},\"headline\":\"Crian\u00e7as de 12 anos j\u00e1 s\u00e3o radicalizadas na Europa, diz UE\",\"datePublished\":\"2026-03-23T17:47:16+00:00\",\"mainEntityOfPage\":{\"@id\":\"https:\/\/portaltela.pt\/noticias\/2026\/03\/23\/criancas-de-12-anos-ja-sao-radicalizadas-na-europa-diz-ue\/\"},\"wordCount\":379,\"image\":{\"@id\":\"https:\/\/portaltela.pt\/noticias\/2026\/03\/23\/criancas-de-12-anos-ja-sao-radicalizadas-na-europa-diz-ue\/#primaryimage\"},\"thumbnailUrl\":\"https:\/\/portaltela.pt\/s.01k8rhncp4jt1\/2026\/03\/1536x864_cmsv2_a4b933cb-7848-549a-a626-6f4f59b5d514-9691384.jpg\",\"keywords\":[\"extremismo\",\"informa\u00e7\u00e3o internacional\",\"jihadismo\",\"menores\",\"seguran\u00e7a p\u00fablica\",\"terrorismo\"],\"articleSection\":[\"Seguran\u00e7a\"],\"inLanguage\":\"pt-PT\"},{\"@type\":\"WebPage\",\"@id\":\"https:\/\/portaltela.pt\/noticias\/2026\/03\/23\/criancas-de-12-anos-ja-sao-radicalizadas-na-europa-diz-ue\/\",\"url\":\"https:\/\/portaltela.pt\/noticias\/2026\/03\/23\/criancas-de-12-anos-ja-sao-radicalizadas-na-europa-diz-ue\/\",\"name\":\"Crian\u00e7as de 12 anos j\u00e1 s\u00e3o radicalizadas na Europa, diz UE - Portal Tela Portugal\",\"isPartOf\":{\"@id\":\"https:\/\/portaltela.pt\/#website\"},\"primaryImageOfPage\":{\"@id\":\"https:\/\/portaltela.pt\/noticias\/2026\/03\/23\/criancas-de-12-anos-ja-sao-radicalizadas-na-europa-diz-ue\/#primaryimage\"},\"image\":{\"@id\":\"https:\/\/portaltela.pt\/noticias\/2026\/03\/23\/criancas-de-12-anos-ja-sao-radicalizadas-na-europa-diz-ue\/#primaryimage\"},\"thumbnailUrl\":\"https:\/\/portaltela.pt\/s.01k8rhncp4jt1\/2026\/03\/1536x864_cmsv2_a4b933cb-7848-549a-a626-6f4f59b5d514-9691384.jpg\",\"datePublished\":\"2026-03-23T17:47:16+00:00\",\"author\":{\"@id\":\"https:\/\/portaltela.pt\/#\/schema\/person\/c4278d4a6028830caff9ee44b42d32ed\"},\"breadcrumb\":{\"@id\":\"https:\/\/portaltela.pt\/noticias\/2026\/03\/23\/criancas-de-12-anos-ja-sao-radicalizadas-na-europa-diz-ue\/#breadcrumb\"},\"inLanguage\":\"pt-PT\",\"potentialAction\":[{\"@type\":\"ReadAction\",\"target\":[\"https:\/\/portaltela.pt\/noticias\/2026\/03\/23\/criancas-de-12-anos-ja-sao-radicalizadas-na-europa-diz-ue\/\"]}]},{\"@type\":\"ImageObject\",\"inLanguage\":\"pt-PT\",\"@id\":\"https:\/\/portaltela.pt\/noticias\/2026\/03\/23\/criancas-de-12-anos-ja-sao-radicalizadas-na-europa-diz-ue\/#primaryimage\",\"url\":\"https:\/\/portaltela.pt\/s.01k8rhncp4jt1\/2026\/03\/1536x864_cmsv2_a4b933cb-7848-549a-a626-6f4f59b5d514-9691384.jpg\",\"contentUrl\":\"https:\/\/portaltela.pt\/s.01k8rhncp4jt1\/2026\/03\/1536x864_cmsv2_a4b933cb-7848-549a-a626-6f4f59b5d514-9691384.jpg\",\"width\":796,\"height\":448,\"caption\":\"Bartjan Wegter, Coordenador da Luta Antiterrorista da UE no est\u00fadio da Euronews, 23 de mar\u00e7o de 2026\"},{\"@type\":\"BreadcrumbList\",\"@id\":\"https:\/\/portaltela.pt\/noticias\/2026\/03\/23\/criancas-de-12-anos-ja-sao-radicalizadas-na-europa-diz-ue\/#breadcrumb\",\"itemListElement\":[{\"@type\":\"ListItem\",\"position\":1,\"name\":\"In\u00edcio\",\"item\":\"https:\/\/portaltela.pt\/\"},{\"@type\":\"ListItem\",\"position\":2,\"name\":\"Crian\u00e7as de 12 anos j\u00e1 s\u00e3o radicalizadas na Europa, diz UE\"}]},{\"@type\":\"WebSite\",\"@id\":\"https:\/\/portaltela.pt\/#website\",\"url\":\"https:\/\/portaltela.pt\/\",\"name\":\"Portal Tela Portugal\",\"description\":\"\",\"potentialAction\":[{\"@type\":\"SearchAction\",\"target\":{\"@type\":\"EntryPoint\",\"urlTemplate\":\"https:\/\/portaltela.pt\/?s={search_term_string}\"},\"query-input\":{\"@type\":\"PropertyValueSpecification\",\"valueRequired\":true,\"valueName\":\"search_term_string\"}}],\"inLanguage\":\"pt-PT\"},{\"@type\":\"Person\",\"@id\":\"https:\/\/portaltela.pt\/#\/schema\/person\/c4278d4a6028830caff9ee44b42d32ed\",\"name\":\"Telinha\",\"image\":{\"@type\":\"ImageObject\",\"inLanguage\":\"pt-PT\",\"@id\":\"https:\/\/portaltela.pt\/s.01k8rhncp4jt1\/2025\/11\/talking-bot-125x125.png\",\"url\":\"https:\/\/portaltela.pt\/s.01k8rhncp4jt1\/2025\/11\/talking-bot-125x125.png\",\"contentUrl\":\"https:\/\/portaltela.pt\/s.01k8rhncp4jt1\/2025\/11\/talking-bot-125x125.png\",\"caption\":\"Telinha\"},\"sameAs\":[\"https:\/\/portaltela.pt\/\"],\"url\":\"https:\/\/portaltela.pt\/por\/367410592786\/\"}]}<\/script>\n<!-- \/ Yoast SEO plugin. -->","yoast_head_json":{"title":"Crian\u00e7as de 12 anos j\u00e1 s\u00e3o radicalizadas na Europa, diz UE - Portal Tela Portugal","robots":{"index":"index","follow":"follow","max-snippet":"max-snippet:-1","max-image-preview":"max-image-preview:large","max-video-preview":"max-video-preview:-1"},"og_locale":"pt_PT","og_type":"article","og_title":"Crian\u00e7as de 12 anos j\u00e1 s\u00e3o radicalizadas na Europa, diz UE - Portal Tela Portugal","og_description":"Bartjan Wegter, coordenador de contraterrorismo da Uni\u00e3o Europeia (UE), alerta que a radicaliza\u00e7\u00e3o online afeta jovens europeus, incluindo crian\u00e7as a partir de doze anos. A radicaliza\u00e7\u00e3o ocorre principalmente online, com jovens a passar entre cinco e oito horas por dia nas redes sociais, e sem necessidade de encontros presenciais. Em dois mil e vinte e quatro foram detidas na UE quarenta e quatrocentas e noventa pessoas por crimes relacionados com terrorismo; trezentos e trinta e tr\u00eas tinham entre doze e vinte anos, com o mais novo a doze anos. O jihadismo continua a ser a principal amea\u00e7a, com o Estado Isl\u00e2mico a adaptar t\u00e1ticas, descentralizando centros de comando e recrutando dentro da UE. Surge o extremismo violento niilista, onde comunidades online combinam ideologias diversas para incitar viol\u00eancia entre jovens sem uma bagagem ideol\u00f3gica r\u00edgida.","og_url":"https:\/\/portaltela.pt\/noticias\/2026\/03\/23\/criancas-de-12-anos-ja-sao-radicalizadas-na-europa-diz-ue\/","og_site_name":"Portal Tela Portugal","article_published_time":"2026-03-23T17:47:16+00:00","author":"Telinha","twitter_card":"summary_large_image","twitter_misc":{"Escrito por":"Telinha","Tempo estimado de leitura":"2 minutos"},"schema":{"@context":"https:\/\/schema.org","@graph":[{"@type":"Article","@id":"https:\/\/portaltela.pt\/noticias\/2026\/03\/23\/criancas-de-12-anos-ja-sao-radicalizadas-na-europa-diz-ue\/#article","isPartOf":{"@id":"https:\/\/portaltela.pt\/noticias\/2026\/03\/23\/criancas-de-12-anos-ja-sao-radicalizadas-na-europa-diz-ue\/"},"author":{"name":"Telinha","@id":"https:\/\/portaltela.pt\/#\/schema\/person\/c4278d4a6028830caff9ee44b42d32ed"},"headline":"Crian\u00e7as de 12 anos j\u00e1 s\u00e3o radicalizadas na Europa, diz UE","datePublished":"2026-03-23T17:47:16+00:00","mainEntityOfPage":{"@id":"https:\/\/portaltela.pt\/noticias\/2026\/03\/23\/criancas-de-12-anos-ja-sao-radicalizadas-na-europa-diz-ue\/"},"wordCount":379,"image":{"@id":"https:\/\/portaltela.pt\/noticias\/2026\/03\/23\/criancas-de-12-anos-ja-sao-radicalizadas-na-europa-diz-ue\/#primaryimage"},"thumbnailUrl":"https:\/\/portaltela.pt\/s.01k8rhncp4jt1\/2026\/03\/1536x864_cmsv2_a4b933cb-7848-549a-a626-6f4f59b5d514-9691384.jpg","keywords":["extremismo","informa\u00e7\u00e3o internacional","jihadismo","menores","seguran\u00e7a p\u00fablica","terrorismo"],"articleSection":["Seguran\u00e7a"],"inLanguage":"pt-PT"},{"@type":"WebPage","@id":"https:\/\/portaltela.pt\/noticias\/2026\/03\/23\/criancas-de-12-anos-ja-sao-radicalizadas-na-europa-diz-ue\/","url":"https:\/\/portaltela.pt\/noticias\/2026\/03\/23\/criancas-de-12-anos-ja-sao-radicalizadas-na-europa-diz-ue\/","name":"Crian\u00e7as de 12 anos j\u00e1 s\u00e3o radicalizadas na Europa, diz UE - Portal Tela Portugal","isPartOf":{"@id":"https:\/\/portaltela.pt\/#website"},"primaryImageOfPage":{"@id":"https:\/\/portaltela.pt\/noticias\/2026\/03\/23\/criancas-de-12-anos-ja-sao-radicalizadas-na-europa-diz-ue\/#primaryimage"},"image":{"@id":"https:\/\/portaltela.pt\/noticias\/2026\/03\/23\/criancas-de-12-anos-ja-sao-radicalizadas-na-europa-diz-ue\/#primaryimage"},"thumbnailUrl":"https:\/\/portaltela.pt\/s.01k8rhncp4jt1\/2026\/03\/1536x864_cmsv2_a4b933cb-7848-549a-a626-6f4f59b5d514-9691384.jpg","datePublished":"2026-03-23T17:47:16+00:00","author":{"@id":"https:\/\/portaltela.pt\/#\/schema\/person\/c4278d4a6028830caff9ee44b42d32ed"},"breadcrumb":{"@id":"https:\/\/portaltela.pt\/noticias\/2026\/03\/23\/criancas-de-12-anos-ja-sao-radicalizadas-na-europa-diz-ue\/#breadcrumb"},"inLanguage":"pt-PT","potentialAction":[{"@type":"ReadAction","target":["https:\/\/portaltela.pt\/noticias\/2026\/03\/23\/criancas-de-12-anos-ja-sao-radicalizadas-na-europa-diz-ue\/"]}]},{"@type":"ImageObject","inLanguage":"pt-PT","@id":"https:\/\/portaltela.pt\/noticias\/2026\/03\/23\/criancas-de-12-anos-ja-sao-radicalizadas-na-europa-diz-ue\/#primaryimage","url":"https:\/\/portaltela.pt\/s.01k8rhncp4jt1\/2026\/03\/1536x864_cmsv2_a4b933cb-7848-549a-a626-6f4f59b5d514-9691384.jpg","contentUrl":"https:\/\/portaltela.pt\/s.01k8rhncp4jt1\/2026\/03\/1536x864_cmsv2_a4b933cb-7848-549a-a626-6f4f59b5d514-9691384.jpg","width":796,"height":448,"caption":"Bartjan Wegter, Coordenador da Luta Antiterrorista da UE no est\u00fadio da Euronews, 23 de mar\u00e7o de 2026"},{"@type":"BreadcrumbList","@id":"https:\/\/portaltela.pt\/noticias\/2026\/03\/23\/criancas-de-12-anos-ja-sao-radicalizadas-na-europa-diz-ue\/#breadcrumb","itemListElement":[{"@type":"ListItem","position":1,"name":"In\u00edcio","item":"https:\/\/portaltela.pt\/"},{"@type":"ListItem","position":2,"name":"Crian\u00e7as de 12 anos j\u00e1 s\u00e3o radicalizadas na Europa, diz UE"}]},{"@type":"WebSite","@id":"https:\/\/portaltela.pt\/#website","url":"https:\/\/portaltela.pt\/","name":"Portal Tela Portugal","description":"","potentialAction":[{"@type":"SearchAction","target":{"@type":"EntryPoint","urlTemplate":"https:\/\/portaltela.pt\/?s={search_term_string}"},"query-input":{"@type":"PropertyValueSpecification","valueRequired":true,"valueName":"search_term_string"}}],"inLanguage":"pt-PT"},{"@type":"Person","@id":"https:\/\/portaltela.pt\/#\/schema\/person\/c4278d4a6028830caff9ee44b42d32ed","name":"Telinha","image":{"@type":"ImageObject","inLanguage":"pt-PT","@id":"https:\/\/portaltela.pt\/s.01k8rhncp4jt1\/2025\/11\/talking-bot-125x125.png","url":"https:\/\/portaltela.pt\/s.01k8rhncp4jt1\/2025\/11\/talking-bot-125x125.png","contentUrl":"https:\/\/portaltela.pt\/s.01k8rhncp4jt1\/2025\/11\/talking-bot-125x125.png","caption":"Telinha"},"sameAs":["https:\/\/portaltela.pt\/"],"url":"https:\/\/portaltela.pt\/por\/367410592786\/"}]}},"_links":{"self":[{"href":"https:\/\/portaltela.pt\/api\/wp\/v2\/posts\/418714","targetHints":{"allow":["GET"]}}],"collection":[{"href":"https:\/\/portaltela.pt\/api\/wp\/v2\/posts"}],"about":[{"href":"https:\/\/portaltela.pt\/api\/wp\/v2\/types\/post"}],"author":[{"embeddable":true,"href":"https:\/\/portaltela.pt\/api\/wp\/v2\/users\/2"}],"replies":[{"embeddable":true,"href":"https:\/\/portaltela.pt\/api\/wp\/v2\/comments?post=418714"}],"version-history":[{"count":0,"href":"https:\/\/portaltela.pt\/api\/wp\/v2\/posts\/418714\/revisions"}],"wp:featuredmedia":[{"embeddable":true,"href":"https:\/\/portaltela.pt\/api\/wp\/v2\/media\/418717"}],"wp:attachment":[{"href":"https:\/\/portaltela.pt\/api\/wp\/v2\/media?parent=418714"}],"wp:term":[{"taxonomy":"category","embeddable":true,"href":"https:\/\/portaltela.pt\/api\/wp\/v2\/categories?post=418714"},{"taxonomy":"post_tag","embeddable":true,"href":"https:\/\/portaltela.pt\/api\/wp\/v2\/tags?post=418714"}],"curies":[{"name":"wp","href":"https:\/\/api.w.org\/{rel}","templated":true}]}}