{"id":418710,"date":"2026-03-23T14:42:50","date_gmt":"2026-03-23T17:42:50","guid":{"rendered":"https:\/\/portaltela.pt\/noticias\/2026\/03\/23\/leiria-vai-construir-10-habitacoes-em-arrendamento-apoiado\/"},"modified":"2026-03-23T14:42:50","modified_gmt":"2026-03-23T17:42:50","slug":"leiria-vai-construir-10-habitacoes-em-arrendamento-apoiado","status":"publish","type":"post","link":"https:\/\/portaltela.pt\/sociedade\/2026\/03\/23\/leiria-vai-construir-10-habitacoes-em-arrendamento-apoiado\/","title":{"rendered":"Leiria vai construir 10 habita\u00e7\u00f5es em arrendamento apoiado"},"content":{"rendered":"<p>O Munic\u00edpio de Leiria vai construir 10 habita\u00e7\u00f5es sociais para arrendamento apoiado, num investimento de quase 900 mil euros. A delibera\u00e7\u00e3o foi aprovada na reuni\u00e3o do executivo realizada esta segunda-feira.<\/p>\n<p>Segundo a vereadora Ana Valentim, respons\u00e1vel pela habita\u00e7\u00e3o apoiada, o concurso p\u00fablico insere-se na Estrat\u00e9gia Local de Habita\u00e7\u00e3o do munic\u00edpio, no \u00e2mbito do financiamento do 1.\u00ba Direito. O programa apoia acesso a habita\u00e7\u00e3o para pessoas em condi\u00e7\u00f5es indignas e com pouca capacidade financeira.<\/p>\n<p>As novas habita\u00e7\u00f5es v\u00e3o ser criadas num terreno cont\u00edguo, onde j\u00e1 existem habita\u00e7\u00f5es de arrendamento apoiado nos Parceiros. A C\u00e2mara pretende colocar 10 fogos: seis T0, um T1, um T2, um T3 e um T4, mantendo a linha de interven\u00e7\u00f5es j\u00e1 realizadas na freguesia.<\/p>\n<h3>O que envolve o projeto<\/h3>\n<p>A autarquia explica que a obra est\u00e1 alinhada com a Estrat\u00e9gia Local de Habita\u00e7\u00e3o e com o que foi aprovado pelo IHRU para constru\u00e7\u00e3o de novas habita\u00e7\u00f5es. A inten\u00e7\u00e3o \u00e9 aumentar o parque de arrendamento apoiado no concelho.<\/p>\n<h3>Programa de Comparticipa\u00e7\u00e3o ao Arrendamento<\/h3>\n<p>A C\u00e2mara refor\u00e7a ainda o Programa de Comparticipa\u00e7\u00e3o ao Arrendamento, que tem ajudado centenas de fam\u00edlias e contribu\u00eddo para reduzir despejos. Em 2025, o munic\u00edpio apoiou quase 410 mil euros para 279 pessoas atrav\u00e9s deste programa.<\/p>\n<p>Em paralelo, est\u00e1 em curso a reabilita\u00e7\u00e3o do parque habitacional municipal e uma atualiza\u00e7\u00e3o do Fundo de Emerg\u00eancia Social, aprovada em 16 de mar\u00e7o para ampliar apoios pontuais na \u00e1rea da habita\u00e7\u00e3o. A altera\u00e7\u00e3o permite aumentar o apoio ao pagamento de renda, ampliando o teto de apoio financeiro e incluindo cau\u00e7\u00e3o para novos contratos.<\/p>\n","protected":false},"excerpt":{"rendered":"<ul>\n<li>O Munic\u00edpio de Leiria vai construir 10 habita\u00e7\u00f5es sociais para arrendamento apoiado, com investimento de quase 900 mil euros, decis\u00e3o tomada em reuni\u00e3o de C\u00e2mara.<\/li>\n<li>O concurso p\u00fablico tem pre\u00e7o base de 884.343,71 euros e prev\u00ea 10 fogos (seis T0, um T1, um T2, um T3 e um T4) numa \u00e1rea cont\u00edgua onde j\u00e1 existem habita\u00e7\u00f5es do regime nos Parceiros.<\/li>\n<li>O projeto est\u00e1 enquadrado na Estrat\u00e9gia Local de Habita\u00e7\u00e3o e no programa 1.\u00ba Direito, para apoiar quem vive em condi\u00e7\u00f5es inadequadas e n\u00e3o tem capacidade financeira para aceder a uma habita\u00e7\u00e3o.<\/li>\n<li>Para al\u00e9m disto, o Programa de Comparticipa\u00e7\u00e3o ao Arrendamento tem sido crucial: em 2025 apoiou quase 410 mil euros a 279 pessoas e ajudou a reduzir despejos, segundo dados da autarquia.<\/li>\n<li>A C\u00e2mara aprovou, ainda, uma altera\u00e7\u00e3o ao Fundo de Emerg\u00eancia Social para ampliar apoio \u00e0 habita\u00e7\u00e3o: renda at\u00e9 cinco meses, plafond at\u00e9 3 mil euros e cau\u00e7\u00e3o at\u00e9 700 euros para novos contratos.<\/li>\n<\/ul>\n","protected":false},"author":2,"featured_media":418713,"comment_status":"closed","ping_status":"closed","sticky":false,"template":"","format":"standard","meta":{"footnotes":""},"categories":[1,6871],"tags":[4648,3014,5112,150,1167,1385],"class_list":["post-418710","post","type-post","status-publish","format-standard","has-post-thumbnail","hentry","category-noticias","category-sociedade","tag-1o-direito","tag-arrendamento","tag-fundo-de-emergencia-social","tag-habitacao","tag-habitacao-social","tag-leiria"],"yoast_head":"<!-- This site is optimized with the Yoast SEO plugin v27.2 - https:\/\/yoast.com\/product\/yoast-seo-wordpress\/ -->\n<title>Leiria vai construir 10 habita\u00e7\u00f5es em arrendamento apoiado - Portal Tela Portugal<\/title>\n<meta name=\"robots\" content=\"index, follow, max-snippet:-1, max-image-preview:large, max-video-preview:-1\" \/>\n<meta property=\"og:locale\" content=\"pt_PT\" \/>\n<meta property=\"og:type\" content=\"article\" \/>\n<meta property=\"og:title\" content=\"Leiria vai construir 10 habita\u00e7\u00f5es em arrendamento apoiado - Portal Tela Portugal\" \/>\n<meta property=\"og:description\" content=\"O Munic\u00edpio de Leiria vai construir 10 habita\u00e7\u00f5es sociais para arrendamento apoiado, com investimento de quase 900 mil euros, decis\u00e3o tomada em reuni\u00e3o de C\u00e2mara. O concurso p\u00fablico tem pre\u00e7o base de 884.343,71 euros e prev\u00ea 10 fogos (seis T0, um T1, um T2, um T3 e um T4) numa \u00e1rea cont\u00edgua onde j\u00e1 existem habita\u00e7\u00f5es do regime nos Parceiros. O projeto est\u00e1 enquadrado na Estrat\u00e9gia Local de Habita\u00e7\u00e3o e no programa 1.\u00ba Direito, para apoiar quem vive em condi\u00e7\u00f5es inadequadas e n\u00e3o tem capacidade financeira para aceder a uma habita\u00e7\u00e3o. Para al\u00e9m disto, o Programa de Comparticipa\u00e7\u00e3o ao Arrendamento tem sido crucial: em 2025 apoiou quase 410 mil euros a 279 pessoas e ajudou a reduzir despejos, segundo dados da autarquia. A C\u00e2mara aprovou, ainda, uma altera\u00e7\u00e3o ao Fundo de Emerg\u00eancia Social para ampliar apoio \u00e0 habita\u00e7\u00e3o: renda at\u00e9 cinco meses, plafond at\u00e9 3 mil euros e cau\u00e7\u00e3o at\u00e9 700 euros para novos contratos.\" \/>\n<meta property=\"og:url\" content=\"https:\/\/portaltela.pt\/noticias\/2026\/03\/23\/leiria-vai-construir-10-habitacoes-em-arrendamento-apoiado\/\" \/>\n<meta property=\"og:site_name\" content=\"Portal Tela Portugal\" \/>\n<meta property=\"article:published_time\" content=\"2026-03-23T17:42:50+00:00\" \/>\n<meta name=\"author\" content=\"Telinha\" \/>\n<meta name=\"twitter:card\" content=\"summary_large_image\" \/>\n<meta name=\"twitter:label1\" content=\"Escrito por\" \/>\n\t<meta name=\"twitter:data1\" content=\"Telinha\" \/>\n\t<meta name=\"twitter:label2\" content=\"Tempo estimado de leitura\" \/>\n\t<meta name=\"twitter:data2\" content=\"1 minuto\" \/>\n<script type=\"application\/ld+json\" class=\"yoast-schema-graph\">{\"@context\":\"https:\/\/schema.org\",\"@graph\":[{\"@type\":\"Article\",\"@id\":\"https:\/\/portaltela.pt\/noticias\/2026\/03\/23\/leiria-vai-construir-10-habitacoes-em-arrendamento-apoiado\/#article\",\"isPartOf\":{\"@id\":\"https:\/\/portaltela.pt\/noticias\/2026\/03\/23\/leiria-vai-construir-10-habitacoes-em-arrendamento-apoiado\/\"},\"author\":{\"name\":\"Telinha\",\"@id\":\"https:\/\/portaltela.pt\/#\/schema\/person\/c4278d4a6028830caff9ee44b42d32ed\"},\"headline\":\"Leiria vai construir 10 habita\u00e7\u00f5es em arrendamento apoiado\",\"datePublished\":\"2026-03-23T17:42:50+00:00\",\"mainEntityOfPage\":{\"@id\":\"https:\/\/portaltela.pt\/noticias\/2026\/03\/23\/leiria-vai-construir-10-habitacoes-em-arrendamento-apoiado\/\"},\"wordCount\":292,\"image\":{\"@id\":\"https:\/\/portaltela.pt\/noticias\/2026\/03\/23\/leiria-vai-construir-10-habitacoes-em-arrendamento-apoiado\/#primaryimage\"},\"thumbnailUrl\":\"https:\/\/portaltela.pt\/s.01k8rhncp4jt1\/2026\/03\/img_1500x1000uu2022-05-05-21-21-31-1146657.jpg\",\"keywords\":[\"1\u00ba Direito\",\"arrendamento\",\"Fundo de Emerg\u00eancia Social\",\"habita\u00e7\u00e3o\",\"habita\u00e7\u00e3o social\",\"Leiria\"],\"articleSection\":[\"Not\u00edcias\",\"Sociedade\"],\"inLanguage\":\"pt-PT\"},{\"@type\":\"WebPage\",\"@id\":\"https:\/\/portaltela.pt\/noticias\/2026\/03\/23\/leiria-vai-construir-10-habitacoes-em-arrendamento-apoiado\/\",\"url\":\"https:\/\/portaltela.pt\/noticias\/2026\/03\/23\/leiria-vai-construir-10-habitacoes-em-arrendamento-apoiado\/\",\"name\":\"Leiria vai construir 10 habita\u00e7\u00f5es em arrendamento apoiado - Portal Tela Portugal\",\"isPartOf\":{\"@id\":\"https:\/\/portaltela.pt\/#website\"},\"primaryImageOfPage\":{\"@id\":\"https:\/\/portaltela.pt\/noticias\/2026\/03\/23\/leiria-vai-construir-10-habitacoes-em-arrendamento-apoiado\/#primaryimage\"},\"image\":{\"@id\":\"https:\/\/portaltela.pt\/noticias\/2026\/03\/23\/leiria-vai-construir-10-habitacoes-em-arrendamento-apoiado\/#primaryimage\"},\"thumbnailUrl\":\"https:\/\/portaltela.pt\/s.01k8rhncp4jt1\/2026\/03\/img_1500x1000uu2022-05-05-21-21-31-1146657.jpg\",\"datePublished\":\"2026-03-23T17:42:50+00:00\",\"author\":{\"@id\":\"https:\/\/portaltela.pt\/#\/schema\/person\/c4278d4a6028830caff9ee44b42d32ed\"},\"breadcrumb\":{\"@id\":\"https:\/\/portaltela.pt\/noticias\/2026\/03\/23\/leiria-vai-construir-10-habitacoes-em-arrendamento-apoiado\/#breadcrumb\"},\"inLanguage\":\"pt-PT\",\"potentialAction\":[{\"@type\":\"ReadAction\",\"target\":[\"https:\/\/portaltela.pt\/noticias\/2026\/03\/23\/leiria-vai-construir-10-habitacoes-em-arrendamento-apoiado\/\"]}]},{\"@type\":\"ImageObject\",\"inLanguage\":\"pt-PT\",\"@id\":\"https:\/\/portaltela.pt\/noticias\/2026\/03\/23\/leiria-vai-construir-10-habitacoes-em-arrendamento-apoiado\/#primaryimage\",\"url\":\"https:\/\/portaltela.pt\/s.01k8rhncp4jt1\/2026\/03\/img_1500x1000uu2022-05-05-21-21-31-1146657.jpg\",\"contentUrl\":\"https:\/\/portaltela.pt\/s.01k8rhncp4jt1\/2026\/03\/img_1500x1000uu2022-05-05-21-21-31-1146657.jpg\",\"width\":796,\"height\":448,\"caption\":\"Ana Abrunhosa\"},{\"@type\":\"BreadcrumbList\",\"@id\":\"https:\/\/portaltela.pt\/noticias\/2026\/03\/23\/leiria-vai-construir-10-habitacoes-em-arrendamento-apoiado\/#breadcrumb\",\"itemListElement\":[{\"@type\":\"ListItem\",\"position\":1,\"name\":\"In\u00edcio\",\"item\":\"https:\/\/portaltela.pt\/\"},{\"@type\":\"ListItem\",\"position\":2,\"name\":\"Leiria vai construir 10 habita\u00e7\u00f5es em arrendamento apoiado\"}]},{\"@type\":\"WebSite\",\"@id\":\"https:\/\/portaltela.pt\/#website\",\"url\":\"https:\/\/portaltela.pt\/\",\"name\":\"Portal Tela Portugal\",\"description\":\"\",\"potentialAction\":[{\"@type\":\"SearchAction\",\"target\":{\"@type\":\"EntryPoint\",\"urlTemplate\":\"https:\/\/portaltela.pt\/?s={search_term_string}\"},\"query-input\":{\"@type\":\"PropertyValueSpecification\",\"valueRequired\":true,\"valueName\":\"search_term_string\"}}],\"inLanguage\":\"pt-PT\"},{\"@type\":\"Person\",\"@id\":\"https:\/\/portaltela.pt\/#\/schema\/person\/c4278d4a6028830caff9ee44b42d32ed\",\"name\":\"Telinha\",\"image\":{\"@type\":\"ImageObject\",\"inLanguage\":\"pt-PT\",\"@id\":\"https:\/\/portaltela.pt\/s.01k8rhncp4jt1\/2025\/11\/talking-bot-125x125.png\",\"url\":\"https:\/\/portaltela.pt\/s.01k8rhncp4jt1\/2025\/11\/talking-bot-125x125.png\",\"contentUrl\":\"https:\/\/portaltela.pt\/s.01k8rhncp4jt1\/2025\/11\/talking-bot-125x125.png\",\"caption\":\"Telinha\"},\"sameAs\":[\"https:\/\/portaltela.pt\/\"],\"url\":\"https:\/\/portaltela.pt\/por\/367410592786\/\"}]}<\/script>\n<!-- \/ Yoast SEO plugin. -->","yoast_head_json":{"title":"Leiria vai construir 10 habita\u00e7\u00f5es em arrendamento apoiado - Portal Tela Portugal","robots":{"index":"index","follow":"follow","max-snippet":"max-snippet:-1","max-image-preview":"max-image-preview:large","max-video-preview":"max-video-preview:-1"},"og_locale":"pt_PT","og_type":"article","og_title":"Leiria vai construir 10 habita\u00e7\u00f5es em arrendamento apoiado - Portal Tela Portugal","og_description":"O Munic\u00edpio de Leiria vai construir 10 habita\u00e7\u00f5es sociais para arrendamento apoiado, com investimento de quase 900 mil euros, decis\u00e3o tomada em reuni\u00e3o de C\u00e2mara. O concurso p\u00fablico tem pre\u00e7o base de 884.343,71 euros e prev\u00ea 10 fogos (seis T0, um T1, um T2, um T3 e um T4) numa \u00e1rea cont\u00edgua onde j\u00e1 existem habita\u00e7\u00f5es do regime nos Parceiros. O projeto est\u00e1 enquadrado na Estrat\u00e9gia Local de Habita\u00e7\u00e3o e no programa 1.\u00ba Direito, para apoiar quem vive em condi\u00e7\u00f5es inadequadas e n\u00e3o tem capacidade financeira para aceder a uma habita\u00e7\u00e3o. Para al\u00e9m disto, o Programa de Comparticipa\u00e7\u00e3o ao Arrendamento tem sido crucial: em 2025 apoiou quase 410 mil euros a 279 pessoas e ajudou a reduzir despejos, segundo dados da autarquia. A C\u00e2mara aprovou, ainda, uma altera\u00e7\u00e3o ao Fundo de Emerg\u00eancia Social para ampliar apoio \u00e0 habita\u00e7\u00e3o: renda at\u00e9 cinco meses, plafond at\u00e9 3 mil euros e cau\u00e7\u00e3o at\u00e9 700 euros para novos contratos.","og_url":"https:\/\/portaltela.pt\/noticias\/2026\/03\/23\/leiria-vai-construir-10-habitacoes-em-arrendamento-apoiado\/","og_site_name":"Portal Tela Portugal","article_published_time":"2026-03-23T17:42:50+00:00","author":"Telinha","twitter_card":"summary_large_image","twitter_misc":{"Escrito por":"Telinha","Tempo estimado de leitura":"1 minuto"},"schema":{"@context":"https:\/\/schema.org","@graph":[{"@type":"Article","@id":"https:\/\/portaltela.pt\/noticias\/2026\/03\/23\/leiria-vai-construir-10-habitacoes-em-arrendamento-apoiado\/#article","isPartOf":{"@id":"https:\/\/portaltela.pt\/noticias\/2026\/03\/23\/leiria-vai-construir-10-habitacoes-em-arrendamento-apoiado\/"},"author":{"name":"Telinha","@id":"https:\/\/portaltela.pt\/#\/schema\/person\/c4278d4a6028830caff9ee44b42d32ed"},"headline":"Leiria vai construir 10 habita\u00e7\u00f5es em arrendamento apoiado","datePublished":"2026-03-23T17:42:50+00:00","mainEntityOfPage":{"@id":"https:\/\/portaltela.pt\/noticias\/2026\/03\/23\/leiria-vai-construir-10-habitacoes-em-arrendamento-apoiado\/"},"wordCount":292,"image":{"@id":"https:\/\/portaltela.pt\/noticias\/2026\/03\/23\/leiria-vai-construir-10-habitacoes-em-arrendamento-apoiado\/#primaryimage"},"thumbnailUrl":"https:\/\/portaltela.pt\/s.01k8rhncp4jt1\/2026\/03\/img_1500x1000uu2022-05-05-21-21-31-1146657.jpg","keywords":["1\u00ba Direito","arrendamento","Fundo de Emerg\u00eancia Social","habita\u00e7\u00e3o","habita\u00e7\u00e3o social","Leiria"],"articleSection":["Not\u00edcias","Sociedade"],"inLanguage":"pt-PT"},{"@type":"WebPage","@id":"https:\/\/portaltela.pt\/noticias\/2026\/03\/23\/leiria-vai-construir-10-habitacoes-em-arrendamento-apoiado\/","url":"https:\/\/portaltela.pt\/noticias\/2026\/03\/23\/leiria-vai-construir-10-habitacoes-em-arrendamento-apoiado\/","name":"Leiria vai construir 10 habita\u00e7\u00f5es em arrendamento apoiado - Portal Tela Portugal","isPartOf":{"@id":"https:\/\/portaltela.pt\/#website"},"primaryImageOfPage":{"@id":"https:\/\/portaltela.pt\/noticias\/2026\/03\/23\/leiria-vai-construir-10-habitacoes-em-arrendamento-apoiado\/#primaryimage"},"image":{"@id":"https:\/\/portaltela.pt\/noticias\/2026\/03\/23\/leiria-vai-construir-10-habitacoes-em-arrendamento-apoiado\/#primaryimage"},"thumbnailUrl":"https:\/\/portaltela.pt\/s.01k8rhncp4jt1\/2026\/03\/img_1500x1000uu2022-05-05-21-21-31-1146657.jpg","datePublished":"2026-03-23T17:42:50+00:00","author":{"@id":"https:\/\/portaltela.pt\/#\/schema\/person\/c4278d4a6028830caff9ee44b42d32ed"},"breadcrumb":{"@id":"https:\/\/portaltela.pt\/noticias\/2026\/03\/23\/leiria-vai-construir-10-habitacoes-em-arrendamento-apoiado\/#breadcrumb"},"inLanguage":"pt-PT","potentialAction":[{"@type":"ReadAction","target":["https:\/\/portaltela.pt\/noticias\/2026\/03\/23\/leiria-vai-construir-10-habitacoes-em-arrendamento-apoiado\/"]}]},{"@type":"ImageObject","inLanguage":"pt-PT","@id":"https:\/\/portaltela.pt\/noticias\/2026\/03\/23\/leiria-vai-construir-10-habitacoes-em-arrendamento-apoiado\/#primaryimage","url":"https:\/\/portaltela.pt\/s.01k8rhncp4jt1\/2026\/03\/img_1500x1000uu2022-05-05-21-21-31-1146657.jpg","contentUrl":"https:\/\/portaltela.pt\/s.01k8rhncp4jt1\/2026\/03\/img_1500x1000uu2022-05-05-21-21-31-1146657.jpg","width":796,"height":448,"caption":"Ana Abrunhosa"},{"@type":"BreadcrumbList","@id":"https:\/\/portaltela.pt\/noticias\/2026\/03\/23\/leiria-vai-construir-10-habitacoes-em-arrendamento-apoiado\/#breadcrumb","itemListElement":[{"@type":"ListItem","position":1,"name":"In\u00edcio","item":"https:\/\/portaltela.pt\/"},{"@type":"ListItem","position":2,"name":"Leiria vai construir 10 habita\u00e7\u00f5es em arrendamento apoiado"}]},{"@type":"WebSite","@id":"https:\/\/portaltela.pt\/#website","url":"https:\/\/portaltela.pt\/","name":"Portal Tela Portugal","description":"","potentialAction":[{"@type":"SearchAction","target":{"@type":"EntryPoint","urlTemplate":"https:\/\/portaltela.pt\/?s={search_term_string}"},"query-input":{"@type":"PropertyValueSpecification","valueRequired":true,"valueName":"search_term_string"}}],"inLanguage":"pt-PT"},{"@type":"Person","@id":"https:\/\/portaltela.pt\/#\/schema\/person\/c4278d4a6028830caff9ee44b42d32ed","name":"Telinha","image":{"@type":"ImageObject","inLanguage":"pt-PT","@id":"https:\/\/portaltela.pt\/s.01k8rhncp4jt1\/2025\/11\/talking-bot-125x125.png","url":"https:\/\/portaltela.pt\/s.01k8rhncp4jt1\/2025\/11\/talking-bot-125x125.png","contentUrl":"https:\/\/portaltela.pt\/s.01k8rhncp4jt1\/2025\/11\/talking-bot-125x125.png","caption":"Telinha"},"sameAs":["https:\/\/portaltela.pt\/"],"url":"https:\/\/portaltela.pt\/por\/367410592786\/"}]}},"_links":{"self":[{"href":"https:\/\/portaltela.pt\/api\/wp\/v2\/posts\/418710","targetHints":{"allow":["GET"]}}],"collection":[{"href":"https:\/\/portaltela.pt\/api\/wp\/v2\/posts"}],"about":[{"href":"https:\/\/portaltela.pt\/api\/wp\/v2\/types\/post"}],"author":[{"embeddable":true,"href":"https:\/\/portaltela.pt\/api\/wp\/v2\/users\/2"}],"replies":[{"embeddable":true,"href":"https:\/\/portaltela.pt\/api\/wp\/v2\/comments?post=418710"}],"version-history":[{"count":0,"href":"https:\/\/portaltela.pt\/api\/wp\/v2\/posts\/418710\/revisions"}],"wp:featuredmedia":[{"embeddable":true,"href":"https:\/\/portaltela.pt\/api\/wp\/v2\/media\/418713"}],"wp:attachment":[{"href":"https:\/\/portaltela.pt\/api\/wp\/v2\/media?parent=418710"}],"wp:term":[{"taxonomy":"category","embeddable":true,"href":"https:\/\/portaltela.pt\/api\/wp\/v2\/categories?post=418710"},{"taxonomy":"post_tag","embeddable":true,"href":"https:\/\/portaltela.pt\/api\/wp\/v2\/tags?post=418710"}],"curies":[{"name":"wp","href":"https:\/\/api.w.org\/{rel}","templated":true}]}}