{"id":418709,"date":"2026-03-23T14:24:00","date_gmt":"2026-03-23T17:24:00","guid":{"rendered":"https:\/\/portaltela.pt\/noticias\/2026\/03\/23\/apa-confirma-retirada-total-ou-parcial-de-barreira-obsoleta-no-rio-coa\/"},"modified":"2026-03-23T14:24:00","modified_gmt":"2026-03-23T17:24:00","slug":"apa-confirma-retirada-total-ou-parcial-de-barreira-obsoleta-no-rio-coa","status":"publish","type":"post","link":"https:\/\/portaltela.pt\/meio-ambiente\/2026\/03\/23\/apa-confirma-retirada-total-ou-parcial-de-barreira-obsoleta-no-rio-coa\/","title":{"rendered":"APA confirma retirada total ou parcial de barreira obsoleta no rio C\u00f4a"},"content":{"rendered":"<p>O governo, atrav\u00e9s da Ag\u00eancia Portuguesa do Ambiente (APA), quer decidir entre remover total ou parcialmente a ensecadeira no rio C\u00f4a. A estrutura em bet\u00e3o armado foi criada em 1995, ap\u00f3s a decis\u00e3o de n\u00e3o avan\u00e7ar com uma barragem que esconderia gravuras. A remo\u00e7\u00e3o \u00e9 para evitar a artificializa\u00e7\u00e3o do leito e os impactos ambientais, econ\u00f3micos e culturais.<\/p>\n<p>O presidente da APA, Jos\u00e9 Pimenta Machado, afirma que ainda falta definir quais t\u00e9cnicas de demoli\u00e7\u00e3o ser\u00e3o usadas. O objetivo \u00e9 preservar as gravuras rupestres do Parque Arqueol\u00f3gico do Vale do C\u00f4a, reconhecendo o atual estado de degrada\u00e7\u00e3o da estrutura. T\u00e9cnicos est\u00e3o envolvidos no processo desde 2023.<\/p>\n<p>A iniciativa \u00e9 conjunta entre a Funda\u00e7\u00e3o C\u00f4a Parque, a APA e a Rewilding Portugal. O projeto est\u00e1 inclu\u00eddo no Plano de Recupera\u00e7\u00e3o e Resili\u00eancia (PTRR) e funciona como um dos elementos financiados pelo programa Portugal Transforma\u00e7\u00e3o.<\/p>\n<h3>Tecnologias de remo\u00e7\u00e3o<\/h3>\n<p>H\u00e1 v\u00e1rias propostas de remo\u00e7\u00e3o a estudar, com a op\u00e7\u00e3o de remo\u00e7\u00e3o total ou parcial da ensecadeira. A decis\u00e3o depende da t\u00e9cnica que permita cortar a estrutura sem danificar o leito e as \u00e1reas adjacentes. A sele\u00e7\u00e3o da tecnologia pode influenciar o cronograma.<\/p>\n<p>O Minist\u00e9rio da Cultura j\u00e1 foi informado sobre o mapeamento da retirada, bem como sobre a necessidade de eventual Avalia\u00e7\u00e3o de Impacto Ambiental (AIA). O relat\u00f3rio t\u00e9cnico de viabilidade foi enviado \u00e0 APA para an\u00e1lise final.<\/p>\n<h3>Impacto ambiental e salvaguarda das gravuras<\/h3>\n<p>Pimenta Machado adianta que todo o projeto estar\u00e1 sujeito a um Estudo de Impacto Ambiental. O objetivo \u00e9 mitigar efeitos sobre o ecossistema do rio e assegurar a prote\u00e7\u00e3o das gravuras com a maior seguran\u00e7a poss\u00edvel. A cheia de fevereiro elevou o n\u00edvel de \u00e1gua, afectando o Vale do C\u00f4a.<\/p>\n","protected":false},"excerpt":{"rendered":"<ul>\n<li>A APA afirma que a ensecadeira no rio C\u00f4a pode ser retirada total ou parcialmente, faltando definir a tecnologia de demoli\u00e7\u00e3o.<\/li>\n<li>A estrutura em bet\u00e3o armado foi erguida em 1995 ap\u00f3s a decis\u00e3o de n\u00e3o construir uma barragem para esconder as gravuras rupestres, no Vale do C\u00f4a.<\/li>\n<li>A ensecadeira \u00e9 considerada uma barreira obsoleta que artificializa o rio e tem impactos ambientais, econ\u00f3micos e culturais, inclusive na conserva\u00e7\u00e3o das gravuras.<\/li>\n<li>Em 2023, a Funda\u00e7\u00e3o C\u00f4a Parque, a APA e a Rewilding Portugal come\u00e7aram um projeto de demoli\u00e7\u00e3o, com discuss\u00f5es sobre v\u00e1rias solu\u00e7\u00f5es t\u00e9cnicas.<\/li>\n<li>O projeto est\u00e1 inclu\u00eddo no Plano Transforma\u00e7\u00e3o, Recupera\u00e7\u00e3o e Resili\u00eancia (PTRR) e depende de um Estudo de Impacto Ambiental, com financiamento e decis\u00f5es t\u00e9cnicas ainda por definir.<\/li>\n<\/ul>\n","protected":false},"author":2,"featured_media":418711,"comment_status":"closed","ping_status":"closed","sticky":false,"template":"","format":"standard","meta":{"footnotes":""},"categories":[6725],"tags":[4085,813,4880,215,45,1175],"class_list":["post-418709","post","type-post","status-publish","format-standard","has-post-thumbnail","hentry","category-meio-ambiente","tag-apa","tag-arqueologia","tag-conservacao-ambiental","tag-investigacao","tag-meio-ambiente","tag-patrimonio-cultural"],"yoast_head":"<!-- This site is optimized with the Yoast SEO plugin v27.2 - https:\/\/yoast.com\/product\/yoast-seo-wordpress\/ -->\n<title>APA confirma retirada total ou parcial de barreira obsoleta no rio C\u00f4a - Portal Tela Portugal<\/title>\n<meta name=\"robots\" content=\"index, follow, max-snippet:-1, max-image-preview:large, max-video-preview:-1\" \/>\n<meta property=\"og:locale\" content=\"pt_PT\" \/>\n<meta property=\"og:type\" content=\"article\" \/>\n<meta property=\"og:title\" content=\"APA confirma retirada total ou parcial de barreira obsoleta no rio C\u00f4a - Portal Tela Portugal\" \/>\n<meta property=\"og:description\" content=\"A APA afirma que a ensecadeira no rio C\u00f4a pode ser retirada total ou parcialmente, faltando definir a tecnologia de demoli\u00e7\u00e3o. A estrutura em bet\u00e3o armado foi erguida em 1995 ap\u00f3s a decis\u00e3o de n\u00e3o construir uma barragem para esconder as gravuras rupestres, no Vale do C\u00f4a. A ensecadeira \u00e9 considerada uma barreira obsoleta que artificializa o rio e tem impactos ambientais, econ\u00f3micos e culturais, inclusive na conserva\u00e7\u00e3o das gravuras. Em 2023, a Funda\u00e7\u00e3o C\u00f4a Parque, a APA e a Rewilding Portugal come\u00e7aram um projeto de demoli\u00e7\u00e3o, com discuss\u00f5es sobre v\u00e1rias solu\u00e7\u00f5es t\u00e9cnicas. O projeto est\u00e1 inclu\u00eddo no Plano Transforma\u00e7\u00e3o, Recupera\u00e7\u00e3o e Resili\u00eancia (PTRR) e depende de um Estudo de Impacto Ambiental, com financiamento e decis\u00f5es t\u00e9cnicas ainda por definir.\" \/>\n<meta property=\"og:url\" content=\"https:\/\/portaltela.pt\/noticias\/2026\/03\/23\/apa-confirma-retirada-total-ou-parcial-de-barreira-obsoleta-no-rio-coa\/\" \/>\n<meta property=\"og:site_name\" content=\"Portal Tela Portugal\" \/>\n<meta property=\"article:published_time\" content=\"2026-03-23T17:24:00+00:00\" \/>\n<meta name=\"author\" content=\"Telinha\" \/>\n<meta name=\"twitter:card\" content=\"summary_large_image\" \/>\n<meta name=\"twitter:label1\" content=\"Escrito por\" \/>\n\t<meta name=\"twitter:data1\" content=\"Telinha\" \/>\n\t<meta name=\"twitter:label2\" content=\"Tempo estimado de leitura\" \/>\n\t<meta name=\"twitter:data2\" content=\"2 minutos\" \/>\n<script type=\"application\/ld+json\" class=\"yoast-schema-graph\">{\"@context\":\"https:\/\/schema.org\",\"@graph\":[{\"@type\":\"Article\",\"@id\":\"https:\/\/portaltela.pt\/noticias\/2026\/03\/23\/apa-confirma-retirada-total-ou-parcial-de-barreira-obsoleta-no-rio-coa\/#article\",\"isPartOf\":{\"@id\":\"https:\/\/portaltela.pt\/noticias\/2026\/03\/23\/apa-confirma-retirada-total-ou-parcial-de-barreira-obsoleta-no-rio-coa\/\"},\"author\":{\"name\":\"Telinha\",\"@id\":\"https:\/\/portaltela.pt\/#\/schema\/person\/c4278d4a6028830caff9ee44b42d32ed\"},\"headline\":\"APA confirma retirada total ou parcial de barreira obsoleta no rio C\u00f4a\",\"datePublished\":\"2026-03-23T17:24:00+00:00\",\"mainEntityOfPage\":{\"@id\":\"https:\/\/portaltela.pt\/noticias\/2026\/03\/23\/apa-confirma-retirada-total-ou-parcial-de-barreira-obsoleta-no-rio-coa\/\"},\"wordCount\":329,\"image\":{\"@id\":\"https:\/\/portaltela.pt\/noticias\/2026\/03\/23\/apa-confirma-retirada-total-ou-parcial-de-barreira-obsoleta-no-rio-coa\/#primaryimage\"},\"thumbnailUrl\":\"https:\/\/portaltela.pt\/s.01k8rhncp4jt1\/2026\/03\/2076336.jpg\",\"keywords\":[\"APA\",\"arqueologia\",\"conserva\u00e7\u00e3o ambiental\",\"investiga\u00e7\u00e3o\",\"meio-ambiente\",\"Patrim\u00f3nio Cultural\"],\"articleSection\":[\"Meio Ambiente\"],\"inLanguage\":\"pt-PT\"},{\"@type\":\"WebPage\",\"@id\":\"https:\/\/portaltela.pt\/noticias\/2026\/03\/23\/apa-confirma-retirada-total-ou-parcial-de-barreira-obsoleta-no-rio-coa\/\",\"url\":\"https:\/\/portaltela.pt\/noticias\/2026\/03\/23\/apa-confirma-retirada-total-ou-parcial-de-barreira-obsoleta-no-rio-coa\/\",\"name\":\"APA confirma retirada total ou parcial de barreira obsoleta no rio C\u00f4a - Portal Tela Portugal\",\"isPartOf\":{\"@id\":\"https:\/\/portaltela.pt\/#website\"},\"primaryImageOfPage\":{\"@id\":\"https:\/\/portaltela.pt\/noticias\/2026\/03\/23\/apa-confirma-retirada-total-ou-parcial-de-barreira-obsoleta-no-rio-coa\/#primaryimage\"},\"image\":{\"@id\":\"https:\/\/portaltela.pt\/noticias\/2026\/03\/23\/apa-confirma-retirada-total-ou-parcial-de-barreira-obsoleta-no-rio-coa\/#primaryimage\"},\"thumbnailUrl\":\"https:\/\/portaltela.pt\/s.01k8rhncp4jt1\/2026\/03\/2076336.jpg\",\"datePublished\":\"2026-03-23T17:24:00+00:00\",\"author\":{\"@id\":\"https:\/\/portaltela.pt\/#\/schema\/person\/c4278d4a6028830caff9ee44b42d32ed\"},\"breadcrumb\":{\"@id\":\"https:\/\/portaltela.pt\/noticias\/2026\/03\/23\/apa-confirma-retirada-total-ou-parcial-de-barreira-obsoleta-no-rio-coa\/#breadcrumb\"},\"inLanguage\":\"pt-PT\",\"potentialAction\":[{\"@type\":\"ReadAction\",\"target\":[\"https:\/\/portaltela.pt\/noticias\/2026\/03\/23\/apa-confirma-retirada-total-ou-parcial-de-barreira-obsoleta-no-rio-coa\/\"]}]},{\"@type\":\"ImageObject\",\"inLanguage\":\"pt-PT\",\"@id\":\"https:\/\/portaltela.pt\/noticias\/2026\/03\/23\/apa-confirma-retirada-total-ou-parcial-de-barreira-obsoleta-no-rio-coa\/#primaryimage\",\"url\":\"https:\/\/portaltela.pt\/s.01k8rhncp4jt1\/2026\/03\/2076336.jpg\",\"contentUrl\":\"https:\/\/portaltela.pt\/s.01k8rhncp4jt1\/2026\/03\/2076336.jpg\",\"width\":796,\"height\":448,\"caption\":\"O rio C\u00f4a, na altura do Parque Arqueol\u00f3gico de Foz C\u00f4a, onde foram descobertas gravuras paleol\u00edticas\"},{\"@type\":\"BreadcrumbList\",\"@id\":\"https:\/\/portaltela.pt\/noticias\/2026\/03\/23\/apa-confirma-retirada-total-ou-parcial-de-barreira-obsoleta-no-rio-coa\/#breadcrumb\",\"itemListElement\":[{\"@type\":\"ListItem\",\"position\":1,\"name\":\"In\u00edcio\",\"item\":\"https:\/\/portaltela.pt\/\"},{\"@type\":\"ListItem\",\"position\":2,\"name\":\"APA confirma retirada total ou parcial de barreira obsoleta no rio C\u00f4a\"}]},{\"@type\":\"WebSite\",\"@id\":\"https:\/\/portaltela.pt\/#website\",\"url\":\"https:\/\/portaltela.pt\/\",\"name\":\"Portal Tela Portugal\",\"description\":\"\",\"potentialAction\":[{\"@type\":\"SearchAction\",\"target\":{\"@type\":\"EntryPoint\",\"urlTemplate\":\"https:\/\/portaltela.pt\/?s={search_term_string}\"},\"query-input\":{\"@type\":\"PropertyValueSpecification\",\"valueRequired\":true,\"valueName\":\"search_term_string\"}}],\"inLanguage\":\"pt-PT\"},{\"@type\":\"Person\",\"@id\":\"https:\/\/portaltela.pt\/#\/schema\/person\/c4278d4a6028830caff9ee44b42d32ed\",\"name\":\"Telinha\",\"image\":{\"@type\":\"ImageObject\",\"inLanguage\":\"pt-PT\",\"@id\":\"https:\/\/portaltela.pt\/s.01k8rhncp4jt1\/2025\/11\/talking-bot-125x125.png\",\"url\":\"https:\/\/portaltela.pt\/s.01k8rhncp4jt1\/2025\/11\/talking-bot-125x125.png\",\"contentUrl\":\"https:\/\/portaltela.pt\/s.01k8rhncp4jt1\/2025\/11\/talking-bot-125x125.png\",\"caption\":\"Telinha\"},\"sameAs\":[\"https:\/\/portaltela.pt\/\"],\"url\":\"https:\/\/portaltela.pt\/por\/367410592786\/\"}]}<\/script>\n<!-- \/ Yoast SEO plugin. -->","yoast_head_json":{"title":"APA confirma retirada total ou parcial de barreira obsoleta no rio C\u00f4a - Portal Tela Portugal","robots":{"index":"index","follow":"follow","max-snippet":"max-snippet:-1","max-image-preview":"max-image-preview:large","max-video-preview":"max-video-preview:-1"},"og_locale":"pt_PT","og_type":"article","og_title":"APA confirma retirada total ou parcial de barreira obsoleta no rio C\u00f4a - Portal Tela Portugal","og_description":"A APA afirma que a ensecadeira no rio C\u00f4a pode ser retirada total ou parcialmente, faltando definir a tecnologia de demoli\u00e7\u00e3o. A estrutura em bet\u00e3o armado foi erguida em 1995 ap\u00f3s a decis\u00e3o de n\u00e3o construir uma barragem para esconder as gravuras rupestres, no Vale do C\u00f4a. A ensecadeira \u00e9 considerada uma barreira obsoleta que artificializa o rio e tem impactos ambientais, econ\u00f3micos e culturais, inclusive na conserva\u00e7\u00e3o das gravuras. Em 2023, a Funda\u00e7\u00e3o C\u00f4a Parque, a APA e a Rewilding Portugal come\u00e7aram um projeto de demoli\u00e7\u00e3o, com discuss\u00f5es sobre v\u00e1rias solu\u00e7\u00f5es t\u00e9cnicas. O projeto est\u00e1 inclu\u00eddo no Plano Transforma\u00e7\u00e3o, Recupera\u00e7\u00e3o e Resili\u00eancia (PTRR) e depende de um Estudo de Impacto Ambiental, com financiamento e decis\u00f5es t\u00e9cnicas ainda por definir.","og_url":"https:\/\/portaltela.pt\/noticias\/2026\/03\/23\/apa-confirma-retirada-total-ou-parcial-de-barreira-obsoleta-no-rio-coa\/","og_site_name":"Portal Tela Portugal","article_published_time":"2026-03-23T17:24:00+00:00","author":"Telinha","twitter_card":"summary_large_image","twitter_misc":{"Escrito por":"Telinha","Tempo estimado de leitura":"2 minutos"},"schema":{"@context":"https:\/\/schema.org","@graph":[{"@type":"Article","@id":"https:\/\/portaltela.pt\/noticias\/2026\/03\/23\/apa-confirma-retirada-total-ou-parcial-de-barreira-obsoleta-no-rio-coa\/#article","isPartOf":{"@id":"https:\/\/portaltela.pt\/noticias\/2026\/03\/23\/apa-confirma-retirada-total-ou-parcial-de-barreira-obsoleta-no-rio-coa\/"},"author":{"name":"Telinha","@id":"https:\/\/portaltela.pt\/#\/schema\/person\/c4278d4a6028830caff9ee44b42d32ed"},"headline":"APA confirma retirada total ou parcial de barreira obsoleta no rio C\u00f4a","datePublished":"2026-03-23T17:24:00+00:00","mainEntityOfPage":{"@id":"https:\/\/portaltela.pt\/noticias\/2026\/03\/23\/apa-confirma-retirada-total-ou-parcial-de-barreira-obsoleta-no-rio-coa\/"},"wordCount":329,"image":{"@id":"https:\/\/portaltela.pt\/noticias\/2026\/03\/23\/apa-confirma-retirada-total-ou-parcial-de-barreira-obsoleta-no-rio-coa\/#primaryimage"},"thumbnailUrl":"https:\/\/portaltela.pt\/s.01k8rhncp4jt1\/2026\/03\/2076336.jpg","keywords":["APA","arqueologia","conserva\u00e7\u00e3o ambiental","investiga\u00e7\u00e3o","meio-ambiente","Patrim\u00f3nio Cultural"],"articleSection":["Meio Ambiente"],"inLanguage":"pt-PT"},{"@type":"WebPage","@id":"https:\/\/portaltela.pt\/noticias\/2026\/03\/23\/apa-confirma-retirada-total-ou-parcial-de-barreira-obsoleta-no-rio-coa\/","url":"https:\/\/portaltela.pt\/noticias\/2026\/03\/23\/apa-confirma-retirada-total-ou-parcial-de-barreira-obsoleta-no-rio-coa\/","name":"APA confirma retirada total ou parcial de barreira obsoleta no rio C\u00f4a - Portal Tela Portugal","isPartOf":{"@id":"https:\/\/portaltela.pt\/#website"},"primaryImageOfPage":{"@id":"https:\/\/portaltela.pt\/noticias\/2026\/03\/23\/apa-confirma-retirada-total-ou-parcial-de-barreira-obsoleta-no-rio-coa\/#primaryimage"},"image":{"@id":"https:\/\/portaltela.pt\/noticias\/2026\/03\/23\/apa-confirma-retirada-total-ou-parcial-de-barreira-obsoleta-no-rio-coa\/#primaryimage"},"thumbnailUrl":"https:\/\/portaltela.pt\/s.01k8rhncp4jt1\/2026\/03\/2076336.jpg","datePublished":"2026-03-23T17:24:00+00:00","author":{"@id":"https:\/\/portaltela.pt\/#\/schema\/person\/c4278d4a6028830caff9ee44b42d32ed"},"breadcrumb":{"@id":"https:\/\/portaltela.pt\/noticias\/2026\/03\/23\/apa-confirma-retirada-total-ou-parcial-de-barreira-obsoleta-no-rio-coa\/#breadcrumb"},"inLanguage":"pt-PT","potentialAction":[{"@type":"ReadAction","target":["https:\/\/portaltela.pt\/noticias\/2026\/03\/23\/apa-confirma-retirada-total-ou-parcial-de-barreira-obsoleta-no-rio-coa\/"]}]},{"@type":"ImageObject","inLanguage":"pt-PT","@id":"https:\/\/portaltela.pt\/noticias\/2026\/03\/23\/apa-confirma-retirada-total-ou-parcial-de-barreira-obsoleta-no-rio-coa\/#primaryimage","url":"https:\/\/portaltela.pt\/s.01k8rhncp4jt1\/2026\/03\/2076336.jpg","contentUrl":"https:\/\/portaltela.pt\/s.01k8rhncp4jt1\/2026\/03\/2076336.jpg","width":796,"height":448,"caption":"O rio C\u00f4a, na altura do Parque Arqueol\u00f3gico de Foz C\u00f4a, onde foram descobertas gravuras paleol\u00edticas"},{"@type":"BreadcrumbList","@id":"https:\/\/portaltela.pt\/noticias\/2026\/03\/23\/apa-confirma-retirada-total-ou-parcial-de-barreira-obsoleta-no-rio-coa\/#breadcrumb","itemListElement":[{"@type":"ListItem","position":1,"name":"In\u00edcio","item":"https:\/\/portaltela.pt\/"},{"@type":"ListItem","position":2,"name":"APA confirma retirada total ou parcial de barreira obsoleta no rio C\u00f4a"}]},{"@type":"WebSite","@id":"https:\/\/portaltela.pt\/#website","url":"https:\/\/portaltela.pt\/","name":"Portal Tela Portugal","description":"","potentialAction":[{"@type":"SearchAction","target":{"@type":"EntryPoint","urlTemplate":"https:\/\/portaltela.pt\/?s={search_term_string}"},"query-input":{"@type":"PropertyValueSpecification","valueRequired":true,"valueName":"search_term_string"}}],"inLanguage":"pt-PT"},{"@type":"Person","@id":"https:\/\/portaltela.pt\/#\/schema\/person\/c4278d4a6028830caff9ee44b42d32ed","name":"Telinha","image":{"@type":"ImageObject","inLanguage":"pt-PT","@id":"https:\/\/portaltela.pt\/s.01k8rhncp4jt1\/2025\/11\/talking-bot-125x125.png","url":"https:\/\/portaltela.pt\/s.01k8rhncp4jt1\/2025\/11\/talking-bot-125x125.png","contentUrl":"https:\/\/portaltela.pt\/s.01k8rhncp4jt1\/2025\/11\/talking-bot-125x125.png","caption":"Telinha"},"sameAs":["https:\/\/portaltela.pt\/"],"url":"https:\/\/portaltela.pt\/por\/367410592786\/"}]}},"_links":{"self":[{"href":"https:\/\/portaltela.pt\/api\/wp\/v2\/posts\/418709","targetHints":{"allow":["GET"]}}],"collection":[{"href":"https:\/\/portaltela.pt\/api\/wp\/v2\/posts"}],"about":[{"href":"https:\/\/portaltela.pt\/api\/wp\/v2\/types\/post"}],"author":[{"embeddable":true,"href":"https:\/\/portaltela.pt\/api\/wp\/v2\/users\/2"}],"replies":[{"embeddable":true,"href":"https:\/\/portaltela.pt\/api\/wp\/v2\/comments?post=418709"}],"version-history":[{"count":0,"href":"https:\/\/portaltela.pt\/api\/wp\/v2\/posts\/418709\/revisions"}],"wp:featuredmedia":[{"embeddable":true,"href":"https:\/\/portaltela.pt\/api\/wp\/v2\/media\/418711"}],"wp:attachment":[{"href":"https:\/\/portaltela.pt\/api\/wp\/v2\/media?parent=418709"}],"wp:term":[{"taxonomy":"category","embeddable":true,"href":"https:\/\/portaltela.pt\/api\/wp\/v2\/categories?post=418709"},{"taxonomy":"post_tag","embeddable":true,"href":"https:\/\/portaltela.pt\/api\/wp\/v2\/tags?post=418709"}],"curies":[{"name":"wp","href":"https:\/\/api.w.org\/{rel}","templated":true}]}}