{"id":418693,"date":"2026-03-23T14:09:00","date_gmt":"2026-03-23T17:09:00","guid":{"rendered":"https:\/\/portaltela.pt\/noticias\/2026\/03\/23\/queixas-contra-luis-suarez-no-classico-decisao-da-fpf\/"},"modified":"2026-03-23T14:09:00","modified_gmt":"2026-03-23T17:09:00","slug":"queixas-contra-luis-suarez-no-classico-decisao-da-fpf","status":"publish","type":"post","link":"https:\/\/portaltela.pt\/desporto\/futebol\/2026\/03\/23\/queixas-contra-luis-suarez-no-classico-decisao-da-fpf\/","title":{"rendered":"Queixas contra Luis Su\u00e1rez no cl\u00e1ssico: decis\u00e3o da FPF"},"content":{"rendered":"<p>A Federa\u00e7\u00e3o Portuguesa de Futebol (FPF) decidiu sobre a queixa apresentada pelo FC Porto contra Luis Su\u00e1rez no cl\u00e1ssico da Ta\u00e7a de Portugal frente ao Sporting. O epis\u00f3dio ocorreu durante a eliminat\u00f3ria da competi\u00e7\u00e3o e envolve conduta alegada do jogador durante o jogo.<\/p>\n<p>O caso foi analisado pelo Conselho de Disciplina, com base nos elementos recolhidos pela organiza\u00e7\u00e3o. A decis\u00e3o surge ap\u00f3s a queixa apresentada pela entidade portista junto \u00e0 FPF.<\/p>\n<p>Bruno Fernandes, jornalista do Record, explica qual foi o foco da decis\u00e3o e quais aspetos estiveram em avalia\u00e7\u00e3o. O rep\u00f3rter descreve o enquadramento da queixa e as poss\u00edveis implica\u00e7\u00f5es para o jogador no decorrer da Ta\u00e7a de Portugal.<\/p>\n<h3>An\u00e1lise da decis\u00e3o<\/h3>\n<p>Segundo o jornalista, a decis\u00e3o do Conselho de Disciplina incidiu sobre os factos apresentados pela queixa e sobre como se enquadram nas regras da competi\u00e7\u00e3o. A explica\u00e7\u00e3o detalha ainda o enquadramento disciplinar aplic\u00e1vel ao caso.<\/p>\n<p>O texto de Bruno Fernandes sublinha a import\u00e2ncia de interpretar corretamente as provas existentes e o hist\u00f3rico do jogador no contexto do regulamento da prova. O departamento disciplinar baseou-se nos elementos dispon\u00edveis para a delibera\u00e7\u00e3o.<\/p>\n<p>A not\u00edcia conclui sem apresentar julgamentos ou opini\u00f5es, limitando-se a explicar o conte\u00fado divulgado pela FPF e a leitura do correspondente do Record. As informa\u00e7\u00f5es s\u00e3o apresentadas de forma objetiva, seguindo a linha de comunica\u00e7\u00e3o t\u00edpica de hard news.<\/p>\n","protected":false},"excerpt":{"rendered":"<ul>\n<li>O artigo aborda a decis\u00e3o do Conselho de Disciplina sobre a queixa do FC Porto contra Luis Su\u00e1rez no cl\u00e1ssico da Ta\u00e7a de Portugal.<\/li>\n<li>O duelo em causa foi entre FC Porto e Sporting, pela Ta\u00e7a de Portugal.<\/li>\n<li>A explica\u00e7\u00e3o sobre a decis\u00e3o fica a cargo do jornalista Bruno Fernandes, do jornal Record.<\/li>\n<li>O texto descreve o que est\u00e1 em causa na queixa apresentada pelo FC Porto.<\/li>\n<li>O objetivo \u00e9 esclarecer qual foi a decis\u00e3o disciplinar tomada, sem julgamentos adicionais.<\/li>\n<\/ul>\n","protected":false},"author":2,"featured_media":418694,"comment_status":"closed","ping_status":"closed","sticky":false,"template":"","format":"standard","meta":{"footnotes":""},"categories":[21,24],"tags":[6698,32,5707,3272,41,1266],"class_list":["post-418693","post","type-post","status-publish","format-standard","has-post-thumbnail","hentry","category-desporto","category-futebol","tag-conselho-de-disciplina","tag-futebol","tag-jornalistas","tag-luis-suarez","tag-noticia","tag-taca-de-portugal"],"yoast_head":"<!-- This site is optimized with the Yoast SEO plugin v27.2 - https:\/\/yoast.com\/product\/yoast-seo-wordpress\/ -->\n<title>Queixas contra Luis Su\u00e1rez no cl\u00e1ssico: decis\u00e3o da FPF - Portal Tela Portugal<\/title>\n<meta name=\"robots\" content=\"index, follow, max-snippet:-1, max-image-preview:large, max-video-preview:-1\" \/>\n<meta property=\"og:locale\" content=\"pt_PT\" \/>\n<meta property=\"og:type\" content=\"article\" \/>\n<meta property=\"og:title\" content=\"Queixas contra Luis Su\u00e1rez no cl\u00e1ssico: decis\u00e3o da FPF - Portal Tela Portugal\" \/>\n<meta property=\"og:description\" content=\"O artigo aborda a decis\u00e3o do Conselho de Disciplina sobre a queixa do FC Porto contra Luis Su\u00e1rez no cl\u00e1ssico da Ta\u00e7a de Portugal. O duelo em causa foi entre FC Porto e Sporting, pela Ta\u00e7a de Portugal. A explica\u00e7\u00e3o sobre a decis\u00e3o fica a cargo do jornalista Bruno Fernandes, do jornal Record. O texto descreve o que est\u00e1 em causa na queixa apresentada pelo FC Porto. O objetivo \u00e9 esclarecer qual foi a decis\u00e3o disciplinar tomada, sem julgamentos adicionais.\" \/>\n<meta property=\"og:url\" content=\"https:\/\/portaltela.pt\/noticias\/2026\/03\/23\/queixas-contra-luis-suarez-no-classico-decisao-da-fpf\/\" \/>\n<meta property=\"og:site_name\" content=\"Portal Tela Portugal\" \/>\n<meta property=\"article:published_time\" content=\"2026-03-23T17:09:00+00:00\" \/>\n<meta name=\"author\" content=\"Telinha\" \/>\n<meta name=\"twitter:card\" content=\"summary_large_image\" \/>\n<meta name=\"twitter:label1\" content=\"Escrito por\" \/>\n\t<meta name=\"twitter:data1\" content=\"Telinha\" \/>\n\t<meta name=\"twitter:label2\" content=\"Tempo estimado de leitura\" \/>\n\t<meta name=\"twitter:data2\" content=\"1 minuto\" \/>\n<script type=\"application\/ld+json\" class=\"yoast-schema-graph\">{\"@context\":\"https:\/\/schema.org\",\"@graph\":[{\"@type\":\"Article\",\"@id\":\"https:\/\/portaltela.pt\/noticias\/2026\/03\/23\/queixas-contra-luis-suarez-no-classico-decisao-da-fpf\/#article\",\"isPartOf\":{\"@id\":\"https:\/\/portaltela.pt\/noticias\/2026\/03\/23\/queixas-contra-luis-suarez-no-classico-decisao-da-fpf\/\"},\"author\":{\"name\":\"Telinha\",\"@id\":\"https:\/\/portaltela.pt\/#\/schema\/person\/c4278d4a6028830caff9ee44b42d32ed\"},\"headline\":\"Queixas contra Luis Su\u00e1rez no cl\u00e1ssico: decis\u00e3o da FPF\",\"datePublished\":\"2026-03-23T17:09:00+00:00\",\"mainEntityOfPage\":{\"@id\":\"https:\/\/portaltela.pt\/noticias\/2026\/03\/23\/queixas-contra-luis-suarez-no-classico-decisao-da-fpf\/\"},\"wordCount\":265,\"image\":{\"@id\":\"https:\/\/portaltela.pt\/noticias\/2026\/03\/23\/queixas-contra-luis-suarez-no-classico-decisao-da-fpf\/#primaryimage\"},\"thumbnailUrl\":\"https:\/\/portaltela.pt\/s.01k8rhncp4jt1\/2026\/03\/img_1200x721uu2026-03-23-16-56-58-2428922.jpg\",\"keywords\":[\"Conselho de Disciplina\",\"futebol\",\"jornalistas\",\"Luis Su\u00e1rez\",\"not\u00edcia\",\"Ta\u00e7a de Portugal\"],\"articleSection\":[\"Desporto\",\"Futebol\"],\"inLanguage\":\"pt-PT\"},{\"@type\":\"WebPage\",\"@id\":\"https:\/\/portaltela.pt\/noticias\/2026\/03\/23\/queixas-contra-luis-suarez-no-classico-decisao-da-fpf\/\",\"url\":\"https:\/\/portaltela.pt\/noticias\/2026\/03\/23\/queixas-contra-luis-suarez-no-classico-decisao-da-fpf\/\",\"name\":\"Queixas contra Luis Su\u00e1rez no cl\u00e1ssico: decis\u00e3o da FPF - Portal Tela Portugal\",\"isPartOf\":{\"@id\":\"https:\/\/portaltela.pt\/#website\"},\"primaryImageOfPage\":{\"@id\":\"https:\/\/portaltela.pt\/noticias\/2026\/03\/23\/queixas-contra-luis-suarez-no-classico-decisao-da-fpf\/#primaryimage\"},\"image\":{\"@id\":\"https:\/\/portaltela.pt\/noticias\/2026\/03\/23\/queixas-contra-luis-suarez-no-classico-decisao-da-fpf\/#primaryimage\"},\"thumbnailUrl\":\"https:\/\/portaltela.pt\/s.01k8rhncp4jt1\/2026\/03\/img_1200x721uu2026-03-23-16-56-58-2428922.jpg\",\"datePublished\":\"2026-03-23T17:09:00+00:00\",\"author\":{\"@id\":\"https:\/\/portaltela.pt\/#\/schema\/person\/c4278d4a6028830caff9ee44b42d32ed\"},\"breadcrumb\":{\"@id\":\"https:\/\/portaltela.pt\/noticias\/2026\/03\/23\/queixas-contra-luis-suarez-no-classico-decisao-da-fpf\/#breadcrumb\"},\"inLanguage\":\"pt-PT\",\"potentialAction\":[{\"@type\":\"ReadAction\",\"target\":[\"https:\/\/portaltela.pt\/noticias\/2026\/03\/23\/queixas-contra-luis-suarez-no-classico-decisao-da-fpf\/\"]}]},{\"@type\":\"ImageObject\",\"inLanguage\":\"pt-PT\",\"@id\":\"https:\/\/portaltela.pt\/noticias\/2026\/03\/23\/queixas-contra-luis-suarez-no-classico-decisao-da-fpf\/#primaryimage\",\"url\":\"https:\/\/portaltela.pt\/s.01k8rhncp4jt1\/2026\/03\/img_1200x721uu2026-03-23-16-56-58-2428922.jpg\",\"contentUrl\":\"https:\/\/portaltela.pt\/s.01k8rhncp4jt1\/2026\/03\/img_1200x721uu2026-03-23-16-56-58-2428922.jpg\",\"width\":796,\"height\":448,\"caption\":\"Queixas contra Luis Su\u00e1rez no cl\u00e1ssico: o que decidiu a FPF?\"},{\"@type\":\"BreadcrumbList\",\"@id\":\"https:\/\/portaltela.pt\/noticias\/2026\/03\/23\/queixas-contra-luis-suarez-no-classico-decisao-da-fpf\/#breadcrumb\",\"itemListElement\":[{\"@type\":\"ListItem\",\"position\":1,\"name\":\"In\u00edcio\",\"item\":\"https:\/\/portaltela.pt\/\"},{\"@type\":\"ListItem\",\"position\":2,\"name\":\"Queixas contra Luis Su\u00e1rez no cl\u00e1ssico: decis\u00e3o da FPF\"}]},{\"@type\":\"WebSite\",\"@id\":\"https:\/\/portaltela.pt\/#website\",\"url\":\"https:\/\/portaltela.pt\/\",\"name\":\"Portal Tela Portugal\",\"description\":\"\",\"potentialAction\":[{\"@type\":\"SearchAction\",\"target\":{\"@type\":\"EntryPoint\",\"urlTemplate\":\"https:\/\/portaltela.pt\/?s={search_term_string}\"},\"query-input\":{\"@type\":\"PropertyValueSpecification\",\"valueRequired\":true,\"valueName\":\"search_term_string\"}}],\"inLanguage\":\"pt-PT\"},{\"@type\":\"Person\",\"@id\":\"https:\/\/portaltela.pt\/#\/schema\/person\/c4278d4a6028830caff9ee44b42d32ed\",\"name\":\"Telinha\",\"image\":{\"@type\":\"ImageObject\",\"inLanguage\":\"pt-PT\",\"@id\":\"https:\/\/portaltela.pt\/s.01k8rhncp4jt1\/2025\/11\/talking-bot-125x125.png\",\"url\":\"https:\/\/portaltela.pt\/s.01k8rhncp4jt1\/2025\/11\/talking-bot-125x125.png\",\"contentUrl\":\"https:\/\/portaltela.pt\/s.01k8rhncp4jt1\/2025\/11\/talking-bot-125x125.png\",\"caption\":\"Telinha\"},\"sameAs\":[\"https:\/\/portaltela.pt\/\"],\"url\":\"https:\/\/portaltela.pt\/por\/367410592786\/\"}]}<\/script>\n<!-- \/ Yoast SEO plugin. -->","yoast_head_json":{"title":"Queixas contra Luis Su\u00e1rez no cl\u00e1ssico: decis\u00e3o da FPF - Portal Tela Portugal","robots":{"index":"index","follow":"follow","max-snippet":"max-snippet:-1","max-image-preview":"max-image-preview:large","max-video-preview":"max-video-preview:-1"},"og_locale":"pt_PT","og_type":"article","og_title":"Queixas contra Luis Su\u00e1rez no cl\u00e1ssico: decis\u00e3o da FPF - Portal Tela Portugal","og_description":"O artigo aborda a decis\u00e3o do Conselho de Disciplina sobre a queixa do FC Porto contra Luis Su\u00e1rez no cl\u00e1ssico da Ta\u00e7a de Portugal. O duelo em causa foi entre FC Porto e Sporting, pela Ta\u00e7a de Portugal. A explica\u00e7\u00e3o sobre a decis\u00e3o fica a cargo do jornalista Bruno Fernandes, do jornal Record. O texto descreve o que est\u00e1 em causa na queixa apresentada pelo FC Porto. O objetivo \u00e9 esclarecer qual foi a decis\u00e3o disciplinar tomada, sem julgamentos adicionais.","og_url":"https:\/\/portaltela.pt\/noticias\/2026\/03\/23\/queixas-contra-luis-suarez-no-classico-decisao-da-fpf\/","og_site_name":"Portal Tela Portugal","article_published_time":"2026-03-23T17:09:00+00:00","author":"Telinha","twitter_card":"summary_large_image","twitter_misc":{"Escrito por":"Telinha","Tempo estimado de leitura":"1 minuto"},"schema":{"@context":"https:\/\/schema.org","@graph":[{"@type":"Article","@id":"https:\/\/portaltela.pt\/noticias\/2026\/03\/23\/queixas-contra-luis-suarez-no-classico-decisao-da-fpf\/#article","isPartOf":{"@id":"https:\/\/portaltela.pt\/noticias\/2026\/03\/23\/queixas-contra-luis-suarez-no-classico-decisao-da-fpf\/"},"author":{"name":"Telinha","@id":"https:\/\/portaltela.pt\/#\/schema\/person\/c4278d4a6028830caff9ee44b42d32ed"},"headline":"Queixas contra Luis Su\u00e1rez no cl\u00e1ssico: decis\u00e3o da FPF","datePublished":"2026-03-23T17:09:00+00:00","mainEntityOfPage":{"@id":"https:\/\/portaltela.pt\/noticias\/2026\/03\/23\/queixas-contra-luis-suarez-no-classico-decisao-da-fpf\/"},"wordCount":265,"image":{"@id":"https:\/\/portaltela.pt\/noticias\/2026\/03\/23\/queixas-contra-luis-suarez-no-classico-decisao-da-fpf\/#primaryimage"},"thumbnailUrl":"https:\/\/portaltela.pt\/s.01k8rhncp4jt1\/2026\/03\/img_1200x721uu2026-03-23-16-56-58-2428922.jpg","keywords":["Conselho de Disciplina","futebol","jornalistas","Luis Su\u00e1rez","not\u00edcia","Ta\u00e7a de Portugal"],"articleSection":["Desporto","Futebol"],"inLanguage":"pt-PT"},{"@type":"WebPage","@id":"https:\/\/portaltela.pt\/noticias\/2026\/03\/23\/queixas-contra-luis-suarez-no-classico-decisao-da-fpf\/","url":"https:\/\/portaltela.pt\/noticias\/2026\/03\/23\/queixas-contra-luis-suarez-no-classico-decisao-da-fpf\/","name":"Queixas contra Luis Su\u00e1rez no cl\u00e1ssico: decis\u00e3o da FPF - Portal Tela Portugal","isPartOf":{"@id":"https:\/\/portaltela.pt\/#website"},"primaryImageOfPage":{"@id":"https:\/\/portaltela.pt\/noticias\/2026\/03\/23\/queixas-contra-luis-suarez-no-classico-decisao-da-fpf\/#primaryimage"},"image":{"@id":"https:\/\/portaltela.pt\/noticias\/2026\/03\/23\/queixas-contra-luis-suarez-no-classico-decisao-da-fpf\/#primaryimage"},"thumbnailUrl":"https:\/\/portaltela.pt\/s.01k8rhncp4jt1\/2026\/03\/img_1200x721uu2026-03-23-16-56-58-2428922.jpg","datePublished":"2026-03-23T17:09:00+00:00","author":{"@id":"https:\/\/portaltela.pt\/#\/schema\/person\/c4278d4a6028830caff9ee44b42d32ed"},"breadcrumb":{"@id":"https:\/\/portaltela.pt\/noticias\/2026\/03\/23\/queixas-contra-luis-suarez-no-classico-decisao-da-fpf\/#breadcrumb"},"inLanguage":"pt-PT","potentialAction":[{"@type":"ReadAction","target":["https:\/\/portaltela.pt\/noticias\/2026\/03\/23\/queixas-contra-luis-suarez-no-classico-decisao-da-fpf\/"]}]},{"@type":"ImageObject","inLanguage":"pt-PT","@id":"https:\/\/portaltela.pt\/noticias\/2026\/03\/23\/queixas-contra-luis-suarez-no-classico-decisao-da-fpf\/#primaryimage","url":"https:\/\/portaltela.pt\/s.01k8rhncp4jt1\/2026\/03\/img_1200x721uu2026-03-23-16-56-58-2428922.jpg","contentUrl":"https:\/\/portaltela.pt\/s.01k8rhncp4jt1\/2026\/03\/img_1200x721uu2026-03-23-16-56-58-2428922.jpg","width":796,"height":448,"caption":"Queixas contra Luis Su\u00e1rez no cl\u00e1ssico: o que decidiu a FPF?"},{"@type":"BreadcrumbList","@id":"https:\/\/portaltela.pt\/noticias\/2026\/03\/23\/queixas-contra-luis-suarez-no-classico-decisao-da-fpf\/#breadcrumb","itemListElement":[{"@type":"ListItem","position":1,"name":"In\u00edcio","item":"https:\/\/portaltela.pt\/"},{"@type":"ListItem","position":2,"name":"Queixas contra Luis Su\u00e1rez no cl\u00e1ssico: decis\u00e3o da FPF"}]},{"@type":"WebSite","@id":"https:\/\/portaltela.pt\/#website","url":"https:\/\/portaltela.pt\/","name":"Portal Tela Portugal","description":"","potentialAction":[{"@type":"SearchAction","target":{"@type":"EntryPoint","urlTemplate":"https:\/\/portaltela.pt\/?s={search_term_string}"},"query-input":{"@type":"PropertyValueSpecification","valueRequired":true,"valueName":"search_term_string"}}],"inLanguage":"pt-PT"},{"@type":"Person","@id":"https:\/\/portaltela.pt\/#\/schema\/person\/c4278d4a6028830caff9ee44b42d32ed","name":"Telinha","image":{"@type":"ImageObject","inLanguage":"pt-PT","@id":"https:\/\/portaltela.pt\/s.01k8rhncp4jt1\/2025\/11\/talking-bot-125x125.png","url":"https:\/\/portaltela.pt\/s.01k8rhncp4jt1\/2025\/11\/talking-bot-125x125.png","contentUrl":"https:\/\/portaltela.pt\/s.01k8rhncp4jt1\/2025\/11\/talking-bot-125x125.png","caption":"Telinha"},"sameAs":["https:\/\/portaltela.pt\/"],"url":"https:\/\/portaltela.pt\/por\/367410592786\/"}]}},"_links":{"self":[{"href":"https:\/\/portaltela.pt\/api\/wp\/v2\/posts\/418693","targetHints":{"allow":["GET"]}}],"collection":[{"href":"https:\/\/portaltela.pt\/api\/wp\/v2\/posts"}],"about":[{"href":"https:\/\/portaltela.pt\/api\/wp\/v2\/types\/post"}],"author":[{"embeddable":true,"href":"https:\/\/portaltela.pt\/api\/wp\/v2\/users\/2"}],"replies":[{"embeddable":true,"href":"https:\/\/portaltela.pt\/api\/wp\/v2\/comments?post=418693"}],"version-history":[{"count":0,"href":"https:\/\/portaltela.pt\/api\/wp\/v2\/posts\/418693\/revisions"}],"wp:featuredmedia":[{"embeddable":true,"href":"https:\/\/portaltela.pt\/api\/wp\/v2\/media\/418694"}],"wp:attachment":[{"href":"https:\/\/portaltela.pt\/api\/wp\/v2\/media?parent=418693"}],"wp:term":[{"taxonomy":"category","embeddable":true,"href":"https:\/\/portaltela.pt\/api\/wp\/v2\/categories?post=418693"},{"taxonomy":"post_tag","embeddable":true,"href":"https:\/\/portaltela.pt\/api\/wp\/v2\/tags?post=418693"}],"curies":[{"name":"wp","href":"https:\/\/api.w.org\/{rel}","templated":true}]}}