{"id":418689,"date":"2026-03-23T13:51:00","date_gmt":"2026-03-23T16:51:00","guid":{"rendered":"https:\/\/portaltela.pt\/noticias\/2026\/03\/23\/comitiva-nacional-de-atletismo-homenageada-em-belem-por-antonio-jose-seguro\/"},"modified":"2026-03-23T13:51:00","modified_gmt":"2026-03-23T16:51:00","slug":"comitiva-nacional-de-atletismo-homenageada-em-belem-por-antonio-jose-seguro","status":"publish","type":"post","link":"https:\/\/portaltela.pt\/desporto\/futebol\/2026\/03\/23\/comitiva-nacional-de-atletismo-homenageada-em-belem-por-antonio-jose-seguro\/","title":{"rendered":"Comitiva nacional de atletismo homenageada em Bel\u00e9m por Ant\u00f3nio Jos\u00e9 Seguro"},"content":{"rendered":"<p>A comitiva nacional de atletismo chegou hoje a Bel\u00e9m ap\u00f3s a participa\u00e7\u00e3o nos Mundiais de Atletismo em pista curta. \u00c0s 15h32, os atletas entraram no Pal\u00e1cio de Bel\u00e9m para uma cerim\u00f3nia de homenagem. O evento ocorreu ap\u00f3s a chegada ao aeroporto de Lisboa.<\/p>\n<p>A sess\u00e3o decorreu com a presen\u00e7a do Presidente da Rep\u00fablica, Ant\u00f3nio Jos\u00e9 Seguro, e contou ainda com o primeiro-ministro, Lu\u00eds Montenegro, al\u00e9m de Fernando Gomes, presidente do Comit\u00e9 Ol\u00edmpico de Portugal (COP). A Federa\u00e7\u00e3o Portuguesa de Atletismo marcou presen\u00e7a com dirigentes e a equipa t\u00e9cnica.<\/p>\n<p>A comitiva trouxe o melhor desempenho da hist\u00f3ria da sele\u00e7\u00e3o no Mundial de pista curta, com tr\u00eas medalhas: dois t\u00edtulos mundiais no salto em comprimento (Agate Sousa e Gerson Bald\u00e9) e um vice-campeonato nos 1500 metros (Isaac Nader). O feito supera as duas medalhas atingidas em 2001, 2004, 2008 e 2022 em v\u00e1rias edi\u00e7\u00f5es.<\/p>\n<p>Domingos Castro, presidente da FPA, abriu o discurso agradecendo o convite e destacando o valor da homenagem. O dirigente apelou ainda \u00e0 cria\u00e7\u00e3o de condi\u00e7\u00f5es para a pista coberta, visando atrair mais jovens para a modalidade.<\/p>\n<h3>Reconhecimento e impacto<\/h3>\n<p>Ant\u00f3nio Jos\u00e9 Seguro destacou a import\u00e2ncia da presen\u00e7a portuguesa nos mundiais e sublinhou que a posi\u00e7\u00e3o final no medalheiro foi excepcional. O presidente mencionou a marca hist\u00f3rica da participa\u00e7\u00e3o portuguesa na pista curta.<\/p>\n<p>Ao final da sess\u00e3o, os atletas medalhados foram condecorados com a Ordem de M\u00e9rito, numa cerim\u00f3nia de reconhecimento institucional ao desempenho.<\/p>\n<p>Portugal soma j\u00e1 20 p\u00f3dios na hist\u00f3ria dos Mundiais de pista curta, com 7 ouros, 6 pratas e 7 bronzes desde 1985. \u00c9 o quinto ciclo consecutivo com pelo menos uma medalha para o atletismo nacional.<\/p>\n","protected":false},"excerpt":{"rendered":"<ul>\n<li>A comitiva nacional de atletismo chegou a Bel\u00e9m ap\u00f3s aterragem no aeroporto Humberto Delgado e foi recebida pelo Presidente da Rep\u00fablica, Ant\u00f3nio Jos\u00e9 Seguro, no Pal\u00e1cio de Bel\u00e9m, \u00e0s 15h32.<\/li>\n<li>A sess\u00e3o contou com a presen\u00e7a do primeiro-ministro, Lu\u00eds Montenegro, de Fernando Gomes, presidente do Comit\u00e9 Ol\u00edmpico de Portugal, e de dirigentes da Federa\u00e7\u00e3o Portuguesa de Atletismo.<\/li>\n<li>Portugal conseguiu o melhor desempenho de sempre nos Mundiais de pista curta, com tr\u00eas medalhas na mesma edi\u00e7\u00e3o: dois t\u00edtulos mundiais no salto em comprimento (Agate Sousa e Gerson Bald\u00e9) e um vice-campeonato nos 1500 metros (Isaac Nader).<\/li>\n<li>No discurso inaugural, o presidente da Federa\u00e7\u00e3o, Domingos Castro, agradeceu o convite e pediu melhores condi\u00e7\u00f5es de pista coberta para atrair jovens para a modalidade.<\/li>\n<li>No final da cerim\u00f3nia, os atletas medalhados receberam a condecora\u00e7\u00e3o oficial da ordem de m\u00e9rito; o pa\u00eds soma j\u00e1 20 p\u00f3dios nos Mundiais de pista curta desde 1985.<\/li>\n<\/ul>\n","protected":false},"author":2,"featured_media":418691,"comment_status":"closed","ping_status":"closed","sticky":false,"template":"","format":"standard","meta":{"footnotes":""},"categories":[21,24],"tags":[137,6773,4566,120,1014],"class_list":["post-418689","post","type-post","status-publish","format-standard","has-post-thumbnail","hentry","category-desporto","category-futebol","tag-atletismo","tag-condecoracoes","tag-federacao-portuguesa-de-atletismo","tag-medalhas","tag-portugal"],"yoast_head":"<!-- This site is optimized with the Yoast SEO plugin v27.2 - https:\/\/yoast.com\/product\/yoast-seo-wordpress\/ -->\n<title>Comitiva nacional de atletismo homenageada em Bel\u00e9m por Ant\u00f3nio Jos\u00e9 Seguro - Portal Tela Portugal<\/title>\n<meta name=\"robots\" content=\"index, follow, max-snippet:-1, max-image-preview:large, max-video-preview:-1\" \/>\n<meta property=\"og:locale\" content=\"pt_PT\" \/>\n<meta property=\"og:type\" content=\"article\" \/>\n<meta property=\"og:title\" content=\"Comitiva nacional de atletismo homenageada em Bel\u00e9m por Ant\u00f3nio Jos\u00e9 Seguro - Portal Tela Portugal\" \/>\n<meta property=\"og:description\" content=\"A comitiva nacional de atletismo chegou a Bel\u00e9m ap\u00f3s aterragem no aeroporto Humberto Delgado e foi recebida pelo Presidente da Rep\u00fablica, Ant\u00f3nio Jos\u00e9 Seguro, no Pal\u00e1cio de Bel\u00e9m, \u00e0s 15h32. A sess\u00e3o contou com a presen\u00e7a do primeiro-ministro, Lu\u00eds Montenegro, de Fernando Gomes, presidente do Comit\u00e9 Ol\u00edmpico de Portugal, e de dirigentes da Federa\u00e7\u00e3o Portuguesa de Atletismo. Portugal conseguiu o melhor desempenho de sempre nos Mundiais de pista curta, com tr\u00eas medalhas na mesma edi\u00e7\u00e3o: dois t\u00edtulos mundiais no salto em comprimento (Agate Sousa e Gerson Bald\u00e9) e um vice-campeonato nos 1500 metros (Isaac Nader). No discurso inaugural, o presidente da Federa\u00e7\u00e3o, Domingos Castro, agradeceu o convite e pediu melhores condi\u00e7\u00f5es de pista coberta para atrair jovens para a modalidade. No final da cerim\u00f3nia, os atletas medalhados receberam a condecora\u00e7\u00e3o oficial da ordem de m\u00e9rito; o pa\u00eds soma j\u00e1 20 p\u00f3dios nos Mundiais de pista curta desde 1985.\" \/>\n<meta property=\"og:url\" content=\"https:\/\/portaltela.pt\/noticias\/2026\/03\/23\/comitiva-nacional-de-atletismo-homenageada-em-belem-por-antonio-jose-seguro\/\" \/>\n<meta property=\"og:site_name\" content=\"Portal Tela Portugal\" \/>\n<meta property=\"article:published_time\" content=\"2026-03-23T16:51:00+00:00\" \/>\n<meta name=\"author\" content=\"Telinha\" \/>\n<meta name=\"twitter:card\" content=\"summary_large_image\" \/>\n<meta name=\"twitter:label1\" content=\"Escrito por\" \/>\n\t<meta name=\"twitter:data1\" content=\"Telinha\" \/>\n\t<meta name=\"twitter:label2\" content=\"Tempo estimado de leitura\" \/>\n\t<meta name=\"twitter:data2\" content=\"1 minuto\" \/>\n<script type=\"application\/ld+json\" class=\"yoast-schema-graph\">{\"@context\":\"https:\/\/schema.org\",\"@graph\":[{\"@type\":\"Article\",\"@id\":\"https:\/\/portaltela.pt\/noticias\/2026\/03\/23\/comitiva-nacional-de-atletismo-homenageada-em-belem-por-antonio-jose-seguro\/#article\",\"isPartOf\":{\"@id\":\"https:\/\/portaltela.pt\/noticias\/2026\/03\/23\/comitiva-nacional-de-atletismo-homenageada-em-belem-por-antonio-jose-seguro\/\"},\"author\":{\"name\":\"Telinha\",\"@id\":\"https:\/\/portaltela.pt\/#\/schema\/person\/c4278d4a6028830caff9ee44b42d32ed\"},\"headline\":\"Comitiva nacional de atletismo homenageada em Bel\u00e9m por Ant\u00f3nio Jos\u00e9 Seguro\",\"datePublished\":\"2026-03-23T16:51:00+00:00\",\"mainEntityOfPage\":{\"@id\":\"https:\/\/portaltela.pt\/noticias\/2026\/03\/23\/comitiva-nacional-de-atletismo-homenageada-em-belem-por-antonio-jose-seguro\/\"},\"wordCount\":308,\"image\":{\"@id\":\"https:\/\/portaltela.pt\/noticias\/2026\/03\/23\/comitiva-nacional-de-atletismo-homenageada-em-belem-por-antonio-jose-seguro\/#primaryimage\"},\"thumbnailUrl\":\"https:\/\/portaltela.pt\/s.01k8rhncp4jt1\/2026\/03\/img_920x518uu2026-03-23-16-50-45-2428920.jpg\",\"keywords\":[\"atletismo\",\"Condecora\u00e7\u00f5es\",\"Federa\u00e7\u00e3o Portuguesa de Atletismo\",\"medalhas\",\"Portugal\"],\"articleSection\":[\"Desporto\",\"Futebol\"],\"inLanguage\":\"pt-PT\"},{\"@type\":\"WebPage\",\"@id\":\"https:\/\/portaltela.pt\/noticias\/2026\/03\/23\/comitiva-nacional-de-atletismo-homenageada-em-belem-por-antonio-jose-seguro\/\",\"url\":\"https:\/\/portaltela.pt\/noticias\/2026\/03\/23\/comitiva-nacional-de-atletismo-homenageada-em-belem-por-antonio-jose-seguro\/\",\"name\":\"Comitiva nacional de atletismo homenageada em Bel\u00e9m por Ant\u00f3nio Jos\u00e9 Seguro - Portal Tela Portugal\",\"isPartOf\":{\"@id\":\"https:\/\/portaltela.pt\/#website\"},\"primaryImageOfPage\":{\"@id\":\"https:\/\/portaltela.pt\/noticias\/2026\/03\/23\/comitiva-nacional-de-atletismo-homenageada-em-belem-por-antonio-jose-seguro\/#primaryimage\"},\"image\":{\"@id\":\"https:\/\/portaltela.pt\/noticias\/2026\/03\/23\/comitiva-nacional-de-atletismo-homenageada-em-belem-por-antonio-jose-seguro\/#primaryimage\"},\"thumbnailUrl\":\"https:\/\/portaltela.pt\/s.01k8rhncp4jt1\/2026\/03\/img_920x518uu2026-03-23-16-50-45-2428920.jpg\",\"datePublished\":\"2026-03-23T16:51:00+00:00\",\"author\":{\"@id\":\"https:\/\/portaltela.pt\/#\/schema\/person\/c4278d4a6028830caff9ee44b42d32ed\"},\"breadcrumb\":{\"@id\":\"https:\/\/portaltela.pt\/noticias\/2026\/03\/23\/comitiva-nacional-de-atletismo-homenageada-em-belem-por-antonio-jose-seguro\/#breadcrumb\"},\"inLanguage\":\"pt-PT\",\"potentialAction\":[{\"@type\":\"ReadAction\",\"target\":[\"https:\/\/portaltela.pt\/noticias\/2026\/03\/23\/comitiva-nacional-de-atletismo-homenageada-em-belem-por-antonio-jose-seguro\/\"]}]},{\"@type\":\"ImageObject\",\"inLanguage\":\"pt-PT\",\"@id\":\"https:\/\/portaltela.pt\/noticias\/2026\/03\/23\/comitiva-nacional-de-atletismo-homenageada-em-belem-por-antonio-jose-seguro\/#primaryimage\",\"url\":\"https:\/\/portaltela.pt\/s.01k8rhncp4jt1\/2026\/03\/img_920x518uu2026-03-23-16-50-45-2428920.jpg\",\"contentUrl\":\"https:\/\/portaltela.pt\/s.01k8rhncp4jt1\/2026\/03\/img_920x518uu2026-03-23-16-50-45-2428920.jpg\",\"width\":920,\"height\":518,\"caption\":\"Agate Sousa, Gerson Bald\u00e9 e Isaac Nader\"},{\"@type\":\"BreadcrumbList\",\"@id\":\"https:\/\/portaltela.pt\/noticias\/2026\/03\/23\/comitiva-nacional-de-atletismo-homenageada-em-belem-por-antonio-jose-seguro\/#breadcrumb\",\"itemListElement\":[{\"@type\":\"ListItem\",\"position\":1,\"name\":\"In\u00edcio\",\"item\":\"https:\/\/portaltela.pt\/\"},{\"@type\":\"ListItem\",\"position\":2,\"name\":\"Comitiva nacional de atletismo homenageada em Bel\u00e9m por Ant\u00f3nio Jos\u00e9 Seguro\"}]},{\"@type\":\"WebSite\",\"@id\":\"https:\/\/portaltela.pt\/#website\",\"url\":\"https:\/\/portaltela.pt\/\",\"name\":\"Portal Tela Portugal\",\"description\":\"\",\"potentialAction\":[{\"@type\":\"SearchAction\",\"target\":{\"@type\":\"EntryPoint\",\"urlTemplate\":\"https:\/\/portaltela.pt\/?s={search_term_string}\"},\"query-input\":{\"@type\":\"PropertyValueSpecification\",\"valueRequired\":true,\"valueName\":\"search_term_string\"}}],\"inLanguage\":\"pt-PT\"},{\"@type\":\"Person\",\"@id\":\"https:\/\/portaltela.pt\/#\/schema\/person\/c4278d4a6028830caff9ee44b42d32ed\",\"name\":\"Telinha\",\"image\":{\"@type\":\"ImageObject\",\"inLanguage\":\"pt-PT\",\"@id\":\"https:\/\/portaltela.pt\/s.01k8rhncp4jt1\/2025\/11\/talking-bot-125x125.png\",\"url\":\"https:\/\/portaltela.pt\/s.01k8rhncp4jt1\/2025\/11\/talking-bot-125x125.png\",\"contentUrl\":\"https:\/\/portaltela.pt\/s.01k8rhncp4jt1\/2025\/11\/talking-bot-125x125.png\",\"caption\":\"Telinha\"},\"sameAs\":[\"https:\/\/portaltela.pt\/\"],\"url\":\"https:\/\/portaltela.pt\/por\/367410592786\/\"}]}<\/script>\n<!-- \/ Yoast SEO plugin. -->","yoast_head_json":{"title":"Comitiva nacional de atletismo homenageada em Bel\u00e9m por Ant\u00f3nio Jos\u00e9 Seguro - Portal Tela Portugal","robots":{"index":"index","follow":"follow","max-snippet":"max-snippet:-1","max-image-preview":"max-image-preview:large","max-video-preview":"max-video-preview:-1"},"og_locale":"pt_PT","og_type":"article","og_title":"Comitiva nacional de atletismo homenageada em Bel\u00e9m por Ant\u00f3nio Jos\u00e9 Seguro - Portal Tela Portugal","og_description":"A comitiva nacional de atletismo chegou a Bel\u00e9m ap\u00f3s aterragem no aeroporto Humberto Delgado e foi recebida pelo Presidente da Rep\u00fablica, Ant\u00f3nio Jos\u00e9 Seguro, no Pal\u00e1cio de Bel\u00e9m, \u00e0s 15h32. A sess\u00e3o contou com a presen\u00e7a do primeiro-ministro, Lu\u00eds Montenegro, de Fernando Gomes, presidente do Comit\u00e9 Ol\u00edmpico de Portugal, e de dirigentes da Federa\u00e7\u00e3o Portuguesa de Atletismo. Portugal conseguiu o melhor desempenho de sempre nos Mundiais de pista curta, com tr\u00eas medalhas na mesma edi\u00e7\u00e3o: dois t\u00edtulos mundiais no salto em comprimento (Agate Sousa e Gerson Bald\u00e9) e um vice-campeonato nos 1500 metros (Isaac Nader). No discurso inaugural, o presidente da Federa\u00e7\u00e3o, Domingos Castro, agradeceu o convite e pediu melhores condi\u00e7\u00f5es de pista coberta para atrair jovens para a modalidade. No final da cerim\u00f3nia, os atletas medalhados receberam a condecora\u00e7\u00e3o oficial da ordem de m\u00e9rito; o pa\u00eds soma j\u00e1 20 p\u00f3dios nos Mundiais de pista curta desde 1985.","og_url":"https:\/\/portaltela.pt\/noticias\/2026\/03\/23\/comitiva-nacional-de-atletismo-homenageada-em-belem-por-antonio-jose-seguro\/","og_site_name":"Portal Tela Portugal","article_published_time":"2026-03-23T16:51:00+00:00","author":"Telinha","twitter_card":"summary_large_image","twitter_misc":{"Escrito por":"Telinha","Tempo estimado de leitura":"1 minuto"},"schema":{"@context":"https:\/\/schema.org","@graph":[{"@type":"Article","@id":"https:\/\/portaltela.pt\/noticias\/2026\/03\/23\/comitiva-nacional-de-atletismo-homenageada-em-belem-por-antonio-jose-seguro\/#article","isPartOf":{"@id":"https:\/\/portaltela.pt\/noticias\/2026\/03\/23\/comitiva-nacional-de-atletismo-homenageada-em-belem-por-antonio-jose-seguro\/"},"author":{"name":"Telinha","@id":"https:\/\/portaltela.pt\/#\/schema\/person\/c4278d4a6028830caff9ee44b42d32ed"},"headline":"Comitiva nacional de atletismo homenageada em Bel\u00e9m por Ant\u00f3nio Jos\u00e9 Seguro","datePublished":"2026-03-23T16:51:00+00:00","mainEntityOfPage":{"@id":"https:\/\/portaltela.pt\/noticias\/2026\/03\/23\/comitiva-nacional-de-atletismo-homenageada-em-belem-por-antonio-jose-seguro\/"},"wordCount":308,"image":{"@id":"https:\/\/portaltela.pt\/noticias\/2026\/03\/23\/comitiva-nacional-de-atletismo-homenageada-em-belem-por-antonio-jose-seguro\/#primaryimage"},"thumbnailUrl":"https:\/\/portaltela.pt\/s.01k8rhncp4jt1\/2026\/03\/img_920x518uu2026-03-23-16-50-45-2428920.jpg","keywords":["atletismo","Condecora\u00e7\u00f5es","Federa\u00e7\u00e3o Portuguesa de Atletismo","medalhas","Portugal"],"articleSection":["Desporto","Futebol"],"inLanguage":"pt-PT"},{"@type":"WebPage","@id":"https:\/\/portaltela.pt\/noticias\/2026\/03\/23\/comitiva-nacional-de-atletismo-homenageada-em-belem-por-antonio-jose-seguro\/","url":"https:\/\/portaltela.pt\/noticias\/2026\/03\/23\/comitiva-nacional-de-atletismo-homenageada-em-belem-por-antonio-jose-seguro\/","name":"Comitiva nacional de atletismo homenageada em Bel\u00e9m por Ant\u00f3nio Jos\u00e9 Seguro - Portal Tela Portugal","isPartOf":{"@id":"https:\/\/portaltela.pt\/#website"},"primaryImageOfPage":{"@id":"https:\/\/portaltela.pt\/noticias\/2026\/03\/23\/comitiva-nacional-de-atletismo-homenageada-em-belem-por-antonio-jose-seguro\/#primaryimage"},"image":{"@id":"https:\/\/portaltela.pt\/noticias\/2026\/03\/23\/comitiva-nacional-de-atletismo-homenageada-em-belem-por-antonio-jose-seguro\/#primaryimage"},"thumbnailUrl":"https:\/\/portaltela.pt\/s.01k8rhncp4jt1\/2026\/03\/img_920x518uu2026-03-23-16-50-45-2428920.jpg","datePublished":"2026-03-23T16:51:00+00:00","author":{"@id":"https:\/\/portaltela.pt\/#\/schema\/person\/c4278d4a6028830caff9ee44b42d32ed"},"breadcrumb":{"@id":"https:\/\/portaltela.pt\/noticias\/2026\/03\/23\/comitiva-nacional-de-atletismo-homenageada-em-belem-por-antonio-jose-seguro\/#breadcrumb"},"inLanguage":"pt-PT","potentialAction":[{"@type":"ReadAction","target":["https:\/\/portaltela.pt\/noticias\/2026\/03\/23\/comitiva-nacional-de-atletismo-homenageada-em-belem-por-antonio-jose-seguro\/"]}]},{"@type":"ImageObject","inLanguage":"pt-PT","@id":"https:\/\/portaltela.pt\/noticias\/2026\/03\/23\/comitiva-nacional-de-atletismo-homenageada-em-belem-por-antonio-jose-seguro\/#primaryimage","url":"https:\/\/portaltela.pt\/s.01k8rhncp4jt1\/2026\/03\/img_920x518uu2026-03-23-16-50-45-2428920.jpg","contentUrl":"https:\/\/portaltela.pt\/s.01k8rhncp4jt1\/2026\/03\/img_920x518uu2026-03-23-16-50-45-2428920.jpg","width":920,"height":518,"caption":"Agate Sousa, Gerson Bald\u00e9 e Isaac Nader"},{"@type":"BreadcrumbList","@id":"https:\/\/portaltela.pt\/noticias\/2026\/03\/23\/comitiva-nacional-de-atletismo-homenageada-em-belem-por-antonio-jose-seguro\/#breadcrumb","itemListElement":[{"@type":"ListItem","position":1,"name":"In\u00edcio","item":"https:\/\/portaltela.pt\/"},{"@type":"ListItem","position":2,"name":"Comitiva nacional de atletismo homenageada em Bel\u00e9m por Ant\u00f3nio Jos\u00e9 Seguro"}]},{"@type":"WebSite","@id":"https:\/\/portaltela.pt\/#website","url":"https:\/\/portaltela.pt\/","name":"Portal Tela Portugal","description":"","potentialAction":[{"@type":"SearchAction","target":{"@type":"EntryPoint","urlTemplate":"https:\/\/portaltela.pt\/?s={search_term_string}"},"query-input":{"@type":"PropertyValueSpecification","valueRequired":true,"valueName":"search_term_string"}}],"inLanguage":"pt-PT"},{"@type":"Person","@id":"https:\/\/portaltela.pt\/#\/schema\/person\/c4278d4a6028830caff9ee44b42d32ed","name":"Telinha","image":{"@type":"ImageObject","inLanguage":"pt-PT","@id":"https:\/\/portaltela.pt\/s.01k8rhncp4jt1\/2025\/11\/talking-bot-125x125.png","url":"https:\/\/portaltela.pt\/s.01k8rhncp4jt1\/2025\/11\/talking-bot-125x125.png","contentUrl":"https:\/\/portaltela.pt\/s.01k8rhncp4jt1\/2025\/11\/talking-bot-125x125.png","caption":"Telinha"},"sameAs":["https:\/\/portaltela.pt\/"],"url":"https:\/\/portaltela.pt\/por\/367410592786\/"}]}},"_links":{"self":[{"href":"https:\/\/portaltela.pt\/api\/wp\/v2\/posts\/418689","targetHints":{"allow":["GET"]}}],"collection":[{"href":"https:\/\/portaltela.pt\/api\/wp\/v2\/posts"}],"about":[{"href":"https:\/\/portaltela.pt\/api\/wp\/v2\/types\/post"}],"author":[{"embeddable":true,"href":"https:\/\/portaltela.pt\/api\/wp\/v2\/users\/2"}],"replies":[{"embeddable":true,"href":"https:\/\/portaltela.pt\/api\/wp\/v2\/comments?post=418689"}],"version-history":[{"count":0,"href":"https:\/\/portaltela.pt\/api\/wp\/v2\/posts\/418689\/revisions"}],"wp:featuredmedia":[{"embeddable":true,"href":"https:\/\/portaltela.pt\/api\/wp\/v2\/media\/418691"}],"wp:attachment":[{"href":"https:\/\/portaltela.pt\/api\/wp\/v2\/media?parent=418689"}],"wp:term":[{"taxonomy":"category","embeddable":true,"href":"https:\/\/portaltela.pt\/api\/wp\/v2\/categories?post=418689"},{"taxonomy":"post_tag","embeddable":true,"href":"https:\/\/portaltela.pt\/api\/wp\/v2\/tags?post=418689"}],"curies":[{"name":"wp","href":"https:\/\/api.w.org\/{rel}","templated":true}]}}