{"id":418678,"date":"2026-03-23T13:26:00","date_gmt":"2026-03-23T16:26:00","guid":{"rendered":"https:\/\/portaltela.pt\/noticias\/2026\/03\/23\/psd-pede-audicao-urgente-de-luis-neves-sobre-incidente-na-marcha-pela-vida\/"},"modified":"2026-03-23T13:26:00","modified_gmt":"2026-03-23T16:26:00","slug":"psd-pede-audicao-urgente-de-luis-neves-sobre-incidente-na-marcha-pela-vida","status":"publish","type":"post","link":"https:\/\/portaltela.pt\/sociedade\/2026\/03\/23\/psd-pede-audicao-urgente-de-luis-neves-sobre-incidente-na-marcha-pela-vida\/","title":{"rendered":"PSD pede audi\u00e7\u00e3o urgente de Lu\u00eds Neves sobre incidente na Marcha pela Vida"},"content":{"rendered":"<p>O PSD pediu nesta segunda-feira a audi\u00e7\u00e3o parlamentar urgente do ministro da Administra\u00e7\u00e3o Interna, Lu\u00eds Neves, para apurar factos sobre o disparo de um objeto incendi\u00e1rio durante a Marcha pela Vida, em Lisboa, no \u00faltimo s\u00e1bado. O requerimento foi entregue na Assembleia da Rep\u00fablica.<\/p>\n<p>Segundo o PSD, o incidente ocorreu no final da marcha, que reuniu cerca de 500 pessoas, incluindo crian\u00e7as e beb\u00e9s. O objeto incendi\u00e1rio, do tipo cocktail molotov com gasolina, foi lan\u00e7ado na dire\u00e7\u00e3o dos manifestantes, sem feridos reportados de forma imediata.<\/p>\n<p>A PSP deteve o suspeito no local, que n\u00e3o participava na manifesta\u00e7\u00e3o. O partido real\u00e7a a condena\u00e7\u00e3o veemente de atos de extremismo e enfatiza a necessidade de preservar a liberdade de express\u00e3o e de manifesta\u00e7\u00e3o.<\/p>\n<h3>Detalhes do incidente<\/h3>\n<p>O clima de alarme foi referido pela PSP, com perturba\u00e7\u00e3o no local e alguns atingidos pelo l\u00edquido inflam\u00e1vel. Outros indiv\u00edduos, associados a um grupo alegadamente de conota\u00e7\u00e3o anarquista, foram identificados posteriormente em outra art\u00e9ria.<\/p>\n<h3>Posi\u00e7\u00e3o do PSD<\/h3>\n<p>O PSD sustenta que a agressividade do discurso p\u00fablico fragiliza a conviv\u00eancia democr\u00e1tica e pede que o ministro seja ouvido com car\u00e1ter de urg\u00eancia na Comiss\u00e3o de Assuntos Constitucionais, Direitos, Liberdades e Garantias. O partido elogia a atua\u00e7\u00e3o da PSP e de Lu\u00eds Neves na condena\u00e7\u00e3o do ato.<\/p>\n","protected":false},"excerpt":{"rendered":"<ul>\n<li>O PSD pediu uma audi\u00e7\u00e3o parlamentar urgente do ministro da Administra\u00e7\u00e3o Interna, Lu\u00eds Neves, para apurar os factos do incidente com um objeto incendi\u00e1rio na Marcha pela Vida, em Lisboa, ocorrido no s\u00e1bado, 21 de mar\u00e7o.<\/li>\n<li>O ataque, sem feridos, envolveu o lan\u00e7amento de um cocktail molotov feito com gasolina dirigido aos participantes.<\/li>\n<li>Segundo a PSP, o suspeito, que n\u00e3o participava na manifesta\u00e7\u00e3o, foi detido no local; no momento estava cerca de 500 pessoas, incluindo crian\u00e7as e beb\u00e9s.<\/li>\n<li>O PSP relatou um clima de alarme e perturba\u00e7\u00e3o, com algumas pessoas atingidas pelo l\u00edquido inflam\u00e1vel; tr\u00eas alegados membros de um grupo de conota\u00e7\u00e3o anarquista, identificados mais tarde, estiveram no local.<\/li>\n<li>A Marcha pela Vida decorreu no \u00e2mbito da Caminhada pela Vida, que iniciou no Largo do Carmo e terminou no Pal\u00e1cio de S\u00e3o Bento, em Lisboa.<\/li>\n<\/ul>\n","protected":false},"author":2,"featured_media":418679,"comment_status":"closed","ping_status":"closed","sticky":false,"template":"","format":"standard","meta":{"footnotes":""},"categories":[6779,6871],"tags":[5806,3446,2920,981,3418,2832],"class_list":["post-418678","post","type-post","status-publish","format-standard","has-post-thumbnail","hentry","category-seguranca","category-sociedade","tag-a-administracao-interna","tag-extremismo","tag-liberdade-de-expressao","tag-lisboa","tag-policia-de-seguranca-publica","tag-politica"],"yoast_head":"<!-- This site is optimized with the Yoast SEO plugin v27.2 - https:\/\/yoast.com\/product\/yoast-seo-wordpress\/ -->\n<title>PSD pede audi\u00e7\u00e3o urgente de Lu\u00eds Neves sobre incidente na Marcha pela Vida - Portal Tela Portugal<\/title>\n<meta name=\"robots\" content=\"index, follow, max-snippet:-1, max-image-preview:large, max-video-preview:-1\" \/>\n<meta property=\"og:locale\" content=\"pt_PT\" \/>\n<meta property=\"og:type\" content=\"article\" \/>\n<meta property=\"og:title\" content=\"PSD pede audi\u00e7\u00e3o urgente de Lu\u00eds Neves sobre incidente na Marcha pela Vida - Portal Tela Portugal\" \/>\n<meta property=\"og:description\" content=\"O PSD pediu uma audi\u00e7\u00e3o parlamentar urgente do ministro da Administra\u00e7\u00e3o Interna, Lu\u00eds Neves, para apurar os factos do incidente com um objeto incendi\u00e1rio na Marcha pela Vida, em Lisboa, ocorrido no s\u00e1bado, 21 de mar\u00e7o. O ataque, sem feridos, envolveu o lan\u00e7amento de um cocktail molotov feito com gasolina dirigido aos participantes. Segundo a PSP, o suspeito, que n\u00e3o participava na manifesta\u00e7\u00e3o, foi detido no local; no momento estava cerca de 500 pessoas, incluindo crian\u00e7as e beb\u00e9s. O PSP relatou um clima de alarme e perturba\u00e7\u00e3o, com algumas pessoas atingidas pelo l\u00edquido inflam\u00e1vel; tr\u00eas alegados membros de um grupo de conota\u00e7\u00e3o anarquista, identificados mais tarde, estiveram no local. A Marcha pela Vida decorreu no \u00e2mbito da Caminhada pela Vida, que iniciou no Largo do Carmo e terminou no Pal\u00e1cio de S\u00e3o Bento, em Lisboa.\" \/>\n<meta property=\"og:url\" content=\"https:\/\/portaltela.pt\/noticias\/2026\/03\/23\/psd-pede-audicao-urgente-de-luis-neves-sobre-incidente-na-marcha-pela-vida\/\" \/>\n<meta property=\"og:site_name\" content=\"Portal Tela Portugal\" \/>\n<meta property=\"article:published_time\" content=\"2026-03-23T16:26:00+00:00\" \/>\n<meta name=\"author\" content=\"Telinha\" \/>\n<meta name=\"twitter:card\" content=\"summary_large_image\" \/>\n<meta name=\"twitter:label1\" content=\"Escrito por\" \/>\n\t<meta name=\"twitter:data1\" content=\"Telinha\" \/>\n\t<meta name=\"twitter:label2\" content=\"Tempo estimado de leitura\" \/>\n\t<meta name=\"twitter:data2\" content=\"1 minuto\" \/>\n<script type=\"application\/ld+json\" class=\"yoast-schema-graph\">{\"@context\":\"https:\/\/schema.org\",\"@graph\":[{\"@type\":\"Article\",\"@id\":\"https:\/\/portaltela.pt\/noticias\/2026\/03\/23\/psd-pede-audicao-urgente-de-luis-neves-sobre-incidente-na-marcha-pela-vida\/#article\",\"isPartOf\":{\"@id\":\"https:\/\/portaltela.pt\/noticias\/2026\/03\/23\/psd-pede-audicao-urgente-de-luis-neves-sobre-incidente-na-marcha-pela-vida\/\"},\"author\":{\"name\":\"Telinha\",\"@id\":\"https:\/\/portaltela.pt\/#\/schema\/person\/c4278d4a6028830caff9ee44b42d32ed\"},\"headline\":\"PSD pede audi\u00e7\u00e3o urgente de Lu\u00eds Neves sobre incidente na Marcha pela Vida\",\"datePublished\":\"2026-03-23T16:26:00+00:00\",\"mainEntityOfPage\":{\"@id\":\"https:\/\/portaltela.pt\/noticias\/2026\/03\/23\/psd-pede-audicao-urgente-de-luis-neves-sobre-incidente-na-marcha-pela-vida\/\"},\"wordCount\":255,\"image\":{\"@id\":\"https:\/\/portaltela.pt\/noticias\/2026\/03\/23\/psd-pede-audicao-urgente-de-luis-neves-sobre-incidente-na-marcha-pela-vida\/#primaryimage\"},\"thumbnailUrl\":\"https:\/\/portaltela.pt\/s.01k8rhncp4jt1\/2026\/03\/2076374.jpg\",\"keywords\":[\"A Administra\u00e7\u00e3o Interna\",\"extremismo\",\"liberdade de express\u00e3o\",\"Lisboa\",\"Pol\u00edcia de Seguran\u00e7a P\u00fablica\",\"pol\u00edtica\"],\"articleSection\":[\"Seguran\u00e7a\",\"Sociedade\"],\"inLanguage\":\"pt-PT\"},{\"@type\":\"WebPage\",\"@id\":\"https:\/\/portaltela.pt\/noticias\/2026\/03\/23\/psd-pede-audicao-urgente-de-luis-neves-sobre-incidente-na-marcha-pela-vida\/\",\"url\":\"https:\/\/portaltela.pt\/noticias\/2026\/03\/23\/psd-pede-audicao-urgente-de-luis-neves-sobre-incidente-na-marcha-pela-vida\/\",\"name\":\"PSD pede audi\u00e7\u00e3o urgente de Lu\u00eds Neves sobre incidente na Marcha pela Vida - Portal Tela Portugal\",\"isPartOf\":{\"@id\":\"https:\/\/portaltela.pt\/#website\"},\"primaryImageOfPage\":{\"@id\":\"https:\/\/portaltela.pt\/noticias\/2026\/03\/23\/psd-pede-audicao-urgente-de-luis-neves-sobre-incidente-na-marcha-pela-vida\/#primaryimage\"},\"image\":{\"@id\":\"https:\/\/portaltela.pt\/noticias\/2026\/03\/23\/psd-pede-audicao-urgente-de-luis-neves-sobre-incidente-na-marcha-pela-vida\/#primaryimage\"},\"thumbnailUrl\":\"https:\/\/portaltela.pt\/s.01k8rhncp4jt1\/2026\/03\/2076374.jpg\",\"datePublished\":\"2026-03-23T16:26:00+00:00\",\"author\":{\"@id\":\"https:\/\/portaltela.pt\/#\/schema\/person\/c4278d4a6028830caff9ee44b42d32ed\"},\"breadcrumb\":{\"@id\":\"https:\/\/portaltela.pt\/noticias\/2026\/03\/23\/psd-pede-audicao-urgente-de-luis-neves-sobre-incidente-na-marcha-pela-vida\/#breadcrumb\"},\"inLanguage\":\"pt-PT\",\"potentialAction\":[{\"@type\":\"ReadAction\",\"target\":[\"https:\/\/portaltela.pt\/noticias\/2026\/03\/23\/psd-pede-audicao-urgente-de-luis-neves-sobre-incidente-na-marcha-pela-vida\/\"]}]},{\"@type\":\"ImageObject\",\"inLanguage\":\"pt-PT\",\"@id\":\"https:\/\/portaltela.pt\/noticias\/2026\/03\/23\/psd-pede-audicao-urgente-de-luis-neves-sobre-incidente-na-marcha-pela-vida\/#primaryimage\",\"url\":\"https:\/\/portaltela.pt\/s.01k8rhncp4jt1\/2026\/03\/2076374.jpg\",\"contentUrl\":\"https:\/\/portaltela.pt\/s.01k8rhncp4jt1\/2026\/03\/2076374.jpg\",\"width\":796,\"height\":448,\"caption\":\"PSD elogia actua\u00e7\u00e3o do ministro da Administra\u00e7\u00e3o Interna, que j\u00e1 condenou o acto de s\u00e1bado\"},{\"@type\":\"BreadcrumbList\",\"@id\":\"https:\/\/portaltela.pt\/noticias\/2026\/03\/23\/psd-pede-audicao-urgente-de-luis-neves-sobre-incidente-na-marcha-pela-vida\/#breadcrumb\",\"itemListElement\":[{\"@type\":\"ListItem\",\"position\":1,\"name\":\"In\u00edcio\",\"item\":\"https:\/\/portaltela.pt\/\"},{\"@type\":\"ListItem\",\"position\":2,\"name\":\"PSD pede audi\u00e7\u00e3o urgente de Lu\u00eds Neves sobre incidente na Marcha pela Vida\"}]},{\"@type\":\"WebSite\",\"@id\":\"https:\/\/portaltela.pt\/#website\",\"url\":\"https:\/\/portaltela.pt\/\",\"name\":\"Portal Tela Portugal\",\"description\":\"\",\"potentialAction\":[{\"@type\":\"SearchAction\",\"target\":{\"@type\":\"EntryPoint\",\"urlTemplate\":\"https:\/\/portaltela.pt\/?s={search_term_string}\"},\"query-input\":{\"@type\":\"PropertyValueSpecification\",\"valueRequired\":true,\"valueName\":\"search_term_string\"}}],\"inLanguage\":\"pt-PT\"},{\"@type\":\"Person\",\"@id\":\"https:\/\/portaltela.pt\/#\/schema\/person\/c4278d4a6028830caff9ee44b42d32ed\",\"name\":\"Telinha\",\"image\":{\"@type\":\"ImageObject\",\"inLanguage\":\"pt-PT\",\"@id\":\"https:\/\/portaltela.pt\/s.01k8rhncp4jt1\/2025\/11\/talking-bot-125x125.png\",\"url\":\"https:\/\/portaltela.pt\/s.01k8rhncp4jt1\/2025\/11\/talking-bot-125x125.png\",\"contentUrl\":\"https:\/\/portaltela.pt\/s.01k8rhncp4jt1\/2025\/11\/talking-bot-125x125.png\",\"caption\":\"Telinha\"},\"sameAs\":[\"https:\/\/portaltela.pt\/\"],\"url\":\"https:\/\/portaltela.pt\/por\/367410592786\/\"}]}<\/script>\n<!-- \/ Yoast SEO plugin. -->","yoast_head_json":{"title":"PSD pede audi\u00e7\u00e3o urgente de Lu\u00eds Neves sobre incidente na Marcha pela Vida - Portal Tela Portugal","robots":{"index":"index","follow":"follow","max-snippet":"max-snippet:-1","max-image-preview":"max-image-preview:large","max-video-preview":"max-video-preview:-1"},"og_locale":"pt_PT","og_type":"article","og_title":"PSD pede audi\u00e7\u00e3o urgente de Lu\u00eds Neves sobre incidente na Marcha pela Vida - Portal Tela Portugal","og_description":"O PSD pediu uma audi\u00e7\u00e3o parlamentar urgente do ministro da Administra\u00e7\u00e3o Interna, Lu\u00eds Neves, para apurar os factos do incidente com um objeto incendi\u00e1rio na Marcha pela Vida, em Lisboa, ocorrido no s\u00e1bado, 21 de mar\u00e7o. O ataque, sem feridos, envolveu o lan\u00e7amento de um cocktail molotov feito com gasolina dirigido aos participantes. Segundo a PSP, o suspeito, que n\u00e3o participava na manifesta\u00e7\u00e3o, foi detido no local; no momento estava cerca de 500 pessoas, incluindo crian\u00e7as e beb\u00e9s. O PSP relatou um clima de alarme e perturba\u00e7\u00e3o, com algumas pessoas atingidas pelo l\u00edquido inflam\u00e1vel; tr\u00eas alegados membros de um grupo de conota\u00e7\u00e3o anarquista, identificados mais tarde, estiveram no local. A Marcha pela Vida decorreu no \u00e2mbito da Caminhada pela Vida, que iniciou no Largo do Carmo e terminou no Pal\u00e1cio de S\u00e3o Bento, em Lisboa.","og_url":"https:\/\/portaltela.pt\/noticias\/2026\/03\/23\/psd-pede-audicao-urgente-de-luis-neves-sobre-incidente-na-marcha-pela-vida\/","og_site_name":"Portal Tela Portugal","article_published_time":"2026-03-23T16:26:00+00:00","author":"Telinha","twitter_card":"summary_large_image","twitter_misc":{"Escrito por":"Telinha","Tempo estimado de leitura":"1 minuto"},"schema":{"@context":"https:\/\/schema.org","@graph":[{"@type":"Article","@id":"https:\/\/portaltela.pt\/noticias\/2026\/03\/23\/psd-pede-audicao-urgente-de-luis-neves-sobre-incidente-na-marcha-pela-vida\/#article","isPartOf":{"@id":"https:\/\/portaltela.pt\/noticias\/2026\/03\/23\/psd-pede-audicao-urgente-de-luis-neves-sobre-incidente-na-marcha-pela-vida\/"},"author":{"name":"Telinha","@id":"https:\/\/portaltela.pt\/#\/schema\/person\/c4278d4a6028830caff9ee44b42d32ed"},"headline":"PSD pede audi\u00e7\u00e3o urgente de Lu\u00eds Neves sobre incidente na Marcha pela Vida","datePublished":"2026-03-23T16:26:00+00:00","mainEntityOfPage":{"@id":"https:\/\/portaltela.pt\/noticias\/2026\/03\/23\/psd-pede-audicao-urgente-de-luis-neves-sobre-incidente-na-marcha-pela-vida\/"},"wordCount":255,"image":{"@id":"https:\/\/portaltela.pt\/noticias\/2026\/03\/23\/psd-pede-audicao-urgente-de-luis-neves-sobre-incidente-na-marcha-pela-vida\/#primaryimage"},"thumbnailUrl":"https:\/\/portaltela.pt\/s.01k8rhncp4jt1\/2026\/03\/2076374.jpg","keywords":["A Administra\u00e7\u00e3o Interna","extremismo","liberdade de express\u00e3o","Lisboa","Pol\u00edcia de Seguran\u00e7a P\u00fablica","pol\u00edtica"],"articleSection":["Seguran\u00e7a","Sociedade"],"inLanguage":"pt-PT"},{"@type":"WebPage","@id":"https:\/\/portaltela.pt\/noticias\/2026\/03\/23\/psd-pede-audicao-urgente-de-luis-neves-sobre-incidente-na-marcha-pela-vida\/","url":"https:\/\/portaltela.pt\/noticias\/2026\/03\/23\/psd-pede-audicao-urgente-de-luis-neves-sobre-incidente-na-marcha-pela-vida\/","name":"PSD pede audi\u00e7\u00e3o urgente de Lu\u00eds Neves sobre incidente na Marcha pela Vida - Portal Tela Portugal","isPartOf":{"@id":"https:\/\/portaltela.pt\/#website"},"primaryImageOfPage":{"@id":"https:\/\/portaltela.pt\/noticias\/2026\/03\/23\/psd-pede-audicao-urgente-de-luis-neves-sobre-incidente-na-marcha-pela-vida\/#primaryimage"},"image":{"@id":"https:\/\/portaltela.pt\/noticias\/2026\/03\/23\/psd-pede-audicao-urgente-de-luis-neves-sobre-incidente-na-marcha-pela-vida\/#primaryimage"},"thumbnailUrl":"https:\/\/portaltela.pt\/s.01k8rhncp4jt1\/2026\/03\/2076374.jpg","datePublished":"2026-03-23T16:26:00+00:00","author":{"@id":"https:\/\/portaltela.pt\/#\/schema\/person\/c4278d4a6028830caff9ee44b42d32ed"},"breadcrumb":{"@id":"https:\/\/portaltela.pt\/noticias\/2026\/03\/23\/psd-pede-audicao-urgente-de-luis-neves-sobre-incidente-na-marcha-pela-vida\/#breadcrumb"},"inLanguage":"pt-PT","potentialAction":[{"@type":"ReadAction","target":["https:\/\/portaltela.pt\/noticias\/2026\/03\/23\/psd-pede-audicao-urgente-de-luis-neves-sobre-incidente-na-marcha-pela-vida\/"]}]},{"@type":"ImageObject","inLanguage":"pt-PT","@id":"https:\/\/portaltela.pt\/noticias\/2026\/03\/23\/psd-pede-audicao-urgente-de-luis-neves-sobre-incidente-na-marcha-pela-vida\/#primaryimage","url":"https:\/\/portaltela.pt\/s.01k8rhncp4jt1\/2026\/03\/2076374.jpg","contentUrl":"https:\/\/portaltela.pt\/s.01k8rhncp4jt1\/2026\/03\/2076374.jpg","width":796,"height":448,"caption":"PSD elogia actua\u00e7\u00e3o do ministro da Administra\u00e7\u00e3o Interna, que j\u00e1 condenou o acto de s\u00e1bado"},{"@type":"BreadcrumbList","@id":"https:\/\/portaltela.pt\/noticias\/2026\/03\/23\/psd-pede-audicao-urgente-de-luis-neves-sobre-incidente-na-marcha-pela-vida\/#breadcrumb","itemListElement":[{"@type":"ListItem","position":1,"name":"In\u00edcio","item":"https:\/\/portaltela.pt\/"},{"@type":"ListItem","position":2,"name":"PSD pede audi\u00e7\u00e3o urgente de Lu\u00eds Neves sobre incidente na Marcha pela Vida"}]},{"@type":"WebSite","@id":"https:\/\/portaltela.pt\/#website","url":"https:\/\/portaltela.pt\/","name":"Portal Tela Portugal","description":"","potentialAction":[{"@type":"SearchAction","target":{"@type":"EntryPoint","urlTemplate":"https:\/\/portaltela.pt\/?s={search_term_string}"},"query-input":{"@type":"PropertyValueSpecification","valueRequired":true,"valueName":"search_term_string"}}],"inLanguage":"pt-PT"},{"@type":"Person","@id":"https:\/\/portaltela.pt\/#\/schema\/person\/c4278d4a6028830caff9ee44b42d32ed","name":"Telinha","image":{"@type":"ImageObject","inLanguage":"pt-PT","@id":"https:\/\/portaltela.pt\/s.01k8rhncp4jt1\/2025\/11\/talking-bot-125x125.png","url":"https:\/\/portaltela.pt\/s.01k8rhncp4jt1\/2025\/11\/talking-bot-125x125.png","contentUrl":"https:\/\/portaltela.pt\/s.01k8rhncp4jt1\/2025\/11\/talking-bot-125x125.png","caption":"Telinha"},"sameAs":["https:\/\/portaltela.pt\/"],"url":"https:\/\/portaltela.pt\/por\/367410592786\/"}]}},"_links":{"self":[{"href":"https:\/\/portaltela.pt\/api\/wp\/v2\/posts\/418678","targetHints":{"allow":["GET"]}}],"collection":[{"href":"https:\/\/portaltela.pt\/api\/wp\/v2\/posts"}],"about":[{"href":"https:\/\/portaltela.pt\/api\/wp\/v2\/types\/post"}],"author":[{"embeddable":true,"href":"https:\/\/portaltela.pt\/api\/wp\/v2\/users\/2"}],"replies":[{"embeddable":true,"href":"https:\/\/portaltela.pt\/api\/wp\/v2\/comments?post=418678"}],"version-history":[{"count":0,"href":"https:\/\/portaltela.pt\/api\/wp\/v2\/posts\/418678\/revisions"}],"wp:featuredmedia":[{"embeddable":true,"href":"https:\/\/portaltela.pt\/api\/wp\/v2\/media\/418679"}],"wp:attachment":[{"href":"https:\/\/portaltela.pt\/api\/wp\/v2\/media?parent=418678"}],"wp:term":[{"taxonomy":"category","embeddable":true,"href":"https:\/\/portaltela.pt\/api\/wp\/v2\/categories?post=418678"},{"taxonomy":"post_tag","embeddable":true,"href":"https:\/\/portaltela.pt\/api\/wp\/v2\/tags?post=418678"}],"curies":[{"name":"wp","href":"https:\/\/api.w.org\/{rel}","templated":true}]}}