{"id":418676,"date":"2026-03-23T13:49:00","date_gmt":"2026-03-23T16:49:00","guid":{"rendered":"https:\/\/portaltela.pt\/noticias\/2026\/03\/23\/quanto-custa-ainda-nao-ter-um-carro-eletrico\/"},"modified":"2026-03-23T13:49:00","modified_gmt":"2026-03-23T16:49:00","slug":"quanto-custa-ainda-nao-ter-um-carro-eletrico","status":"publish","type":"post","link":"https:\/\/portaltela.pt\/energia\/2026\/03\/23\/quanto-custa-ainda-nao-ter-um-carro-eletrico\/","title":{"rendered":"Quanto custa ainda n\u00e3o ter um carro el\u00e9trico?"},"content":{"rendered":"<p>H\u00e1 momentos em que a realidade supera qualquer campanha de persuas\u00e3o. Nas \u00faltimas semanas, os consumidores portugueses assistiram a filas nos postos, a aumentos recordes no gas\u00f3leo e na gasolina e a um Governo a entregar apoio aos consumidores para mitigar os custos.<\/p>\n<p>Em poucos dias, os pre\u00e7os subiram a n\u00edveis hist\u00f3ricos. A tens\u00e3o no M\u00e9dio Oriente interrompeu o Estreito de Ormuz, ponto de passagem de cerca de 20% do petr\u00f3leo e g\u00e1s que circula globalmente. O abastecimento tornou-se, para muitos, uma evidente preocupa\u00e7\u00e3o econ\u00f3mica.<\/p>\n<p>Mais de 150 000 condutores em Portugal passaram pela bomba, observaram o pre\u00e7o e seguiram em frente, mesmo com a perce\u00e7\u00e3o de risco. A reflex\u00e3o \u00e9 pr\u00e1tica: a diferen\u00e7a entre manter o carro a combust\u00edveis f\u00f3sseis ou adaptar-se \u00e9 financeira.<\/p>\n<p>Um ve\u00edculo a gas\u00f3leo com 15 000 km\/ano, consumo de 6 L\/100 km, custa entre 1 600 e 1 900 euros\/ano em combust\u00edvel. Um el\u00e9trico equivalente, carregado sobretudo em casa, fica entre 400 e 600 euros pelo mesmo percurso, dependendo do utilizador.<\/p>\n<h3>Economia de energia e soberania<\/h3>\n<p>A eletrifica\u00e7\u00e3o do transporte n\u00e3o \u00e9 apenas uma poupan\u00e7a direta. Portugal importa todo o petr\u00f3leo que consome, o que gera transfer\u00eancia de riqueza para fora do pa\u00eds e exposi\u00e7\u00e3o a volatilidades de mercados e a decis\u00f5es sem consulta direta aos portugueses.<\/p>\n<p>Cada quil\u00f3metro percorrido em modo el\u00e9trico reduz a depend\u00eancia externa de energia. Mesmo com a eletricidade sujeita a varia\u00e7\u00f5es, a tend\u00eancia aponta para custos de posse que favorecem o el\u00e9trico, incluindo manuten\u00e7\u00e3o, combust\u00edvel e impostos.<\/p>\n<h3>Tend\u00eancias e custos de transi\u00e7\u00e3o<\/h3>\n<p>\u00c9 verdade que a eletricidade tamb\u00e9m subiu e que a transi\u00e7\u00e3o energ\u00e9tica envolve custos de entrada. Contudo, a oferta de ve\u00edculos el\u00e9tricos cresce e os custos totais de posse ficam cada vez mais competitivos.<\/p>\n<p>Para quem hesita, as recentes semanas sublinharam os riscos de depender do petr\u00f3leo. Para quem j\u00e1 adotou a mobilidade el\u00e9trica, h\u00e1 confirma\u00e7\u00e3o de uma decis\u00e3o alinhada com a realidade atual.<\/p>\n<p>O abastecimento de combust\u00edvel n\u00e3o vai desaparecer de um dia para o outro. Quando o pre\u00e7o sobe, a pergunta \u00e9 simples: at\u00e9 quando continuar\u00e1 a depender do barril?<\/p>\n","protected":false},"excerpt":{"rendered":"<ul>\n<li>Em poucas semanas, Portugal viu filas em postos, aumentos hist\u00f3ricos no gas\u00f3leo e na gasolina, com o Governo a apoiar consumidores, em consequ\u00eancia do bloqueio do Estreito de Ormuz.<\/li>\n<li>Ao todo, mais de 150 mil condutores passaram pela bomba, viram os pre\u00e7os e seguiram em frente porque n\u00e3o precisam de abastecer.<\/li>\n<li>Um ve\u00edculo a gas\u00f3leo, 15.000 km por ano e consumo de 6 L\/100 km, custa entre 1.600 e 1.900 euros por ano em combust\u00edvel; um el\u00e9trico equivalente, carregado maioritariamente em casa, fica entre 400 e 600 euros, significando uma poupan\u00e7a de 1.000 a 1.500 euros por ano.<\/li>\n<li>Al\u00e9m da poupan\u00e7a, a eletrifica\u00e7\u00e3o aumenta a soberania energ\u00e9tica, j\u00e1 que Portugal importa todo o petr\u00f3leo consumido; cada quil\u00f3metro el\u00e9trico reduz a depend\u00eancia externa.<\/li>\n<li>Apesar de a eletricidade tamb\u00e9m subir e haver custos de entrada, a tend\u00eancia aponta para custos totais de posse mais baixos, com oferta ampliada e maior acessibilidade dos ve\u00edculos el\u00e9tricos.<\/li>\n<\/ul>\n","protected":false},"author":2,"featured_media":418677,"comment_status":"closed","ping_status":"closed","sticky":false,"template":"","format":"standard","meta":{"footnotes":""},"categories":[6806],"tags":[6115,4405,174,3603,4171,192],"class_list":["post-418676","post","type-post","status-publish","format-standard","has-post-thumbnail","hentry","category-energia","tag-_economia","tag-eletrico","tag-energia","tag-energias-renovaveis","tag-mobilidade-sustentavel","tag-transporte"],"yoast_head":"<!-- This site is optimized with the Yoast SEO plugin v27.2 - https:\/\/yoast.com\/product\/yoast-seo-wordpress\/ -->\n<title>Quanto custa ainda n\u00e3o ter um carro el\u00e9trico? - Portal Tela Portugal<\/title>\n<meta name=\"robots\" content=\"index, follow, max-snippet:-1, max-image-preview:large, max-video-preview:-1\" \/>\n<meta property=\"og:locale\" content=\"pt_PT\" \/>\n<meta property=\"og:type\" content=\"article\" \/>\n<meta property=\"og:title\" content=\"Quanto custa ainda n\u00e3o ter um carro el\u00e9trico? - Portal Tela Portugal\" \/>\n<meta property=\"og:description\" content=\"Em poucas semanas, Portugal viu filas em postos, aumentos hist\u00f3ricos no gas\u00f3leo e na gasolina, com o Governo a apoiar consumidores, em consequ\u00eancia do bloqueio do Estreito de Ormuz. Ao todo, mais de 150 mil condutores passaram pela bomba, viram os pre\u00e7os e seguiram em frente porque n\u00e3o precisam de abastecer. Um ve\u00edculo a gas\u00f3leo, 15.000 km por ano e consumo de 6 L\/100 km, custa entre 1.600 e 1.900 euros por ano em combust\u00edvel; um el\u00e9trico equivalente, carregado maioritariamente em casa, fica entre 400 e 600 euros, significando uma poupan\u00e7a de 1.000 a 1.500 euros por ano. Al\u00e9m da poupan\u00e7a, a eletrifica\u00e7\u00e3o aumenta a soberania energ\u00e9tica, j\u00e1 que Portugal importa todo o petr\u00f3leo consumido; cada quil\u00f3metro el\u00e9trico reduz a depend\u00eancia externa. Apesar de a eletricidade tamb\u00e9m subir e haver custos de entrada, a tend\u00eancia aponta para custos totais de posse mais baixos, com oferta ampliada e maior acessibilidade dos ve\u00edculos el\u00e9tricos.\" \/>\n<meta property=\"og:url\" content=\"https:\/\/portaltela.pt\/noticias\/2026\/03\/23\/quanto-custa-ainda-nao-ter-um-carro-eletrico\/\" \/>\n<meta property=\"og:site_name\" content=\"Portal Tela Portugal\" \/>\n<meta property=\"article:published_time\" content=\"2026-03-23T16:49:00+00:00\" \/>\n<meta name=\"author\" content=\"Telinha\" \/>\n<meta name=\"twitter:card\" content=\"summary_large_image\" \/>\n<meta name=\"twitter:label1\" content=\"Escrito por\" \/>\n\t<meta name=\"twitter:data1\" content=\"Telinha\" \/>\n\t<meta name=\"twitter:label2\" content=\"Tempo estimado de leitura\" \/>\n\t<meta name=\"twitter:data2\" content=\"2 minutos\" \/>\n<script type=\"application\/ld+json\" class=\"yoast-schema-graph\">{\"@context\":\"https:\/\/schema.org\",\"@graph\":[{\"@type\":\"Article\",\"@id\":\"https:\/\/portaltela.pt\/noticias\/2026\/03\/23\/quanto-custa-ainda-nao-ter-um-carro-eletrico\/#article\",\"isPartOf\":{\"@id\":\"https:\/\/portaltela.pt\/noticias\/2026\/03\/23\/quanto-custa-ainda-nao-ter-um-carro-eletrico\/\"},\"author\":{\"name\":\"Telinha\",\"@id\":\"https:\/\/portaltela.pt\/#\/schema\/person\/c4278d4a6028830caff9ee44b42d32ed\"},\"headline\":\"Quanto custa ainda n\u00e3o ter um carro el\u00e9trico?\",\"datePublished\":\"2026-03-23T16:49:00+00:00\",\"mainEntityOfPage\":{\"@id\":\"https:\/\/portaltela.pt\/noticias\/2026\/03\/23\/quanto-custa-ainda-nao-ter-um-carro-eletrico\/\"},\"wordCount\":392,\"image\":{\"@id\":\"https:\/\/portaltela.pt\/noticias\/2026\/03\/23\/quanto-custa-ainda-nao-ter-um-carro-eletrico\/#primaryimage\"},\"thumbnailUrl\":\"https:\/\/portaltela.pt\/s.01k8rhncp4jt1\/2026\/03\/6c252195-4809-49d1-a0b4-2e869a66268d_1200x675.jpg\",\"keywords\":[\"_economia\",\"El\u00e9trico\",\"energia\",\"energias renov\u00e1veis\",\"Mobilidade Sustent\u00e1vel\",\"transporte\"],\"articleSection\":[\"Energia\"],\"inLanguage\":\"pt-PT\"},{\"@type\":\"WebPage\",\"@id\":\"https:\/\/portaltela.pt\/noticias\/2026\/03\/23\/quanto-custa-ainda-nao-ter-um-carro-eletrico\/\",\"url\":\"https:\/\/portaltela.pt\/noticias\/2026\/03\/23\/quanto-custa-ainda-nao-ter-um-carro-eletrico\/\",\"name\":\"Quanto custa ainda n\u00e3o ter um carro el\u00e9trico? - Portal Tela Portugal\",\"isPartOf\":{\"@id\":\"https:\/\/portaltela.pt\/#website\"},\"primaryImageOfPage\":{\"@id\":\"https:\/\/portaltela.pt\/noticias\/2026\/03\/23\/quanto-custa-ainda-nao-ter-um-carro-eletrico\/#primaryimage\"},\"image\":{\"@id\":\"https:\/\/portaltela.pt\/noticias\/2026\/03\/23\/quanto-custa-ainda-nao-ter-um-carro-eletrico\/#primaryimage\"},\"thumbnailUrl\":\"https:\/\/portaltela.pt\/s.01k8rhncp4jt1\/2026\/03\/6c252195-4809-49d1-a0b4-2e869a66268d_1200x675.jpg\",\"datePublished\":\"2026-03-23T16:49:00+00:00\",\"author\":{\"@id\":\"https:\/\/portaltela.pt\/#\/schema\/person\/c4278d4a6028830caff9ee44b42d32ed\"},\"breadcrumb\":{\"@id\":\"https:\/\/portaltela.pt\/noticias\/2026\/03\/23\/quanto-custa-ainda-nao-ter-um-carro-eletrico\/#breadcrumb\"},\"inLanguage\":\"pt-PT\",\"potentialAction\":[{\"@type\":\"ReadAction\",\"target\":[\"https:\/\/portaltela.pt\/noticias\/2026\/03\/23\/quanto-custa-ainda-nao-ter-um-carro-eletrico\/\"]}]},{\"@type\":\"ImageObject\",\"inLanguage\":\"pt-PT\",\"@id\":\"https:\/\/portaltela.pt\/noticias\/2026\/03\/23\/quanto-custa-ainda-nao-ter-um-carro-eletrico\/#primaryimage\",\"url\":\"https:\/\/portaltela.pt\/s.01k8rhncp4jt1\/2026\/03\/6c252195-4809-49d1-a0b4-2e869a66268d_1200x675.jpg\",\"contentUrl\":\"https:\/\/portaltela.pt\/s.01k8rhncp4jt1\/2026\/03\/6c252195-4809-49d1-a0b4-2e869a66268d_1200x675.jpg\",\"width\":796,\"height\":448,\"caption\":\"Photo\"},{\"@type\":\"BreadcrumbList\",\"@id\":\"https:\/\/portaltela.pt\/noticias\/2026\/03\/23\/quanto-custa-ainda-nao-ter-um-carro-eletrico\/#breadcrumb\",\"itemListElement\":[{\"@type\":\"ListItem\",\"position\":1,\"name\":\"In\u00edcio\",\"item\":\"https:\/\/portaltela.pt\/\"},{\"@type\":\"ListItem\",\"position\":2,\"name\":\"Quanto custa ainda n\u00e3o ter um carro el\u00e9trico?\"}]},{\"@type\":\"WebSite\",\"@id\":\"https:\/\/portaltela.pt\/#website\",\"url\":\"https:\/\/portaltela.pt\/\",\"name\":\"Portal Tela Portugal\",\"description\":\"\",\"potentialAction\":[{\"@type\":\"SearchAction\",\"target\":{\"@type\":\"EntryPoint\",\"urlTemplate\":\"https:\/\/portaltela.pt\/?s={search_term_string}\"},\"query-input\":{\"@type\":\"PropertyValueSpecification\",\"valueRequired\":true,\"valueName\":\"search_term_string\"}}],\"inLanguage\":\"pt-PT\"},{\"@type\":\"Person\",\"@id\":\"https:\/\/portaltela.pt\/#\/schema\/person\/c4278d4a6028830caff9ee44b42d32ed\",\"name\":\"Telinha\",\"image\":{\"@type\":\"ImageObject\",\"inLanguage\":\"pt-PT\",\"@id\":\"https:\/\/portaltela.pt\/s.01k8rhncp4jt1\/2025\/11\/talking-bot-125x125.png\",\"url\":\"https:\/\/portaltela.pt\/s.01k8rhncp4jt1\/2025\/11\/talking-bot-125x125.png\",\"contentUrl\":\"https:\/\/portaltela.pt\/s.01k8rhncp4jt1\/2025\/11\/talking-bot-125x125.png\",\"caption\":\"Telinha\"},\"sameAs\":[\"https:\/\/portaltela.pt\/\"],\"url\":\"https:\/\/portaltela.pt\/por\/367410592786\/\"}]}<\/script>\n<!-- \/ Yoast SEO plugin. -->","yoast_head_json":{"title":"Quanto custa ainda n\u00e3o ter um carro el\u00e9trico? - Portal Tela Portugal","robots":{"index":"index","follow":"follow","max-snippet":"max-snippet:-1","max-image-preview":"max-image-preview:large","max-video-preview":"max-video-preview:-1"},"og_locale":"pt_PT","og_type":"article","og_title":"Quanto custa ainda n\u00e3o ter um carro el\u00e9trico? - Portal Tela Portugal","og_description":"Em poucas semanas, Portugal viu filas em postos, aumentos hist\u00f3ricos no gas\u00f3leo e na gasolina, com o Governo a apoiar consumidores, em consequ\u00eancia do bloqueio do Estreito de Ormuz. Ao todo, mais de 150 mil condutores passaram pela bomba, viram os pre\u00e7os e seguiram em frente porque n\u00e3o precisam de abastecer. Um ve\u00edculo a gas\u00f3leo, 15.000 km por ano e consumo de 6 L\/100 km, custa entre 1.600 e 1.900 euros por ano em combust\u00edvel; um el\u00e9trico equivalente, carregado maioritariamente em casa, fica entre 400 e 600 euros, significando uma poupan\u00e7a de 1.000 a 1.500 euros por ano. Al\u00e9m da poupan\u00e7a, a eletrifica\u00e7\u00e3o aumenta a soberania energ\u00e9tica, j\u00e1 que Portugal importa todo o petr\u00f3leo consumido; cada quil\u00f3metro el\u00e9trico reduz a depend\u00eancia externa. Apesar de a eletricidade tamb\u00e9m subir e haver custos de entrada, a tend\u00eancia aponta para custos totais de posse mais baixos, com oferta ampliada e maior acessibilidade dos ve\u00edculos el\u00e9tricos.","og_url":"https:\/\/portaltela.pt\/noticias\/2026\/03\/23\/quanto-custa-ainda-nao-ter-um-carro-eletrico\/","og_site_name":"Portal Tela Portugal","article_published_time":"2026-03-23T16:49:00+00:00","author":"Telinha","twitter_card":"summary_large_image","twitter_misc":{"Escrito por":"Telinha","Tempo estimado de leitura":"2 minutos"},"schema":{"@context":"https:\/\/schema.org","@graph":[{"@type":"Article","@id":"https:\/\/portaltela.pt\/noticias\/2026\/03\/23\/quanto-custa-ainda-nao-ter-um-carro-eletrico\/#article","isPartOf":{"@id":"https:\/\/portaltela.pt\/noticias\/2026\/03\/23\/quanto-custa-ainda-nao-ter-um-carro-eletrico\/"},"author":{"name":"Telinha","@id":"https:\/\/portaltela.pt\/#\/schema\/person\/c4278d4a6028830caff9ee44b42d32ed"},"headline":"Quanto custa ainda n\u00e3o ter um carro el\u00e9trico?","datePublished":"2026-03-23T16:49:00+00:00","mainEntityOfPage":{"@id":"https:\/\/portaltela.pt\/noticias\/2026\/03\/23\/quanto-custa-ainda-nao-ter-um-carro-eletrico\/"},"wordCount":392,"image":{"@id":"https:\/\/portaltela.pt\/noticias\/2026\/03\/23\/quanto-custa-ainda-nao-ter-um-carro-eletrico\/#primaryimage"},"thumbnailUrl":"https:\/\/portaltela.pt\/s.01k8rhncp4jt1\/2026\/03\/6c252195-4809-49d1-a0b4-2e869a66268d_1200x675.jpg","keywords":["_economia","El\u00e9trico","energia","energias renov\u00e1veis","Mobilidade Sustent\u00e1vel","transporte"],"articleSection":["Energia"],"inLanguage":"pt-PT"},{"@type":"WebPage","@id":"https:\/\/portaltela.pt\/noticias\/2026\/03\/23\/quanto-custa-ainda-nao-ter-um-carro-eletrico\/","url":"https:\/\/portaltela.pt\/noticias\/2026\/03\/23\/quanto-custa-ainda-nao-ter-um-carro-eletrico\/","name":"Quanto custa ainda n\u00e3o ter um carro el\u00e9trico? - Portal Tela Portugal","isPartOf":{"@id":"https:\/\/portaltela.pt\/#website"},"primaryImageOfPage":{"@id":"https:\/\/portaltela.pt\/noticias\/2026\/03\/23\/quanto-custa-ainda-nao-ter-um-carro-eletrico\/#primaryimage"},"image":{"@id":"https:\/\/portaltela.pt\/noticias\/2026\/03\/23\/quanto-custa-ainda-nao-ter-um-carro-eletrico\/#primaryimage"},"thumbnailUrl":"https:\/\/portaltela.pt\/s.01k8rhncp4jt1\/2026\/03\/6c252195-4809-49d1-a0b4-2e869a66268d_1200x675.jpg","datePublished":"2026-03-23T16:49:00+00:00","author":{"@id":"https:\/\/portaltela.pt\/#\/schema\/person\/c4278d4a6028830caff9ee44b42d32ed"},"breadcrumb":{"@id":"https:\/\/portaltela.pt\/noticias\/2026\/03\/23\/quanto-custa-ainda-nao-ter-um-carro-eletrico\/#breadcrumb"},"inLanguage":"pt-PT","potentialAction":[{"@type":"ReadAction","target":["https:\/\/portaltela.pt\/noticias\/2026\/03\/23\/quanto-custa-ainda-nao-ter-um-carro-eletrico\/"]}]},{"@type":"ImageObject","inLanguage":"pt-PT","@id":"https:\/\/portaltela.pt\/noticias\/2026\/03\/23\/quanto-custa-ainda-nao-ter-um-carro-eletrico\/#primaryimage","url":"https:\/\/portaltela.pt\/s.01k8rhncp4jt1\/2026\/03\/6c252195-4809-49d1-a0b4-2e869a66268d_1200x675.jpg","contentUrl":"https:\/\/portaltela.pt\/s.01k8rhncp4jt1\/2026\/03\/6c252195-4809-49d1-a0b4-2e869a66268d_1200x675.jpg","width":796,"height":448,"caption":"Photo"},{"@type":"BreadcrumbList","@id":"https:\/\/portaltela.pt\/noticias\/2026\/03\/23\/quanto-custa-ainda-nao-ter-um-carro-eletrico\/#breadcrumb","itemListElement":[{"@type":"ListItem","position":1,"name":"In\u00edcio","item":"https:\/\/portaltela.pt\/"},{"@type":"ListItem","position":2,"name":"Quanto custa ainda n\u00e3o ter um carro el\u00e9trico?"}]},{"@type":"WebSite","@id":"https:\/\/portaltela.pt\/#website","url":"https:\/\/portaltela.pt\/","name":"Portal Tela Portugal","description":"","potentialAction":[{"@type":"SearchAction","target":{"@type":"EntryPoint","urlTemplate":"https:\/\/portaltela.pt\/?s={search_term_string}"},"query-input":{"@type":"PropertyValueSpecification","valueRequired":true,"valueName":"search_term_string"}}],"inLanguage":"pt-PT"},{"@type":"Person","@id":"https:\/\/portaltela.pt\/#\/schema\/person\/c4278d4a6028830caff9ee44b42d32ed","name":"Telinha","image":{"@type":"ImageObject","inLanguage":"pt-PT","@id":"https:\/\/portaltela.pt\/s.01k8rhncp4jt1\/2025\/11\/talking-bot-125x125.png","url":"https:\/\/portaltela.pt\/s.01k8rhncp4jt1\/2025\/11\/talking-bot-125x125.png","contentUrl":"https:\/\/portaltela.pt\/s.01k8rhncp4jt1\/2025\/11\/talking-bot-125x125.png","caption":"Telinha"},"sameAs":["https:\/\/portaltela.pt\/"],"url":"https:\/\/portaltela.pt\/por\/367410592786\/"}]}},"_links":{"self":[{"href":"https:\/\/portaltela.pt\/api\/wp\/v2\/posts\/418676","targetHints":{"allow":["GET"]}}],"collection":[{"href":"https:\/\/portaltela.pt\/api\/wp\/v2\/posts"}],"about":[{"href":"https:\/\/portaltela.pt\/api\/wp\/v2\/types\/post"}],"author":[{"embeddable":true,"href":"https:\/\/portaltela.pt\/api\/wp\/v2\/users\/2"}],"replies":[{"embeddable":true,"href":"https:\/\/portaltela.pt\/api\/wp\/v2\/comments?post=418676"}],"version-history":[{"count":0,"href":"https:\/\/portaltela.pt\/api\/wp\/v2\/posts\/418676\/revisions"}],"wp:featuredmedia":[{"embeddable":true,"href":"https:\/\/portaltela.pt\/api\/wp\/v2\/media\/418677"}],"wp:attachment":[{"href":"https:\/\/portaltela.pt\/api\/wp\/v2\/media?parent=418676"}],"wp:term":[{"taxonomy":"category","embeddable":true,"href":"https:\/\/portaltela.pt\/api\/wp\/v2\/categories?post=418676"},{"taxonomy":"post_tag","embeddable":true,"href":"https:\/\/portaltela.pt\/api\/wp\/v2\/tags?post=418676"}],"curies":[{"name":"wp","href":"https:\/\/api.w.org\/{rel}","templated":true}]}}