{"id":418668,"date":"2026-03-23T13:00:00","date_gmt":"2026-03-23T16:00:00","guid":{"rendered":"https:\/\/portaltela.pt\/noticias\/2026\/03\/23\/lewandowski-elogia-pietuszewski-e-quer-ve-lo-na-selecao-como-no-fc-porto\/"},"modified":"2026-03-23T13:00:00","modified_gmt":"2026-03-23T16:00:00","slug":"lewandowski-elogia-pietuszewski-e-quer-ve-lo-na-selecao-como-no-fc-porto","status":"publish","type":"post","link":"https:\/\/portaltela.pt\/desporto\/futebol\/2026\/03\/23\/lewandowski-elogia-pietuszewski-e-quer-ve-lo-na-selecao-como-no-fc-porto\/","title":{"rendered":"Lewandowski elogia Pietuszewski e quer v\u00ea-lo na sele\u00e7\u00e3o, como no FC Porto"},"content":{"rendered":"<p>Pietuszewski estreou-se na lista da sele\u00e7\u00e3o polaca de futebol para o playoff de acesso ao Mundial\u20192026, com a \u00e9poca de conv\u00edvio da equipa j\u00e1 em curso. O foco recai sobre o jovem extremo do FC Porto, que recebeu a chamada pela primeira vez.<\/p>\n<p>Lewandowski, atleta do Barcelona, elogiou o in\u00edcio de Pietuszewski no FC Porto e afirmou estar dispon\u00edvel para ajudar o colega se necess\u00e1rio. O capit\u00e3o reconheceu o talento do jogador e a possibilidade de este evoluir na sele\u00e7\u00e3o.<\/p>\n<p>A Pol\u00f3nia defronta a Alb\u00e2nia nesta quinta-feira, em partida do playoff europeia. Em caso de vit\u00f3ria, a equipa confronta o vencedor do duelo entre Su\u00e9cia e Ucr\u00e2nia, para lutar pela vaga no Mundial de 2026.<\/p>\n<p>Pietuszewski, com poucos minutos ao mais alto n\u00edvel pela sele\u00e7\u00e3o, passa a integrar um grupo que luta pela qualifica\u00e7\u00e3o direta. A presen\u00e7a do extremo \u00e9 vista como uma aposta para renovar o ataque polaco.<\/p>\n","protected":false},"excerpt":{"rendered":"<ul>\n<li>Pietuszewski estreou-se nas convocat\u00f3rias da Pol\u00f3nia para o playoff de acesso ao Mundial\u20192026, com o jovem extremo do FC Porto a receber elogios de Lewandowski.<\/li>\n<li>Lewandowski, craque do Barcelona, disse que o jogador tem potencial e que espera que continue a realizar o que faz no FC Porto na sele\u00e7\u00e3o.<\/li>\n<li>O avan\u00e7ado polaco acrescentou que, se precisar de ajuda, estar\u00e1 dispon\u00edvel para apoiar o jovem e todos os jogadores que entram na equipa.<\/li>\n<li>A Pol\u00f3nia enfrenta a Alb\u00e2nia j\u00e1 nesta quinta-feira, num encontro de acesso ao Mundial, com o vencedor a medir for\u00e7as com o ganhador de Su\u00e9cia vs Ucr\u00e2nia.<\/li>\n<\/ul>\n","protected":false},"author":2,"featured_media":418669,"comment_status":"closed","ping_status":"closed","sticky":false,"template":"","format":"standard","meta":{"footnotes":""},"categories":[21,24],"tags":[2534,2028,32,1488,2057],"class_list":["post-418668","post","type-post","status-publish","format-standard","has-post-thumbnail","hentry","category-desporto","category-futebol","tag-albania","tag-fc-porto","tag-futebol","tag-polonia","tag-selecao-nacional"],"yoast_head":"<!-- This site is optimized with the Yoast SEO plugin v27.2 - https:\/\/yoast.com\/product\/yoast-seo-wordpress\/ -->\n<title>Lewandowski elogia Pietuszewski e quer v\u00ea-lo na sele\u00e7\u00e3o, como no FC Porto - Portal Tela Portugal<\/title>\n<meta name=\"robots\" content=\"index, follow, max-snippet:-1, max-image-preview:large, max-video-preview:-1\" \/>\n<meta property=\"og:locale\" content=\"pt_PT\" \/>\n<meta property=\"og:type\" content=\"article\" \/>\n<meta property=\"og:title\" content=\"Lewandowski elogia Pietuszewski e quer v\u00ea-lo na sele\u00e7\u00e3o, como no FC Porto - Portal Tela Portugal\" \/>\n<meta property=\"og:description\" content=\"Pietuszewski estreou-se nas convocat\u00f3rias da Pol\u00f3nia para o playoff de acesso ao Mundial\u20192026, com o jovem extremo do FC Porto a receber elogios de Lewandowski. Lewandowski, craque do Barcelona, disse que o jogador tem potencial e que espera que continue a realizar o que faz no FC Porto na sele\u00e7\u00e3o. O avan\u00e7ado polaco acrescentou que, se precisar de ajuda, estar\u00e1 dispon\u00edvel para apoiar o jovem e todos os jogadores que entram na equipa. A Pol\u00f3nia enfrenta a Alb\u00e2nia j\u00e1 nesta quinta-feira, num encontro de acesso ao Mundial, com o vencedor a medir for\u00e7as com o ganhador de Su\u00e9cia vs Ucr\u00e2nia.\" \/>\n<meta property=\"og:url\" content=\"https:\/\/portaltela.pt\/noticias\/2026\/03\/23\/lewandowski-elogia-pietuszewski-e-quer-ve-lo-na-selecao-como-no-fc-porto\/\" \/>\n<meta property=\"og:site_name\" content=\"Portal Tela Portugal\" \/>\n<meta property=\"article:published_time\" content=\"2026-03-23T16:00:00+00:00\" \/>\n<meta name=\"author\" content=\"Telinha\" \/>\n<meta name=\"twitter:card\" content=\"summary_large_image\" \/>\n<meta name=\"twitter:label1\" content=\"Escrito por\" \/>\n\t<meta name=\"twitter:data1\" content=\"Telinha\" \/>\n\t<meta name=\"twitter:label2\" content=\"Tempo estimado de leitura\" \/>\n\t<meta name=\"twitter:data2\" content=\"1 minuto\" \/>\n<script type=\"application\/ld+json\" class=\"yoast-schema-graph\">{\"@context\":\"https:\/\/schema.org\",\"@graph\":[{\"@type\":\"Article\",\"@id\":\"https:\/\/portaltela.pt\/noticias\/2026\/03\/23\/lewandowski-elogia-pietuszewski-e-quer-ve-lo-na-selecao-como-no-fc-porto\/#article\",\"isPartOf\":{\"@id\":\"https:\/\/portaltela.pt\/noticias\/2026\/03\/23\/lewandowski-elogia-pietuszewski-e-quer-ve-lo-na-selecao-como-no-fc-porto\/\"},\"author\":{\"name\":\"Telinha\",\"@id\":\"https:\/\/portaltela.pt\/#\/schema\/person\/c4278d4a6028830caff9ee44b42d32ed\"},\"headline\":\"Lewandowski elogia Pietuszewski e quer v\u00ea-lo na sele\u00e7\u00e3o, como no FC Porto\",\"datePublished\":\"2026-03-23T16:00:00+00:00\",\"mainEntityOfPage\":{\"@id\":\"https:\/\/portaltela.pt\/noticias\/2026\/03\/23\/lewandowski-elogia-pietuszewski-e-quer-ve-lo-na-selecao-como-no-fc-porto\/\"},\"wordCount\":177,\"image\":{\"@id\":\"https:\/\/portaltela.pt\/noticias\/2026\/03\/23\/lewandowski-elogia-pietuszewski-e-quer-ve-lo-na-selecao-como-no-fc-porto\/#primaryimage\"},\"thumbnailUrl\":\"https:\/\/portaltela.pt\/s.01k8rhncp4jt1\/2026\/03\/img_920x518uu2026-02-05-16-17-40-2419724-im-639059050818724059.jpg\",\"keywords\":[\"Alb\u00e2nia\",\"FC Porto\",\"futebol\",\"Pol\u00f3nia\",\"Sele\u00e7\u00e3o Nacional\"],\"articleSection\":[\"Desporto\",\"Futebol\"],\"inLanguage\":\"pt-PT\"},{\"@type\":\"WebPage\",\"@id\":\"https:\/\/portaltela.pt\/noticias\/2026\/03\/23\/lewandowski-elogia-pietuszewski-e-quer-ve-lo-na-selecao-como-no-fc-porto\/\",\"url\":\"https:\/\/portaltela.pt\/noticias\/2026\/03\/23\/lewandowski-elogia-pietuszewski-e-quer-ve-lo-na-selecao-como-no-fc-porto\/\",\"name\":\"Lewandowski elogia Pietuszewski e quer v\u00ea-lo na sele\u00e7\u00e3o, como no FC Porto - Portal Tela Portugal\",\"isPartOf\":{\"@id\":\"https:\/\/portaltela.pt\/#website\"},\"primaryImageOfPage\":{\"@id\":\"https:\/\/portaltela.pt\/noticias\/2026\/03\/23\/lewandowski-elogia-pietuszewski-e-quer-ve-lo-na-selecao-como-no-fc-porto\/#primaryimage\"},\"image\":{\"@id\":\"https:\/\/portaltela.pt\/noticias\/2026\/03\/23\/lewandowski-elogia-pietuszewski-e-quer-ve-lo-na-selecao-como-no-fc-porto\/#primaryimage\"},\"thumbnailUrl\":\"https:\/\/portaltela.pt\/s.01k8rhncp4jt1\/2026\/03\/img_920x518uu2026-02-05-16-17-40-2419724-im-639059050818724059.jpg\",\"datePublished\":\"2026-03-23T16:00:00+00:00\",\"author\":{\"@id\":\"https:\/\/portaltela.pt\/#\/schema\/person\/c4278d4a6028830caff9ee44b42d32ed\"},\"breadcrumb\":{\"@id\":\"https:\/\/portaltela.pt\/noticias\/2026\/03\/23\/lewandowski-elogia-pietuszewski-e-quer-ve-lo-na-selecao-como-no-fc-porto\/#breadcrumb\"},\"inLanguage\":\"pt-PT\",\"potentialAction\":[{\"@type\":\"ReadAction\",\"target\":[\"https:\/\/portaltela.pt\/noticias\/2026\/03\/23\/lewandowski-elogia-pietuszewski-e-quer-ve-lo-na-selecao-como-no-fc-porto\/\"]}]},{\"@type\":\"ImageObject\",\"inLanguage\":\"pt-PT\",\"@id\":\"https:\/\/portaltela.pt\/noticias\/2026\/03\/23\/lewandowski-elogia-pietuszewski-e-quer-ve-lo-na-selecao-como-no-fc-porto\/#primaryimage\",\"url\":\"https:\/\/portaltela.pt\/s.01k8rhncp4jt1\/2026\/03\/img_920x518uu2026-02-05-16-17-40-2419724-im-639059050818724059.jpg\",\"contentUrl\":\"https:\/\/portaltela.pt\/s.01k8rhncp4jt1\/2026\/03\/img_920x518uu2026-02-05-16-17-40-2419724-im-639059050818724059.jpg\",\"width\":796,\"height\":448,\"caption\":\"Oskar Pietuszewski vai estrear-se pela Pol\u00f3nia\"},{\"@type\":\"BreadcrumbList\",\"@id\":\"https:\/\/portaltela.pt\/noticias\/2026\/03\/23\/lewandowski-elogia-pietuszewski-e-quer-ve-lo-na-selecao-como-no-fc-porto\/#breadcrumb\",\"itemListElement\":[{\"@type\":\"ListItem\",\"position\":1,\"name\":\"In\u00edcio\",\"item\":\"https:\/\/portaltela.pt\/\"},{\"@type\":\"ListItem\",\"position\":2,\"name\":\"Lewandowski elogia Pietuszewski e quer v\u00ea-lo na sele\u00e7\u00e3o, como no FC Porto\"}]},{\"@type\":\"WebSite\",\"@id\":\"https:\/\/portaltela.pt\/#website\",\"url\":\"https:\/\/portaltela.pt\/\",\"name\":\"Portal Tela Portugal\",\"description\":\"\",\"potentialAction\":[{\"@type\":\"SearchAction\",\"target\":{\"@type\":\"EntryPoint\",\"urlTemplate\":\"https:\/\/portaltela.pt\/?s={search_term_string}\"},\"query-input\":{\"@type\":\"PropertyValueSpecification\",\"valueRequired\":true,\"valueName\":\"search_term_string\"}}],\"inLanguage\":\"pt-PT\"},{\"@type\":\"Person\",\"@id\":\"https:\/\/portaltela.pt\/#\/schema\/person\/c4278d4a6028830caff9ee44b42d32ed\",\"name\":\"Telinha\",\"image\":{\"@type\":\"ImageObject\",\"inLanguage\":\"pt-PT\",\"@id\":\"https:\/\/portaltela.pt\/s.01k8rhncp4jt1\/2025\/11\/talking-bot-125x125.png\",\"url\":\"https:\/\/portaltela.pt\/s.01k8rhncp4jt1\/2025\/11\/talking-bot-125x125.png\",\"contentUrl\":\"https:\/\/portaltela.pt\/s.01k8rhncp4jt1\/2025\/11\/talking-bot-125x125.png\",\"caption\":\"Telinha\"},\"sameAs\":[\"https:\/\/portaltela.pt\/\"],\"url\":\"https:\/\/portaltela.pt\/por\/367410592786\/\"}]}<\/script>\n<!-- \/ Yoast SEO plugin. -->","yoast_head_json":{"title":"Lewandowski elogia Pietuszewski e quer v\u00ea-lo na sele\u00e7\u00e3o, como no FC Porto - Portal Tela Portugal","robots":{"index":"index","follow":"follow","max-snippet":"max-snippet:-1","max-image-preview":"max-image-preview:large","max-video-preview":"max-video-preview:-1"},"og_locale":"pt_PT","og_type":"article","og_title":"Lewandowski elogia Pietuszewski e quer v\u00ea-lo na sele\u00e7\u00e3o, como no FC Porto - Portal Tela Portugal","og_description":"Pietuszewski estreou-se nas convocat\u00f3rias da Pol\u00f3nia para o playoff de acesso ao Mundial\u20192026, com o jovem extremo do FC Porto a receber elogios de Lewandowski. Lewandowski, craque do Barcelona, disse que o jogador tem potencial e que espera que continue a realizar o que faz no FC Porto na sele\u00e7\u00e3o. O avan\u00e7ado polaco acrescentou que, se precisar de ajuda, estar\u00e1 dispon\u00edvel para apoiar o jovem e todos os jogadores que entram na equipa. A Pol\u00f3nia enfrenta a Alb\u00e2nia j\u00e1 nesta quinta-feira, num encontro de acesso ao Mundial, com o vencedor a medir for\u00e7as com o ganhador de Su\u00e9cia vs Ucr\u00e2nia.","og_url":"https:\/\/portaltela.pt\/noticias\/2026\/03\/23\/lewandowski-elogia-pietuszewski-e-quer-ve-lo-na-selecao-como-no-fc-porto\/","og_site_name":"Portal Tela Portugal","article_published_time":"2026-03-23T16:00:00+00:00","author":"Telinha","twitter_card":"summary_large_image","twitter_misc":{"Escrito por":"Telinha","Tempo estimado de leitura":"1 minuto"},"schema":{"@context":"https:\/\/schema.org","@graph":[{"@type":"Article","@id":"https:\/\/portaltela.pt\/noticias\/2026\/03\/23\/lewandowski-elogia-pietuszewski-e-quer-ve-lo-na-selecao-como-no-fc-porto\/#article","isPartOf":{"@id":"https:\/\/portaltela.pt\/noticias\/2026\/03\/23\/lewandowski-elogia-pietuszewski-e-quer-ve-lo-na-selecao-como-no-fc-porto\/"},"author":{"name":"Telinha","@id":"https:\/\/portaltela.pt\/#\/schema\/person\/c4278d4a6028830caff9ee44b42d32ed"},"headline":"Lewandowski elogia Pietuszewski e quer v\u00ea-lo na sele\u00e7\u00e3o, como no FC Porto","datePublished":"2026-03-23T16:00:00+00:00","mainEntityOfPage":{"@id":"https:\/\/portaltela.pt\/noticias\/2026\/03\/23\/lewandowski-elogia-pietuszewski-e-quer-ve-lo-na-selecao-como-no-fc-porto\/"},"wordCount":177,"image":{"@id":"https:\/\/portaltela.pt\/noticias\/2026\/03\/23\/lewandowski-elogia-pietuszewski-e-quer-ve-lo-na-selecao-como-no-fc-porto\/#primaryimage"},"thumbnailUrl":"https:\/\/portaltela.pt\/s.01k8rhncp4jt1\/2026\/03\/img_920x518uu2026-02-05-16-17-40-2419724-im-639059050818724059.jpg","keywords":["Alb\u00e2nia","FC Porto","futebol","Pol\u00f3nia","Sele\u00e7\u00e3o Nacional"],"articleSection":["Desporto","Futebol"],"inLanguage":"pt-PT"},{"@type":"WebPage","@id":"https:\/\/portaltela.pt\/noticias\/2026\/03\/23\/lewandowski-elogia-pietuszewski-e-quer-ve-lo-na-selecao-como-no-fc-porto\/","url":"https:\/\/portaltela.pt\/noticias\/2026\/03\/23\/lewandowski-elogia-pietuszewski-e-quer-ve-lo-na-selecao-como-no-fc-porto\/","name":"Lewandowski elogia Pietuszewski e quer v\u00ea-lo na sele\u00e7\u00e3o, como no FC Porto - Portal Tela Portugal","isPartOf":{"@id":"https:\/\/portaltela.pt\/#website"},"primaryImageOfPage":{"@id":"https:\/\/portaltela.pt\/noticias\/2026\/03\/23\/lewandowski-elogia-pietuszewski-e-quer-ve-lo-na-selecao-como-no-fc-porto\/#primaryimage"},"image":{"@id":"https:\/\/portaltela.pt\/noticias\/2026\/03\/23\/lewandowski-elogia-pietuszewski-e-quer-ve-lo-na-selecao-como-no-fc-porto\/#primaryimage"},"thumbnailUrl":"https:\/\/portaltela.pt\/s.01k8rhncp4jt1\/2026\/03\/img_920x518uu2026-02-05-16-17-40-2419724-im-639059050818724059.jpg","datePublished":"2026-03-23T16:00:00+00:00","author":{"@id":"https:\/\/portaltela.pt\/#\/schema\/person\/c4278d4a6028830caff9ee44b42d32ed"},"breadcrumb":{"@id":"https:\/\/portaltela.pt\/noticias\/2026\/03\/23\/lewandowski-elogia-pietuszewski-e-quer-ve-lo-na-selecao-como-no-fc-porto\/#breadcrumb"},"inLanguage":"pt-PT","potentialAction":[{"@type":"ReadAction","target":["https:\/\/portaltela.pt\/noticias\/2026\/03\/23\/lewandowski-elogia-pietuszewski-e-quer-ve-lo-na-selecao-como-no-fc-porto\/"]}]},{"@type":"ImageObject","inLanguage":"pt-PT","@id":"https:\/\/portaltela.pt\/noticias\/2026\/03\/23\/lewandowski-elogia-pietuszewski-e-quer-ve-lo-na-selecao-como-no-fc-porto\/#primaryimage","url":"https:\/\/portaltela.pt\/s.01k8rhncp4jt1\/2026\/03\/img_920x518uu2026-02-05-16-17-40-2419724-im-639059050818724059.jpg","contentUrl":"https:\/\/portaltela.pt\/s.01k8rhncp4jt1\/2026\/03\/img_920x518uu2026-02-05-16-17-40-2419724-im-639059050818724059.jpg","width":796,"height":448,"caption":"Oskar Pietuszewski vai estrear-se pela Pol\u00f3nia"},{"@type":"BreadcrumbList","@id":"https:\/\/portaltela.pt\/noticias\/2026\/03\/23\/lewandowski-elogia-pietuszewski-e-quer-ve-lo-na-selecao-como-no-fc-porto\/#breadcrumb","itemListElement":[{"@type":"ListItem","position":1,"name":"In\u00edcio","item":"https:\/\/portaltela.pt\/"},{"@type":"ListItem","position":2,"name":"Lewandowski elogia Pietuszewski e quer v\u00ea-lo na sele\u00e7\u00e3o, como no FC Porto"}]},{"@type":"WebSite","@id":"https:\/\/portaltela.pt\/#website","url":"https:\/\/portaltela.pt\/","name":"Portal Tela Portugal","description":"","potentialAction":[{"@type":"SearchAction","target":{"@type":"EntryPoint","urlTemplate":"https:\/\/portaltela.pt\/?s={search_term_string}"},"query-input":{"@type":"PropertyValueSpecification","valueRequired":true,"valueName":"search_term_string"}}],"inLanguage":"pt-PT"},{"@type":"Person","@id":"https:\/\/portaltela.pt\/#\/schema\/person\/c4278d4a6028830caff9ee44b42d32ed","name":"Telinha","image":{"@type":"ImageObject","inLanguage":"pt-PT","@id":"https:\/\/portaltela.pt\/s.01k8rhncp4jt1\/2025\/11\/talking-bot-125x125.png","url":"https:\/\/portaltela.pt\/s.01k8rhncp4jt1\/2025\/11\/talking-bot-125x125.png","contentUrl":"https:\/\/portaltela.pt\/s.01k8rhncp4jt1\/2025\/11\/talking-bot-125x125.png","caption":"Telinha"},"sameAs":["https:\/\/portaltela.pt\/"],"url":"https:\/\/portaltela.pt\/por\/367410592786\/"}]}},"_links":{"self":[{"href":"https:\/\/portaltela.pt\/api\/wp\/v2\/posts\/418668","targetHints":{"allow":["GET"]}}],"collection":[{"href":"https:\/\/portaltela.pt\/api\/wp\/v2\/posts"}],"about":[{"href":"https:\/\/portaltela.pt\/api\/wp\/v2\/types\/post"}],"author":[{"embeddable":true,"href":"https:\/\/portaltela.pt\/api\/wp\/v2\/users\/2"}],"replies":[{"embeddable":true,"href":"https:\/\/portaltela.pt\/api\/wp\/v2\/comments?post=418668"}],"version-history":[{"count":0,"href":"https:\/\/portaltela.pt\/api\/wp\/v2\/posts\/418668\/revisions"}],"wp:featuredmedia":[{"embeddable":true,"href":"https:\/\/portaltela.pt\/api\/wp\/v2\/media\/418669"}],"wp:attachment":[{"href":"https:\/\/portaltela.pt\/api\/wp\/v2\/media?parent=418668"}],"wp:term":[{"taxonomy":"category","embeddable":true,"href":"https:\/\/portaltela.pt\/api\/wp\/v2\/categories?post=418668"},{"taxonomy":"post_tag","embeddable":true,"href":"https:\/\/portaltela.pt\/api\/wp\/v2\/tags?post=418668"}],"curies":[{"name":"wp","href":"https:\/\/api.w.org\/{rel}","templated":true}]}}